{"id":133530,"date":"2017-05-19T12:59:16","date_gmt":"2017-05-19T15:59:16","guid":{"rendered":"http:\/\/franciscanos.org.br\/?p=133530"},"modified":"2019-01-30T14:39:34","modified_gmt":"2019-01-30T16:39:34","slug":"bispos-lancam-nota-sobre-o-momento-nacional","status":"publish","type":"post","link":"https:\/\/franciscanos.org.br\/noticias\/bispos-lancam-nota-sobre-o-momento-nacional.html","title":{"rendered":"Bispos lan\u00e7am nota sobre o Momento Nacional"},"content":{"rendered":"<h1><img loading=\"lazy\" class=\"alignleft\" src=\"http:\/\/franciscanos.org.br\/wp-content\/uploads\/2017\/05\/cnbb_190517G.jpg\" alt=\"cnbb_190517G\" width=\"830\" height=\"400\" \/><\/h1>\n<h1><strong>Pela \u00c9tica na Pol\u00edtica<\/strong><\/h1>\n<p><strong>Nota da CNBB sobre o Momento Nacional<\/strong><\/p>\n<blockquote><p>\u201cO fruto da justi\u00e7a \u00e9 semeado na paz\u201d (Tg 3,18)<\/p><\/blockquote>\n<p>A Confer\u00eancia Nacional dos Bispos do Brasil &#8211; CNBB, por meio de sua Presid\u00eancia, unida aos bispos e \u00e0s comunidades de todo o pa\u00eds, acompanha, com espanto e indigna\u00e7\u00e3o, as graves den\u00fancias de corrup\u00e7\u00e3o pol\u00edtica acolhidas pelo Supremo Tribunal Federal. Segundo a Constitui\u00e7\u00e3o, Art. 37, \u00e9 dever de todo servidor p\u00fablico, principalmente os que det\u00eam elevadas fun\u00e7\u00f5es, manter conduta \u00edntegra, sob pena de n\u00e3o poder exercer o cargo que ocupa.<\/p>\n<p>Tais den\u00fancias exigem rigorosa apura\u00e7\u00e3o, obedecendo-se sempre as garantias constitucionais. Apurados os fatos, os autores dos atos il\u00edcitos devem ser responsabilizados. A vigil\u00e2ncia e a participa\u00e7\u00e3o pol\u00edtica das nossas comunidades, dos movimentos sociais e da sociedade, como um todo, muito podem contribuir para elucida\u00e7\u00e3o dos fatos e defesa da \u00e9tica, da justi\u00e7a e do bem comum.<\/p>\n<p>A supera\u00e7\u00e3o da grave crise vivida no Brasil exige o resgate da \u00e9tica na pol\u00edtica que desempenha papel fundamental na sociedade democr\u00e1tica. Urge um novo modo de fazer pol\u00edtica, alicer\u00e7ado nos valores da honestidade e da justi\u00e7a social. Lembramos a afirma\u00e7\u00e3o da Assembleia Geral da CNBB: \u201cO desprezo da \u00e9tica leva a uma rela\u00e7\u00e3o prom\u00edscua entre os interesses p\u00fablicos e privados, raz\u00e3o primeira dos esc\u00e2ndalos da corrup\u00e7\u00e3o\u201d. Recordamos tamb\u00e9m as palavras do Papa Francisco: \u201cNa vida p\u00fablica, na pol\u00edtica, se n\u00e3o houver a \u00e9tica, uma \u00e9tica de referimento, tudo \u00e9 poss\u00edvel e tudo se pode fazer\u201d (Roma, maio de 2013). Al\u00e9m disso, \u00e9 necess\u00e1rio que sa\u00eddas para a atual crise respeitem e fortale\u00e7am o Estado democr\u00e1tico de direito.<\/p>\n<p>Pedimos \u00e0s nossas comunidades que participem respons\u00e1vel e pacificamente da vida pol\u00edtica, contribuam para a realiza\u00e7\u00e3o da justi\u00e7a e da paz e rezem pelo Brasil.<br \/>\nNossa Senhora Aparecida, padroeira do Brasil, nos ajude a caminhar com esperan\u00e7a construindo uma nova sociedade.<\/p>\n<p><strong>Cardeal Sergio da Rocha<\/strong><br \/>\nArcebispo de Bras\u00edlia<br \/>\nPresidente da CNBB<\/p>\n<p><strong>Dom Murilo S. Ramos Krieger<\/strong><br \/>\nArcebispo de S\u00e3o Salvador da Bahia<br \/>\nVice-Presidente da CNBB<\/p>\n<p><strong>Dom Leonardo Ulrich Steiner<\/strong><br \/>\nBispo Auxiliar de Bras\u00edlia<br \/>\nSecret\u00e1rio-Geral da CNBB<\/p>\n<p><small><strong>Foto:<\/strong> George Campos<\/small><\/p>\n","protected":false},"excerpt":{"rendered":"<p>CNBB<\/p>\n","protected":false},"author":1,"featured_media":198562,"comment_status":"open","ping_status":"open","sticky":false,"template":"","format":"standard","meta":[],"categories":[1],"tags":[29],"acf":[],"yoast_head":"<!-- This site is optimized with the Yoast SEO plugin v19.2 - https:\/\/yoast.com\/wordpress\/plugins\/seo\/ -->\n<title>Bispos lan\u00e7am nota sobre o Momento Nacional - Not\u00edcias - Franciscanos<\/title>\n<meta name=\"robots\" content=\"index, follow, max-snippet:-1, max-image-preview:large, max-video-preview:-1\" \/>\n<link rel=\"canonical\" href=\"https:\/\/franciscanos.org.br\/noticias\/bispos-lancam-nota-sobre-o-momento-nacional.html\" \/>\n<meta property=\"og:locale\" content=\"pt_BR\" \/>\n<meta property=\"og:type\" content=\"article\" \/>\n<meta property=\"og:title\" content=\"Bispos lan\u00e7am nota sobre o Momento Nacional - Not\u00edcias - Franciscanos\" \/>\n<meta property=\"og:description\" content=\"CNBB\" \/>\n<meta property=\"og:url\" content=\"https:\/\/franciscanos.org.br\/noticias\/bispos-lancam-nota-sobre-o-momento-nacional.html\" \/>\n<meta property=\"og:site_name\" content=\"Not\u00edcias - Franciscanos\" \/>\n<meta property=\"article:published_time\" content=\"2017-05-19T15:59:16+00:00\" \/>\n<meta property=\"article:modified_time\" content=\"2019-01-30T16:39:34+00:00\" \/>\n<meta property=\"og:image\" content=\"https:\/\/franciscanos.org.br\/noticias\/wp-content\/uploads\/2017\/05\/cnbb_190517G.jpg\" \/>\n\t<meta property=\"og:image:width\" content=\"273\" \/>\n\t<meta property=\"og:image:height\" content=\"181\" \/>\n\t<meta property=\"og:image:type\" content=\"image\/jpeg\" \/>\n<meta name=\"author\" content=\"admin\" \/>\n<meta name=\"twitter:card\" content=\"summary_large_image\" \/>\n<meta name=\"twitter:label1\" content=\"Escrito por\" \/>\n\t<meta name=\"twitter:data1\" content=\"admin\" \/>\n\t<meta name=\"twitter:label2\" content=\"Est. tempo de leitura\" \/>\n\t<meta name=\"twitter:data2\" content=\"2 minutos\" \/>\n<script type=\"application\/ld+json\" class=\"yoast-schema-graph\">{\"@context\":\"https:\/\/schema.org\",\"@graph\":[{\"@type\":\"WebSite\",\"@id\":\"https:\/\/franciscanos.org.br\/noticias\/#website\",\"url\":\"https:\/\/franciscanos.org.br\/noticias\/\",\"name\":\"Not\u00edcias - Franciscanos\",\"description\":\"Prov\u00edncia Franciscana da Imaculada Concei\u00e7\u00e3o do Brasil - Ordem dos Frades Menores - OFM\",\"potentialAction\":[{\"@type\":\"SearchAction\",\"target\":{\"@type\":\"EntryPoint\",\"urlTemplate\":\"https:\/\/franciscanos.org.br\/noticias\/?s={search_term_string}\"},\"query-input\":\"required name=search_term_string\"}],\"inLanguage\":\"pt-BR\"},{\"@type\":\"ImageObject\",\"inLanguage\":\"pt-BR\",\"@id\":\"https:\/\/franciscanos.org.br\/noticias\/bispos-lancam-nota-sobre-o-momento-nacional.html#primaryimage\",\"url\":\"https:\/\/franciscanos.org.br\/noticias\/wp-content\/uploads\/2017\/05\/cnbb_190517G.jpg\",\"contentUrl\":\"https:\/\/franciscanos.org.br\/noticias\/wp-content\/uploads\/2017\/05\/cnbb_190517G.jpg\",\"width\":273,\"height\":181},{\"@type\":\"WebPage\",\"@id\":\"https:\/\/franciscanos.org.br\/noticias\/bispos-lancam-nota-sobre-o-momento-nacional.html#webpage\",\"url\":\"https:\/\/franciscanos.org.br\/noticias\/bispos-lancam-nota-sobre-o-momento-nacional.html\",\"name\":\"Bispos lan\u00e7am nota sobre o Momento Nacional - Not\u00edcias - Franciscanos\",\"isPartOf\":{\"@id\":\"https:\/\/franciscanos.org.br\/noticias\/#website\"},\"primaryImageOfPage\":{\"@id\":\"https:\/\/franciscanos.org.br\/noticias\/bispos-lancam-nota-sobre-o-momento-nacional.html#primaryimage\"},\"datePublished\":\"2017-05-19T15:59:16+00:00\",\"dateModified\":\"2019-01-30T16:39:34+00:00\",\"author\":{\"@id\":\"https:\/\/franciscanos.org.br\/noticias\/#\/schema\/person\/b38fbf43118f02820bd932f2e4b14ad3\"},\"breadcrumb\":{\"@id\":\"https:\/\/franciscanos.org.br\/noticias\/bispos-lancam-nota-sobre-o-momento-nacional.html#breadcrumb\"},\"inLanguage\":\"pt-BR\",\"potentialAction\":[{\"@type\":\"ReadAction\",\"target\":[\"https:\/\/franciscanos.org.br\/noticias\/bispos-lancam-nota-sobre-o-momento-nacional.html\"]}]},{\"@type\":\"BreadcrumbList\",\"@id\":\"https:\/\/franciscanos.org.br\/noticias\/bispos-lancam-nota-sobre-o-momento-nacional.html#breadcrumb\",\"itemListElement\":[{\"@type\":\"ListItem\",\"position\":1,\"name\":\"Home\",\"item\":\"https:\/\/franciscanos.org.br\/noticias\"},{\"@type\":\"ListItem\",\"position\":2,\"name\":\"Bispos lan\u00e7am nota sobre o Momento Nacional\"}]},{\"@type\":\"Person\",\"@id\":\"https:\/\/franciscanos.org.br\/noticias\/#\/schema\/person\/b38fbf43118f02820bd932f2e4b14ad3\",\"name\":\"admin\",\"image\":{\"@type\":\"ImageObject\",\"inLanguage\":\"pt-BR\",\"@id\":\"https:\/\/franciscanos.org.br\/noticias\/#\/schema\/person\/image\/\",\"url\":\"https:\/\/secure.gravatar.com\/avatar\/e8495742d34d0ba6448ea1c628263b3e?s=96&d=mm&r=g\",\"contentUrl\":\"https:\/\/secure.gravatar.com\/avatar\/e8495742d34d0ba6448ea1c628263b3e?s=96&d=mm&r=g\",\"caption\":\"admin\"},\"url\":\"https:\/\/franciscanos.org.br\/noticias\/author\/admin\"}]}<\/script>\n<!-- \/ Yoast SEO plugin. -->","yoast_head_json":{"title":"Bispos lan\u00e7am nota sobre o Momento Nacional - Not\u00edcias - Franciscanos","robots":{"index":"index","follow":"follow","max-snippet":"max-snippet:-1","max-image-preview":"max-image-preview:large","max-video-preview":"max-video-preview:-1"},"canonical":"https:\/\/franciscanos.org.br\/noticias\/bispos-lancam-nota-sobre-o-momento-nacional.html","og_locale":"pt_BR","og_type":"article","og_title":"Bispos lan\u00e7am nota sobre o Momento Nacional - Not\u00edcias - Franciscanos","og_description":"CNBB","og_url":"https:\/\/franciscanos.org.br\/noticias\/bispos-lancam-nota-sobre-o-momento-nacional.html","og_site_name":"Not\u00edcias - Franciscanos","article_published_time":"2017-05-19T15:59:16+00:00","article_modified_time":"2019-01-30T16:39:34+00:00","og_image":[{"width":273,"height":181,"url":"https:\/\/franciscanos.org.br\/noticias\/wp-content\/uploads\/2017\/05\/cnbb_190517G.jpg","type":"image\/jpeg"}],"author":"admin","twitter_card":"summary_large_image","twitter_misc":{"Escrito por":"admin","Est. tempo de leitura":"2 minutos"},"schema":{"@context":"https:\/\/schema.org","@graph":[{"@type":"WebSite","@id":"https:\/\/franciscanos.org.br\/noticias\/#website","url":"https:\/\/franciscanos.org.br\/noticias\/","name":"Not\u00edcias - Franciscanos","description":"Prov\u00edncia Franciscana da Imaculada Concei\u00e7\u00e3o do Brasil - Ordem dos Frades Menores - OFM","potentialAction":[{"@type":"SearchAction","target":{"@type":"EntryPoint","urlTemplate":"https:\/\/franciscanos.org.br\/noticias\/?s={search_term_string}"},"query-input":"required name=search_term_string"}],"inLanguage":"pt-BR"},{"@type":"ImageObject","inLanguage":"pt-BR","@id":"https:\/\/franciscanos.org.br\/noticias\/bispos-lancam-nota-sobre-o-momento-nacional.html#primaryimage","url":"https:\/\/franciscanos.org.br\/noticias\/wp-content\/uploads\/2017\/05\/cnbb_190517G.jpg","contentUrl":"https:\/\/franciscanos.org.br\/noticias\/wp-content\/uploads\/2017\/05\/cnbb_190517G.jpg","width":273,"height":181},{"@type":"WebPage","@id":"https:\/\/franciscanos.org.br\/noticias\/bispos-lancam-nota-sobre-o-momento-nacional.html#webpage","url":"https:\/\/franciscanos.org.br\/noticias\/bispos-lancam-nota-sobre-o-momento-nacional.html","name":"Bispos lan\u00e7am nota sobre o Momento Nacional - Not\u00edcias - Franciscanos","isPartOf":{"@id":"https:\/\/franciscanos.org.br\/noticias\/#website"},"primaryImageOfPage":{"@id":"https:\/\/franciscanos.org.br\/noticias\/bispos-lancam-nota-sobre-o-momento-nacional.html#primaryimage"},"datePublished":"2017-05-19T15:59:16+00:00","dateModified":"2019-01-30T16:39:34+00:00","author":{"@id":"https:\/\/franciscanos.org.br\/noticias\/#\/schema\/person\/b38fbf43118f02820bd932f2e4b14ad3"},"breadcrumb":{"@id":"https:\/\/franciscanos.org.br\/noticias\/bispos-lancam-nota-sobre-o-momento-nacional.html#breadcrumb"},"inLanguage":"pt-BR","potentialAction":[{"@type":"ReadAction","target":["https:\/\/franciscanos.org.br\/noticias\/bispos-lancam-nota-sobre-o-momento-nacional.html"]}]},{"@type":"BreadcrumbList","@id":"https:\/\/franciscanos.org.br\/noticias\/bispos-lancam-nota-sobre-o-momento-nacional.html#breadcrumb","itemListElement":[{"@type":"ListItem","position":1,"name":"Home","item":"https:\/\/franciscanos.org.br\/noticias"},{"@type":"ListItem","position":2,"name":"Bispos lan\u00e7am nota sobre o Momento Nacional"}]},{"@type":"Person","@id":"https:\/\/franciscanos.org.br\/noticias\/#\/schema\/person\/b38fbf43118f02820bd932f2e4b14ad3","name":"admin","image":{"@type":"ImageObject","inLanguage":"pt-BR","@id":"https:\/\/franciscanos.org.br\/noticias\/#\/schema\/person\/image\/","url":"https:\/\/secure.gravatar.com\/avatar\/e8495742d34d0ba6448ea1c628263b3e?s=96&d=mm&r=g","contentUrl":"https:\/\/secure.gravatar.com\/avatar\/e8495742d34d0ba6448ea1c628263b3e?s=96&d=mm&r=g","caption":"admin"},"url":"https:\/\/franciscanos.org.br\/noticias\/author\/admin"}]}},"_links":{"self":[{"href":"https:\/\/franciscanos.org.br\/noticias\/wp-json\/wp\/v2\/posts\/133530"}],"collection":[{"href":"https:\/\/franciscanos.org.br\/noticias\/wp-json\/wp\/v2\/posts"}],"about":[{"href":"https:\/\/franciscanos.org.br\/noticias\/wp-json\/wp\/v2\/types\/post"}],"author":[{"embeddable":true,"href":"https:\/\/franciscanos.org.br\/noticias\/wp-json\/wp\/v2\/users\/1"}],"replies":[{"embeddable":true,"href":"https:\/\/franciscanos.org.br\/noticias\/wp-json\/wp\/v2\/comments?post=133530"}],"version-history":[{"count":0,"href":"https:\/\/franciscanos.org.br\/noticias\/wp-json\/wp\/v2\/posts\/133530\/revisions"}],"wp:featuredmedia":[{"embeddable":true,"href":"https:\/\/franciscanos.org.br\/noticias\/wp-json\/wp\/v2\/media\/198562"}],"wp:attachment":[{"href":"https:\/\/franciscanos.org.br\/noticias\/wp-json\/wp\/v2\/media?parent=133530"}],"wp:term":[{"taxonomy":"category","embeddable":true,"href":"https:\/\/franciscanos.org.br\/noticias\/wp-json\/wp\/v2\/categories?post=133530"},{"taxonomy":"post_tag","embeddable":true,"href":"https:\/\/franciscanos.org.br\/noticias\/wp-json\/wp\/v2\/tags?post=133530"}],"curies":[{"name":"wp","href":"https:\/\/api.w.org\/{rel}","templated":true}]}}