{"id":133512,"date":"2017-05-19T09:40:43","date_gmt":"2017-05-19T12:40:43","guid":{"rendered":"http:\/\/franciscanos.org.br\/?p=133512"},"modified":"2020-06-09T07:51:30","modified_gmt":"2020-06-09T10:51:30","slug":"nao-se-intimidar-diante-dos-ideologos-da-doutrina","status":"publish","type":"post","link":"https:\/\/franciscanos.org.br\/noticias\/nao-se-intimidar-diante-dos-ideologos-da-doutrina.html","title":{"rendered":"N\u00e3o se intimidar diante dos ide\u00f3logos da doutrina"},"content":{"rendered":"<p><img loading=\"lazy\" class=\"alignleft\" src=\"http:\/\/franciscanos.org.br\/wp-content\/uploads\/2017\/05\/marta_190517G.jpg\" alt=\"marta_190517G\" width=\"830\" height=\"380\" \/><strong>Cidade do Vaticano &#8211;<\/strong> A gra\u00e7a da convers\u00e3o \u201c\u00e0 unidade da Igreja, ao Esp\u00edrito Santo e \u00e0 verdadeira doutrina\u201d. Esta foi a ora\u00e7\u00e3o do Papa na homilia da missa celebrada na manh\u00e3 desta sexta-feira, 19, na Casa Santa Marta.<\/p>\n<p>Francisco comentou a Primeira Leitura, extra\u00edda dos Atos dos Ap\u00f3stolos, e observou que tamb\u00e9m na primeira comunidade crist\u00e3 \u201chavia ci\u00fames, lutas de poder, algum espertinho que \u2013 explicou \u2013 queria ganhar e comprar o poder\u201d. Portanto, \u201csempre houve problemas\u201d: \u201csomos humanos, somos pecadores\u201d e as dificuldades existem, inclusive na Igreja, mas ser pecadores nos leva \u00e0 humildade e a nos aproximar do Senhor, \u201ccomo salvador dos nossos pecados\u201d. A prop\u00f3sito dos pag\u00e3os que o Esp\u00edrito Santo convida \u00e0 convers\u00e3o, o Pont\u00edfice recordou que, no trecho, os ap\u00f3stolos e os anci\u00e3os escolhem alguns deles para ir at\u00e9 Antioquia com Paulo e Barnab\u00e9. Os grupos descritos s\u00e3o dois:<\/p>\n<p>\u201cO grupo dos ap\u00f3stolos que quer discutir o problema e os outros que criam problemas, dividem, dividem a Igreja, dizem que aquilo que os ap\u00f3stolos pregam n\u00e3o \u00e9 o que disse Jesus, que n\u00e3o \u00e9 a verdade\u201d.<\/p>\n<p>Os ap\u00f3stolos discutem entre si e, no final, entram num acordo:<\/p>\n<p>\u201cMas n\u00e3o \u00e9 um acordo politico, \u00e9 a inspira\u00e7\u00e3o do Esp\u00edrito Santo que os leva a dizer: nada de coisas, nada de exig\u00eancias. Mas s\u00f3 o que dizem: n\u00e3o comer carne naquele per\u00edodo, a carne sacrificada aos \u00eddolos porque era fazer comunh\u00e3o com os \u00eddolos, abster-se do sangue, dos animais sufocados e das uni\u00f5es ileg\u00edtimas\u201d.<\/p>\n<p>O Papa destacou a \u201cliberdade do Esp\u00edrito\u201d que leva ao \u201cacordo\u201d: assim, diz, os pag\u00e3os podem entrar na Igreja. Tratou-se, no fundo, de um \u201cprimeiro Conc\u00edlio\u201d da Igreja \u2013 \u201co Esp\u00edrito Santo e eles, o Papa com os bispos, todos juntos\u201d \u2013 reunidos \u201cpara esclarecer a doutrina\u201d e seguido, no decorrer dos s\u00e9culos, por exemplo pelo de \u00c9feso e do Vaticano II, porque \u201c\u00e9 um dever da Igreja esclarecer a doutrina\u201d para \u201cse entender bem o que Jesus disse nos Evangelhos, qual \u00e9 o Esp\u00edrito dos Evangelhos\u201d.<\/p>\n<p>\u201cMas sempre existiram essas pessoas que, sem qualquer autoridade, turbam a comunidade crist\u00e3 com discursos que transtornam as almas: \u201cEh, n\u00e3o. Isso que foi dito \u00e9 her\u00e9tico, n\u00e3o se pode dizer, isso n\u00e3o, a doutrina da Igreja \u00e9 esta\u2026\u201d. E s\u00e3o fan\u00e1ticos por coisas que n\u00e3o s\u00e3o claras, como esses fan\u00e1ticos que semeavam intrigas para dividir a comunidade crist\u00e3. E este \u00e9 o problema: quando a doutrina da Igreja, a que vem do Evangelho, que o Esp\u00edrito Santo inspira, esta doutrina se torna ideologia. E este \u00e9 o grande erro dessas pessoas\u201d.<\/p>\n<p>Esses indiv\u00edduos &#8211; explicou &#8211; \u201cn\u00e3o eram fi\u00e9is, eram ideologizados\u201d, tinham uma ideologia \u201cque fechava o cora\u00e7\u00e3o para a obra do Esp\u00edrito Santo\u201d. Ao inv\u00e9s, os ap\u00f3stolos certamente discutiram de maneira en\u00e9rgica, mas n\u00e3o eram ideologizados: \u201ctinham o cora\u00e7\u00e3o aberto ao que o Esp\u00edrito dizia.<\/p>\n<p>A exorta\u00e7\u00e3o final do Papa foi para n\u00e3o se deixar intimidar diante das \u201copini\u00f5es dos ide\u00f3logos da doutrina\u201d. A Igreja, concluiu Francisco, tem \u201co seu pr\u00f3prio magist\u00e9rio, o magist\u00e9rio do Papa, dos bispos, dos conc\u00edlios\u201d, e devemos caminhar nesta estrada \u201cque vem da prega\u00e7\u00e3o de Jesus e do ensinamento e da assist\u00eancia do Espirito Santo\u201d, que est\u00e1 \u201csempre aberta, sempre livre\u201d, porque a doutrina une, os conc\u00edlios unem a comunidade crist\u00e3\u201d, enquanto \u201ca ideologia divide\u201d.<\/p>\n<hr \/>\n<p><em>Fonte: R\u00e1dio Vaticano<\/em><\/p>\n","protected":false},"excerpt":{"rendered":"<p>Missa em Santa Marta<\/p>\n","protected":false},"author":1,"featured_media":198565,"comment_status":"open","ping_status":"open","sticky":false,"template":"","format":"standard","meta":[],"categories":[1428],"tags":[1586],"acf":[],"yoast_head":"<!-- This site is optimized with the Yoast SEO plugin v19.2 - https:\/\/yoast.com\/wordpress\/plugins\/seo\/ -->\n<title>N\u00e3o se intimidar diante dos ide\u00f3logos da doutrina - Not\u00edcias - Franciscanos<\/title>\n<meta name=\"robots\" content=\"index, follow, max-snippet:-1, max-image-preview:large, max-video-preview:-1\" \/>\n<link rel=\"canonical\" href=\"https:\/\/franciscanos.org.br\/noticias\/nao-se-intimidar-diante-dos-ideologos-da-doutrina.html\" \/>\n<meta property=\"og:locale\" content=\"pt_BR\" \/>\n<meta property=\"og:type\" content=\"article\" \/>\n<meta property=\"og:title\" content=\"N\u00e3o se intimidar diante dos ide\u00f3logos da doutrina - Not\u00edcias - Franciscanos\" \/>\n<meta property=\"og:description\" content=\"Missa em Santa Marta\" \/>\n<meta property=\"og:url\" content=\"https:\/\/franciscanos.org.br\/noticias\/nao-se-intimidar-diante-dos-ideologos-da-doutrina.html\" \/>\n<meta property=\"og:site_name\" content=\"Not\u00edcias - Franciscanos\" \/>\n<meta property=\"article:published_time\" content=\"2017-05-19T12:40:43+00:00\" \/>\n<meta property=\"article:modified_time\" content=\"2020-06-09T10:51:30+00:00\" \/>\n<meta property=\"og:image\" content=\"https:\/\/franciscanos.org.br\/noticias\/wp-content\/uploads\/2017\/05\/marta_190517G.jpg\" \/>\n\t<meta property=\"og:image:width\" content=\"273\" \/>\n\t<meta property=\"og:image:height\" content=\"181\" \/>\n\t<meta property=\"og:image:type\" content=\"image\/jpeg\" \/>\n<meta name=\"author\" content=\"admin\" \/>\n<meta name=\"twitter:card\" content=\"summary_large_image\" \/>\n<meta name=\"twitter:label1\" content=\"Escrito por\" \/>\n\t<meta name=\"twitter:data1\" content=\"admin\" \/>\n\t<meta name=\"twitter:label2\" content=\"Est. tempo de leitura\" \/>\n\t<meta name=\"twitter:data2\" content=\"3 minutos\" \/>\n<script type=\"application\/ld+json\" class=\"yoast-schema-graph\">{\"@context\":\"https:\/\/schema.org\",\"@graph\":[{\"@type\":\"WebSite\",\"@id\":\"https:\/\/franciscanos.org.br\/noticias\/#website\",\"url\":\"https:\/\/franciscanos.org.br\/noticias\/\",\"name\":\"Not\u00edcias - Franciscanos\",\"description\":\"Prov\u00edncia Franciscana da Imaculada Concei\u00e7\u00e3o do Brasil - Ordem dos Frades Menores - OFM\",\"potentialAction\":[{\"@type\":\"SearchAction\",\"target\":{\"@type\":\"EntryPoint\",\"urlTemplate\":\"https:\/\/franciscanos.org.br\/noticias\/?s={search_term_string}\"},\"query-input\":\"required name=search_term_string\"}],\"inLanguage\":\"pt-BR\"},{\"@type\":\"ImageObject\",\"inLanguage\":\"pt-BR\",\"@id\":\"https:\/\/franciscanos.org.br\/noticias\/nao-se-intimidar-diante-dos-ideologos-da-doutrina.html#primaryimage\",\"url\":\"https:\/\/franciscanos.org.br\/noticias\/wp-content\/uploads\/2017\/05\/marta_190517G.jpg\",\"contentUrl\":\"https:\/\/franciscanos.org.br\/noticias\/wp-content\/uploads\/2017\/05\/marta_190517G.jpg\",\"width\":273,\"height\":181},{\"@type\":\"WebPage\",\"@id\":\"https:\/\/franciscanos.org.br\/noticias\/nao-se-intimidar-diante-dos-ideologos-da-doutrina.html#webpage\",\"url\":\"https:\/\/franciscanos.org.br\/noticias\/nao-se-intimidar-diante-dos-ideologos-da-doutrina.html\",\"name\":\"N\u00e3o se intimidar diante dos ide\u00f3logos da doutrina - Not\u00edcias - Franciscanos\",\"isPartOf\":{\"@id\":\"https:\/\/franciscanos.org.br\/noticias\/#website\"},\"primaryImageOfPage\":{\"@id\":\"https:\/\/franciscanos.org.br\/noticias\/nao-se-intimidar-diante-dos-ideologos-da-doutrina.html#primaryimage\"},\"datePublished\":\"2017-05-19T12:40:43+00:00\",\"dateModified\":\"2020-06-09T10:51:30+00:00\",\"author\":{\"@id\":\"https:\/\/franciscanos.org.br\/noticias\/#\/schema\/person\/b38fbf43118f02820bd932f2e4b14ad3\"},\"breadcrumb\":{\"@id\":\"https:\/\/franciscanos.org.br\/noticias\/nao-se-intimidar-diante-dos-ideologos-da-doutrina.html#breadcrumb\"},\"inLanguage\":\"pt-BR\",\"potentialAction\":[{\"@type\":\"ReadAction\",\"target\":[\"https:\/\/franciscanos.org.br\/noticias\/nao-se-intimidar-diante-dos-ideologos-da-doutrina.html\"]}]},{\"@type\":\"BreadcrumbList\",\"@id\":\"https:\/\/franciscanos.org.br\/noticias\/nao-se-intimidar-diante-dos-ideologos-da-doutrina.html#breadcrumb\",\"itemListElement\":[{\"@type\":\"ListItem\",\"position\":1,\"name\":\"Home\",\"item\":\"https:\/\/franciscanos.org.br\/noticias\"},{\"@type\":\"ListItem\",\"position\":2,\"name\":\"N\u00e3o se intimidar diante dos ide\u00f3logos da doutrina\"}]},{\"@type\":\"Person\",\"@id\":\"https:\/\/franciscanos.org.br\/noticias\/#\/schema\/person\/b38fbf43118f02820bd932f2e4b14ad3\",\"name\":\"admin\",\"image\":{\"@type\":\"ImageObject\",\"inLanguage\":\"pt-BR\",\"@id\":\"https:\/\/franciscanos.org.br\/noticias\/#\/schema\/person\/image\/\",\"url\":\"https:\/\/secure.gravatar.com\/avatar\/e8495742d34d0ba6448ea1c628263b3e?s=96&d=mm&r=g\",\"contentUrl\":\"https:\/\/secure.gravatar.com\/avatar\/e8495742d34d0ba6448ea1c628263b3e?s=96&d=mm&r=g\",\"caption\":\"admin\"},\"url\":\"https:\/\/franciscanos.org.br\/noticias\/author\/admin\"}]}<\/script>\n<!-- \/ Yoast SEO plugin. -->","yoast_head_json":{"title":"N\u00e3o se intimidar diante dos ide\u00f3logos da doutrina - Not\u00edcias - Franciscanos","robots":{"index":"index","follow":"follow","max-snippet":"max-snippet:-1","max-image-preview":"max-image-preview:large","max-video-preview":"max-video-preview:-1"},"canonical":"https:\/\/franciscanos.org.br\/noticias\/nao-se-intimidar-diante-dos-ideologos-da-doutrina.html","og_locale":"pt_BR","og_type":"article","og_title":"N\u00e3o se intimidar diante dos ide\u00f3logos da doutrina - Not\u00edcias - Franciscanos","og_description":"Missa em Santa Marta","og_url":"https:\/\/franciscanos.org.br\/noticias\/nao-se-intimidar-diante-dos-ideologos-da-doutrina.html","og_site_name":"Not\u00edcias - Franciscanos","article_published_time":"2017-05-19T12:40:43+00:00","article_modified_time":"2020-06-09T10:51:30+00:00","og_image":[{"width":273,"height":181,"url":"https:\/\/franciscanos.org.br\/noticias\/wp-content\/uploads\/2017\/05\/marta_190517G.jpg","type":"image\/jpeg"}],"author":"admin","twitter_card":"summary_large_image","twitter_misc":{"Escrito por":"admin","Est. tempo de leitura":"3 minutos"},"schema":{"@context":"https:\/\/schema.org","@graph":[{"@type":"WebSite","@id":"https:\/\/franciscanos.org.br\/noticias\/#website","url":"https:\/\/franciscanos.org.br\/noticias\/","name":"Not\u00edcias - Franciscanos","description":"Prov\u00edncia Franciscana da Imaculada Concei\u00e7\u00e3o do Brasil - Ordem dos Frades Menores - OFM","potentialAction":[{"@type":"SearchAction","target":{"@type":"EntryPoint","urlTemplate":"https:\/\/franciscanos.org.br\/noticias\/?s={search_term_string}"},"query-input":"required name=search_term_string"}],"inLanguage":"pt-BR"},{"@type":"ImageObject","inLanguage":"pt-BR","@id":"https:\/\/franciscanos.org.br\/noticias\/nao-se-intimidar-diante-dos-ideologos-da-doutrina.html#primaryimage","url":"https:\/\/franciscanos.org.br\/noticias\/wp-content\/uploads\/2017\/05\/marta_190517G.jpg","contentUrl":"https:\/\/franciscanos.org.br\/noticias\/wp-content\/uploads\/2017\/05\/marta_190517G.jpg","width":273,"height":181},{"@type":"WebPage","@id":"https:\/\/franciscanos.org.br\/noticias\/nao-se-intimidar-diante-dos-ideologos-da-doutrina.html#webpage","url":"https:\/\/franciscanos.org.br\/noticias\/nao-se-intimidar-diante-dos-ideologos-da-doutrina.html","name":"N\u00e3o se intimidar diante dos ide\u00f3logos da doutrina - Not\u00edcias - Franciscanos","isPartOf":{"@id":"https:\/\/franciscanos.org.br\/noticias\/#website"},"primaryImageOfPage":{"@id":"https:\/\/franciscanos.org.br\/noticias\/nao-se-intimidar-diante-dos-ideologos-da-doutrina.html#primaryimage"},"datePublished":"2017-05-19T12:40:43+00:00","dateModified":"2020-06-09T10:51:30+00:00","author":{"@id":"https:\/\/franciscanos.org.br\/noticias\/#\/schema\/person\/b38fbf43118f02820bd932f2e4b14ad3"},"breadcrumb":{"@id":"https:\/\/franciscanos.org.br\/noticias\/nao-se-intimidar-diante-dos-ideologos-da-doutrina.html#breadcrumb"},"inLanguage":"pt-BR","potentialAction":[{"@type":"ReadAction","target":["https:\/\/franciscanos.org.br\/noticias\/nao-se-intimidar-diante-dos-ideologos-da-doutrina.html"]}]},{"@type":"BreadcrumbList","@id":"https:\/\/franciscanos.org.br\/noticias\/nao-se-intimidar-diante-dos-ideologos-da-doutrina.html#breadcrumb","itemListElement":[{"@type":"ListItem","position":1,"name":"Home","item":"https:\/\/franciscanos.org.br\/noticias"},{"@type":"ListItem","position":2,"name":"N\u00e3o se intimidar diante dos ide\u00f3logos da doutrina"}]},{"@type":"Person","@id":"https:\/\/franciscanos.org.br\/noticias\/#\/schema\/person\/b38fbf43118f02820bd932f2e4b14ad3","name":"admin","image":{"@type":"ImageObject","inLanguage":"pt-BR","@id":"https:\/\/franciscanos.org.br\/noticias\/#\/schema\/person\/image\/","url":"https:\/\/secure.gravatar.com\/avatar\/e8495742d34d0ba6448ea1c628263b3e?s=96&d=mm&r=g","contentUrl":"https:\/\/secure.gravatar.com\/avatar\/e8495742d34d0ba6448ea1c628263b3e?s=96&d=mm&r=g","caption":"admin"},"url":"https:\/\/franciscanos.org.br\/noticias\/author\/admin"}]}},"_links":{"self":[{"href":"https:\/\/franciscanos.org.br\/noticias\/wp-json\/wp\/v2\/posts\/133512"}],"collection":[{"href":"https:\/\/franciscanos.org.br\/noticias\/wp-json\/wp\/v2\/posts"}],"about":[{"href":"https:\/\/franciscanos.org.br\/noticias\/wp-json\/wp\/v2\/types\/post"}],"author":[{"embeddable":true,"href":"https:\/\/franciscanos.org.br\/noticias\/wp-json\/wp\/v2\/users\/1"}],"replies":[{"embeddable":true,"href":"https:\/\/franciscanos.org.br\/noticias\/wp-json\/wp\/v2\/comments?post=133512"}],"version-history":[{"count":1,"href":"https:\/\/franciscanos.org.br\/noticias\/wp-json\/wp\/v2\/posts\/133512\/revisions"}],"predecessor-version":[{"id":225345,"href":"https:\/\/franciscanos.org.br\/noticias\/wp-json\/wp\/v2\/posts\/133512\/revisions\/225345"}],"wp:featuredmedia":[{"embeddable":true,"href":"https:\/\/franciscanos.org.br\/noticias\/wp-json\/wp\/v2\/media\/198565"}],"wp:attachment":[{"href":"https:\/\/franciscanos.org.br\/noticias\/wp-json\/wp\/v2\/media?parent=133512"}],"wp:term":[{"taxonomy":"category","embeddable":true,"href":"https:\/\/franciscanos.org.br\/noticias\/wp-json\/wp\/v2\/categories?post=133512"},{"taxonomy":"post_tag","embeddable":true,"href":"https:\/\/franciscanos.org.br\/noticias\/wp-json\/wp\/v2\/tags?post=133512"}],"curies":[{"name":"wp","href":"https:\/\/api.w.org\/{rel}","templated":true}]}}