{"id":133468,"date":"2017-05-18T13:28:11","date_gmt":"2017-05-18T16:28:11","guid":{"rendered":"http:\/\/franciscanos.org.br\/?p=133468"},"modified":"2019-01-30T14:48:18","modified_gmt":"2019-01-30T16:48:18","slug":"curso-de-ead-conquista-nota-maxima-no-mec","status":"publish","type":"post","link":"https:\/\/franciscanos.org.br\/noticias\/curso-de-ead-conquista-nota-maxima-no-mec.html","title":{"rendered":"Curso de EAD conquista nota m\u00e1xima no MEC"},"content":{"rendered":"<p><img loading=\"lazy\" class=\"wp-image-133469 alignleft\" src=\"http:\/\/franciscanos.org.br\/wp-content\/uploads\/2017\/05\/usf_180517.jpg\" alt=\"usf_180517\" width=\"390\" height=\"507\" \/><br \/>\n<strong>Bragan\u00e7a Paulista (SP) &#8211;<\/strong> O curso Tecnologia em Processos Gerenciais, na modalidade a dist\u00e2ncia, da <strong>Universidade S\u00e3o Francisco (USF)<\/strong> conquistou o conceito 5 em uma escala que vai de 1 a 5, na avalia\u00e7\u00e3o do Minist\u00e9rio da Educa\u00e7\u00e3o (MEC), que analisa corpo docente, instala\u00e7\u00f5es f\u00edsicas e projeto pedag\u00f3gico. A nota m\u00e1xima reafirma o compromisso da USF com a excel\u00eancia no ensino superior brasileiro.<\/p>\n<p>No Brasil, das mais de 150 Institui\u00e7\u00f5es de Ensino Superior Brasileiras que oferecem o Curso de Processos Gerenciais, a USF \u00e9 a \u00fanica com conceito 5, atualmente, de acordo com dados do relat\u00f3rio de 08\/03\/2017 publicado pelo Instituto Nacional de Estudos e Pesquisas Educacionais An\u00edsio Teixeira (INEP).<\/p>\n<p>Para a coordenadora do N\u00facleo de Educa\u00e7\u00e3o a Dist\u00e2ncia da USF, professora Simone Cristina Spiandorello, a nota m\u00e1xima significa um reconhecimento do trabalho desenvolvido desde sua cria\u00e7\u00e3o em 2013. \u201cReceber nota cinco num processo de reconhecimento significa que o curso alcan\u00e7ou excel\u00eancia nos indicadores de qualidade previstos na avalia\u00e7\u00e3o do Minist\u00e9rio da Educa\u00e7\u00e3o. Na visita para credenciamento, realizada em 2008, a USF j\u00e1 havia sido avaliada com nota cinco. Receber agora o reconhecimento m\u00e1ximo demonstra o empenho e o compromisso da Universidade S\u00e3o Francisco em consolidar-se na Educa\u00e7\u00e3o a Dist\u00e2ncia com qualidade e excel\u00eancia\u201d, destacou a professora.<\/p>\n<p>O Curso de Educa\u00e7\u00e3o a Dist\u00e2ncia (EAD) Tecnologia em Processos Gerenciais da USF conta com uma s\u00e9rie de atividades, que v\u00e3o desde a indica\u00e7\u00e3o de textos para a leitura, v\u00eddeo-aulas, discuss\u00f5es em f\u00f3runs, realiza\u00e7\u00f5es de tarefas individuais e em grupo, entre outras. Os estudantes t\u00eam ainda encontros presenciais durante o semestre e, ao final do curso, poder\u00e3o atuar na administra\u00e7\u00e3o de pequenas e m\u00e9dias empresas, fomentando o empreendedorismo por meio da utiliza\u00e7\u00e3o de t\u00e9cnicas e m\u00e9todos de gest\u00e3o, al\u00e9m de promover o crescimento efetivo das organiza\u00e7\u00f5es.<br \/>\n<a href=\"http:\/\/www.usf.edu.br\/cursos\/cursos-internas.vm?id=81931230&amp;segmento=GRA#conteudoInternas\" target=\"_blank\" rel=\"noopener\"><strong>Saiba mais sobre o curso\u00a0<\/strong><\/a><\/p>\n","protected":false},"excerpt":{"rendered":"<p>USF<\/p>\n","protected":false},"author":1,"featured_media":191166,"comment_status":"open","ping_status":"open","sticky":false,"template":"","format":"standard","meta":[],"categories":[1],"tags":[354],"acf":[],"yoast_head":"<!-- This site is optimized with the Yoast SEO plugin v19.2 - https:\/\/yoast.com\/wordpress\/plugins\/seo\/ -->\n<title>Curso de EAD conquista nota m\u00e1xima no MEC - Not\u00edcias - Franciscanos<\/title>\n<meta name=\"robots\" content=\"index, follow, max-snippet:-1, max-image-preview:large, max-video-preview:-1\" \/>\n<link rel=\"canonical\" href=\"https:\/\/franciscanos.org.br\/noticias\/curso-de-ead-conquista-nota-maxima-no-mec.html\" \/>\n<meta property=\"og:locale\" content=\"pt_BR\" \/>\n<meta property=\"og:type\" content=\"article\" \/>\n<meta property=\"og:title\" content=\"Curso de EAD conquista nota m\u00e1xima no MEC - Not\u00edcias - Franciscanos\" \/>\n<meta property=\"og:description\" content=\"USF\" \/>\n<meta property=\"og:url\" content=\"https:\/\/franciscanos.org.br\/noticias\/curso-de-ead-conquista-nota-maxima-no-mec.html\" \/>\n<meta property=\"og:site_name\" content=\"Not\u00edcias - Franciscanos\" \/>\n<meta property=\"article:published_time\" content=\"2017-05-18T16:28:11+00:00\" \/>\n<meta property=\"article:modified_time\" content=\"2019-01-30T16:48:18+00:00\" \/>\n<meta property=\"og:image\" content=\"https:\/\/franciscanos.org.br\/noticias\/wp-content\/uploads\/2018\/10\/usf_10082016g.jpg\" \/>\n\t<meta property=\"og:image:width\" content=\"273\" \/>\n\t<meta property=\"og:image:height\" content=\"181\" \/>\n\t<meta property=\"og:image:type\" content=\"image\/jpeg\" \/>\n<meta name=\"author\" content=\"admin\" \/>\n<meta name=\"twitter:card\" content=\"summary_large_image\" \/>\n<meta name=\"twitter:label1\" content=\"Escrito por\" \/>\n\t<meta name=\"twitter:data1\" content=\"admin\" \/>\n\t<meta name=\"twitter:label2\" content=\"Est. tempo de leitura\" \/>\n\t<meta name=\"twitter:data2\" content=\"2 minutos\" \/>\n<script type=\"application\/ld+json\" class=\"yoast-schema-graph\">{\"@context\":\"https:\/\/schema.org\",\"@graph\":[{\"@type\":\"WebSite\",\"@id\":\"https:\/\/franciscanos.org.br\/noticias\/#website\",\"url\":\"https:\/\/franciscanos.org.br\/noticias\/\",\"name\":\"Not\u00edcias - Franciscanos\",\"description\":\"Prov\u00edncia Franciscana da Imaculada Concei\u00e7\u00e3o do Brasil - Ordem dos Frades Menores - OFM\",\"potentialAction\":[{\"@type\":\"SearchAction\",\"target\":{\"@type\":\"EntryPoint\",\"urlTemplate\":\"https:\/\/franciscanos.org.br\/noticias\/?s={search_term_string}\"},\"query-input\":\"required name=search_term_string\"}],\"inLanguage\":\"pt-BR\"},{\"@type\":\"ImageObject\",\"inLanguage\":\"pt-BR\",\"@id\":\"https:\/\/franciscanos.org.br\/noticias\/curso-de-ead-conquista-nota-maxima-no-mec.html#primaryimage\",\"url\":\"https:\/\/franciscanos.org.br\/noticias\/wp-content\/uploads\/2018\/10\/usf_10082016g.jpg\",\"contentUrl\":\"https:\/\/franciscanos.org.br\/noticias\/wp-content\/uploads\/2018\/10\/usf_10082016g.jpg\",\"width\":273,\"height\":181},{\"@type\":\"WebPage\",\"@id\":\"https:\/\/franciscanos.org.br\/noticias\/curso-de-ead-conquista-nota-maxima-no-mec.html#webpage\",\"url\":\"https:\/\/franciscanos.org.br\/noticias\/curso-de-ead-conquista-nota-maxima-no-mec.html\",\"name\":\"Curso de EAD conquista nota m\u00e1xima no MEC - Not\u00edcias - Franciscanos\",\"isPartOf\":{\"@id\":\"https:\/\/franciscanos.org.br\/noticias\/#website\"},\"primaryImageOfPage\":{\"@id\":\"https:\/\/franciscanos.org.br\/noticias\/curso-de-ead-conquista-nota-maxima-no-mec.html#primaryimage\"},\"datePublished\":\"2017-05-18T16:28:11+00:00\",\"dateModified\":\"2019-01-30T16:48:18+00:00\",\"author\":{\"@id\":\"https:\/\/franciscanos.org.br\/noticias\/#\/schema\/person\/b38fbf43118f02820bd932f2e4b14ad3\"},\"breadcrumb\":{\"@id\":\"https:\/\/franciscanos.org.br\/noticias\/curso-de-ead-conquista-nota-maxima-no-mec.html#breadcrumb\"},\"inLanguage\":\"pt-BR\",\"potentialAction\":[{\"@type\":\"ReadAction\",\"target\":[\"https:\/\/franciscanos.org.br\/noticias\/curso-de-ead-conquista-nota-maxima-no-mec.html\"]}]},{\"@type\":\"BreadcrumbList\",\"@id\":\"https:\/\/franciscanos.org.br\/noticias\/curso-de-ead-conquista-nota-maxima-no-mec.html#breadcrumb\",\"itemListElement\":[{\"@type\":\"ListItem\",\"position\":1,\"name\":\"Home\",\"item\":\"https:\/\/franciscanos.org.br\/noticias\"},{\"@type\":\"ListItem\",\"position\":2,\"name\":\"Curso de EAD conquista nota m\u00e1xima no MEC\"}]},{\"@type\":\"Person\",\"@id\":\"https:\/\/franciscanos.org.br\/noticias\/#\/schema\/person\/b38fbf43118f02820bd932f2e4b14ad3\",\"name\":\"admin\",\"image\":{\"@type\":\"ImageObject\",\"inLanguage\":\"pt-BR\",\"@id\":\"https:\/\/franciscanos.org.br\/noticias\/#\/schema\/person\/image\/\",\"url\":\"https:\/\/secure.gravatar.com\/avatar\/e8495742d34d0ba6448ea1c628263b3e?s=96&d=mm&r=g\",\"contentUrl\":\"https:\/\/secure.gravatar.com\/avatar\/e8495742d34d0ba6448ea1c628263b3e?s=96&d=mm&r=g\",\"caption\":\"admin\"},\"url\":\"https:\/\/franciscanos.org.br\/noticias\/author\/admin\"}]}<\/script>\n<!-- \/ Yoast SEO plugin. -->","yoast_head_json":{"title":"Curso de EAD conquista nota m\u00e1xima no MEC - Not\u00edcias - Franciscanos","robots":{"index":"index","follow":"follow","max-snippet":"max-snippet:-1","max-image-preview":"max-image-preview:large","max-video-preview":"max-video-preview:-1"},"canonical":"https:\/\/franciscanos.org.br\/noticias\/curso-de-ead-conquista-nota-maxima-no-mec.html","og_locale":"pt_BR","og_type":"article","og_title":"Curso de EAD conquista nota m\u00e1xima no MEC - Not\u00edcias - Franciscanos","og_description":"USF","og_url":"https:\/\/franciscanos.org.br\/noticias\/curso-de-ead-conquista-nota-maxima-no-mec.html","og_site_name":"Not\u00edcias - Franciscanos","article_published_time":"2017-05-18T16:28:11+00:00","article_modified_time":"2019-01-30T16:48:18+00:00","og_image":[{"width":273,"height":181,"url":"https:\/\/franciscanos.org.br\/noticias\/wp-content\/uploads\/2018\/10\/usf_10082016g.jpg","type":"image\/jpeg"}],"author":"admin","twitter_card":"summary_large_image","twitter_misc":{"Escrito por":"admin","Est. tempo de leitura":"2 minutos"},"schema":{"@context":"https:\/\/schema.org","@graph":[{"@type":"WebSite","@id":"https:\/\/franciscanos.org.br\/noticias\/#website","url":"https:\/\/franciscanos.org.br\/noticias\/","name":"Not\u00edcias - Franciscanos","description":"Prov\u00edncia Franciscana da Imaculada Concei\u00e7\u00e3o do Brasil - Ordem dos Frades Menores - OFM","potentialAction":[{"@type":"SearchAction","target":{"@type":"EntryPoint","urlTemplate":"https:\/\/franciscanos.org.br\/noticias\/?s={search_term_string}"},"query-input":"required name=search_term_string"}],"inLanguage":"pt-BR"},{"@type":"ImageObject","inLanguage":"pt-BR","@id":"https:\/\/franciscanos.org.br\/noticias\/curso-de-ead-conquista-nota-maxima-no-mec.html#primaryimage","url":"https:\/\/franciscanos.org.br\/noticias\/wp-content\/uploads\/2018\/10\/usf_10082016g.jpg","contentUrl":"https:\/\/franciscanos.org.br\/noticias\/wp-content\/uploads\/2018\/10\/usf_10082016g.jpg","width":273,"height":181},{"@type":"WebPage","@id":"https:\/\/franciscanos.org.br\/noticias\/curso-de-ead-conquista-nota-maxima-no-mec.html#webpage","url":"https:\/\/franciscanos.org.br\/noticias\/curso-de-ead-conquista-nota-maxima-no-mec.html","name":"Curso de EAD conquista nota m\u00e1xima no MEC - Not\u00edcias - Franciscanos","isPartOf":{"@id":"https:\/\/franciscanos.org.br\/noticias\/#website"},"primaryImageOfPage":{"@id":"https:\/\/franciscanos.org.br\/noticias\/curso-de-ead-conquista-nota-maxima-no-mec.html#primaryimage"},"datePublished":"2017-05-18T16:28:11+00:00","dateModified":"2019-01-30T16:48:18+00:00","author":{"@id":"https:\/\/franciscanos.org.br\/noticias\/#\/schema\/person\/b38fbf43118f02820bd932f2e4b14ad3"},"breadcrumb":{"@id":"https:\/\/franciscanos.org.br\/noticias\/curso-de-ead-conquista-nota-maxima-no-mec.html#breadcrumb"},"inLanguage":"pt-BR","potentialAction":[{"@type":"ReadAction","target":["https:\/\/franciscanos.org.br\/noticias\/curso-de-ead-conquista-nota-maxima-no-mec.html"]}]},{"@type":"BreadcrumbList","@id":"https:\/\/franciscanos.org.br\/noticias\/curso-de-ead-conquista-nota-maxima-no-mec.html#breadcrumb","itemListElement":[{"@type":"ListItem","position":1,"name":"Home","item":"https:\/\/franciscanos.org.br\/noticias"},{"@type":"ListItem","position":2,"name":"Curso de EAD conquista nota m\u00e1xima no MEC"}]},{"@type":"Person","@id":"https:\/\/franciscanos.org.br\/noticias\/#\/schema\/person\/b38fbf43118f02820bd932f2e4b14ad3","name":"admin","image":{"@type":"ImageObject","inLanguage":"pt-BR","@id":"https:\/\/franciscanos.org.br\/noticias\/#\/schema\/person\/image\/","url":"https:\/\/secure.gravatar.com\/avatar\/e8495742d34d0ba6448ea1c628263b3e?s=96&d=mm&r=g","contentUrl":"https:\/\/secure.gravatar.com\/avatar\/e8495742d34d0ba6448ea1c628263b3e?s=96&d=mm&r=g","caption":"admin"},"url":"https:\/\/franciscanos.org.br\/noticias\/author\/admin"}]}},"_links":{"self":[{"href":"https:\/\/franciscanos.org.br\/noticias\/wp-json\/wp\/v2\/posts\/133468"}],"collection":[{"href":"https:\/\/franciscanos.org.br\/noticias\/wp-json\/wp\/v2\/posts"}],"about":[{"href":"https:\/\/franciscanos.org.br\/noticias\/wp-json\/wp\/v2\/types\/post"}],"author":[{"embeddable":true,"href":"https:\/\/franciscanos.org.br\/noticias\/wp-json\/wp\/v2\/users\/1"}],"replies":[{"embeddable":true,"href":"https:\/\/franciscanos.org.br\/noticias\/wp-json\/wp\/v2\/comments?post=133468"}],"version-history":[{"count":0,"href":"https:\/\/franciscanos.org.br\/noticias\/wp-json\/wp\/v2\/posts\/133468\/revisions"}],"wp:featuredmedia":[{"embeddable":true,"href":"https:\/\/franciscanos.org.br\/noticias\/wp-json\/wp\/v2\/media\/191166"}],"wp:attachment":[{"href":"https:\/\/franciscanos.org.br\/noticias\/wp-json\/wp\/v2\/media?parent=133468"}],"wp:term":[{"taxonomy":"category","embeddable":true,"href":"https:\/\/franciscanos.org.br\/noticias\/wp-json\/wp\/v2\/categories?post=133468"},{"taxonomy":"post_tag","embeddable":true,"href":"https:\/\/franciscanos.org.br\/noticias\/wp-json\/wp\/v2\/tags?post=133468"}],"curies":[{"name":"wp","href":"https:\/\/api.w.org\/{rel}","templated":true}]}}