{"id":133400,"date":"2017-05-17T08:23:40","date_gmt":"2017-05-17T11:23:40","guid":{"rendered":"http:\/\/franciscanos.org.br\/?p=133400"},"modified":"2020-06-09T08:30:39","modified_gmt":"2020-06-09T11:30:39","slug":"deus-e-um-sonhador-porque-sonha-a-transformacao-do-mundo","status":"publish","type":"post","link":"https:\/\/franciscanos.org.br\/noticias\/deus-e-um-sonhador-porque-sonha-a-transformacao-do-mundo.html","title":{"rendered":"Deus \u00e9 sonhador, sonha a transforma\u00e7\u00e3o do mundo"},"content":{"rendered":"<p><img loading=\"lazy\" class=\"alignleft\" src=\"http:\/\/franciscanos.org.br\/wp-content\/uploads\/2017\/05\/audienciaG_170517_12.jpg\" alt=\"audienciaG_170517_12\" width=\"830\" height=\"360\" \/><strong>Cidade do Vaticano<\/strong> &#8211; Maria Madalena, ap\u00f3stola da esperan\u00e7a: este foi o tema da catequese do Papa Francisco na Audi\u00eancia Geral de quarta-feira, 17.<br \/>\nAos cerca de 20 mil fi\u00e9is presentes na Pra\u00e7a S. Pedro, entre os quais brasileiros da Bahia, de Fortaleza e Bras\u00edlia, o Pont\u00edfice deu prosseguimento ao ciclo sobre a esperan\u00e7a no contexto do mist\u00e9rio pascal, falando daquela que, por primeiro, viu Jesus ressuscitado.<\/p>\n<p>Ap\u00f3s a sua morte e assim que o descanso do S\u00e1bado o permitiu, Maria Madalena foi at\u00e9 o sepulcro para completar os ritos f\u00fanebres. Ao chegar, viu que algu\u00e9m tinha removido a pedra que estava \u00e0 porta do sepulcro e logo pensou que tivessem roubado o corpo de Jesus. Este trajeto rumo ao sepulcro, disse o Papa, espelha a fidelidade de tantas mulheres que s\u00e3o devotas por anos \u00e0s ruelas dos cemit\u00e9rios, em mem\u00f3ria de algu\u00e9m que n\u00e3o existe mais. \u201cOs elos mais aut\u00eanticos n\u00e3o s\u00e3o interrompidos nem mesmo pela morte: h\u00e1 quem continua a amar mesmo que a pessoa amada tenha ido embora para sempre\u201d, afirmou Francisco em meio aos aplausos dos fi\u00e9is.<\/p>\n<p><strong>Deus nos chama pelo nome<\/strong><\/p>\n<p>Ela advertiu os disc\u00edpulos e, em seguida, voltou novamente ao sepulcro com uma dupla tristeza: a morte de Jesus e o desaparecimento de seu corpo. Por\u00e9m, desta vez, foi surpreendida pelo aparecimento de dois anjos e, finalmente, do pr\u00f3prio Jesus, a quem reconhece quando este a chama pelo nome: Maria!<\/p>\n<p>\u201cComo \u00e9 belo pensar que a primeira apari\u00e7\u00e3o do Ressuscitado tenha ocorrido de modo assim t\u00e3o pessoal!\u201d, disse Francisco. \u201cTem algu\u00e9m que nos conhece, que v\u00ea o nosso sofrimento e a nossa desilus\u00e3o, que se comove e nos chama pelo nome. Em volta de Jesus, h\u00e1 muitas pessoas que buscam a Deus; mas a realidade mais prodigiosa \u00e9 que, muito antes, h\u00e1 um Deus que se preocupa com nossa vida. Cada homem \u00e9 uma hist\u00f3ria de amor que Deus escreve sobre esta terra. A cada um de n\u00f3s Deus chama por nome, nos olha, nos espera, nos perdoa, tem paci\u00eancia. \u00c9 verdade ou n\u00e3o?\u201d, perguntou o Papa aos fi\u00e9is.<\/p>\n<p><strong>Revolu\u00e7\u00e3o n\u00e3o \u00e9 como um conta-gotas<\/strong><\/p>\n<p>A ressurrei\u00e7\u00e3o de Jesus \u00e9 uma revolu\u00e7\u00e3o que transformou a vida de Maria Madalena e transforma a vida de cada um de n\u00f3s. Uma revolu\u00e7\u00e3o que n\u00e3o vem como conta-gotas, mas \u00e9 como uma cascata que se expande por toda a exist\u00eancia. Esta n\u00e3o \u00e9 marcada por \u201cpequenas felicidades\u201d, mas por ondas que levam tudo.<\/p>\n<p><strong>Nosso Deus \u00e9 sonhador<\/strong><\/p>\n<p>Francisco convidou os fi\u00e9is a imaginarem este instante em que Deus nos chama por nome e diz: \u201cLevante-se, pare de chorar, porque vim libertar!\u201d. Jesus, prosseguiu, n\u00e3o se adapta ao mundo, tolerando que prevale\u00e7am a morte, o \u00f3dio, a destrui\u00e7\u00e3o moral das pessoas&#8230; \u201cO nosso Deus n\u00e3o est\u00e1 inerte, permito-me dizer que nosso Deus \u00e9 um sonhador, que sonha a transforma\u00e7\u00e3o do mundo e a realizou no mist\u00e9rio da Ressurrei\u00e7\u00e3o.\u201d<\/p>\n<p>O Papa concluiu falando novamente de Maria Madalena. Esta mulher que, antes de encontrar Jesus estava \u00e0 merc\u00ea do maligno, agora se transformou em ap\u00f3stola da nova e maior esperan\u00e7a. \u201cQue a sua intercess\u00e3o nos ajude a viver tamb\u00e9m n\u00f3s esta experi\u00eancia: na hora do pranto e do abandono, ouvir Jesus Ressuscitado que nos chama por nome, e com o cora\u00e7\u00e3o repleto de alegria anunciar: Vi o Senhor! Mudei de vida porque vi o Senhor. Esta \u00e9 a nossa for\u00e7a e esta \u00e9 a nossa esperan\u00e7a.\u201d<\/p>\n<hr \/>\n<p><em>Fonte: R\u00e1dio Vaticano<\/em><\/p>\n","protected":false},"excerpt":{"rendered":"<p>Audi\u00eancia Geral<\/p>\n","protected":false},"author":1,"featured_media":198577,"comment_status":"open","ping_status":"open","sticky":false,"template":"","format":"standard","meta":[],"categories":[1428],"tags":[487],"acf":[],"yoast_head":"<!-- This site is optimized with the Yoast SEO plugin v19.2 - https:\/\/yoast.com\/wordpress\/plugins\/seo\/ -->\n<title>Deus \u00e9 sonhador, sonha a transforma\u00e7\u00e3o do mundo - Not\u00edcias - Franciscanos<\/title>\n<meta name=\"robots\" content=\"index, follow, max-snippet:-1, max-image-preview:large, max-video-preview:-1\" \/>\n<link rel=\"canonical\" href=\"https:\/\/franciscanos.org.br\/noticias\/deus-e-um-sonhador-porque-sonha-a-transformacao-do-mundo.html\" \/>\n<meta property=\"og:locale\" content=\"pt_BR\" \/>\n<meta property=\"og:type\" content=\"article\" \/>\n<meta property=\"og:title\" content=\"Deus \u00e9 sonhador, sonha a transforma\u00e7\u00e3o do mundo - Not\u00edcias - Franciscanos\" \/>\n<meta property=\"og:description\" content=\"Audi\u00eancia Geral\" \/>\n<meta property=\"og:url\" content=\"https:\/\/franciscanos.org.br\/noticias\/deus-e-um-sonhador-porque-sonha-a-transformacao-do-mundo.html\" \/>\n<meta property=\"og:site_name\" content=\"Not\u00edcias - Franciscanos\" \/>\n<meta property=\"article:published_time\" content=\"2017-05-17T11:23:40+00:00\" \/>\n<meta property=\"article:modified_time\" content=\"2020-06-09T11:30:39+00:00\" \/>\n<meta property=\"og:image\" content=\"https:\/\/franciscanos.org.br\/noticias\/wp-content\/uploads\/2017\/05\/audienciaG_170517_12.jpg\" \/>\n\t<meta property=\"og:image:width\" content=\"273\" \/>\n\t<meta property=\"og:image:height\" content=\"181\" \/>\n\t<meta property=\"og:image:type\" content=\"image\/jpeg\" \/>\n<meta name=\"author\" content=\"admin\" \/>\n<meta name=\"twitter:card\" content=\"summary_large_image\" \/>\n<meta name=\"twitter:label1\" content=\"Escrito por\" \/>\n\t<meta name=\"twitter:data1\" content=\"admin\" \/>\n\t<meta name=\"twitter:label2\" content=\"Est. tempo de leitura\" \/>\n\t<meta name=\"twitter:data2\" content=\"3 minutos\" \/>\n<script type=\"application\/ld+json\" class=\"yoast-schema-graph\">{\"@context\":\"https:\/\/schema.org\",\"@graph\":[{\"@type\":\"WebSite\",\"@id\":\"https:\/\/franciscanos.org.br\/noticias\/#website\",\"url\":\"https:\/\/franciscanos.org.br\/noticias\/\",\"name\":\"Not\u00edcias - Franciscanos\",\"description\":\"Prov\u00edncia Franciscana da Imaculada Concei\u00e7\u00e3o do Brasil - Ordem dos Frades Menores - OFM\",\"potentialAction\":[{\"@type\":\"SearchAction\",\"target\":{\"@type\":\"EntryPoint\",\"urlTemplate\":\"https:\/\/franciscanos.org.br\/noticias\/?s={search_term_string}\"},\"query-input\":\"required name=search_term_string\"}],\"inLanguage\":\"pt-BR\"},{\"@type\":\"ImageObject\",\"inLanguage\":\"pt-BR\",\"@id\":\"https:\/\/franciscanos.org.br\/noticias\/deus-e-um-sonhador-porque-sonha-a-transformacao-do-mundo.html#primaryimage\",\"url\":\"https:\/\/franciscanos.org.br\/noticias\/wp-content\/uploads\/2017\/05\/audienciaG_170517_12.jpg\",\"contentUrl\":\"https:\/\/franciscanos.org.br\/noticias\/wp-content\/uploads\/2017\/05\/audienciaG_170517_12.jpg\",\"width\":273,\"height\":181},{\"@type\":\"WebPage\",\"@id\":\"https:\/\/franciscanos.org.br\/noticias\/deus-e-um-sonhador-porque-sonha-a-transformacao-do-mundo.html#webpage\",\"url\":\"https:\/\/franciscanos.org.br\/noticias\/deus-e-um-sonhador-porque-sonha-a-transformacao-do-mundo.html\",\"name\":\"Deus \u00e9 sonhador, sonha a transforma\u00e7\u00e3o do mundo - Not\u00edcias - Franciscanos\",\"isPartOf\":{\"@id\":\"https:\/\/franciscanos.org.br\/noticias\/#website\"},\"primaryImageOfPage\":{\"@id\":\"https:\/\/franciscanos.org.br\/noticias\/deus-e-um-sonhador-porque-sonha-a-transformacao-do-mundo.html#primaryimage\"},\"datePublished\":\"2017-05-17T11:23:40+00:00\",\"dateModified\":\"2020-06-09T11:30:39+00:00\",\"author\":{\"@id\":\"https:\/\/franciscanos.org.br\/noticias\/#\/schema\/person\/b38fbf43118f02820bd932f2e4b14ad3\"},\"breadcrumb\":{\"@id\":\"https:\/\/franciscanos.org.br\/noticias\/deus-e-um-sonhador-porque-sonha-a-transformacao-do-mundo.html#breadcrumb\"},\"inLanguage\":\"pt-BR\",\"potentialAction\":[{\"@type\":\"ReadAction\",\"target\":[\"https:\/\/franciscanos.org.br\/noticias\/deus-e-um-sonhador-porque-sonha-a-transformacao-do-mundo.html\"]}]},{\"@type\":\"BreadcrumbList\",\"@id\":\"https:\/\/franciscanos.org.br\/noticias\/deus-e-um-sonhador-porque-sonha-a-transformacao-do-mundo.html#breadcrumb\",\"itemListElement\":[{\"@type\":\"ListItem\",\"position\":1,\"name\":\"Home\",\"item\":\"https:\/\/franciscanos.org.br\/noticias\"},{\"@type\":\"ListItem\",\"position\":2,\"name\":\"Deus \u00e9 sonhador, sonha a transforma\u00e7\u00e3o do mundo\"}]},{\"@type\":\"Person\",\"@id\":\"https:\/\/franciscanos.org.br\/noticias\/#\/schema\/person\/b38fbf43118f02820bd932f2e4b14ad3\",\"name\":\"admin\",\"image\":{\"@type\":\"ImageObject\",\"inLanguage\":\"pt-BR\",\"@id\":\"https:\/\/franciscanos.org.br\/noticias\/#\/schema\/person\/image\/\",\"url\":\"https:\/\/secure.gravatar.com\/avatar\/e8495742d34d0ba6448ea1c628263b3e?s=96&d=mm&r=g\",\"contentUrl\":\"https:\/\/secure.gravatar.com\/avatar\/e8495742d34d0ba6448ea1c628263b3e?s=96&d=mm&r=g\",\"caption\":\"admin\"},\"url\":\"https:\/\/franciscanos.org.br\/noticias\/author\/admin\"}]}<\/script>\n<!-- \/ Yoast SEO plugin. -->","yoast_head_json":{"title":"Deus \u00e9 sonhador, sonha a transforma\u00e7\u00e3o do mundo - Not\u00edcias - Franciscanos","robots":{"index":"index","follow":"follow","max-snippet":"max-snippet:-1","max-image-preview":"max-image-preview:large","max-video-preview":"max-video-preview:-1"},"canonical":"https:\/\/franciscanos.org.br\/noticias\/deus-e-um-sonhador-porque-sonha-a-transformacao-do-mundo.html","og_locale":"pt_BR","og_type":"article","og_title":"Deus \u00e9 sonhador, sonha a transforma\u00e7\u00e3o do mundo - Not\u00edcias - Franciscanos","og_description":"Audi\u00eancia Geral","og_url":"https:\/\/franciscanos.org.br\/noticias\/deus-e-um-sonhador-porque-sonha-a-transformacao-do-mundo.html","og_site_name":"Not\u00edcias - Franciscanos","article_published_time":"2017-05-17T11:23:40+00:00","article_modified_time":"2020-06-09T11:30:39+00:00","og_image":[{"width":273,"height":181,"url":"https:\/\/franciscanos.org.br\/noticias\/wp-content\/uploads\/2017\/05\/audienciaG_170517_12.jpg","type":"image\/jpeg"}],"author":"admin","twitter_card":"summary_large_image","twitter_misc":{"Escrito por":"admin","Est. tempo de leitura":"3 minutos"},"schema":{"@context":"https:\/\/schema.org","@graph":[{"@type":"WebSite","@id":"https:\/\/franciscanos.org.br\/noticias\/#website","url":"https:\/\/franciscanos.org.br\/noticias\/","name":"Not\u00edcias - Franciscanos","description":"Prov\u00edncia Franciscana da Imaculada Concei\u00e7\u00e3o do Brasil - Ordem dos Frades Menores - OFM","potentialAction":[{"@type":"SearchAction","target":{"@type":"EntryPoint","urlTemplate":"https:\/\/franciscanos.org.br\/noticias\/?s={search_term_string}"},"query-input":"required name=search_term_string"}],"inLanguage":"pt-BR"},{"@type":"ImageObject","inLanguage":"pt-BR","@id":"https:\/\/franciscanos.org.br\/noticias\/deus-e-um-sonhador-porque-sonha-a-transformacao-do-mundo.html#primaryimage","url":"https:\/\/franciscanos.org.br\/noticias\/wp-content\/uploads\/2017\/05\/audienciaG_170517_12.jpg","contentUrl":"https:\/\/franciscanos.org.br\/noticias\/wp-content\/uploads\/2017\/05\/audienciaG_170517_12.jpg","width":273,"height":181},{"@type":"WebPage","@id":"https:\/\/franciscanos.org.br\/noticias\/deus-e-um-sonhador-porque-sonha-a-transformacao-do-mundo.html#webpage","url":"https:\/\/franciscanos.org.br\/noticias\/deus-e-um-sonhador-porque-sonha-a-transformacao-do-mundo.html","name":"Deus \u00e9 sonhador, sonha a transforma\u00e7\u00e3o do mundo - Not\u00edcias - Franciscanos","isPartOf":{"@id":"https:\/\/franciscanos.org.br\/noticias\/#website"},"primaryImageOfPage":{"@id":"https:\/\/franciscanos.org.br\/noticias\/deus-e-um-sonhador-porque-sonha-a-transformacao-do-mundo.html#primaryimage"},"datePublished":"2017-05-17T11:23:40+00:00","dateModified":"2020-06-09T11:30:39+00:00","author":{"@id":"https:\/\/franciscanos.org.br\/noticias\/#\/schema\/person\/b38fbf43118f02820bd932f2e4b14ad3"},"breadcrumb":{"@id":"https:\/\/franciscanos.org.br\/noticias\/deus-e-um-sonhador-porque-sonha-a-transformacao-do-mundo.html#breadcrumb"},"inLanguage":"pt-BR","potentialAction":[{"@type":"ReadAction","target":["https:\/\/franciscanos.org.br\/noticias\/deus-e-um-sonhador-porque-sonha-a-transformacao-do-mundo.html"]}]},{"@type":"BreadcrumbList","@id":"https:\/\/franciscanos.org.br\/noticias\/deus-e-um-sonhador-porque-sonha-a-transformacao-do-mundo.html#breadcrumb","itemListElement":[{"@type":"ListItem","position":1,"name":"Home","item":"https:\/\/franciscanos.org.br\/noticias"},{"@type":"ListItem","position":2,"name":"Deus \u00e9 sonhador, sonha a transforma\u00e7\u00e3o do mundo"}]},{"@type":"Person","@id":"https:\/\/franciscanos.org.br\/noticias\/#\/schema\/person\/b38fbf43118f02820bd932f2e4b14ad3","name":"admin","image":{"@type":"ImageObject","inLanguage":"pt-BR","@id":"https:\/\/franciscanos.org.br\/noticias\/#\/schema\/person\/image\/","url":"https:\/\/secure.gravatar.com\/avatar\/e8495742d34d0ba6448ea1c628263b3e?s=96&d=mm&r=g","contentUrl":"https:\/\/secure.gravatar.com\/avatar\/e8495742d34d0ba6448ea1c628263b3e?s=96&d=mm&r=g","caption":"admin"},"url":"https:\/\/franciscanos.org.br\/noticias\/author\/admin"}]}},"_links":{"self":[{"href":"https:\/\/franciscanos.org.br\/noticias\/wp-json\/wp\/v2\/posts\/133400"}],"collection":[{"href":"https:\/\/franciscanos.org.br\/noticias\/wp-json\/wp\/v2\/posts"}],"about":[{"href":"https:\/\/franciscanos.org.br\/noticias\/wp-json\/wp\/v2\/types\/post"}],"author":[{"embeddable":true,"href":"https:\/\/franciscanos.org.br\/noticias\/wp-json\/wp\/v2\/users\/1"}],"replies":[{"embeddable":true,"href":"https:\/\/franciscanos.org.br\/noticias\/wp-json\/wp\/v2\/comments?post=133400"}],"version-history":[{"count":1,"href":"https:\/\/franciscanos.org.br\/noticias\/wp-json\/wp\/v2\/posts\/133400\/revisions"}],"predecessor-version":[{"id":225348,"href":"https:\/\/franciscanos.org.br\/noticias\/wp-json\/wp\/v2\/posts\/133400\/revisions\/225348"}],"wp:featuredmedia":[{"embeddable":true,"href":"https:\/\/franciscanos.org.br\/noticias\/wp-json\/wp\/v2\/media\/198577"}],"wp:attachment":[{"href":"https:\/\/franciscanos.org.br\/noticias\/wp-json\/wp\/v2\/media?parent=133400"}],"wp:term":[{"taxonomy":"category","embeddable":true,"href":"https:\/\/franciscanos.org.br\/noticias\/wp-json\/wp\/v2\/categories?post=133400"},{"taxonomy":"post_tag","embeddable":true,"href":"https:\/\/franciscanos.org.br\/noticias\/wp-json\/wp\/v2\/tags?post=133400"}],"curies":[{"name":"wp","href":"https:\/\/api.w.org\/{rel}","templated":true}]}}