{"id":133375,"date":"2017-05-16T09:34:26","date_gmt":"2017-05-16T12:34:26","guid":{"rendered":"http:\/\/franciscanos.org.br\/?p=133375"},"modified":"2020-06-09T08:31:22","modified_gmt":"2020-06-09T11:31:22","slug":"a-paz-de-deus-nao-se-pode-comprar-sem-cruz-nao-e-verdadeira-paz","status":"publish","type":"post","link":"https:\/\/franciscanos.org.br\/noticias\/a-paz-de-deus-nao-se-pode-comprar-sem-cruz-nao-e-verdadeira-paz.html","title":{"rendered":"A paz de Deus n\u00e3o se pode comprar, sem Cruz n\u00e3o \u00e9 paz"},"content":{"rendered":"<p><img loading=\"lazy\" class=\"alignleft\" src=\"http:\/\/franciscanos.org.br\/wp-content\/uploads\/2017\/05\/marta_160517g.jpg\" alt=\"marta_160517g\" width=\"830\" height=\"419\" \/><strong>Cidade do Vaticano<\/strong> &#8211; A verdadeira paz n\u00f3s n\u00e3o podemos fabric\u00e1-la n\u00f3s mesmos. Foi o que afirmou o Papa Francisco na Missa desta manh\u00e3 na Casa Santa Marta. O Pont\u00edfice destacou que \u201cuma paz sem Cruz n\u00e3o \u00e9 a paz de Jesus\u201d e lembrou que s\u00f3 o Senhor pode nos dar a paz no meio das tribula\u00e7\u00f5es.<\/p>\n<p>\u201cDeixo-vos a paz, dou-vos a minha paz\u201d. Francisco desenvolveu a sua homilia, partindo das palavras de Jesus aos seus disc\u00edpulos na \u00daltima Ceia. O Papa se deteve em seguida sobre o significado da paz dada pelo Senhor. A passagem dos Atos dos Ap\u00f3stolos da Primeira Leitura de hoje, &#8211; destacou o Papa -, fala das muitas tribula\u00e7\u00f5es sofridas por Paulo e Barnab\u00e9 em suas viagens para proclamar o Evangelho. \u201cEsta \u00e9 a paz que Jesus d\u00e1?\u201d, pergunta-se o Papa. E em seguida observou que a paz que Ele d\u00e1 n\u00e3o \u00e9 aquela que o mundo d\u00e1.<\/p>\n<p><strong>O mundo quer uma paz anestesiada para n\u00e3o nos fazer ver a Cruz<\/strong><\/p>\n<p>\u201cA paz que nos d\u00e1 o mundo \u2013 comentou &#8211; \u00e9 uma paz sem tribula\u00e7\u00f5es; oferece-nos uma paz artificial\u201d uma paz que se reduz \u00e0 \u201ctranquilidade\u201d. \u00c9 uma paz, &#8211; disse ainda -, \u201cque somente olha para seus pr\u00f3prios interesses, suas pr\u00f3prias certezas, que n\u00e3o falte nada\u201d, um pouco como era a paz do homem rico. Uma tranquilidade que nos torna \u201cfechados\u201d, que n\u00e3o se v\u00ea \u201cal\u00e9m\u201d:<\/p>\n<p>\u201cO mundo nos ensina o caminho da paz com a anestesia: nos anestesia para n\u00e3o ver outra realidade da vida: a Cruz. Por isso Paulo diz que se deve entrar no Reino dos c\u00e9us atrav\u00e9s do caminho com tantas tribula\u00e7\u00f5es. Mas se pode ter paz na tribula\u00e7\u00e3o? De nossa parte, n\u00e3o: n\u00f3s n\u00e3o somos capazes de fazer uma paz de tranquilidade, uma paz psicol\u00f3gica, uma paz feita por n\u00f3s porque h\u00e1 tribula\u00e7\u00f5es: h\u00e1 quem tenha uma dor, uma doen\u00e7a, uma morte &#8230; existem. A paz que Jesus d\u00e1 \u00e9 um presente: \u00e9 um dom do Esp\u00edrito Santo. E esta paz est\u00e1 no meio das tribula\u00e7\u00f5es e segue em frente. N\u00e3o \u00e9 uma esp\u00e9cie de estoicismo, o que faz o faquir: n\u00e3o. \u00c9 outra coisa\u201d.<\/p>\n<p><strong>A paz de Deus n\u00e3o se pode comprar, sem Cruz n\u00e3o \u00e9 verdadeira paz<\/strong><\/p>\n<p>A paz de Deus, &#8211; retomou o Papa &#8211; \u00e9 \u201cum dom que nos faz seguir em frente\u201d. Jesus, depois de ter dado a paz aos disc\u00edpulos, sofre no Jardim das Oliveiras e ali \u201coferece tudo \u00e0 vontade do Pai e sofre, mas n\u00e3o falta o consolo de Deus\u201d. O Evangelho, de fato, narra que \u201clhe apareceu um anjo do c\u00e9u para consol\u00e1-lo\u201d.<\/p>\n<p>\u201cA paz de Deus \u00e9 uma paz real, que esta na realidade da vida, que n\u00e3o nega a vida: a vida \u00e9 assim. H\u00e1 sofrimento, h\u00e1 os doentes, h\u00e1 tantas coisas ruins, h\u00e1 guerras&#8230; mas a paz de dentro, que \u00e9 um dom, n\u00e3o se perde, mas se vai em frente carregando a Cruz e o sofrimento. Uma paz sem Cruz n\u00e3o \u00e9 a paz de Jesus: \u00e9 uma paz que se pode comprar. Podemos fabric\u00e1-la n\u00f3s mesmos. Mas n\u00e3o \u00e9 duradoura: termina\u201d.<\/p>\n<p><strong>Pe\u00e7amos a gra\u00e7a da paz interior, dom do Esp\u00edrito Santo<\/strong><\/p>\n<p>Quando algu\u00e9m fica com raiva, &#8211; observou Francisco -, \u201cperde a paz\u201d. Quando meu cora\u00e7\u00e3o \u201cfica turbado &#8211; acrescentou &#8211; \u00e9 porque n\u00e3o est\u00e1 aberto \u00e0 paz de Jesus\u201d, porque eu n\u00e3o sou capaz de \u201clevar a vida como ela vem, com as cruzes e as dores que v\u00eam\u201d. Em vez disso, devemos ser capazes de pedir a gra\u00e7a, de pedir ao Senhor a Sua paz: \u201cDevemos entrar no Reino de Deus atrav\u00e9s de muitas tribula\u00e7\u00f5es. A gra\u00e7a da paz, de n\u00e3o perder a paz interior. Um Santo dizia, falando sobre isso: &#8216;A vida do crist\u00e3o \u00e9 um caminho entre as persegui\u00e7\u00f5es do mundo e as consola\u00e7\u00f5es de Deus&#8217; (Santo Agostinho, De Civitate Dei XVIII, 51 nota). O Senhor nos fa\u00e7a compreender como \u00e9 esta paz que Ele nos d\u00e1 com o Esp\u00edrito Santo\u201d.<\/p>\n<hr \/>\n<p><em>Fonte: R\u00e1dio Vaticano<\/em><\/p>\n","protected":false},"excerpt":{"rendered":"<p>Missa em Santa Marta<\/p>\n","protected":false},"author":1,"featured_media":198586,"comment_status":"open","ping_status":"open","sticky":false,"template":"","format":"standard","meta":[],"categories":[1428],"tags":[1586],"acf":[],"yoast_head":"<!-- This site is optimized with the Yoast SEO plugin v19.2 - https:\/\/yoast.com\/wordpress\/plugins\/seo\/ -->\n<title>A paz de Deus n\u00e3o se pode comprar, sem Cruz n\u00e3o \u00e9 paz - Not\u00edcias - Franciscanos<\/title>\n<meta name=\"robots\" content=\"index, follow, max-snippet:-1, max-image-preview:large, max-video-preview:-1\" \/>\n<link rel=\"canonical\" href=\"https:\/\/franciscanos.org.br\/noticias\/a-paz-de-deus-nao-se-pode-comprar-sem-cruz-nao-e-verdadeira-paz.html\" \/>\n<meta property=\"og:locale\" content=\"pt_BR\" \/>\n<meta property=\"og:type\" content=\"article\" \/>\n<meta property=\"og:title\" content=\"A paz de Deus n\u00e3o se pode comprar, sem Cruz n\u00e3o \u00e9 paz - Not\u00edcias - Franciscanos\" \/>\n<meta property=\"og:description\" content=\"Missa em Santa Marta\" \/>\n<meta property=\"og:url\" content=\"https:\/\/franciscanos.org.br\/noticias\/a-paz-de-deus-nao-se-pode-comprar-sem-cruz-nao-e-verdadeira-paz.html\" \/>\n<meta property=\"og:site_name\" content=\"Not\u00edcias - Franciscanos\" \/>\n<meta property=\"article:published_time\" content=\"2017-05-16T12:34:26+00:00\" \/>\n<meta property=\"article:modified_time\" content=\"2020-06-09T11:31:22+00:00\" \/>\n<meta property=\"og:image\" content=\"https:\/\/franciscanos.org.br\/noticias\/wp-content\/uploads\/2017\/05\/marta_160517g.jpg\" \/>\n\t<meta property=\"og:image:width\" content=\"273\" \/>\n\t<meta property=\"og:image:height\" content=\"181\" \/>\n\t<meta property=\"og:image:type\" content=\"image\/jpeg\" \/>\n<meta name=\"author\" content=\"admin\" \/>\n<meta name=\"twitter:card\" content=\"summary_large_image\" \/>\n<meta name=\"twitter:label1\" content=\"Escrito por\" \/>\n\t<meta name=\"twitter:data1\" content=\"admin\" \/>\n\t<meta name=\"twitter:label2\" content=\"Est. tempo de leitura\" \/>\n\t<meta name=\"twitter:data2\" content=\"4 minutos\" \/>\n<script type=\"application\/ld+json\" class=\"yoast-schema-graph\">{\"@context\":\"https:\/\/schema.org\",\"@graph\":[{\"@type\":\"WebSite\",\"@id\":\"https:\/\/franciscanos.org.br\/noticias\/#website\",\"url\":\"https:\/\/franciscanos.org.br\/noticias\/\",\"name\":\"Not\u00edcias - Franciscanos\",\"description\":\"Prov\u00edncia Franciscana da Imaculada Concei\u00e7\u00e3o do Brasil - Ordem dos Frades Menores - OFM\",\"potentialAction\":[{\"@type\":\"SearchAction\",\"target\":{\"@type\":\"EntryPoint\",\"urlTemplate\":\"https:\/\/franciscanos.org.br\/noticias\/?s={search_term_string}\"},\"query-input\":\"required name=search_term_string\"}],\"inLanguage\":\"pt-BR\"},{\"@type\":\"ImageObject\",\"inLanguage\":\"pt-BR\",\"@id\":\"https:\/\/franciscanos.org.br\/noticias\/a-paz-de-deus-nao-se-pode-comprar-sem-cruz-nao-e-verdadeira-paz.html#primaryimage\",\"url\":\"https:\/\/franciscanos.org.br\/noticias\/wp-content\/uploads\/2017\/05\/marta_160517g.jpg\",\"contentUrl\":\"https:\/\/franciscanos.org.br\/noticias\/wp-content\/uploads\/2017\/05\/marta_160517g.jpg\",\"width\":273,\"height\":181},{\"@type\":\"WebPage\",\"@id\":\"https:\/\/franciscanos.org.br\/noticias\/a-paz-de-deus-nao-se-pode-comprar-sem-cruz-nao-e-verdadeira-paz.html#webpage\",\"url\":\"https:\/\/franciscanos.org.br\/noticias\/a-paz-de-deus-nao-se-pode-comprar-sem-cruz-nao-e-verdadeira-paz.html\",\"name\":\"A paz de Deus n\u00e3o se pode comprar, sem Cruz n\u00e3o \u00e9 paz - Not\u00edcias - Franciscanos\",\"isPartOf\":{\"@id\":\"https:\/\/franciscanos.org.br\/noticias\/#website\"},\"primaryImageOfPage\":{\"@id\":\"https:\/\/franciscanos.org.br\/noticias\/a-paz-de-deus-nao-se-pode-comprar-sem-cruz-nao-e-verdadeira-paz.html#primaryimage\"},\"datePublished\":\"2017-05-16T12:34:26+00:00\",\"dateModified\":\"2020-06-09T11:31:22+00:00\",\"author\":{\"@id\":\"https:\/\/franciscanos.org.br\/noticias\/#\/schema\/person\/b38fbf43118f02820bd932f2e4b14ad3\"},\"breadcrumb\":{\"@id\":\"https:\/\/franciscanos.org.br\/noticias\/a-paz-de-deus-nao-se-pode-comprar-sem-cruz-nao-e-verdadeira-paz.html#breadcrumb\"},\"inLanguage\":\"pt-BR\",\"potentialAction\":[{\"@type\":\"ReadAction\",\"target\":[\"https:\/\/franciscanos.org.br\/noticias\/a-paz-de-deus-nao-se-pode-comprar-sem-cruz-nao-e-verdadeira-paz.html\"]}]},{\"@type\":\"BreadcrumbList\",\"@id\":\"https:\/\/franciscanos.org.br\/noticias\/a-paz-de-deus-nao-se-pode-comprar-sem-cruz-nao-e-verdadeira-paz.html#breadcrumb\",\"itemListElement\":[{\"@type\":\"ListItem\",\"position\":1,\"name\":\"Home\",\"item\":\"https:\/\/franciscanos.org.br\/noticias\"},{\"@type\":\"ListItem\",\"position\":2,\"name\":\"A paz de Deus n\u00e3o se pode comprar, sem Cruz n\u00e3o \u00e9 paz\"}]},{\"@type\":\"Person\",\"@id\":\"https:\/\/franciscanos.org.br\/noticias\/#\/schema\/person\/b38fbf43118f02820bd932f2e4b14ad3\",\"name\":\"admin\",\"image\":{\"@type\":\"ImageObject\",\"inLanguage\":\"pt-BR\",\"@id\":\"https:\/\/franciscanos.org.br\/noticias\/#\/schema\/person\/image\/\",\"url\":\"https:\/\/secure.gravatar.com\/avatar\/e8495742d34d0ba6448ea1c628263b3e?s=96&d=mm&r=g\",\"contentUrl\":\"https:\/\/secure.gravatar.com\/avatar\/e8495742d34d0ba6448ea1c628263b3e?s=96&d=mm&r=g\",\"caption\":\"admin\"},\"url\":\"https:\/\/franciscanos.org.br\/noticias\/author\/admin\"}]}<\/script>\n<!-- \/ Yoast SEO plugin. -->","yoast_head_json":{"title":"A paz de Deus n\u00e3o se pode comprar, sem Cruz n\u00e3o \u00e9 paz - Not\u00edcias - Franciscanos","robots":{"index":"index","follow":"follow","max-snippet":"max-snippet:-1","max-image-preview":"max-image-preview:large","max-video-preview":"max-video-preview:-1"},"canonical":"https:\/\/franciscanos.org.br\/noticias\/a-paz-de-deus-nao-se-pode-comprar-sem-cruz-nao-e-verdadeira-paz.html","og_locale":"pt_BR","og_type":"article","og_title":"A paz de Deus n\u00e3o se pode comprar, sem Cruz n\u00e3o \u00e9 paz - Not\u00edcias - Franciscanos","og_description":"Missa em Santa Marta","og_url":"https:\/\/franciscanos.org.br\/noticias\/a-paz-de-deus-nao-se-pode-comprar-sem-cruz-nao-e-verdadeira-paz.html","og_site_name":"Not\u00edcias - Franciscanos","article_published_time":"2017-05-16T12:34:26+00:00","article_modified_time":"2020-06-09T11:31:22+00:00","og_image":[{"width":273,"height":181,"url":"https:\/\/franciscanos.org.br\/noticias\/wp-content\/uploads\/2017\/05\/marta_160517g.jpg","type":"image\/jpeg"}],"author":"admin","twitter_card":"summary_large_image","twitter_misc":{"Escrito por":"admin","Est. tempo de leitura":"4 minutos"},"schema":{"@context":"https:\/\/schema.org","@graph":[{"@type":"WebSite","@id":"https:\/\/franciscanos.org.br\/noticias\/#website","url":"https:\/\/franciscanos.org.br\/noticias\/","name":"Not\u00edcias - Franciscanos","description":"Prov\u00edncia Franciscana da Imaculada Concei\u00e7\u00e3o do Brasil - Ordem dos Frades Menores - OFM","potentialAction":[{"@type":"SearchAction","target":{"@type":"EntryPoint","urlTemplate":"https:\/\/franciscanos.org.br\/noticias\/?s={search_term_string}"},"query-input":"required name=search_term_string"}],"inLanguage":"pt-BR"},{"@type":"ImageObject","inLanguage":"pt-BR","@id":"https:\/\/franciscanos.org.br\/noticias\/a-paz-de-deus-nao-se-pode-comprar-sem-cruz-nao-e-verdadeira-paz.html#primaryimage","url":"https:\/\/franciscanos.org.br\/noticias\/wp-content\/uploads\/2017\/05\/marta_160517g.jpg","contentUrl":"https:\/\/franciscanos.org.br\/noticias\/wp-content\/uploads\/2017\/05\/marta_160517g.jpg","width":273,"height":181},{"@type":"WebPage","@id":"https:\/\/franciscanos.org.br\/noticias\/a-paz-de-deus-nao-se-pode-comprar-sem-cruz-nao-e-verdadeira-paz.html#webpage","url":"https:\/\/franciscanos.org.br\/noticias\/a-paz-de-deus-nao-se-pode-comprar-sem-cruz-nao-e-verdadeira-paz.html","name":"A paz de Deus n\u00e3o se pode comprar, sem Cruz n\u00e3o \u00e9 paz - Not\u00edcias - Franciscanos","isPartOf":{"@id":"https:\/\/franciscanos.org.br\/noticias\/#website"},"primaryImageOfPage":{"@id":"https:\/\/franciscanos.org.br\/noticias\/a-paz-de-deus-nao-se-pode-comprar-sem-cruz-nao-e-verdadeira-paz.html#primaryimage"},"datePublished":"2017-05-16T12:34:26+00:00","dateModified":"2020-06-09T11:31:22+00:00","author":{"@id":"https:\/\/franciscanos.org.br\/noticias\/#\/schema\/person\/b38fbf43118f02820bd932f2e4b14ad3"},"breadcrumb":{"@id":"https:\/\/franciscanos.org.br\/noticias\/a-paz-de-deus-nao-se-pode-comprar-sem-cruz-nao-e-verdadeira-paz.html#breadcrumb"},"inLanguage":"pt-BR","potentialAction":[{"@type":"ReadAction","target":["https:\/\/franciscanos.org.br\/noticias\/a-paz-de-deus-nao-se-pode-comprar-sem-cruz-nao-e-verdadeira-paz.html"]}]},{"@type":"BreadcrumbList","@id":"https:\/\/franciscanos.org.br\/noticias\/a-paz-de-deus-nao-se-pode-comprar-sem-cruz-nao-e-verdadeira-paz.html#breadcrumb","itemListElement":[{"@type":"ListItem","position":1,"name":"Home","item":"https:\/\/franciscanos.org.br\/noticias"},{"@type":"ListItem","position":2,"name":"A paz de Deus n\u00e3o se pode comprar, sem Cruz n\u00e3o \u00e9 paz"}]},{"@type":"Person","@id":"https:\/\/franciscanos.org.br\/noticias\/#\/schema\/person\/b38fbf43118f02820bd932f2e4b14ad3","name":"admin","image":{"@type":"ImageObject","inLanguage":"pt-BR","@id":"https:\/\/franciscanos.org.br\/noticias\/#\/schema\/person\/image\/","url":"https:\/\/secure.gravatar.com\/avatar\/e8495742d34d0ba6448ea1c628263b3e?s=96&d=mm&r=g","contentUrl":"https:\/\/secure.gravatar.com\/avatar\/e8495742d34d0ba6448ea1c628263b3e?s=96&d=mm&r=g","caption":"admin"},"url":"https:\/\/franciscanos.org.br\/noticias\/author\/admin"}]}},"_links":{"self":[{"href":"https:\/\/franciscanos.org.br\/noticias\/wp-json\/wp\/v2\/posts\/133375"}],"collection":[{"href":"https:\/\/franciscanos.org.br\/noticias\/wp-json\/wp\/v2\/posts"}],"about":[{"href":"https:\/\/franciscanos.org.br\/noticias\/wp-json\/wp\/v2\/types\/post"}],"author":[{"embeddable":true,"href":"https:\/\/franciscanos.org.br\/noticias\/wp-json\/wp\/v2\/users\/1"}],"replies":[{"embeddable":true,"href":"https:\/\/franciscanos.org.br\/noticias\/wp-json\/wp\/v2\/comments?post=133375"}],"version-history":[{"count":1,"href":"https:\/\/franciscanos.org.br\/noticias\/wp-json\/wp\/v2\/posts\/133375\/revisions"}],"predecessor-version":[{"id":225349,"href":"https:\/\/franciscanos.org.br\/noticias\/wp-json\/wp\/v2\/posts\/133375\/revisions\/225349"}],"wp:featuredmedia":[{"embeddable":true,"href":"https:\/\/franciscanos.org.br\/noticias\/wp-json\/wp\/v2\/media\/198586"}],"wp:attachment":[{"href":"https:\/\/franciscanos.org.br\/noticias\/wp-json\/wp\/v2\/media?parent=133375"}],"wp:term":[{"taxonomy":"category","embeddable":true,"href":"https:\/\/franciscanos.org.br\/noticias\/wp-json\/wp\/v2\/categories?post=133375"},{"taxonomy":"post_tag","embeddable":true,"href":"https:\/\/franciscanos.org.br\/noticias\/wp-json\/wp\/v2\/tags?post=133375"}],"curies":[{"name":"wp","href":"https:\/\/api.w.org\/{rel}","templated":true}]}}