{"id":13331,"date":"2012-03-19T07:10:29","date_gmt":"2012-03-19T10:10:29","guid":{"rendered":"http:\/\/new.franciscanos.org.br\/?p=13331"},"modified":"2020-01-21T07:35:04","modified_gmt":"2020-01-21T10:35:04","slug":"jufrista-e-eleito-ministro-da-ofs","status":"publish","type":"post","link":"https:\/\/franciscanos.org.br\/noticias\/jufrista-e-eleito-ministro-da-ofs.html","title":{"rendered":"Jufrista \u00e9 eleito ministro da OFS"},"content":{"rendered":"<div id=\"attachment_13332\" style=\"width: 360px\" class=\"wp-caption alignright\"><a href=\"http:\/\/franciscanos.org.br\/wp-content\/uploads\/2012\/03\/ofs_ministro_g1903.jpg\"><img aria-describedby=\"caption-attachment-13332\" loading=\"lazy\" class=\"size-full wp-image-13332\" title=\"OFS\" src=\"http:\/\/franciscanos.org.br\/wp-content\/uploads\/2012\/03\/ofs_ministro_g1903.jpg\" alt=\"\" width=\"350\" height=\"467\" \/><\/a><p id=\"caption-attachment-13332\" class=\"wp-caption-text\">O novo ministro e a vice<\/p><\/div>\n<p>O domingo (18\/3) foi de Cap\u00edtulo Eletivo na Fraternidade Nossa Senhora Aparecida de Nil\u00f3polis (RJ), que reuniu os irm\u00e3os para escolher o novo conselho local do tri\u00eanio 2012-2015. O processo eletivo foi presidido pelo ministro regional H\u00e9lio Gouv\u00eaa e assessorado pelo irm\u00e3o C\u00edcero Lauro Duque, Coordenador do 3\u00ba Distrito, e pelo frei Jac\u00f3 Paiva de Mesquita, OFM, representando o assistente regional, Frei Fernando de Ara\u00fajo, OFM.<\/p>\n<p>Na abertura do cap\u00edtulo, Frei Jac\u00f3 leu um trecho do Testamento do Ser\u00e1fico Pai S\u00e3o Francisco e refletiu que toda a a\u00e7\u00e3o franciscana deve ser realizada em nome de Nosso Senhor Jesus Cristo, pois tal qual S\u00e3o Francisco de Assis seguimos o Santo Evangelho. Frei Jac\u00f3 disse que a voca\u00e7\u00e3o franciscana exige de cada professo uma resposta madura para a vida em fraternidade e para o servi\u00e7o aos irm\u00e3os, pois onde dois ou mais irm\u00e3os estiverem reunidos, a pessoa de Jesus se faz presente.<\/p>\n<p>Em sua fala, o ministro regional real\u00e7ou que os franciscanos seculares precisam refletir que ao assumir o compromisso de servir a fraternidade no conselho de uma fraternidade \u00e9 uma grande demonstra\u00e7\u00e3o de humildade, pois seu gesto revela o seu desejo de servir aos irm\u00e3os na fraternidade e buscar\u00e1 na medida de sua for\u00e7a e entendimento realizar o que for melhor, pois Deus ama as coisas feitas com amor e simplicidade.<\/p>\n<p>A elei\u00e7\u00e3o transcorreu em clima fraterno e seguiu as indica\u00e7\u00f5es apresentadas na pr\u00e9via realizada na reuni\u00e3o de fevereiro. Foram eleitos para o conselho local os irm\u00e3os M\u00e1rcio Bernardo Ramos (ministro); Maria Lino (vice-ministra), Rafael (secret\u00e1rio), Adelson (tesoureiro); Jo\u00e3o L\u00e9llis da Silva (formador) e Carmelita de Lourdes Castro Barreto (Servi\u00e7o aos Enfermos e Idosos).<\/p>\n<p>No ano em que a Fraternidade Nossa Senhora Aparecida comemorar\u00e1 seus 45 anos de vida fraterna, os irm\u00e3os fizeram hist\u00f3ria ao eleger o mais jovem ministro entre as fraternidades do Regional Sudeste II. O irm\u00e3o M\u00e1rcio Bernardo \u00e9 universit\u00e1rio, tem 24 anos e ingressou na Mini Jufra no ano 2000 e no final de 2002 ingressou na Fraternidade Ternura e Vigor da Jufra. O novo ministro local tamb\u00e9m \u00e9 secret\u00e1rio fraterno regional da JUFRA e um dos coordenadores da Casa Perfeita Alegria.<\/p>\n<p><a href=\"http:\/\/franciscanos.org.br\/wp-content\/uploads\/2012\/03\/ofs_ministro2_g190312.jpg\"><img loading=\"lazy\" class=\"alignleft size-full wp-image-13333\" title=\"ofs_ministro2_g190312\" src=\"http:\/\/franciscanos.org.br\/wp-content\/uploads\/2012\/03\/ofs_ministro2_g190312.jpg\" alt=\"\" width=\"400\" height=\"229\" \/><\/a>Os irm\u00e3os tamb\u00e9m agradeceram ao ministro regional pela presen\u00e7a, pois visitava a fraternidade pela primeira vez e esse era um desejo seu de poder estar mais pr\u00f3ximo das fraternidades. Em fun\u00e7\u00e3o da visita, muitos irm\u00e3os tamb\u00e9m enalteceram o trabalho vocacional realizado pelo Regional Sudeste II que tem favorecido a renova\u00e7\u00e3o de quadros e o surgimento de novas fraternidades nos estados do Rio de Janeiro e Esp\u00edrito Santo.<\/p>\n<p>O conselho eleito mescla o vigor da juventude e a experi\u00eancia de irm\u00e3os que sempre foram referenciais de dedica\u00e7\u00e3o ao carisma franciscano e de perseveran\u00e7a na vida em fraternidade. A fraternidade agradece em especial a todos os irm\u00e3os que no \u00faltimo mandato responderam ao chamado de servir ao conselho da fraternidade com humildemente e zelo pelos irm\u00e3os.<\/p>\n<p>Que o Senhor, fonte de todas as gra\u00e7as, possa recompensar a todos com muitas b\u00ean\u00e7\u00e3os e consolos espirituais. Louvemos e bendizemos ao Senhor que entre n\u00f3s faz maravilhas!<\/p>\n","protected":false},"excerpt":{"rendered":"<p>OFS Sudeste II<\/p>\n","protected":false},"author":1,"featured_media":210874,"comment_status":"closed","ping_status":"closed","sticky":false,"template":"","format":"standard","meta":[],"categories":[1],"tags":[60,196],"acf":[],"yoast_head":"<!-- This site is optimized with the Yoast SEO plugin v19.2 - https:\/\/yoast.com\/wordpress\/plugins\/seo\/ -->\n<title>Jufrista \u00e9 eleito ministro da OFS - Not\u00edcias - Franciscanos<\/title>\n<meta name=\"robots\" content=\"index, follow, max-snippet:-1, max-image-preview:large, max-video-preview:-1\" \/>\n<link rel=\"canonical\" href=\"https:\/\/franciscanos.org.br\/noticias\/jufrista-e-eleito-ministro-da-ofs.html\" \/>\n<meta property=\"og:locale\" content=\"pt_BR\" \/>\n<meta property=\"og:type\" content=\"article\" \/>\n<meta property=\"og:title\" content=\"Jufrista \u00e9 eleito ministro da OFS - Not\u00edcias - Franciscanos\" \/>\n<meta property=\"og:description\" content=\"OFS Sudeste II\" \/>\n<meta property=\"og:url\" content=\"https:\/\/franciscanos.org.br\/noticias\/jufrista-e-eleito-ministro-da-ofs.html\" \/>\n<meta property=\"og:site_name\" content=\"Not\u00edcias - Franciscanos\" \/>\n<meta property=\"article:published_time\" content=\"2012-03-19T10:10:29+00:00\" \/>\n<meta property=\"article:modified_time\" content=\"2020-01-21T10:35:04+00:00\" \/>\n<meta property=\"og:image\" content=\"https:\/\/franciscanos.org.br\/noticias\/wp-content\/uploads\/2012\/03\/ofs_ministro_g1903.jpg\" \/>\n\t<meta property=\"og:image:width\" content=\"273\" \/>\n\t<meta property=\"og:image:height\" content=\"182\" \/>\n\t<meta property=\"og:image:type\" content=\"image\/jpeg\" \/>\n<meta name=\"author\" content=\"admin\" \/>\n<meta name=\"twitter:card\" content=\"summary_large_image\" \/>\n<meta name=\"twitter:label1\" content=\"Escrito por\" \/>\n\t<meta name=\"twitter:data1\" content=\"admin\" \/>\n\t<meta name=\"twitter:label2\" content=\"Est. tempo de leitura\" \/>\n\t<meta name=\"twitter:data2\" content=\"3 minutos\" \/>\n<script type=\"application\/ld+json\" class=\"yoast-schema-graph\">{\"@context\":\"https:\/\/schema.org\",\"@graph\":[{\"@type\":\"WebSite\",\"@id\":\"https:\/\/franciscanos.org.br\/noticias\/#website\",\"url\":\"https:\/\/franciscanos.org.br\/noticias\/\",\"name\":\"Not\u00edcias - Franciscanos\",\"description\":\"Prov\u00edncia Franciscana da Imaculada Concei\u00e7\u00e3o do Brasil - Ordem dos Frades Menores - OFM\",\"potentialAction\":[{\"@type\":\"SearchAction\",\"target\":{\"@type\":\"EntryPoint\",\"urlTemplate\":\"https:\/\/franciscanos.org.br\/noticias\/?s={search_term_string}\"},\"query-input\":\"required name=search_term_string\"}],\"inLanguage\":\"pt-BR\"},{\"@type\":\"ImageObject\",\"inLanguage\":\"pt-BR\",\"@id\":\"https:\/\/franciscanos.org.br\/noticias\/jufrista-e-eleito-ministro-da-ofs.html#primaryimage\",\"url\":\"https:\/\/franciscanos.org.br\/noticias\/wp-content\/uploads\/2012\/03\/ofs_ministro_g1903.jpg\",\"contentUrl\":\"https:\/\/franciscanos.org.br\/noticias\/wp-content\/uploads\/2012\/03\/ofs_ministro_g1903.jpg\",\"width\":273,\"height\":182},{\"@type\":\"WebPage\",\"@id\":\"https:\/\/franciscanos.org.br\/noticias\/jufrista-e-eleito-ministro-da-ofs.html#webpage\",\"url\":\"https:\/\/franciscanos.org.br\/noticias\/jufrista-e-eleito-ministro-da-ofs.html\",\"name\":\"Jufrista \u00e9 eleito ministro da OFS - Not\u00edcias - Franciscanos\",\"isPartOf\":{\"@id\":\"https:\/\/franciscanos.org.br\/noticias\/#website\"},\"primaryImageOfPage\":{\"@id\":\"https:\/\/franciscanos.org.br\/noticias\/jufrista-e-eleito-ministro-da-ofs.html#primaryimage\"},\"datePublished\":\"2012-03-19T10:10:29+00:00\",\"dateModified\":\"2020-01-21T10:35:04+00:00\",\"author\":{\"@id\":\"https:\/\/franciscanos.org.br\/noticias\/#\/schema\/person\/b38fbf43118f02820bd932f2e4b14ad3\"},\"breadcrumb\":{\"@id\":\"https:\/\/franciscanos.org.br\/noticias\/jufrista-e-eleito-ministro-da-ofs.html#breadcrumb\"},\"inLanguage\":\"pt-BR\",\"potentialAction\":[{\"@type\":\"ReadAction\",\"target\":[\"https:\/\/franciscanos.org.br\/noticias\/jufrista-e-eleito-ministro-da-ofs.html\"]}]},{\"@type\":\"BreadcrumbList\",\"@id\":\"https:\/\/franciscanos.org.br\/noticias\/jufrista-e-eleito-ministro-da-ofs.html#breadcrumb\",\"itemListElement\":[{\"@type\":\"ListItem\",\"position\":1,\"name\":\"Home\",\"item\":\"https:\/\/franciscanos.org.br\/noticias\"},{\"@type\":\"ListItem\",\"position\":2,\"name\":\"Jufrista \u00e9 eleito ministro da OFS\"}]},{\"@type\":\"Person\",\"@id\":\"https:\/\/franciscanos.org.br\/noticias\/#\/schema\/person\/b38fbf43118f02820bd932f2e4b14ad3\",\"name\":\"admin\",\"image\":{\"@type\":\"ImageObject\",\"inLanguage\":\"pt-BR\",\"@id\":\"https:\/\/franciscanos.org.br\/noticias\/#\/schema\/person\/image\/\",\"url\":\"https:\/\/secure.gravatar.com\/avatar\/e8495742d34d0ba6448ea1c628263b3e?s=96&d=mm&r=g\",\"contentUrl\":\"https:\/\/secure.gravatar.com\/avatar\/e8495742d34d0ba6448ea1c628263b3e?s=96&d=mm&r=g\",\"caption\":\"admin\"},\"url\":\"https:\/\/franciscanos.org.br\/noticias\/author\/admin\"}]}<\/script>\n<!-- \/ Yoast SEO plugin. -->","yoast_head_json":{"title":"Jufrista \u00e9 eleito ministro da OFS - Not\u00edcias - Franciscanos","robots":{"index":"index","follow":"follow","max-snippet":"max-snippet:-1","max-image-preview":"max-image-preview:large","max-video-preview":"max-video-preview:-1"},"canonical":"https:\/\/franciscanos.org.br\/noticias\/jufrista-e-eleito-ministro-da-ofs.html","og_locale":"pt_BR","og_type":"article","og_title":"Jufrista \u00e9 eleito ministro da OFS - Not\u00edcias - Franciscanos","og_description":"OFS Sudeste II","og_url":"https:\/\/franciscanos.org.br\/noticias\/jufrista-e-eleito-ministro-da-ofs.html","og_site_name":"Not\u00edcias - Franciscanos","article_published_time":"2012-03-19T10:10:29+00:00","article_modified_time":"2020-01-21T10:35:04+00:00","og_image":[{"width":273,"height":182,"url":"https:\/\/franciscanos.org.br\/noticias\/wp-content\/uploads\/2012\/03\/ofs_ministro_g1903.jpg","type":"image\/jpeg"}],"author":"admin","twitter_card":"summary_large_image","twitter_misc":{"Escrito por":"admin","Est. tempo de leitura":"3 minutos"},"schema":{"@context":"https:\/\/schema.org","@graph":[{"@type":"WebSite","@id":"https:\/\/franciscanos.org.br\/noticias\/#website","url":"https:\/\/franciscanos.org.br\/noticias\/","name":"Not\u00edcias - Franciscanos","description":"Prov\u00edncia Franciscana da Imaculada Concei\u00e7\u00e3o do Brasil - Ordem dos Frades Menores - OFM","potentialAction":[{"@type":"SearchAction","target":{"@type":"EntryPoint","urlTemplate":"https:\/\/franciscanos.org.br\/noticias\/?s={search_term_string}"},"query-input":"required name=search_term_string"}],"inLanguage":"pt-BR"},{"@type":"ImageObject","inLanguage":"pt-BR","@id":"https:\/\/franciscanos.org.br\/noticias\/jufrista-e-eleito-ministro-da-ofs.html#primaryimage","url":"https:\/\/franciscanos.org.br\/noticias\/wp-content\/uploads\/2012\/03\/ofs_ministro_g1903.jpg","contentUrl":"https:\/\/franciscanos.org.br\/noticias\/wp-content\/uploads\/2012\/03\/ofs_ministro_g1903.jpg","width":273,"height":182},{"@type":"WebPage","@id":"https:\/\/franciscanos.org.br\/noticias\/jufrista-e-eleito-ministro-da-ofs.html#webpage","url":"https:\/\/franciscanos.org.br\/noticias\/jufrista-e-eleito-ministro-da-ofs.html","name":"Jufrista \u00e9 eleito ministro da OFS - Not\u00edcias - Franciscanos","isPartOf":{"@id":"https:\/\/franciscanos.org.br\/noticias\/#website"},"primaryImageOfPage":{"@id":"https:\/\/franciscanos.org.br\/noticias\/jufrista-e-eleito-ministro-da-ofs.html#primaryimage"},"datePublished":"2012-03-19T10:10:29+00:00","dateModified":"2020-01-21T10:35:04+00:00","author":{"@id":"https:\/\/franciscanos.org.br\/noticias\/#\/schema\/person\/b38fbf43118f02820bd932f2e4b14ad3"},"breadcrumb":{"@id":"https:\/\/franciscanos.org.br\/noticias\/jufrista-e-eleito-ministro-da-ofs.html#breadcrumb"},"inLanguage":"pt-BR","potentialAction":[{"@type":"ReadAction","target":["https:\/\/franciscanos.org.br\/noticias\/jufrista-e-eleito-ministro-da-ofs.html"]}]},{"@type":"BreadcrumbList","@id":"https:\/\/franciscanos.org.br\/noticias\/jufrista-e-eleito-ministro-da-ofs.html#breadcrumb","itemListElement":[{"@type":"ListItem","position":1,"name":"Home","item":"https:\/\/franciscanos.org.br\/noticias"},{"@type":"ListItem","position":2,"name":"Jufrista \u00e9 eleito ministro da OFS"}]},{"@type":"Person","@id":"https:\/\/franciscanos.org.br\/noticias\/#\/schema\/person\/b38fbf43118f02820bd932f2e4b14ad3","name":"admin","image":{"@type":"ImageObject","inLanguage":"pt-BR","@id":"https:\/\/franciscanos.org.br\/noticias\/#\/schema\/person\/image\/","url":"https:\/\/secure.gravatar.com\/avatar\/e8495742d34d0ba6448ea1c628263b3e?s=96&d=mm&r=g","contentUrl":"https:\/\/secure.gravatar.com\/avatar\/e8495742d34d0ba6448ea1c628263b3e?s=96&d=mm&r=g","caption":"admin"},"url":"https:\/\/franciscanos.org.br\/noticias\/author\/admin"}]}},"_links":{"self":[{"href":"https:\/\/franciscanos.org.br\/noticias\/wp-json\/wp\/v2\/posts\/13331"}],"collection":[{"href":"https:\/\/franciscanos.org.br\/noticias\/wp-json\/wp\/v2\/posts"}],"about":[{"href":"https:\/\/franciscanos.org.br\/noticias\/wp-json\/wp\/v2\/types\/post"}],"author":[{"embeddable":true,"href":"https:\/\/franciscanos.org.br\/noticias\/wp-json\/wp\/v2\/users\/1"}],"replies":[{"embeddable":true,"href":"https:\/\/franciscanos.org.br\/noticias\/wp-json\/wp\/v2\/comments?post=13331"}],"version-history":[{"count":0,"href":"https:\/\/franciscanos.org.br\/noticias\/wp-json\/wp\/v2\/posts\/13331\/revisions"}],"wp:featuredmedia":[{"embeddable":true,"href":"https:\/\/franciscanos.org.br\/noticias\/wp-json\/wp\/v2\/media\/210874"}],"wp:attachment":[{"href":"https:\/\/franciscanos.org.br\/noticias\/wp-json\/wp\/v2\/media?parent=13331"}],"wp:term":[{"taxonomy":"category","embeddable":true,"href":"https:\/\/franciscanos.org.br\/noticias\/wp-json\/wp\/v2\/categories?post=13331"},{"taxonomy":"post_tag","embeddable":true,"href":"https:\/\/franciscanos.org.br\/noticias\/wp-json\/wp\/v2\/tags?post=13331"}],"curies":[{"name":"wp","href":"https:\/\/api.w.org\/{rel}","templated":true}]}}