{"id":133243,"date":"2017-05-09T12:09:15","date_gmt":"2017-05-09T15:09:15","guid":{"rendered":"http:\/\/franciscanos.org.br\/?p=133243"},"modified":"2019-01-31T09:37:28","modified_gmt":"2019-01-31T11:37:28","slug":"fraternidade-sao-sebastiao-comemora-157-anos-com-festa","status":"publish","type":"post","link":"https:\/\/franciscanos.org.br\/noticias\/fraternidade-sao-sebastiao-comemora-157-anos-com-festa.html","title":{"rendered":"Fraternidade S\u00e3o Sebasti\u00e3o comemora 157 anos com festa"},"content":{"rendered":"<p><img loading=\"lazy\" class=\"aligncenter\" src=\"http:\/\/franciscanos.org.br\/wp-content\/uploads\/2017\/05\/ofs_120517.jpg\" alt=\"ofs_120517\" width=\"830\" height=\"400\" \/><\/p>\n<p><strong>Rio de Janeiro (RJ) &#8211;<\/strong> A manh\u00e3 do domingo (7) foi de muita festa na Tijuca, Zona Norte do Rio, com a comemora\u00e7\u00e3o dos 157 anos de funda\u00e7\u00e3o da Fraternidade Franciscana Secular S\u00e3o Sebasti\u00e3o, vinculada \u00e0 Ordem Franciscana Secular do Brasil (OFS).<\/p>\n<p>A programa\u00e7\u00e3o festiva teve in\u00edcio com a celebra\u00e7\u00e3o da solene missa presidida pelo frei Regivaldo Silva do Nascimento, que em sua homilia ressaltou a que a figura do Bom Pastor apresentada na par\u00e1bola hom\u00f4nima deve servir de modelo para os que abra\u00e7am a voca\u00e7\u00e3o religiosa e sacerdotal: &#8220;O Bom Pastor tem &#8216;cheiro de ovelha&#8217;, pois est\u00e1 sempre junto delas e elas conhecem a sua voz e o seguem. Jesus \u00e9 o modelo do Bom Pastor e pe\u00e7amos em nossas ora\u00e7\u00f5es dignos pastores que zelem pelo rebanho e d\u00ea sua vida por elas&#8221; &#8211; afirmou.<\/p>\n<p>Ap\u00f3s a celebra\u00e7\u00e3o, a fraternidade comemorou seu anivers\u00e1rio com alegria e singeleza de cora\u00e7\u00e3o com uma festa que reuniu irm\u00e3os da fraternidade e de fraternidades do Regional Sudeste II. O evento contou ainda com a visita fraterna do ministro regional, Marcos Antonio Dias Rodrigues, do coordenador do 1.\u00ba Distrito, Moacir N\u00f3brega, do frei Francisco Ant\u00f4nio da Silva, assistente espiritual regional pela Ordem dos Frades Menores Conventuais, e do frei Fl\u00e1vio Garcia Mendon\u00e7a, assistente espiritual da Fraternidade S\u00e3o Sebasti\u00e3o.<\/p>\n<p>Para Walter Nogueira Alves, ministro da fraternidade, celebrar os 157 anos de vida fraterna \u00e9 motivo de alegria e gra\u00e7a pela oportunidade de sentir o frescor e o vigor do carisma franciscano secular.<\/p>\n<p>&#8220;\u00c9 uma gra\u00e7a poder servir aos irm\u00e3os e fazer parte da hist\u00f3ria de uma fraternidade que presenciou tantos momentos hist\u00f3ricos e que faz parte da hist\u00f3ria da Cidade do Rio de Janeiro. Apesar dos 157 ainda somos capazes de sentir o frescor e o vigor do carisma franciscano secular em nossa vida cotidiana. Que S\u00e3o Sebasti\u00e3o, Francisco e Clara de Assis sejam para todos n\u00f3s modelos no seguimento do Santo Evangelho&#8221;, declarou.<\/p>\n<p>Os interessados em conhecer a Fraternidade S\u00e3o Sebasti\u00e3o poder\u00e3o faz\u00ea-lo na reuni\u00e3o mensal realizada sempre no primeiro domingo do m\u00eas, ap\u00f3s a missa das 8h30, no sal\u00e3o paroquial. O santu\u00e1rio fica na Rua Hadock Lobo, 266, Tijuca, Rio de Janeiro. Informa\u00e7\u00f5es sobre a fraternidade podem ser obtidas com o ministro local, Walter Alves, pelo telefone (21) 994297385.<\/p>\n<p><strong>Conhe\u00e7a a Ordem Franciscana Secular<\/strong><\/p>\n<p>A Ordem dos Frades Menores (OFM), nasceu em 1210, e a Ordem das Damas Pobre, hoje denominada Ordem de Santa Clara ou simplesmente &#8220;Ordem das Clarissas&#8221;, em 1212. Foi tamb\u00e9m nessa \u00e9poca que nasceu a Ordem Franciscana Secular (OFS), tendo como ideal viver o Santo Evangelho em todos os lugares onde se encontravam. Homens e mulheres, casados e solteiros, em meio \u00e0s fam\u00edlias, buscando seguir o mesmo ideal que tanto atraiu Francisco de Assis, em 1221 Luqu\u00e9sio e Buonadona s\u00e3o considerados os primeiros franciscanos seculares, pois segundo a tradi\u00e7\u00e3o, esse foi o primeiro casal que S\u00e3o Francisco aceitou na Ordem Terceira ou &#8220;terceiros&#8221;, como os franciscanos seculares eram conhecidos na \u00e9poca.<\/p>\n<p>Hoje, mais do que nunca, os Franciscanos Seculares sentem-se comprometidos a viver o Evangelho no cotidano e em todas as circunst\u00e2ncias da vida, segundo a pr\u00f3pria voca\u00e7\u00e3o e os dons recebidos. A OFS apresenta-se como uma experi\u00eancia de vida crist\u00e3, partilhada por mulheres e homens sem discrimina\u00e7\u00e3o, sendo hoje um verdadeiro ex\u00e9rcito franciscano de Deus espalhado por todo o mundo.<\/p>\n<p>&#8220;A Ordem Franciscana Secular \u00e9 a mais antiga forma de organiza\u00e7\u00e3o de Leigos que, guiados pela Igreja, unidos em fraternidade e inspirando-se no ideal de S\u00e3o Francisco de Assis, se empenham em testemunhar com a vida o Evangelho de Nosso Senhor Jesus Cristo e se dedicam ao apostolado no estado laical&#8221; (S\u00e3o Jo\u00e3o Paulo II).<\/p>\n<p><em>Claudio Santos, especial para este site.<\/em><\/p>\n","protected":false},"excerpt":{"rendered":"<p>OFS<\/p>\n","protected":false},"author":1,"featured_media":198670,"comment_status":"open","ping_status":"open","sticky":false,"template":"","format":"standard","meta":[],"categories":[1],"tags":[60],"acf":[],"yoast_head":"<!-- This site is optimized with the Yoast SEO plugin v19.2 - https:\/\/yoast.com\/wordpress\/plugins\/seo\/ -->\n<title>Fraternidade S\u00e3o Sebasti\u00e3o comemora 157 anos com festa - Not\u00edcias - Franciscanos<\/title>\n<meta name=\"robots\" content=\"index, follow, max-snippet:-1, max-image-preview:large, max-video-preview:-1\" \/>\n<link rel=\"canonical\" href=\"https:\/\/franciscanos.org.br\/noticias\/fraternidade-sao-sebastiao-comemora-157-anos-com-festa.html\" \/>\n<meta property=\"og:locale\" content=\"pt_BR\" \/>\n<meta property=\"og:type\" content=\"article\" \/>\n<meta property=\"og:title\" content=\"Fraternidade S\u00e3o Sebasti\u00e3o comemora 157 anos com festa - Not\u00edcias - Franciscanos\" \/>\n<meta property=\"og:description\" content=\"OFS\" \/>\n<meta property=\"og:url\" content=\"https:\/\/franciscanos.org.br\/noticias\/fraternidade-sao-sebastiao-comemora-157-anos-com-festa.html\" \/>\n<meta property=\"og:site_name\" content=\"Not\u00edcias - Franciscanos\" \/>\n<meta property=\"article:published_time\" content=\"2017-05-09T15:09:15+00:00\" \/>\n<meta property=\"article:modified_time\" content=\"2019-01-31T11:37:28+00:00\" \/>\n<meta property=\"og:image\" content=\"https:\/\/franciscanos.org.br\/noticias\/wp-content\/uploads\/2017\/05\/ofs_120517.jpg\" \/>\n\t<meta property=\"og:image:width\" content=\"273\" \/>\n\t<meta property=\"og:image:height\" content=\"181\" \/>\n\t<meta property=\"og:image:type\" content=\"image\/jpeg\" \/>\n<meta name=\"author\" content=\"admin\" \/>\n<meta name=\"twitter:card\" content=\"summary_large_image\" \/>\n<meta name=\"twitter:label1\" content=\"Escrito por\" \/>\n\t<meta name=\"twitter:data1\" content=\"admin\" \/>\n\t<meta name=\"twitter:label2\" content=\"Est. tempo de leitura\" \/>\n\t<meta name=\"twitter:data2\" content=\"3 minutos\" \/>\n<script type=\"application\/ld+json\" class=\"yoast-schema-graph\">{\"@context\":\"https:\/\/schema.org\",\"@graph\":[{\"@type\":\"WebSite\",\"@id\":\"https:\/\/franciscanos.org.br\/noticias\/#website\",\"url\":\"https:\/\/franciscanos.org.br\/noticias\/\",\"name\":\"Not\u00edcias - Franciscanos\",\"description\":\"Prov\u00edncia Franciscana da Imaculada Concei\u00e7\u00e3o do Brasil - Ordem dos Frades Menores - OFM\",\"potentialAction\":[{\"@type\":\"SearchAction\",\"target\":{\"@type\":\"EntryPoint\",\"urlTemplate\":\"https:\/\/franciscanos.org.br\/noticias\/?s={search_term_string}\"},\"query-input\":\"required name=search_term_string\"}],\"inLanguage\":\"pt-BR\"},{\"@type\":\"ImageObject\",\"inLanguage\":\"pt-BR\",\"@id\":\"https:\/\/franciscanos.org.br\/noticias\/fraternidade-sao-sebastiao-comemora-157-anos-com-festa.html#primaryimage\",\"url\":\"https:\/\/franciscanos.org.br\/noticias\/wp-content\/uploads\/2017\/05\/ofs_120517.jpg\",\"contentUrl\":\"https:\/\/franciscanos.org.br\/noticias\/wp-content\/uploads\/2017\/05\/ofs_120517.jpg\",\"width\":273,\"height\":181},{\"@type\":\"WebPage\",\"@id\":\"https:\/\/franciscanos.org.br\/noticias\/fraternidade-sao-sebastiao-comemora-157-anos-com-festa.html#webpage\",\"url\":\"https:\/\/franciscanos.org.br\/noticias\/fraternidade-sao-sebastiao-comemora-157-anos-com-festa.html\",\"name\":\"Fraternidade S\u00e3o Sebasti\u00e3o comemora 157 anos com festa - Not\u00edcias - Franciscanos\",\"isPartOf\":{\"@id\":\"https:\/\/franciscanos.org.br\/noticias\/#website\"},\"primaryImageOfPage\":{\"@id\":\"https:\/\/franciscanos.org.br\/noticias\/fraternidade-sao-sebastiao-comemora-157-anos-com-festa.html#primaryimage\"},\"datePublished\":\"2017-05-09T15:09:15+00:00\",\"dateModified\":\"2019-01-31T11:37:28+00:00\",\"author\":{\"@id\":\"https:\/\/franciscanos.org.br\/noticias\/#\/schema\/person\/b38fbf43118f02820bd932f2e4b14ad3\"},\"breadcrumb\":{\"@id\":\"https:\/\/franciscanos.org.br\/noticias\/fraternidade-sao-sebastiao-comemora-157-anos-com-festa.html#breadcrumb\"},\"inLanguage\":\"pt-BR\",\"potentialAction\":[{\"@type\":\"ReadAction\",\"target\":[\"https:\/\/franciscanos.org.br\/noticias\/fraternidade-sao-sebastiao-comemora-157-anos-com-festa.html\"]}]},{\"@type\":\"BreadcrumbList\",\"@id\":\"https:\/\/franciscanos.org.br\/noticias\/fraternidade-sao-sebastiao-comemora-157-anos-com-festa.html#breadcrumb\",\"itemListElement\":[{\"@type\":\"ListItem\",\"position\":1,\"name\":\"Home\",\"item\":\"https:\/\/franciscanos.org.br\/noticias\"},{\"@type\":\"ListItem\",\"position\":2,\"name\":\"Fraternidade S\u00e3o Sebasti\u00e3o comemora 157 anos com festa\"}]},{\"@type\":\"Person\",\"@id\":\"https:\/\/franciscanos.org.br\/noticias\/#\/schema\/person\/b38fbf43118f02820bd932f2e4b14ad3\",\"name\":\"admin\",\"image\":{\"@type\":\"ImageObject\",\"inLanguage\":\"pt-BR\",\"@id\":\"https:\/\/franciscanos.org.br\/noticias\/#\/schema\/person\/image\/\",\"url\":\"https:\/\/secure.gravatar.com\/avatar\/e8495742d34d0ba6448ea1c628263b3e?s=96&d=mm&r=g\",\"contentUrl\":\"https:\/\/secure.gravatar.com\/avatar\/e8495742d34d0ba6448ea1c628263b3e?s=96&d=mm&r=g\",\"caption\":\"admin\"},\"url\":\"https:\/\/franciscanos.org.br\/noticias\/author\/admin\"}]}<\/script>\n<!-- \/ Yoast SEO plugin. -->","yoast_head_json":{"title":"Fraternidade S\u00e3o Sebasti\u00e3o comemora 157 anos com festa - Not\u00edcias - Franciscanos","robots":{"index":"index","follow":"follow","max-snippet":"max-snippet:-1","max-image-preview":"max-image-preview:large","max-video-preview":"max-video-preview:-1"},"canonical":"https:\/\/franciscanos.org.br\/noticias\/fraternidade-sao-sebastiao-comemora-157-anos-com-festa.html","og_locale":"pt_BR","og_type":"article","og_title":"Fraternidade S\u00e3o Sebasti\u00e3o comemora 157 anos com festa - Not\u00edcias - Franciscanos","og_description":"OFS","og_url":"https:\/\/franciscanos.org.br\/noticias\/fraternidade-sao-sebastiao-comemora-157-anos-com-festa.html","og_site_name":"Not\u00edcias - Franciscanos","article_published_time":"2017-05-09T15:09:15+00:00","article_modified_time":"2019-01-31T11:37:28+00:00","og_image":[{"width":273,"height":181,"url":"https:\/\/franciscanos.org.br\/noticias\/wp-content\/uploads\/2017\/05\/ofs_120517.jpg","type":"image\/jpeg"}],"author":"admin","twitter_card":"summary_large_image","twitter_misc":{"Escrito por":"admin","Est. tempo de leitura":"3 minutos"},"schema":{"@context":"https:\/\/schema.org","@graph":[{"@type":"WebSite","@id":"https:\/\/franciscanos.org.br\/noticias\/#website","url":"https:\/\/franciscanos.org.br\/noticias\/","name":"Not\u00edcias - Franciscanos","description":"Prov\u00edncia Franciscana da Imaculada Concei\u00e7\u00e3o do Brasil - Ordem dos Frades Menores - OFM","potentialAction":[{"@type":"SearchAction","target":{"@type":"EntryPoint","urlTemplate":"https:\/\/franciscanos.org.br\/noticias\/?s={search_term_string}"},"query-input":"required name=search_term_string"}],"inLanguage":"pt-BR"},{"@type":"ImageObject","inLanguage":"pt-BR","@id":"https:\/\/franciscanos.org.br\/noticias\/fraternidade-sao-sebastiao-comemora-157-anos-com-festa.html#primaryimage","url":"https:\/\/franciscanos.org.br\/noticias\/wp-content\/uploads\/2017\/05\/ofs_120517.jpg","contentUrl":"https:\/\/franciscanos.org.br\/noticias\/wp-content\/uploads\/2017\/05\/ofs_120517.jpg","width":273,"height":181},{"@type":"WebPage","@id":"https:\/\/franciscanos.org.br\/noticias\/fraternidade-sao-sebastiao-comemora-157-anos-com-festa.html#webpage","url":"https:\/\/franciscanos.org.br\/noticias\/fraternidade-sao-sebastiao-comemora-157-anos-com-festa.html","name":"Fraternidade S\u00e3o Sebasti\u00e3o comemora 157 anos com festa - Not\u00edcias - Franciscanos","isPartOf":{"@id":"https:\/\/franciscanos.org.br\/noticias\/#website"},"primaryImageOfPage":{"@id":"https:\/\/franciscanos.org.br\/noticias\/fraternidade-sao-sebastiao-comemora-157-anos-com-festa.html#primaryimage"},"datePublished":"2017-05-09T15:09:15+00:00","dateModified":"2019-01-31T11:37:28+00:00","author":{"@id":"https:\/\/franciscanos.org.br\/noticias\/#\/schema\/person\/b38fbf43118f02820bd932f2e4b14ad3"},"breadcrumb":{"@id":"https:\/\/franciscanos.org.br\/noticias\/fraternidade-sao-sebastiao-comemora-157-anos-com-festa.html#breadcrumb"},"inLanguage":"pt-BR","potentialAction":[{"@type":"ReadAction","target":["https:\/\/franciscanos.org.br\/noticias\/fraternidade-sao-sebastiao-comemora-157-anos-com-festa.html"]}]},{"@type":"BreadcrumbList","@id":"https:\/\/franciscanos.org.br\/noticias\/fraternidade-sao-sebastiao-comemora-157-anos-com-festa.html#breadcrumb","itemListElement":[{"@type":"ListItem","position":1,"name":"Home","item":"https:\/\/franciscanos.org.br\/noticias"},{"@type":"ListItem","position":2,"name":"Fraternidade S\u00e3o Sebasti\u00e3o comemora 157 anos com festa"}]},{"@type":"Person","@id":"https:\/\/franciscanos.org.br\/noticias\/#\/schema\/person\/b38fbf43118f02820bd932f2e4b14ad3","name":"admin","image":{"@type":"ImageObject","inLanguage":"pt-BR","@id":"https:\/\/franciscanos.org.br\/noticias\/#\/schema\/person\/image\/","url":"https:\/\/secure.gravatar.com\/avatar\/e8495742d34d0ba6448ea1c628263b3e?s=96&d=mm&r=g","contentUrl":"https:\/\/secure.gravatar.com\/avatar\/e8495742d34d0ba6448ea1c628263b3e?s=96&d=mm&r=g","caption":"admin"},"url":"https:\/\/franciscanos.org.br\/noticias\/author\/admin"}]}},"_links":{"self":[{"href":"https:\/\/franciscanos.org.br\/noticias\/wp-json\/wp\/v2\/posts\/133243"}],"collection":[{"href":"https:\/\/franciscanos.org.br\/noticias\/wp-json\/wp\/v2\/posts"}],"about":[{"href":"https:\/\/franciscanos.org.br\/noticias\/wp-json\/wp\/v2\/types\/post"}],"author":[{"embeddable":true,"href":"https:\/\/franciscanos.org.br\/noticias\/wp-json\/wp\/v2\/users\/1"}],"replies":[{"embeddable":true,"href":"https:\/\/franciscanos.org.br\/noticias\/wp-json\/wp\/v2\/comments?post=133243"}],"version-history":[{"count":0,"href":"https:\/\/franciscanos.org.br\/noticias\/wp-json\/wp\/v2\/posts\/133243\/revisions"}],"wp:featuredmedia":[{"embeddable":true,"href":"https:\/\/franciscanos.org.br\/noticias\/wp-json\/wp\/v2\/media\/198670"}],"wp:attachment":[{"href":"https:\/\/franciscanos.org.br\/noticias\/wp-json\/wp\/v2\/media?parent=133243"}],"wp:term":[{"taxonomy":"category","embeddable":true,"href":"https:\/\/franciscanos.org.br\/noticias\/wp-json\/wp\/v2\/categories?post=133243"},{"taxonomy":"post_tag","embeddable":true,"href":"https:\/\/franciscanos.org.br\/noticias\/wp-json\/wp\/v2\/tags?post=133243"}],"curies":[{"name":"wp","href":"https:\/\/api.w.org\/{rel}","templated":true}]}}