{"id":133172,"date":"2017-05-11T14:42:18","date_gmt":"2017-05-11T17:42:18","guid":{"rendered":"http:\/\/franciscanos.org.br\/?p=133172"},"modified":"2021-07-05T20:04:31","modified_gmt":"2021-07-05T23:04:31","slug":"canarinhos-se-apresentam-na-catedral-sao-joao-batista","status":"publish","type":"post","link":"https:\/\/franciscanos.org.br\/noticias\/canarinhos-se-apresentam-na-catedral-sao-joao-batista.html","title":{"rendered":"Canarinhos se apresentam em Nova Friburgo"},"content":{"rendered":"<p><img loading=\"lazy\" class=\"alignleft\" src=\"http:\/\/franciscanos.org.br\/wp-content\/uploads\/2017\/05\/canarinhos_110517.jpg\" alt=\"canarinhos_110517\" width=\"830\" height=\"360\" \/><strong>Petr\u00f3polis (RJ) &#8211;<\/strong> Dia 13 de maio, dia de Nossa Senhora de F\u00e1tima, ter\u00e1 uma comemora\u00e7\u00e3o especial em Nova Friburgo. O Coral dos Canarinhos de Petr\u00f3polis, coro de meninos mais antigo do Brasil, far\u00e1 uma apresenta\u00e7\u00e3o na Catedral Diocesana S\u00e3o Jo\u00e3o Batista a partir das 17h. O evento faz parte das celebra\u00e7\u00f5es do Ano Mariano, institu\u00eddo pelo Papa Francisco. A entrada \u00e9 gratuita.<\/p>\n<p>Diversas comunidades paroquiais realizar\u00e3o solenidades comemorativas. Na Catedral S\u00e3o Jo\u00e3o Batista, al\u00e9m do concerto com o grupo vocal, haver\u00e1 tamb\u00e9m uma missa solene \u00e0s 15h. Os festejos s\u00e3o realizados pela Diocese de Nova Friburgo. O Ano Mariano marca o centen\u00e1rio das apari\u00e7\u00f5es de Nossa Senhora de F\u00e1tima em Portugal. Al\u00e9m disso, tamb\u00e9m s\u00e3o lembrados os 300 anos da apari\u00e7\u00e3o da imagem de Nossa Senhora Aparecida no Rio Para\u00edba do Sul, localizado no interior de S\u00e3o Paulo.<\/p>\n<p>\u201cFaz algum tempo que os Canarinhos n\u00e3o se apresentam em Nova Friburgo ent\u00e3o para n\u00f3s \u00e9 motivo de muita alegria retornar \u00e0 cidade, sobretudo para um evento t\u00e3o especial como esse. Esperamos todo p\u00fablico friburguense para essa tarde especial\u201d, convidou o maestro do Coral dos Canarinhos, Marco Aur\u00e9lio Lischt.<\/p>\n<p>No programa da apresenta\u00e7\u00e3o, est\u00e3o obras como \u201cAve Maria\u201d, de Heitor Villa-Lobos, \u201cLaudate Dominum\u201d, de W. A. Mozart, \u201cLook at the world\u201d, de John Rutter, e \u201cHallelujah\u201d, de G.F. Haendel.<\/p>\n<p><strong>Sobre o coro<\/strong><\/p>\n<p>Criado em 1942, o Coral dos Canarinhos \u00e9 o coro de meninos mais tradicional do Brasil, em uma trajet\u00f3ria marcada pelo pioneirismo. O grupo vocal realizou milhares de apresenta\u00e7\u00f5es e possui em sua discografia 18 Cds. Cerca de tr\u00eas mil vozes j\u00e1 passaram pelo coral, marcando a hist\u00f3ria da m\u00fasica sacra brasileira.<\/p>\n<p>Entre os memor\u00e1veis concertos, est\u00e3o as tr\u00eas apresenta\u00e7\u00f5es em cerim\u00f4nias presididas pelo Papa Jo\u00e3o Paulo II; a participa\u00e7\u00e3o no projeto Aquarius na praia de Copacabana com a Orquestra Petrobras Sinf\u00f4nica e a Orquestra Sinf\u00f4nica de Porto Alegre; e o concerto no projeto +Crian\u00e7a na Rio +20. Em 2014 e 2015, apresentaram-se ao lado da Orquestra Petrobras Sinf\u00f4nica no Theatro Municipal do Rio de Janeiro. No programa de umas das apresenta\u00e7\u00f5es, estava um dos maiores cl\u00e1ssicos da m\u00fasica erudita: \u201cO Messias\u201d, de H\u00e4ndel.<\/p>\n<p>O Coral dos Canarinhos j\u00e1 realizou apresenta\u00e7\u00f5es em diferentes regi\u00f5es do Brasil, al\u00e9m de concertos na Alemanha, It\u00e1lia, Venezuela, Estados Unidos e Argentina.<br \/>\nMais informa\u00e7\u00f5es sobre as atividades do IMCP podem ser consultadas pelo site <a href=\"http:\/\/canarinhos.com.br\" target=\"_blank\" rel=\"noopener noreferrer\"><strong>http:\/\/canarinhos.com.br<\/strong><\/a>, pelo Facebook <a href=\"http:\/\/fb.com\/canarinhosdepetropolis\" target=\"_blank\" rel=\"noopener noreferrer\"><strong>http:\/\/fb.com\/canarinhosdepetropolis<\/strong><\/a> ou pelo telefone<strong> (24) 2104-4141<\/strong>.<\/p>\n<p>O Instituto dos Meninos Cantores de Petr\u00f3polis fica na Rua Santos Dumont, 355, no Centro Hist\u00f3rico.<\/p>\n","protected":false},"excerpt":{"rendered":"<p>Petr\u00f3polis<\/p>\n","protected":false},"author":1,"featured_media":198605,"comment_status":"open","ping_status":"open","sticky":false,"template":"","format":"standard","meta":[],"categories":[1],"tags":[1378],"acf":[],"yoast_head":"<!-- This site is optimized with the Yoast SEO plugin v19.2 - https:\/\/yoast.com\/wordpress\/plugins\/seo\/ -->\n<title>Canarinhos se apresentam em Nova Friburgo - Not\u00edcias - Franciscanos<\/title>\n<meta name=\"robots\" content=\"index, follow, max-snippet:-1, max-image-preview:large, max-video-preview:-1\" \/>\n<link rel=\"canonical\" href=\"https:\/\/franciscanos.org.br\/noticias\/canarinhos-se-apresentam-na-catedral-sao-joao-batista.html\" \/>\n<meta property=\"og:locale\" content=\"pt_BR\" \/>\n<meta property=\"og:type\" content=\"article\" \/>\n<meta property=\"og:title\" content=\"Canarinhos se apresentam em Nova Friburgo - Not\u00edcias - Franciscanos\" \/>\n<meta property=\"og:description\" content=\"Petr\u00f3polis\" \/>\n<meta property=\"og:url\" content=\"https:\/\/franciscanos.org.br\/noticias\/canarinhos-se-apresentam-na-catedral-sao-joao-batista.html\" \/>\n<meta property=\"og:site_name\" content=\"Not\u00edcias - Franciscanos\" \/>\n<meta property=\"article:published_time\" content=\"2017-05-11T17:42:18+00:00\" \/>\n<meta property=\"article:modified_time\" content=\"2021-07-05T23:04:31+00:00\" \/>\n<meta property=\"og:image\" content=\"https:\/\/franciscanos.org.br\/noticias\/wp-content\/uploads\/2017\/05\/canarinhos_110517.jpg\" \/>\n\t<meta property=\"og:image:width\" content=\"273\" \/>\n\t<meta property=\"og:image:height\" content=\"181\" \/>\n\t<meta property=\"og:image:type\" content=\"image\/jpeg\" \/>\n<meta name=\"author\" content=\"admin\" \/>\n<meta name=\"twitter:card\" content=\"summary_large_image\" \/>\n<meta name=\"twitter:label1\" content=\"Escrito por\" \/>\n\t<meta name=\"twitter:data1\" content=\"admin\" \/>\n\t<meta name=\"twitter:label2\" content=\"Est. tempo de leitura\" \/>\n\t<meta name=\"twitter:data2\" content=\"2 minutos\" \/>\n<script type=\"application\/ld+json\" class=\"yoast-schema-graph\">{\"@context\":\"https:\/\/schema.org\",\"@graph\":[{\"@type\":\"WebSite\",\"@id\":\"https:\/\/franciscanos.org.br\/noticias\/#website\",\"url\":\"https:\/\/franciscanos.org.br\/noticias\/\",\"name\":\"Not\u00edcias - Franciscanos\",\"description\":\"Prov\u00edncia Franciscana da Imaculada Concei\u00e7\u00e3o do Brasil - Ordem dos Frades Menores - OFM\",\"potentialAction\":[{\"@type\":\"SearchAction\",\"target\":{\"@type\":\"EntryPoint\",\"urlTemplate\":\"https:\/\/franciscanos.org.br\/noticias\/?s={search_term_string}\"},\"query-input\":\"required name=search_term_string\"}],\"inLanguage\":\"pt-BR\"},{\"@type\":\"ImageObject\",\"inLanguage\":\"pt-BR\",\"@id\":\"https:\/\/franciscanos.org.br\/noticias\/canarinhos-se-apresentam-na-catedral-sao-joao-batista.html#primaryimage\",\"url\":\"https:\/\/franciscanos.org.br\/noticias\/wp-content\/uploads\/2017\/05\/canarinhos_110517.jpg\",\"contentUrl\":\"https:\/\/franciscanos.org.br\/noticias\/wp-content\/uploads\/2017\/05\/canarinhos_110517.jpg\",\"width\":273,\"height\":181},{\"@type\":\"WebPage\",\"@id\":\"https:\/\/franciscanos.org.br\/noticias\/canarinhos-se-apresentam-na-catedral-sao-joao-batista.html#webpage\",\"url\":\"https:\/\/franciscanos.org.br\/noticias\/canarinhos-se-apresentam-na-catedral-sao-joao-batista.html\",\"name\":\"Canarinhos se apresentam em Nova Friburgo - Not\u00edcias - Franciscanos\",\"isPartOf\":{\"@id\":\"https:\/\/franciscanos.org.br\/noticias\/#website\"},\"primaryImageOfPage\":{\"@id\":\"https:\/\/franciscanos.org.br\/noticias\/canarinhos-se-apresentam-na-catedral-sao-joao-batista.html#primaryimage\"},\"datePublished\":\"2017-05-11T17:42:18+00:00\",\"dateModified\":\"2021-07-05T23:04:31+00:00\",\"author\":{\"@id\":\"https:\/\/franciscanos.org.br\/noticias\/#\/schema\/person\/b38fbf43118f02820bd932f2e4b14ad3\"},\"breadcrumb\":{\"@id\":\"https:\/\/franciscanos.org.br\/noticias\/canarinhos-se-apresentam-na-catedral-sao-joao-batista.html#breadcrumb\"},\"inLanguage\":\"pt-BR\",\"potentialAction\":[{\"@type\":\"ReadAction\",\"target\":[\"https:\/\/franciscanos.org.br\/noticias\/canarinhos-se-apresentam-na-catedral-sao-joao-batista.html\"]}]},{\"@type\":\"BreadcrumbList\",\"@id\":\"https:\/\/franciscanos.org.br\/noticias\/canarinhos-se-apresentam-na-catedral-sao-joao-batista.html#breadcrumb\",\"itemListElement\":[{\"@type\":\"ListItem\",\"position\":1,\"name\":\"Home\",\"item\":\"https:\/\/franciscanos.org.br\/noticias\"},{\"@type\":\"ListItem\",\"position\":2,\"name\":\"Canarinhos se apresentam em Nova Friburgo\"}]},{\"@type\":\"Person\",\"@id\":\"https:\/\/franciscanos.org.br\/noticias\/#\/schema\/person\/b38fbf43118f02820bd932f2e4b14ad3\",\"name\":\"admin\",\"image\":{\"@type\":\"ImageObject\",\"inLanguage\":\"pt-BR\",\"@id\":\"https:\/\/franciscanos.org.br\/noticias\/#\/schema\/person\/image\/\",\"url\":\"https:\/\/secure.gravatar.com\/avatar\/e8495742d34d0ba6448ea1c628263b3e?s=96&d=mm&r=g\",\"contentUrl\":\"https:\/\/secure.gravatar.com\/avatar\/e8495742d34d0ba6448ea1c628263b3e?s=96&d=mm&r=g\",\"caption\":\"admin\"},\"url\":\"https:\/\/franciscanos.org.br\/noticias\/author\/admin\"}]}<\/script>\n<!-- \/ Yoast SEO plugin. -->","yoast_head_json":{"title":"Canarinhos se apresentam em Nova Friburgo - Not\u00edcias - Franciscanos","robots":{"index":"index","follow":"follow","max-snippet":"max-snippet:-1","max-image-preview":"max-image-preview:large","max-video-preview":"max-video-preview:-1"},"canonical":"https:\/\/franciscanos.org.br\/noticias\/canarinhos-se-apresentam-na-catedral-sao-joao-batista.html","og_locale":"pt_BR","og_type":"article","og_title":"Canarinhos se apresentam em Nova Friburgo - Not\u00edcias - Franciscanos","og_description":"Petr\u00f3polis","og_url":"https:\/\/franciscanos.org.br\/noticias\/canarinhos-se-apresentam-na-catedral-sao-joao-batista.html","og_site_name":"Not\u00edcias - Franciscanos","article_published_time":"2017-05-11T17:42:18+00:00","article_modified_time":"2021-07-05T23:04:31+00:00","og_image":[{"width":273,"height":181,"url":"https:\/\/franciscanos.org.br\/noticias\/wp-content\/uploads\/2017\/05\/canarinhos_110517.jpg","type":"image\/jpeg"}],"author":"admin","twitter_card":"summary_large_image","twitter_misc":{"Escrito por":"admin","Est. tempo de leitura":"2 minutos"},"schema":{"@context":"https:\/\/schema.org","@graph":[{"@type":"WebSite","@id":"https:\/\/franciscanos.org.br\/noticias\/#website","url":"https:\/\/franciscanos.org.br\/noticias\/","name":"Not\u00edcias - Franciscanos","description":"Prov\u00edncia Franciscana da Imaculada Concei\u00e7\u00e3o do Brasil - Ordem dos Frades Menores - OFM","potentialAction":[{"@type":"SearchAction","target":{"@type":"EntryPoint","urlTemplate":"https:\/\/franciscanos.org.br\/noticias\/?s={search_term_string}"},"query-input":"required name=search_term_string"}],"inLanguage":"pt-BR"},{"@type":"ImageObject","inLanguage":"pt-BR","@id":"https:\/\/franciscanos.org.br\/noticias\/canarinhos-se-apresentam-na-catedral-sao-joao-batista.html#primaryimage","url":"https:\/\/franciscanos.org.br\/noticias\/wp-content\/uploads\/2017\/05\/canarinhos_110517.jpg","contentUrl":"https:\/\/franciscanos.org.br\/noticias\/wp-content\/uploads\/2017\/05\/canarinhos_110517.jpg","width":273,"height":181},{"@type":"WebPage","@id":"https:\/\/franciscanos.org.br\/noticias\/canarinhos-se-apresentam-na-catedral-sao-joao-batista.html#webpage","url":"https:\/\/franciscanos.org.br\/noticias\/canarinhos-se-apresentam-na-catedral-sao-joao-batista.html","name":"Canarinhos se apresentam em Nova Friburgo - Not\u00edcias - Franciscanos","isPartOf":{"@id":"https:\/\/franciscanos.org.br\/noticias\/#website"},"primaryImageOfPage":{"@id":"https:\/\/franciscanos.org.br\/noticias\/canarinhos-se-apresentam-na-catedral-sao-joao-batista.html#primaryimage"},"datePublished":"2017-05-11T17:42:18+00:00","dateModified":"2021-07-05T23:04:31+00:00","author":{"@id":"https:\/\/franciscanos.org.br\/noticias\/#\/schema\/person\/b38fbf43118f02820bd932f2e4b14ad3"},"breadcrumb":{"@id":"https:\/\/franciscanos.org.br\/noticias\/canarinhos-se-apresentam-na-catedral-sao-joao-batista.html#breadcrumb"},"inLanguage":"pt-BR","potentialAction":[{"@type":"ReadAction","target":["https:\/\/franciscanos.org.br\/noticias\/canarinhos-se-apresentam-na-catedral-sao-joao-batista.html"]}]},{"@type":"BreadcrumbList","@id":"https:\/\/franciscanos.org.br\/noticias\/canarinhos-se-apresentam-na-catedral-sao-joao-batista.html#breadcrumb","itemListElement":[{"@type":"ListItem","position":1,"name":"Home","item":"https:\/\/franciscanos.org.br\/noticias"},{"@type":"ListItem","position":2,"name":"Canarinhos se apresentam em Nova Friburgo"}]},{"@type":"Person","@id":"https:\/\/franciscanos.org.br\/noticias\/#\/schema\/person\/b38fbf43118f02820bd932f2e4b14ad3","name":"admin","image":{"@type":"ImageObject","inLanguage":"pt-BR","@id":"https:\/\/franciscanos.org.br\/noticias\/#\/schema\/person\/image\/","url":"https:\/\/secure.gravatar.com\/avatar\/e8495742d34d0ba6448ea1c628263b3e?s=96&d=mm&r=g","contentUrl":"https:\/\/secure.gravatar.com\/avatar\/e8495742d34d0ba6448ea1c628263b3e?s=96&d=mm&r=g","caption":"admin"},"url":"https:\/\/franciscanos.org.br\/noticias\/author\/admin"}]}},"_links":{"self":[{"href":"https:\/\/franciscanos.org.br\/noticias\/wp-json\/wp\/v2\/posts\/133172"}],"collection":[{"href":"https:\/\/franciscanos.org.br\/noticias\/wp-json\/wp\/v2\/posts"}],"about":[{"href":"https:\/\/franciscanos.org.br\/noticias\/wp-json\/wp\/v2\/types\/post"}],"author":[{"embeddable":true,"href":"https:\/\/franciscanos.org.br\/noticias\/wp-json\/wp\/v2\/users\/1"}],"replies":[{"embeddable":true,"href":"https:\/\/franciscanos.org.br\/noticias\/wp-json\/wp\/v2\/comments?post=133172"}],"version-history":[{"count":1,"href":"https:\/\/franciscanos.org.br\/noticias\/wp-json\/wp\/v2\/posts\/133172\/revisions"}],"predecessor-version":[{"id":232877,"href":"https:\/\/franciscanos.org.br\/noticias\/wp-json\/wp\/v2\/posts\/133172\/revisions\/232877"}],"wp:featuredmedia":[{"embeddable":true,"href":"https:\/\/franciscanos.org.br\/noticias\/wp-json\/wp\/v2\/media\/198605"}],"wp:attachment":[{"href":"https:\/\/franciscanos.org.br\/noticias\/wp-json\/wp\/v2\/media?parent=133172"}],"wp:term":[{"taxonomy":"category","embeddable":true,"href":"https:\/\/franciscanos.org.br\/noticias\/wp-json\/wp\/v2\/categories?post=133172"},{"taxonomy":"post_tag","embeddable":true,"href":"https:\/\/franciscanos.org.br\/noticias\/wp-json\/wp\/v2\/tags?post=133172"}],"curies":[{"name":"wp","href":"https:\/\/api.w.org\/{rel}","templated":true}]}}