{"id":132930,"date":"2017-05-08T08:18:48","date_gmt":"2017-05-08T11:18:48","guid":{"rendered":"http:\/\/franciscanos.org.br\/?p=132930"},"modified":"2020-06-09T08:55:06","modified_gmt":"2020-06-09T11:55:06","slug":"papa-seguir-jesus-bom-pastor-unico-guia-seguro-que-da-sentido-a-vida","status":"publish","type":"post","link":"https:\/\/franciscanos.org.br\/noticias\/papa-seguir-jesus-bom-pastor-unico-guia-seguro-que-da-sentido-a-vida.html","title":{"rendered":"Seguir Jesus Bom Pastor, \u00fanico guia que d\u00e1 sentido \u00e0 vida"},"content":{"rendered":"<p><img loading=\"lazy\" class=\"alignleft\" src=\"http:\/\/franciscanos.org.br\/wp-content\/uploads\/2017\/05\/papa_080517.jpg\" alt=\"papa_080517\" width=\"830\" height=\"401\" \/><strong>Cidade do Vaticano<\/strong> &#8211; Hoje somos convidados a n\u00e3o deixar-nos levar pelas falsas sabedorias deste mundo, mas a seguir Jesus, Ressuscitado, como \u00fanico guia seguro que d\u00e1 sentido a nossa vida: foi a exorta\u00e7\u00e3o do Papa no Regina Caeli ao meio-dia deste domingo (07\/05), falando aos milhares de fi\u00e9is, peregrinos e turistas presentes na Pra\u00e7a S\u00e3o Pedro para a ora\u00e7\u00e3o mariana com o Santo Padre.<\/p>\n<p>Na alocu\u00e7\u00e3o que precedeu o Regina Caeli o Papa Francisco ateve-se \u00e0 p\u00e1gina do Evangelho deste domingo \u2013 chamado \u201cdomingo do bom pastor\u201d, \u2013 na qual Jesus nos apresenta duas imagens que se completam mutuamente. A imagem do pastor e a imagem da porta do aprisco.<\/p>\n<p>Muitas pessoas aproximam-se do rebanho: h\u00e1 quem entra no aprisco passando pela porta e quem \u201centra passando por outro lugar\u201d, frisou o Pont\u00edfice explicando: o primeiro \u00e9 o pastor, o segundo um estranho, que n\u00e3o ama as ovelhas, quer entrar por outros interesses.<\/p>\n<p>\u201cJesus identifica-se com o primeiro e manifesta uma rela\u00e7\u00e3o de familiaridade com as ovelhas, expressa mediante a voz, com a qual as chama e que elas reconhecem e o seguem. Ele as chama para lev\u00e1-las para fora, \u00e0s pastagens verdejantes onde encontram bom alimento\u201d.<\/p>\n<p>A segunda imagem com a qual Jesus se apresenta \u00e9 a da \u201cporta das ovelhas\u201d. Cristo, Bom Pastor, tornou-se a porta da salva\u00e7\u00e3o da humanidade porque ofereceu a vida por suas ovelhas.<\/p>\n<p>\u201cJesus, pastor bom e porta das ovelhas, \u00e9 um cabe\u00e7a cuja autoridade se expressa no servi\u00e7o, um cabe\u00e7a que para comandar d\u00e1 a vida e n\u00e3o pede a outros que a sacrifiquem. De um cabe\u00e7a assim se pode confiar, como as ovelhas que ouvem a voz de seu pastor porque sabem que com ele se vai a pastagens boas e abundantes\u201d, frisou Francisco.<br \/>\n\u201cBasta um sinal, um chamado e elas o seguem, obedecem, encaminham-se guiadas pela voz daquele que sentem como presen\u00e7a amiga, forte e doce ao mesmo tempo, que encaminha, protege, consola e medica. Assim \u00e9 Cristo para n\u00f3s\u201d, ressaltou o Papa fazendo uma pertinente observa\u00e7\u00e3o:<\/p>\n<p>H\u00e1 uma dimens\u00e3o da experi\u00eancia crist\u00e3 que talvez deixamos de certo modo \u00e0 sombra: a dimens\u00e3o espiritual e afetiva. O sentir-nos unidos por um v\u00ednculo especial ao Senhor como as ovelhas a seu pastor. Por vezes racionalizamos por demais a f\u00e9 e corremos o risco de perder a percep\u00e7\u00e3o do timbre daquela voz, da voz de Jesus bom pastor, que estimula e fascina.\u201d<\/p>\n<p>\u00c9 a maravilhosa experi\u00eancia de sentir-nos amados por Jesus. Perguntem-se: &#8220;Eu me sinto amado por Jesus? Eu me sinto amada por Jesus?&#8221; Para Ele jamais somos estranhos, mas amigos e irm\u00e3os. No entanto, nem sempre \u00e9 f\u00e1cil distinguir a voz do pastor bom. \u201cH\u00e1 sempre o perigo do ladr\u00e3o, do brigante e do falso pastor. H\u00e1 sempre o risco de ser distra\u00eddo pelo ribombar de tantas vozes\u201d, afirmou ainda o Santo Padre.<\/p>\n<p>Em seguida, o Papa lembrou o dia de ora\u00e7\u00e3o pelas voca\u00e7\u00f5es sacerdotais e religiosas e os presb\u00edteros por ele ordenados neste domingo do Bom Pastor:<\/p>\n<p>\u201cNeste Dia Mundial de Ora\u00e7\u00e3o pelas Voca\u00e7\u00f5es \u2013 em particular pelas voca\u00e7\u00f5es sacerdotais, para que o Senhor nos mande bons pastores \u2013 invoquemos a Virgem Maria: ela acompanhe os dez novos sacerdotes que ordenei pouco antes. Pedi a quatro deles da Diocese de Roma que viessem para dar a b\u00ean\u00e7\u00e3o juntos comigo. Nossa Senhora sustente com seu aux\u00edlio aqueles que foram chamados por Jesus Cristo, a fim de que estejam prontos e generosos a seguir a sua voz.\u201d<\/p>\n<p>Antes de despedir-se dos presentes, na sauda\u00e7\u00e3o ap\u00f3s a ora\u00e7\u00e3o mariana o Papa lembrou sua peregrina\u00e7\u00e3o a F\u00e1tima, Portugal, sexta-feira e s\u00e1bado pr\u00f3ximos (dias 12 e 13 de maio), por ocasi\u00e3o dos cem anos da primeira apari\u00e7\u00e3o de Nossa Senhora aos tr\u00eas pastorinhos na Cova da Iria:<\/p>\n<p>Neste m\u00eas de maio rezemos o Ter\u00e7o em particular pela paz, como pediu a Virgem em F\u00e1tima, aonde irei em peregrina\u00e7\u00e3o daqui a poucos dias, por ocasi\u00e3o do centen\u00e1rio da primeira apari\u00e7\u00e3o.\u201d<\/p>\n<p><strong>PAPA A NOVOS SACERDOTES: N\u00c3O SEJAM CL\u00c9RIGOS DE ESTADO, MAS PASTORES<\/strong><br \/>\n<img loading=\"lazy\" class=\"alignright size-full wp-image-132932\" src=\"http:\/\/franciscanos.org.br\/wp-content\/uploads\/2017\/05\/papa2_050817.jpg\" alt=\"papa2_050817\" width=\"640\" height=\"453\" \/><\/p>\n<p>\u201cTragam sempre diante de voc\u00eas o exemplo do Bom Pastor que veio n\u00e3o para ser servido mas para servir e para buscar e salvar o que estava perdido\u201d: foi a exorta\u00e7\u00e3o do Papa Francisco aos dez novos sacerdotes por ele ordenados na Bas\u00edlica de S\u00e3o Pedro na missa deste IV Domingo da P\u00e1scoa (05\/07), tamb\u00e9m conhecido como do \u201cBom Pastor\u201d, ocasi\u00e3o em que a Igreja celebra o Dia Mundial de Ora\u00e7\u00e3o pelas Voca\u00e7\u00f5es.<\/p>\n<p>J\u00e1 no in\u00edcio de sua homilia, na qual apresentou aos novos presb\u00edteros o significado, import\u00e2ncia e implica\u00e7\u00f5es do novo minist\u00e9rio ao qual foram chamados, Francisco os advertiu que foram eleitos pelo Senhor Jesus n\u00e3o para fazer carreira, mas para desempenhar na Igreja, em nome de Jesus Cristo, o minist\u00e9rio sacerdotal em favor dos homens.<\/p>\n<p>Distribuam a todos a Palavra de Deus que voc\u00eas mesmos receberam com alegria. Meditando na lei do Senhor, procurem crer o que ler, ensinar o que crer e viver o que ensinam, frisou o Pont\u00edfice, fazendo uma premente exorta\u00e7\u00e3o:<\/p>\n<p>\u201cO ensino de voc\u00eas seja alimento para o povo de Deus, ensino simples, como falava o Senhor, que chega ao cora\u00e7\u00e3o. N\u00e3o fa\u00e7am homilias por demais intelectuais e elaboradas: falem simples, falem aos cora\u00e7\u00f5es. E essa prega\u00e7\u00e3o ser\u00e1 verdadeiro alimento. E tamb\u00e9m o perfume de suas vidas seja alegria e sustento aos fi\u00e9is, porque a palavra sem o exemplo de vida n\u00e3o serve: \u00e9 melhor voltar atr\u00e1s. A vida dupla \u00e9 uma doen\u00e7a feia na Igreja.\u201d<\/p>\n<p>Tomem, pois, consci\u00eancia do que fazem, imitem o que realizam. Celebrando o mist\u00e9rio da morte e da ressurrei\u00e7\u00e3o do Senhor, esforcem-se por fazer morrer em voc\u00eas todo o mal e por caminhar na vida nova, continuou o Santo Padre acrescentando ao texto da homilia mais uma admoesta\u00e7\u00e3o aos novos sacerdotes:<\/p>\n<p>\u201cUm presb\u00edtero que talvez tenha estudado tanta teologia e fez um, dois, tr\u00eas doutorados mas n\u00e3o aprendeu a carregar a Cruz de Cristo, n\u00e3o serve. Ser\u00e1 um bom acad\u00eamico, um bom professor, mas n\u00e3o um sacerdote.\u201d<\/p>\n<p>Com o Batismo voc\u00eas acrescentar\u00e3o novos fi\u00e9is ao Povo de Deus. Com o Sacramento da Penit\u00eancia perdoar\u00e3o os pecados em nome de Cristo e da Igreja. \u201cPor favor \u2013 disse o Pont\u00edfice \u2013, pe\u00e7o-lhes em nome de Cristo e da Igreja que sejam misericordiosos. Sempre. N\u00e3o coloquem nas costas dos fi\u00e9is fardos que n\u00e3o podem carregar nem mesmo voc\u00eas. Jesus repreendeu a estes, a estes doutores e os chamou de hip\u00f3critas.\u201d<\/p>\n<p>Atendo-se ainda aos v\u00e1rios of\u00edcios do sacerdote no exerc\u00edcio de seu minist\u00e9rio, Francisco ressaltou que uma das tarefas \u2013 talvez enfadonha, tamb\u00e9m dolorosa \u2013 \u00e9 ir encontrar os enfermos. Fa\u00e7am-no, voc\u00eas. Sim, tudo bem que fa\u00e7am os leigos, os di\u00e1conos, mas n\u00e3o deixem de tocar a carne de Cristo sofredor nos doentes: isso santifica voc\u00eas, os aproxima de Cristo.<\/p>\n<p>Realizem, pois, com verdadeira caridade e alegria constante, o minist\u00e9rio de Cristo Sacerdote, n\u00e3o procurando os interesses de voc\u00eas, mas sim os de Jesus Cristo, foi a exorta\u00e7\u00e3o do Pont\u00edfice antes de fazer sua \u00faltima recomenda\u00e7\u00e3o:<\/p>\n<p>\u201cSejam alegres, jamais tristes, Alegres. Com a alegria do servi\u00e7o de Cristo, mesmo em meio aos sofrimentos, \u00e0s incompreens\u00f5es, aos pecados. Tenham sempre diante dos olhos o exemplo do Bom Pastor, que n\u00e3o veio para ser servido, mas para servir. Por favor, n\u00e3o sejam senhores, n\u00e3o sejam cl\u00e9rigos de Estado, mas pastores: pastores do povo de Deus.\u201d<\/p>\n<p>Dos dez novos sacerdotes ordenados pelo Papa Francisco na missa da manh\u00e3 deste domingo, sete s\u00e3o italianos, um mexicano, um peruano e um azerbaidjano. Este domingo do \u201cBom Pastor\u201d \u00e9 tamb\u00e9m o 54\u00ba Dia Mundial de Ora\u00e7\u00e3o pelas Voca\u00e7\u00f5es.<\/p>\n<hr \/>\n<p><em>Fonte: R\u00e1dio Vaticano<\/em><\/p>\n","protected":false},"excerpt":{"rendered":"<p>Angelus<\/p>\n","protected":false},"author":1,"featured_media":198683,"comment_status":"open","ping_status":"open","sticky":false,"template":"","format":"standard","meta":[],"categories":[1428],"tags":[403],"acf":[],"yoast_head":"<!-- This site is optimized with the Yoast SEO plugin v19.2 - https:\/\/yoast.com\/wordpress\/plugins\/seo\/ -->\n<title>Seguir Jesus Bom Pastor, \u00fanico guia que d\u00e1 sentido \u00e0 vida - Not\u00edcias - Franciscanos<\/title>\n<meta name=\"robots\" content=\"index, follow, max-snippet:-1, max-image-preview:large, max-video-preview:-1\" \/>\n<link rel=\"canonical\" href=\"https:\/\/franciscanos.org.br\/noticias\/papa-seguir-jesus-bom-pastor-unico-guia-seguro-que-da-sentido-a-vida.html\" \/>\n<meta property=\"og:locale\" content=\"pt_BR\" \/>\n<meta property=\"og:type\" content=\"article\" \/>\n<meta property=\"og:title\" content=\"Seguir Jesus Bom Pastor, \u00fanico guia que d\u00e1 sentido \u00e0 vida - Not\u00edcias - Franciscanos\" \/>\n<meta property=\"og:description\" content=\"Angelus\" \/>\n<meta property=\"og:url\" content=\"https:\/\/franciscanos.org.br\/noticias\/papa-seguir-jesus-bom-pastor-unico-guia-seguro-que-da-sentido-a-vida.html\" \/>\n<meta property=\"og:site_name\" content=\"Not\u00edcias - Franciscanos\" \/>\n<meta property=\"article:published_time\" content=\"2017-05-08T11:18:48+00:00\" \/>\n<meta property=\"article:modified_time\" content=\"2020-06-09T11:55:06+00:00\" \/>\n<meta property=\"og:image\" content=\"https:\/\/franciscanos.org.br\/noticias\/wp-content\/uploads\/2017\/05\/papa_080517.jpg\" \/>\n\t<meta property=\"og:image:width\" content=\"273\" \/>\n\t<meta property=\"og:image:height\" content=\"181\" \/>\n\t<meta property=\"og:image:type\" content=\"image\/jpeg\" \/>\n<meta name=\"author\" content=\"admin\" \/>\n<meta name=\"twitter:card\" content=\"summary_large_image\" \/>\n<meta name=\"twitter:label1\" content=\"Escrito por\" \/>\n\t<meta name=\"twitter:data1\" content=\"admin\" \/>\n\t<meta name=\"twitter:label2\" content=\"Est. tempo de leitura\" \/>\n\t<meta name=\"twitter:data2\" content=\"7 minutos\" \/>\n<script type=\"application\/ld+json\" class=\"yoast-schema-graph\">{\"@context\":\"https:\/\/schema.org\",\"@graph\":[{\"@type\":\"WebSite\",\"@id\":\"https:\/\/franciscanos.org.br\/noticias\/#website\",\"url\":\"https:\/\/franciscanos.org.br\/noticias\/\",\"name\":\"Not\u00edcias - Franciscanos\",\"description\":\"Prov\u00edncia Franciscana da Imaculada Concei\u00e7\u00e3o do Brasil - Ordem dos Frades Menores - OFM\",\"potentialAction\":[{\"@type\":\"SearchAction\",\"target\":{\"@type\":\"EntryPoint\",\"urlTemplate\":\"https:\/\/franciscanos.org.br\/noticias\/?s={search_term_string}\"},\"query-input\":\"required name=search_term_string\"}],\"inLanguage\":\"pt-BR\"},{\"@type\":\"ImageObject\",\"inLanguage\":\"pt-BR\",\"@id\":\"https:\/\/franciscanos.org.br\/noticias\/papa-seguir-jesus-bom-pastor-unico-guia-seguro-que-da-sentido-a-vida.html#primaryimage\",\"url\":\"https:\/\/franciscanos.org.br\/noticias\/wp-content\/uploads\/2017\/05\/papa_080517.jpg\",\"contentUrl\":\"https:\/\/franciscanos.org.br\/noticias\/wp-content\/uploads\/2017\/05\/papa_080517.jpg\",\"width\":273,\"height\":181},{\"@type\":\"WebPage\",\"@id\":\"https:\/\/franciscanos.org.br\/noticias\/papa-seguir-jesus-bom-pastor-unico-guia-seguro-que-da-sentido-a-vida.html#webpage\",\"url\":\"https:\/\/franciscanos.org.br\/noticias\/papa-seguir-jesus-bom-pastor-unico-guia-seguro-que-da-sentido-a-vida.html\",\"name\":\"Seguir Jesus Bom Pastor, \u00fanico guia que d\u00e1 sentido \u00e0 vida - Not\u00edcias - Franciscanos\",\"isPartOf\":{\"@id\":\"https:\/\/franciscanos.org.br\/noticias\/#website\"},\"primaryImageOfPage\":{\"@id\":\"https:\/\/franciscanos.org.br\/noticias\/papa-seguir-jesus-bom-pastor-unico-guia-seguro-que-da-sentido-a-vida.html#primaryimage\"},\"datePublished\":\"2017-05-08T11:18:48+00:00\",\"dateModified\":\"2020-06-09T11:55:06+00:00\",\"author\":{\"@id\":\"https:\/\/franciscanos.org.br\/noticias\/#\/schema\/person\/b38fbf43118f02820bd932f2e4b14ad3\"},\"breadcrumb\":{\"@id\":\"https:\/\/franciscanos.org.br\/noticias\/papa-seguir-jesus-bom-pastor-unico-guia-seguro-que-da-sentido-a-vida.html#breadcrumb\"},\"inLanguage\":\"pt-BR\",\"potentialAction\":[{\"@type\":\"ReadAction\",\"target\":[\"https:\/\/franciscanos.org.br\/noticias\/papa-seguir-jesus-bom-pastor-unico-guia-seguro-que-da-sentido-a-vida.html\"]}]},{\"@type\":\"BreadcrumbList\",\"@id\":\"https:\/\/franciscanos.org.br\/noticias\/papa-seguir-jesus-bom-pastor-unico-guia-seguro-que-da-sentido-a-vida.html#breadcrumb\",\"itemListElement\":[{\"@type\":\"ListItem\",\"position\":1,\"name\":\"Home\",\"item\":\"https:\/\/franciscanos.org.br\/noticias\"},{\"@type\":\"ListItem\",\"position\":2,\"name\":\"Seguir Jesus Bom Pastor, \u00fanico guia que d\u00e1 sentido \u00e0 vida\"}]},{\"@type\":\"Person\",\"@id\":\"https:\/\/franciscanos.org.br\/noticias\/#\/schema\/person\/b38fbf43118f02820bd932f2e4b14ad3\",\"name\":\"admin\",\"image\":{\"@type\":\"ImageObject\",\"inLanguage\":\"pt-BR\",\"@id\":\"https:\/\/franciscanos.org.br\/noticias\/#\/schema\/person\/image\/\",\"url\":\"https:\/\/secure.gravatar.com\/avatar\/e8495742d34d0ba6448ea1c628263b3e?s=96&d=mm&r=g\",\"contentUrl\":\"https:\/\/secure.gravatar.com\/avatar\/e8495742d34d0ba6448ea1c628263b3e?s=96&d=mm&r=g\",\"caption\":\"admin\"},\"url\":\"https:\/\/franciscanos.org.br\/noticias\/author\/admin\"}]}<\/script>\n<!-- \/ Yoast SEO plugin. -->","yoast_head_json":{"title":"Seguir Jesus Bom Pastor, \u00fanico guia que d\u00e1 sentido \u00e0 vida - Not\u00edcias - Franciscanos","robots":{"index":"index","follow":"follow","max-snippet":"max-snippet:-1","max-image-preview":"max-image-preview:large","max-video-preview":"max-video-preview:-1"},"canonical":"https:\/\/franciscanos.org.br\/noticias\/papa-seguir-jesus-bom-pastor-unico-guia-seguro-que-da-sentido-a-vida.html","og_locale":"pt_BR","og_type":"article","og_title":"Seguir Jesus Bom Pastor, \u00fanico guia que d\u00e1 sentido \u00e0 vida - Not\u00edcias - Franciscanos","og_description":"Angelus","og_url":"https:\/\/franciscanos.org.br\/noticias\/papa-seguir-jesus-bom-pastor-unico-guia-seguro-que-da-sentido-a-vida.html","og_site_name":"Not\u00edcias - Franciscanos","article_published_time":"2017-05-08T11:18:48+00:00","article_modified_time":"2020-06-09T11:55:06+00:00","og_image":[{"width":273,"height":181,"url":"https:\/\/franciscanos.org.br\/noticias\/wp-content\/uploads\/2017\/05\/papa_080517.jpg","type":"image\/jpeg"}],"author":"admin","twitter_card":"summary_large_image","twitter_misc":{"Escrito por":"admin","Est. tempo de leitura":"7 minutos"},"schema":{"@context":"https:\/\/schema.org","@graph":[{"@type":"WebSite","@id":"https:\/\/franciscanos.org.br\/noticias\/#website","url":"https:\/\/franciscanos.org.br\/noticias\/","name":"Not\u00edcias - Franciscanos","description":"Prov\u00edncia Franciscana da Imaculada Concei\u00e7\u00e3o do Brasil - Ordem dos Frades Menores - OFM","potentialAction":[{"@type":"SearchAction","target":{"@type":"EntryPoint","urlTemplate":"https:\/\/franciscanos.org.br\/noticias\/?s={search_term_string}"},"query-input":"required name=search_term_string"}],"inLanguage":"pt-BR"},{"@type":"ImageObject","inLanguage":"pt-BR","@id":"https:\/\/franciscanos.org.br\/noticias\/papa-seguir-jesus-bom-pastor-unico-guia-seguro-que-da-sentido-a-vida.html#primaryimage","url":"https:\/\/franciscanos.org.br\/noticias\/wp-content\/uploads\/2017\/05\/papa_080517.jpg","contentUrl":"https:\/\/franciscanos.org.br\/noticias\/wp-content\/uploads\/2017\/05\/papa_080517.jpg","width":273,"height":181},{"@type":"WebPage","@id":"https:\/\/franciscanos.org.br\/noticias\/papa-seguir-jesus-bom-pastor-unico-guia-seguro-que-da-sentido-a-vida.html#webpage","url":"https:\/\/franciscanos.org.br\/noticias\/papa-seguir-jesus-bom-pastor-unico-guia-seguro-que-da-sentido-a-vida.html","name":"Seguir Jesus Bom Pastor, \u00fanico guia que d\u00e1 sentido \u00e0 vida - Not\u00edcias - Franciscanos","isPartOf":{"@id":"https:\/\/franciscanos.org.br\/noticias\/#website"},"primaryImageOfPage":{"@id":"https:\/\/franciscanos.org.br\/noticias\/papa-seguir-jesus-bom-pastor-unico-guia-seguro-que-da-sentido-a-vida.html#primaryimage"},"datePublished":"2017-05-08T11:18:48+00:00","dateModified":"2020-06-09T11:55:06+00:00","author":{"@id":"https:\/\/franciscanos.org.br\/noticias\/#\/schema\/person\/b38fbf43118f02820bd932f2e4b14ad3"},"breadcrumb":{"@id":"https:\/\/franciscanos.org.br\/noticias\/papa-seguir-jesus-bom-pastor-unico-guia-seguro-que-da-sentido-a-vida.html#breadcrumb"},"inLanguage":"pt-BR","potentialAction":[{"@type":"ReadAction","target":["https:\/\/franciscanos.org.br\/noticias\/papa-seguir-jesus-bom-pastor-unico-guia-seguro-que-da-sentido-a-vida.html"]}]},{"@type":"BreadcrumbList","@id":"https:\/\/franciscanos.org.br\/noticias\/papa-seguir-jesus-bom-pastor-unico-guia-seguro-que-da-sentido-a-vida.html#breadcrumb","itemListElement":[{"@type":"ListItem","position":1,"name":"Home","item":"https:\/\/franciscanos.org.br\/noticias"},{"@type":"ListItem","position":2,"name":"Seguir Jesus Bom Pastor, \u00fanico guia que d\u00e1 sentido \u00e0 vida"}]},{"@type":"Person","@id":"https:\/\/franciscanos.org.br\/noticias\/#\/schema\/person\/b38fbf43118f02820bd932f2e4b14ad3","name":"admin","image":{"@type":"ImageObject","inLanguage":"pt-BR","@id":"https:\/\/franciscanos.org.br\/noticias\/#\/schema\/person\/image\/","url":"https:\/\/secure.gravatar.com\/avatar\/e8495742d34d0ba6448ea1c628263b3e?s=96&d=mm&r=g","contentUrl":"https:\/\/secure.gravatar.com\/avatar\/e8495742d34d0ba6448ea1c628263b3e?s=96&d=mm&r=g","caption":"admin"},"url":"https:\/\/franciscanos.org.br\/noticias\/author\/admin"}]}},"_links":{"self":[{"href":"https:\/\/franciscanos.org.br\/noticias\/wp-json\/wp\/v2\/posts\/132930"}],"collection":[{"href":"https:\/\/franciscanos.org.br\/noticias\/wp-json\/wp\/v2\/posts"}],"about":[{"href":"https:\/\/franciscanos.org.br\/noticias\/wp-json\/wp\/v2\/types\/post"}],"author":[{"embeddable":true,"href":"https:\/\/franciscanos.org.br\/noticias\/wp-json\/wp\/v2\/users\/1"}],"replies":[{"embeddable":true,"href":"https:\/\/franciscanos.org.br\/noticias\/wp-json\/wp\/v2\/comments?post=132930"}],"version-history":[{"count":1,"href":"https:\/\/franciscanos.org.br\/noticias\/wp-json\/wp\/v2\/posts\/132930\/revisions"}],"predecessor-version":[{"id":225364,"href":"https:\/\/franciscanos.org.br\/noticias\/wp-json\/wp\/v2\/posts\/132930\/revisions\/225364"}],"wp:featuredmedia":[{"embeddable":true,"href":"https:\/\/franciscanos.org.br\/noticias\/wp-json\/wp\/v2\/media\/198683"}],"wp:attachment":[{"href":"https:\/\/franciscanos.org.br\/noticias\/wp-json\/wp\/v2\/media?parent=132930"}],"wp:term":[{"taxonomy":"category","embeddable":true,"href":"https:\/\/franciscanos.org.br\/noticias\/wp-json\/wp\/v2\/categories?post=132930"},{"taxonomy":"post_tag","embeddable":true,"href":"https:\/\/franciscanos.org.br\/noticias\/wp-json\/wp\/v2\/tags?post=132930"}],"curies":[{"name":"wp","href":"https:\/\/api.w.org\/{rel}","templated":true}]}}