{"id":132924,"date":"2017-05-05T22:41:49","date_gmt":"2017-05-06T01:41:49","guid":{"rendered":"http:\/\/franciscanos.org.br\/?p=132924"},"modified":"2019-01-31T09:43:12","modified_gmt":"2019-01-31T11:43:12","slug":"falece-ir-miria-kolling-icone-da-musica-liturgica","status":"publish","type":"post","link":"https:\/\/franciscanos.org.br\/noticias\/falece-ir-miria-kolling-icone-da-musica-liturgica.html","title":{"rendered":"Falece Ir. Miria Kolling, \u00edcone da m\u00fasica lit\u00fargica"},"content":{"rendered":"<p><img loading=\"lazy\" class=\"alignright wp-image-132925 size-full\" src=\"http:\/\/franciscanos.org.br\/wp-content\/uploads\/2017\/05\/miria_050517.jpg\" alt=\"miria_050517\" width=\"452\" height=\"395\" \/>Leia a nota divulgada pelas Irm\u00e3s do\u00a0Imaculado Cora\u00e7\u00e3o de Maria, Congrega\u00e7\u00e3o da qual Irm\u00e3 Miria fazia parte. A Prov\u00edncia Franciscana da Imaculada Concei\u00e7\u00e3o do Brasil se solidariza com a fam\u00edlia, a Congrega\u00e7\u00e3o e todos os amigos e admiradores de Ir. Miria.<\/p>\n<p><em><strong>EM TUAS M\u00c3OS, SENHOR!<\/strong><\/em><\/p>\n<p>A Congrega\u00e7\u00e3o das Irm\u00e3s do Imaculado Cora\u00e7\u00e3o de Maria, com muito pesar comunica o falecimento da querida Irm\u00e3 Miria Teresinha Kolling. A sua morte nos pegou de surpresa e a levou de n\u00f3s t\u00e3o rapidamente. Neste momento de dor e consterna\u00e7\u00e3o, s\u00f3 nos cabe pedir a Deus que a ilumine e lhe d\u00ea o repouso eterno, e que Deus d\u00ea conforto aos seus familiares, \u00e0 sua Comunidade, a todas as pessoas que amam Irm\u00e3 Miria, para que possam enfrentar esta imensur\u00e1vel dor com f\u00e9 e com serenidade.<\/p>\n<p>&#8220;A vida pra quem acredita, n\u00e3o \u00e9 passageira ilus\u00e3o, e a morte se torna bendita, porque \u00e9 nossa liberta\u00e7\u00e3o&#8221;. &#8220;Os olhos jamais contemplaram, ningu\u00e9m pode explicar, o que Deus tem preparado \u00e0quele que em vida o amar&#8221;. Esta foi a cren\u00e7a de nossa querida Irm\u00e3 Miria ao escrever as can\u00e7\u00f5es relativas ao falecimento de entes queridos.<\/p>\n<p>Hoje, a pr\u00f3pria Irm\u00e3 Miria est\u00e1 na presen\u00e7a de Deus, contemplando face a face o que Deus preparou para ela, que O amou intensamente por toda a sua vida.<\/p>\n<p>Irm\u00e3 MIRIA THEREZINHA KOLLING h\u00e1 57 anos foi Religiosa da Congrega\u00e7\u00e3o do Imaculado Cora\u00e7\u00e3o de Maria. Nascida em Dois Irm\u00e3os, Rio Grande do Sul &#8211; Brasil, desde cedo aprendeu na fam\u00edlia a amar e cultivar a m\u00fasica. Na Congrega\u00e7\u00e3o teve oportunidade de aprofundar seus estudos musicais. Como compositora de m\u00fasica lit\u00fargica e religiosa, conhecida sobretudo pelas Missas e cantos lit\u00fargicos, para as Celebra\u00e7\u00f5es. Al\u00e9m de cantos para a catequese e evangeliza\u00e7\u00e3o, comp\u00f4s mais de 600 m\u00fasicas, em geral com letra e m\u00fasica de sua autoria.<\/p>\n<p>Em nome da Congrega\u00e7\u00e3o das Irm\u00e3s do Imaculado Cora\u00e7\u00e3o de Maria, agradecemos a doa\u00e7\u00e3o de Ir. Miria, que se deixou iluminar e conduzir pela Divina Ruah, na composi\u00e7\u00e3o das bel\u00edssimas can\u00e7\u00f5es que, com poesia e musicalidade contribuem ao enriquecimento da Liturgia, \u00e0 aproxima\u00e7\u00e3o das pessoas e ao encontro com Deus.<br \/>\nSegundo Frei Patr\u00edcio Sciadini, &#8220;Irm\u00e3 Miria foi uma alma contemplativa, que compreendeu o desejo religioso mais profundo do ser humano, traduzindo-o em m\u00fasica que eleva a Deus. Atrav\u00e9s de seus cantos, o povo reza, medita a Palavra, se sustenta na luta, sempre atento aos sinais dos tempos que questionam e evangelizam.&#8221; O seu dom, colocado a servi\u00e7o da Igreja, dar\u00e1 frutos abundantes e saborosos para a honra e gl\u00f3ria de Deus.<\/p>\n<p><strong>Irm\u00e3 Marlise Hendges<\/strong><br \/>\n<strong>Diretora Geral<\/strong><br \/>\n<strong>Congrega\u00e7\u00e3o das Irm\u00e3s do Imaculado Cora\u00e7\u00e3o de Maria<\/strong><\/p>\n","protected":false},"excerpt":{"rendered":"<p>Igreja no Brasil<\/p>\n","protected":false},"author":1,"featured_media":198685,"comment_status":"open","ping_status":"open","sticky":false,"template":"","format":"standard","meta":[],"categories":[1],"tags":[29,1160],"acf":[],"yoast_head":"<!-- This site is optimized with the Yoast SEO plugin v19.2 - https:\/\/yoast.com\/wordpress\/plugins\/seo\/ -->\n<title>Falece Ir. Miria Kolling, \u00edcone da m\u00fasica lit\u00fargica - Not\u00edcias - Franciscanos<\/title>\n<meta name=\"robots\" content=\"index, follow, max-snippet:-1, max-image-preview:large, max-video-preview:-1\" \/>\n<link rel=\"canonical\" href=\"https:\/\/franciscanos.org.br\/noticias\/falece-ir-miria-kolling-icone-da-musica-liturgica.html\" \/>\n<meta property=\"og:locale\" content=\"pt_BR\" \/>\n<meta property=\"og:type\" content=\"article\" \/>\n<meta property=\"og:title\" content=\"Falece Ir. Miria Kolling, \u00edcone da m\u00fasica lit\u00fargica - Not\u00edcias - Franciscanos\" \/>\n<meta property=\"og:description\" content=\"Igreja no Brasil\" \/>\n<meta property=\"og:url\" content=\"https:\/\/franciscanos.org.br\/noticias\/falece-ir-miria-kolling-icone-da-musica-liturgica.html\" \/>\n<meta property=\"og:site_name\" content=\"Not\u00edcias - Franciscanos\" \/>\n<meta property=\"article:published_time\" content=\"2017-05-06T01:41:49+00:00\" \/>\n<meta property=\"article:modified_time\" content=\"2019-01-31T11:43:12+00:00\" \/>\n<meta property=\"og:image\" content=\"https:\/\/franciscanos.org.br\/noticias\/wp-content\/uploads\/2017\/05\/miria-kolling.jpg\" \/>\n\t<meta property=\"og:image:width\" content=\"273\" \/>\n\t<meta property=\"og:image:height\" content=\"181\" \/>\n\t<meta property=\"og:image:type\" content=\"image\/jpeg\" \/>\n<meta name=\"author\" content=\"admin\" \/>\n<meta name=\"twitter:card\" content=\"summary_large_image\" \/>\n<meta name=\"twitter:label1\" content=\"Escrito por\" \/>\n\t<meta name=\"twitter:data1\" content=\"admin\" \/>\n\t<meta name=\"twitter:label2\" content=\"Est. tempo de leitura\" \/>\n\t<meta name=\"twitter:data2\" content=\"2 minutos\" \/>\n<script type=\"application\/ld+json\" class=\"yoast-schema-graph\">{\"@context\":\"https:\/\/schema.org\",\"@graph\":[{\"@type\":\"WebSite\",\"@id\":\"https:\/\/franciscanos.org.br\/noticias\/#website\",\"url\":\"https:\/\/franciscanos.org.br\/noticias\/\",\"name\":\"Not\u00edcias - Franciscanos\",\"description\":\"Prov\u00edncia Franciscana da Imaculada Concei\u00e7\u00e3o do Brasil - Ordem dos Frades Menores - OFM\",\"potentialAction\":[{\"@type\":\"SearchAction\",\"target\":{\"@type\":\"EntryPoint\",\"urlTemplate\":\"https:\/\/franciscanos.org.br\/noticias\/?s={search_term_string}\"},\"query-input\":\"required name=search_term_string\"}],\"inLanguage\":\"pt-BR\"},{\"@type\":\"ImageObject\",\"inLanguage\":\"pt-BR\",\"@id\":\"https:\/\/franciscanos.org.br\/noticias\/falece-ir-miria-kolling-icone-da-musica-liturgica.html#primaryimage\",\"url\":\"https:\/\/franciscanos.org.br\/noticias\/wp-content\/uploads\/2017\/05\/miria-kolling.jpg\",\"contentUrl\":\"https:\/\/franciscanos.org.br\/noticias\/wp-content\/uploads\/2017\/05\/miria-kolling.jpg\",\"width\":273,\"height\":181},{\"@type\":\"WebPage\",\"@id\":\"https:\/\/franciscanos.org.br\/noticias\/falece-ir-miria-kolling-icone-da-musica-liturgica.html#webpage\",\"url\":\"https:\/\/franciscanos.org.br\/noticias\/falece-ir-miria-kolling-icone-da-musica-liturgica.html\",\"name\":\"Falece Ir. Miria Kolling, \u00edcone da m\u00fasica lit\u00fargica - Not\u00edcias - Franciscanos\",\"isPartOf\":{\"@id\":\"https:\/\/franciscanos.org.br\/noticias\/#website\"},\"primaryImageOfPage\":{\"@id\":\"https:\/\/franciscanos.org.br\/noticias\/falece-ir-miria-kolling-icone-da-musica-liturgica.html#primaryimage\"},\"datePublished\":\"2017-05-06T01:41:49+00:00\",\"dateModified\":\"2019-01-31T11:43:12+00:00\",\"author\":{\"@id\":\"https:\/\/franciscanos.org.br\/noticias\/#\/schema\/person\/b38fbf43118f02820bd932f2e4b14ad3\"},\"breadcrumb\":{\"@id\":\"https:\/\/franciscanos.org.br\/noticias\/falece-ir-miria-kolling-icone-da-musica-liturgica.html#breadcrumb\"},\"inLanguage\":\"pt-BR\",\"potentialAction\":[{\"@type\":\"ReadAction\",\"target\":[\"https:\/\/franciscanos.org.br\/noticias\/falece-ir-miria-kolling-icone-da-musica-liturgica.html\"]}]},{\"@type\":\"BreadcrumbList\",\"@id\":\"https:\/\/franciscanos.org.br\/noticias\/falece-ir-miria-kolling-icone-da-musica-liturgica.html#breadcrumb\",\"itemListElement\":[{\"@type\":\"ListItem\",\"position\":1,\"name\":\"Home\",\"item\":\"https:\/\/franciscanos.org.br\/noticias\"},{\"@type\":\"ListItem\",\"position\":2,\"name\":\"Falece Ir. Miria Kolling, \u00edcone da m\u00fasica lit\u00fargica\"}]},{\"@type\":\"Person\",\"@id\":\"https:\/\/franciscanos.org.br\/noticias\/#\/schema\/person\/b38fbf43118f02820bd932f2e4b14ad3\",\"name\":\"admin\",\"image\":{\"@type\":\"ImageObject\",\"inLanguage\":\"pt-BR\",\"@id\":\"https:\/\/franciscanos.org.br\/noticias\/#\/schema\/person\/image\/\",\"url\":\"https:\/\/secure.gravatar.com\/avatar\/e8495742d34d0ba6448ea1c628263b3e?s=96&d=mm&r=g\",\"contentUrl\":\"https:\/\/secure.gravatar.com\/avatar\/e8495742d34d0ba6448ea1c628263b3e?s=96&d=mm&r=g\",\"caption\":\"admin\"},\"url\":\"https:\/\/franciscanos.org.br\/noticias\/author\/admin\"}]}<\/script>\n<!-- \/ Yoast SEO plugin. -->","yoast_head_json":{"title":"Falece Ir. Miria Kolling, \u00edcone da m\u00fasica lit\u00fargica - Not\u00edcias - Franciscanos","robots":{"index":"index","follow":"follow","max-snippet":"max-snippet:-1","max-image-preview":"max-image-preview:large","max-video-preview":"max-video-preview:-1"},"canonical":"https:\/\/franciscanos.org.br\/noticias\/falece-ir-miria-kolling-icone-da-musica-liturgica.html","og_locale":"pt_BR","og_type":"article","og_title":"Falece Ir. Miria Kolling, \u00edcone da m\u00fasica lit\u00fargica - Not\u00edcias - Franciscanos","og_description":"Igreja no Brasil","og_url":"https:\/\/franciscanos.org.br\/noticias\/falece-ir-miria-kolling-icone-da-musica-liturgica.html","og_site_name":"Not\u00edcias - Franciscanos","article_published_time":"2017-05-06T01:41:49+00:00","article_modified_time":"2019-01-31T11:43:12+00:00","og_image":[{"width":273,"height":181,"url":"https:\/\/franciscanos.org.br\/noticias\/wp-content\/uploads\/2017\/05\/miria-kolling.jpg","type":"image\/jpeg"}],"author":"admin","twitter_card":"summary_large_image","twitter_misc":{"Escrito por":"admin","Est. tempo de leitura":"2 minutos"},"schema":{"@context":"https:\/\/schema.org","@graph":[{"@type":"WebSite","@id":"https:\/\/franciscanos.org.br\/noticias\/#website","url":"https:\/\/franciscanos.org.br\/noticias\/","name":"Not\u00edcias - Franciscanos","description":"Prov\u00edncia Franciscana da Imaculada Concei\u00e7\u00e3o do Brasil - Ordem dos Frades Menores - OFM","potentialAction":[{"@type":"SearchAction","target":{"@type":"EntryPoint","urlTemplate":"https:\/\/franciscanos.org.br\/noticias\/?s={search_term_string}"},"query-input":"required name=search_term_string"}],"inLanguage":"pt-BR"},{"@type":"ImageObject","inLanguage":"pt-BR","@id":"https:\/\/franciscanos.org.br\/noticias\/falece-ir-miria-kolling-icone-da-musica-liturgica.html#primaryimage","url":"https:\/\/franciscanos.org.br\/noticias\/wp-content\/uploads\/2017\/05\/miria-kolling.jpg","contentUrl":"https:\/\/franciscanos.org.br\/noticias\/wp-content\/uploads\/2017\/05\/miria-kolling.jpg","width":273,"height":181},{"@type":"WebPage","@id":"https:\/\/franciscanos.org.br\/noticias\/falece-ir-miria-kolling-icone-da-musica-liturgica.html#webpage","url":"https:\/\/franciscanos.org.br\/noticias\/falece-ir-miria-kolling-icone-da-musica-liturgica.html","name":"Falece Ir. Miria Kolling, \u00edcone da m\u00fasica lit\u00fargica - Not\u00edcias - Franciscanos","isPartOf":{"@id":"https:\/\/franciscanos.org.br\/noticias\/#website"},"primaryImageOfPage":{"@id":"https:\/\/franciscanos.org.br\/noticias\/falece-ir-miria-kolling-icone-da-musica-liturgica.html#primaryimage"},"datePublished":"2017-05-06T01:41:49+00:00","dateModified":"2019-01-31T11:43:12+00:00","author":{"@id":"https:\/\/franciscanos.org.br\/noticias\/#\/schema\/person\/b38fbf43118f02820bd932f2e4b14ad3"},"breadcrumb":{"@id":"https:\/\/franciscanos.org.br\/noticias\/falece-ir-miria-kolling-icone-da-musica-liturgica.html#breadcrumb"},"inLanguage":"pt-BR","potentialAction":[{"@type":"ReadAction","target":["https:\/\/franciscanos.org.br\/noticias\/falece-ir-miria-kolling-icone-da-musica-liturgica.html"]}]},{"@type":"BreadcrumbList","@id":"https:\/\/franciscanos.org.br\/noticias\/falece-ir-miria-kolling-icone-da-musica-liturgica.html#breadcrumb","itemListElement":[{"@type":"ListItem","position":1,"name":"Home","item":"https:\/\/franciscanos.org.br\/noticias"},{"@type":"ListItem","position":2,"name":"Falece Ir. Miria Kolling, \u00edcone da m\u00fasica lit\u00fargica"}]},{"@type":"Person","@id":"https:\/\/franciscanos.org.br\/noticias\/#\/schema\/person\/b38fbf43118f02820bd932f2e4b14ad3","name":"admin","image":{"@type":"ImageObject","inLanguage":"pt-BR","@id":"https:\/\/franciscanos.org.br\/noticias\/#\/schema\/person\/image\/","url":"https:\/\/secure.gravatar.com\/avatar\/e8495742d34d0ba6448ea1c628263b3e?s=96&d=mm&r=g","contentUrl":"https:\/\/secure.gravatar.com\/avatar\/e8495742d34d0ba6448ea1c628263b3e?s=96&d=mm&r=g","caption":"admin"},"url":"https:\/\/franciscanos.org.br\/noticias\/author\/admin"}]}},"_links":{"self":[{"href":"https:\/\/franciscanos.org.br\/noticias\/wp-json\/wp\/v2\/posts\/132924"}],"collection":[{"href":"https:\/\/franciscanos.org.br\/noticias\/wp-json\/wp\/v2\/posts"}],"about":[{"href":"https:\/\/franciscanos.org.br\/noticias\/wp-json\/wp\/v2\/types\/post"}],"author":[{"embeddable":true,"href":"https:\/\/franciscanos.org.br\/noticias\/wp-json\/wp\/v2\/users\/1"}],"replies":[{"embeddable":true,"href":"https:\/\/franciscanos.org.br\/noticias\/wp-json\/wp\/v2\/comments?post=132924"}],"version-history":[{"count":0,"href":"https:\/\/franciscanos.org.br\/noticias\/wp-json\/wp\/v2\/posts\/132924\/revisions"}],"wp:featuredmedia":[{"embeddable":true,"href":"https:\/\/franciscanos.org.br\/noticias\/wp-json\/wp\/v2\/media\/198685"}],"wp:attachment":[{"href":"https:\/\/franciscanos.org.br\/noticias\/wp-json\/wp\/v2\/media?parent=132924"}],"wp:term":[{"taxonomy":"category","embeddable":true,"href":"https:\/\/franciscanos.org.br\/noticias\/wp-json\/wp\/v2\/categories?post=132924"},{"taxonomy":"post_tag","embeddable":true,"href":"https:\/\/franciscanos.org.br\/noticias\/wp-json\/wp\/v2\/tags?post=132924"}],"curies":[{"name":"wp","href":"https:\/\/api.w.org\/{rel}","templated":true}]}}