{"id":132898,"date":"2017-05-05T10:08:24","date_gmt":"2017-05-05T13:08:24","guid":{"rendered":"http:\/\/franciscanos.org.br\/?p=132898"},"modified":"2020-06-09T08:57:39","modified_gmt":"2020-06-09T11:57:39","slug":"papa-nao-aos-rigidos-de-vida-dupla-na-igreja-e-necessaria-a-mansidao","status":"publish","type":"post","link":"https:\/\/franciscanos.org.br\/noticias\/papa-nao-aos-rigidos-de-vida-dupla-na-igreja-e-necessaria-a-mansidao.html","title":{"rendered":"N\u00e3o aos r\u00edgidos de vida dupla, na Igreja \u00e9 necess\u00e1rio mansid\u00e3o"},"content":{"rendered":"<p><img loading=\"lazy\" class=\"alignleft\" src=\"http:\/\/franciscanos.org.br\/wp-content\/uploads\/2017\/03\/martaG_200317.jpg\" alt=\"martaG_200317\" width=\"830\" height=\"401\" \/><strong>Cidade do Vaticano<\/strong> \u2013 Tamb\u00e9m hoje, na Igreja, existem pessoas que usam a rigidez para encobrir os pr\u00f3prios pecados. Esta foi a advert\u00eancia que o Papa Francisco fez na homilia da missa celebrada esta sexta-feira (05\/05) na capela da Casa Santa Marta.<\/p>\n<p>Comentando a Primeira Leitura, extra\u00edda dos Atos dos Ap\u00f3stolos, o Pont\u00edfice falou sobre a figura de S\u00e3o Paulo que, de r\u00edgido perseguidor, se tornou manso e paciente anunciador do Evangelho.<br \/>\n\u201cA primeira vez que aparece o nome de Saulo \u2013 observou Francisco \u2013 \u00e9 na lapida\u00e7\u00e3o de Estev\u00e3o\u201d. Saulo era um \u201cjovem, r\u00edgido, idealista\u201d e estava \u201cconvencido\u201d da rigidez da Lei.<\/p>\n<p><strong>N\u00e3o aos r\u00edgidos de vida dupla<\/strong><\/p>\n<p>Era r\u00edgido, comentou o Papa, mas \u201cera honesto\u201d. Ao inv\u00e9s, Jesus \u201cteve que condenar os r\u00edgidos que n\u00e3o eram honestos\u201d:<\/p>\n<p>\u201cS\u00e3o os r\u00edgidos de vida dupla: se mostram belos, honestos, mas quando ningu\u00e9m os v\u00ea, fazem coisas feias. Ao inv\u00e9s, este jovem era honesto: acreditava nisso. Quando falo disso, penso em muitos jovens que ca\u00edram na tenta\u00e7\u00e3o da rigidez, hoje, na Igreja. Alguns s\u00e3o honestos, s\u00e3o bons, devemos rezar para que o Senhor os ajude a crescer no caminho da mansid\u00e3o\u201d.<\/p>\n<p>Francisco prosseguiu dizendo que outras pessoas \u201cusa a rigidez para encobrir as fraquezas, pecados, doen\u00e7as de personalidade e usam a rigidez\u201d para se afirmar sobre os outros. O Papa observou que Saulo, crescido nesta rigidez, n\u00e3o pode tolerar aquela que para ele \u00e9 uma heresia e, assim, come\u00e7a a perseguir os crist\u00e3os. \u201cPelo menos \u2013 comenta o Pont\u00edfice com amargura \u2013 deixava as crian\u00e7as vivas: hoje, nem isso\u201d.<\/p>\n<p>Saulo ent\u00e3o vai a Damasco para capturar os crist\u00e3os e conduzi-los prisioneiros a Jerusal\u00e9m. E no caminho h\u00e1 o encontro \u201ccom outro homem que fala com uma linguagem de mansid\u00e3o: \u2018Saulo, Saulo, por que me persegues?\u2019\u201d.<\/p>\n<p><strong>De perseguidor, S\u00e3o Paulo se torna evangelizador<\/strong><\/p>\n<p>A crian\u00e7a, disse, \u201co rapaz r\u00edgido, que se fez homem r\u00edgido \u2013 mas honesto! \u2013 se fez crian\u00e7a e se deixou conduzir para onde o Senhor o chamou. A for\u00e7a da mansid\u00e3o do Senhor\u201d. Saulo se torna ent\u00e3o Paulo, anuncia o Senhor at\u00e9 o fim e sofre por Ele:<\/p>\n<p>\u201cE assim, este homem da pr\u00f3pria experi\u00eancia prega aos outros, de uma parte a outra: perseguido, com muitos problemas, inclusive na Igreja, tamb\u00e9m teve que sofrer com o fato que os pr\u00f3prios crist\u00e3os brigassem entre si. Mas ele, que tinha perseguido o Senhor com o zelo da Lei, dir\u00e1 aos crist\u00e3os: \u2018Com o mesmo que se afastaram do Senhor, pecaram, com a mente, com o corpo, com tudo, com os mesmos membros agora sejam perfeitos, deem gl\u00f3ria a Deus\u2019\u201d.<\/p>\n<p><strong>Que os r\u00edgidos sigam o caminho da mansid\u00e3o de Jesus<\/strong><\/p>\n<p>\u201cExiste o di\u00e1logo entre a sufici\u00eancia, a rigidez e a mansid\u00e3o\u201d, disse o Papa. \u201cO di\u00e1logo entre um homem honesto e Jesus que lhe fala com do\u00e7ura\u201d. E assim, destacou, \u201ccome\u00e7a a hist\u00f3ria deste homem que conhecemos ainda jovem, na lapida\u00e7\u00e3o de Estev\u00e3o, e que acabar\u00e1 tra\u00eddo por um crist\u00e3o\u201d. Para alguns, a vida de S\u00e3o Paulo \u201c\u00e9 uma fal\u00eancia\u201d, assim como aquela de Jesus:<\/p>\n<p>\u201cEste \u00e9 o caminho do crist\u00e3o: ir avante pelos vest\u00edgios que Jesus deixou, vest\u00edgios da prega\u00e7\u00e3o, do sofrimento, da Cruz, da ressurrei\u00e7\u00e3o. Pe\u00e7amos a Saulo, hoje, de modo especial pelos r\u00edgidos que existem na Igreja; pelos r\u00edgidos-honestos como ele, que t\u00eam zelo, mas erram. E pelos r\u00edgidos hip\u00f3critas, os de vida dupla, aqueles aos quais Jesus dizia: \u2018Fa\u00e7am o que dizem, mas n\u00e3o o que fazem\u2019. Hoje, rezemos pelos r\u00edgidos\u201d.<\/p>\n<hr \/>\n<p><em>Fonte: R\u00e1dio Vaticano<\/em><\/p>\n","protected":false},"excerpt":{"rendered":"<p>Missa em Santa Marta<\/p>\n","protected":false},"author":1,"featured_media":198691,"comment_status":"open","ping_status":"open","sticky":false,"template":"","format":"standard","meta":[],"categories":[1428],"tags":[1586],"acf":[],"yoast_head":"<!-- This site is optimized with the Yoast SEO plugin v19.2 - https:\/\/yoast.com\/wordpress\/plugins\/seo\/ -->\n<title>N\u00e3o aos r\u00edgidos de vida dupla, na Igreja \u00e9 necess\u00e1rio mansid\u00e3o - Not\u00edcias - Franciscanos<\/title>\n<meta name=\"robots\" content=\"index, follow, max-snippet:-1, max-image-preview:large, max-video-preview:-1\" \/>\n<link rel=\"canonical\" href=\"https:\/\/franciscanos.org.br\/noticias\/papa-nao-aos-rigidos-de-vida-dupla-na-igreja-e-necessaria-a-mansidao.html\" \/>\n<meta property=\"og:locale\" content=\"pt_BR\" \/>\n<meta property=\"og:type\" content=\"article\" \/>\n<meta property=\"og:title\" content=\"N\u00e3o aos r\u00edgidos de vida dupla, na Igreja \u00e9 necess\u00e1rio mansid\u00e3o - Not\u00edcias - Franciscanos\" \/>\n<meta property=\"og:description\" content=\"Missa em Santa Marta\" \/>\n<meta property=\"og:url\" content=\"https:\/\/franciscanos.org.br\/noticias\/papa-nao-aos-rigidos-de-vida-dupla-na-igreja-e-necessaria-a-mansidao.html\" \/>\n<meta property=\"og:site_name\" content=\"Not\u00edcias - Franciscanos\" \/>\n<meta property=\"article:published_time\" content=\"2017-05-05T13:08:24+00:00\" \/>\n<meta property=\"article:modified_time\" content=\"2020-06-09T11:57:39+00:00\" \/>\n<meta property=\"og:image\" content=\"https:\/\/franciscanos.org.br\/noticias\/wp-content\/uploads\/2017\/05\/martaG_200317.jpg\" \/>\n\t<meta property=\"og:image:width\" content=\"273\" \/>\n\t<meta property=\"og:image:height\" content=\"181\" \/>\n\t<meta property=\"og:image:type\" content=\"image\/jpeg\" \/>\n<meta name=\"author\" content=\"admin\" \/>\n<meta name=\"twitter:card\" content=\"summary_large_image\" \/>\n<meta name=\"twitter:label1\" content=\"Escrito por\" \/>\n\t<meta name=\"twitter:data1\" content=\"admin\" \/>\n\t<meta name=\"twitter:label2\" content=\"Est. tempo de leitura\" \/>\n\t<meta name=\"twitter:data2\" content=\"3 minutos\" \/>\n<script type=\"application\/ld+json\" class=\"yoast-schema-graph\">{\"@context\":\"https:\/\/schema.org\",\"@graph\":[{\"@type\":\"WebSite\",\"@id\":\"https:\/\/franciscanos.org.br\/noticias\/#website\",\"url\":\"https:\/\/franciscanos.org.br\/noticias\/\",\"name\":\"Not\u00edcias - Franciscanos\",\"description\":\"Prov\u00edncia Franciscana da Imaculada Concei\u00e7\u00e3o do Brasil - Ordem dos Frades Menores - OFM\",\"potentialAction\":[{\"@type\":\"SearchAction\",\"target\":{\"@type\":\"EntryPoint\",\"urlTemplate\":\"https:\/\/franciscanos.org.br\/noticias\/?s={search_term_string}\"},\"query-input\":\"required name=search_term_string\"}],\"inLanguage\":\"pt-BR\"},{\"@type\":\"ImageObject\",\"inLanguage\":\"pt-BR\",\"@id\":\"https:\/\/franciscanos.org.br\/noticias\/papa-nao-aos-rigidos-de-vida-dupla-na-igreja-e-necessaria-a-mansidao.html#primaryimage\",\"url\":\"https:\/\/franciscanos.org.br\/noticias\/wp-content\/uploads\/2017\/05\/martaG_200317.jpg\",\"contentUrl\":\"https:\/\/franciscanos.org.br\/noticias\/wp-content\/uploads\/2017\/05\/martaG_200317.jpg\",\"width\":273,\"height\":181},{\"@type\":\"WebPage\",\"@id\":\"https:\/\/franciscanos.org.br\/noticias\/papa-nao-aos-rigidos-de-vida-dupla-na-igreja-e-necessaria-a-mansidao.html#webpage\",\"url\":\"https:\/\/franciscanos.org.br\/noticias\/papa-nao-aos-rigidos-de-vida-dupla-na-igreja-e-necessaria-a-mansidao.html\",\"name\":\"N\u00e3o aos r\u00edgidos de vida dupla, na Igreja \u00e9 necess\u00e1rio mansid\u00e3o - Not\u00edcias - Franciscanos\",\"isPartOf\":{\"@id\":\"https:\/\/franciscanos.org.br\/noticias\/#website\"},\"primaryImageOfPage\":{\"@id\":\"https:\/\/franciscanos.org.br\/noticias\/papa-nao-aos-rigidos-de-vida-dupla-na-igreja-e-necessaria-a-mansidao.html#primaryimage\"},\"datePublished\":\"2017-05-05T13:08:24+00:00\",\"dateModified\":\"2020-06-09T11:57:39+00:00\",\"author\":{\"@id\":\"https:\/\/franciscanos.org.br\/noticias\/#\/schema\/person\/b38fbf43118f02820bd932f2e4b14ad3\"},\"breadcrumb\":{\"@id\":\"https:\/\/franciscanos.org.br\/noticias\/papa-nao-aos-rigidos-de-vida-dupla-na-igreja-e-necessaria-a-mansidao.html#breadcrumb\"},\"inLanguage\":\"pt-BR\",\"potentialAction\":[{\"@type\":\"ReadAction\",\"target\":[\"https:\/\/franciscanos.org.br\/noticias\/papa-nao-aos-rigidos-de-vida-dupla-na-igreja-e-necessaria-a-mansidao.html\"]}]},{\"@type\":\"BreadcrumbList\",\"@id\":\"https:\/\/franciscanos.org.br\/noticias\/papa-nao-aos-rigidos-de-vida-dupla-na-igreja-e-necessaria-a-mansidao.html#breadcrumb\",\"itemListElement\":[{\"@type\":\"ListItem\",\"position\":1,\"name\":\"Home\",\"item\":\"https:\/\/franciscanos.org.br\/noticias\"},{\"@type\":\"ListItem\",\"position\":2,\"name\":\"N\u00e3o aos r\u00edgidos de vida dupla, na Igreja \u00e9 necess\u00e1rio mansid\u00e3o\"}]},{\"@type\":\"Person\",\"@id\":\"https:\/\/franciscanos.org.br\/noticias\/#\/schema\/person\/b38fbf43118f02820bd932f2e4b14ad3\",\"name\":\"admin\",\"image\":{\"@type\":\"ImageObject\",\"inLanguage\":\"pt-BR\",\"@id\":\"https:\/\/franciscanos.org.br\/noticias\/#\/schema\/person\/image\/\",\"url\":\"https:\/\/secure.gravatar.com\/avatar\/e8495742d34d0ba6448ea1c628263b3e?s=96&d=mm&r=g\",\"contentUrl\":\"https:\/\/secure.gravatar.com\/avatar\/e8495742d34d0ba6448ea1c628263b3e?s=96&d=mm&r=g\",\"caption\":\"admin\"},\"url\":\"https:\/\/franciscanos.org.br\/noticias\/author\/admin\"}]}<\/script>\n<!-- \/ Yoast SEO plugin. -->","yoast_head_json":{"title":"N\u00e3o aos r\u00edgidos de vida dupla, na Igreja \u00e9 necess\u00e1rio mansid\u00e3o - Not\u00edcias - Franciscanos","robots":{"index":"index","follow":"follow","max-snippet":"max-snippet:-1","max-image-preview":"max-image-preview:large","max-video-preview":"max-video-preview:-1"},"canonical":"https:\/\/franciscanos.org.br\/noticias\/papa-nao-aos-rigidos-de-vida-dupla-na-igreja-e-necessaria-a-mansidao.html","og_locale":"pt_BR","og_type":"article","og_title":"N\u00e3o aos r\u00edgidos de vida dupla, na Igreja \u00e9 necess\u00e1rio mansid\u00e3o - Not\u00edcias - Franciscanos","og_description":"Missa em Santa Marta","og_url":"https:\/\/franciscanos.org.br\/noticias\/papa-nao-aos-rigidos-de-vida-dupla-na-igreja-e-necessaria-a-mansidao.html","og_site_name":"Not\u00edcias - Franciscanos","article_published_time":"2017-05-05T13:08:24+00:00","article_modified_time":"2020-06-09T11:57:39+00:00","og_image":[{"width":273,"height":181,"url":"https:\/\/franciscanos.org.br\/noticias\/wp-content\/uploads\/2017\/05\/martaG_200317.jpg","type":"image\/jpeg"}],"author":"admin","twitter_card":"summary_large_image","twitter_misc":{"Escrito por":"admin","Est. tempo de leitura":"3 minutos"},"schema":{"@context":"https:\/\/schema.org","@graph":[{"@type":"WebSite","@id":"https:\/\/franciscanos.org.br\/noticias\/#website","url":"https:\/\/franciscanos.org.br\/noticias\/","name":"Not\u00edcias - Franciscanos","description":"Prov\u00edncia Franciscana da Imaculada Concei\u00e7\u00e3o do Brasil - Ordem dos Frades Menores - OFM","potentialAction":[{"@type":"SearchAction","target":{"@type":"EntryPoint","urlTemplate":"https:\/\/franciscanos.org.br\/noticias\/?s={search_term_string}"},"query-input":"required name=search_term_string"}],"inLanguage":"pt-BR"},{"@type":"ImageObject","inLanguage":"pt-BR","@id":"https:\/\/franciscanos.org.br\/noticias\/papa-nao-aos-rigidos-de-vida-dupla-na-igreja-e-necessaria-a-mansidao.html#primaryimage","url":"https:\/\/franciscanos.org.br\/noticias\/wp-content\/uploads\/2017\/05\/martaG_200317.jpg","contentUrl":"https:\/\/franciscanos.org.br\/noticias\/wp-content\/uploads\/2017\/05\/martaG_200317.jpg","width":273,"height":181},{"@type":"WebPage","@id":"https:\/\/franciscanos.org.br\/noticias\/papa-nao-aos-rigidos-de-vida-dupla-na-igreja-e-necessaria-a-mansidao.html#webpage","url":"https:\/\/franciscanos.org.br\/noticias\/papa-nao-aos-rigidos-de-vida-dupla-na-igreja-e-necessaria-a-mansidao.html","name":"N\u00e3o aos r\u00edgidos de vida dupla, na Igreja \u00e9 necess\u00e1rio mansid\u00e3o - Not\u00edcias - Franciscanos","isPartOf":{"@id":"https:\/\/franciscanos.org.br\/noticias\/#website"},"primaryImageOfPage":{"@id":"https:\/\/franciscanos.org.br\/noticias\/papa-nao-aos-rigidos-de-vida-dupla-na-igreja-e-necessaria-a-mansidao.html#primaryimage"},"datePublished":"2017-05-05T13:08:24+00:00","dateModified":"2020-06-09T11:57:39+00:00","author":{"@id":"https:\/\/franciscanos.org.br\/noticias\/#\/schema\/person\/b38fbf43118f02820bd932f2e4b14ad3"},"breadcrumb":{"@id":"https:\/\/franciscanos.org.br\/noticias\/papa-nao-aos-rigidos-de-vida-dupla-na-igreja-e-necessaria-a-mansidao.html#breadcrumb"},"inLanguage":"pt-BR","potentialAction":[{"@type":"ReadAction","target":["https:\/\/franciscanos.org.br\/noticias\/papa-nao-aos-rigidos-de-vida-dupla-na-igreja-e-necessaria-a-mansidao.html"]}]},{"@type":"BreadcrumbList","@id":"https:\/\/franciscanos.org.br\/noticias\/papa-nao-aos-rigidos-de-vida-dupla-na-igreja-e-necessaria-a-mansidao.html#breadcrumb","itemListElement":[{"@type":"ListItem","position":1,"name":"Home","item":"https:\/\/franciscanos.org.br\/noticias"},{"@type":"ListItem","position":2,"name":"N\u00e3o aos r\u00edgidos de vida dupla, na Igreja \u00e9 necess\u00e1rio mansid\u00e3o"}]},{"@type":"Person","@id":"https:\/\/franciscanos.org.br\/noticias\/#\/schema\/person\/b38fbf43118f02820bd932f2e4b14ad3","name":"admin","image":{"@type":"ImageObject","inLanguage":"pt-BR","@id":"https:\/\/franciscanos.org.br\/noticias\/#\/schema\/person\/image\/","url":"https:\/\/secure.gravatar.com\/avatar\/e8495742d34d0ba6448ea1c628263b3e?s=96&d=mm&r=g","contentUrl":"https:\/\/secure.gravatar.com\/avatar\/e8495742d34d0ba6448ea1c628263b3e?s=96&d=mm&r=g","caption":"admin"},"url":"https:\/\/franciscanos.org.br\/noticias\/author\/admin"}]}},"_links":{"self":[{"href":"https:\/\/franciscanos.org.br\/noticias\/wp-json\/wp\/v2\/posts\/132898"}],"collection":[{"href":"https:\/\/franciscanos.org.br\/noticias\/wp-json\/wp\/v2\/posts"}],"about":[{"href":"https:\/\/franciscanos.org.br\/noticias\/wp-json\/wp\/v2\/types\/post"}],"author":[{"embeddable":true,"href":"https:\/\/franciscanos.org.br\/noticias\/wp-json\/wp\/v2\/users\/1"}],"replies":[{"embeddable":true,"href":"https:\/\/franciscanos.org.br\/noticias\/wp-json\/wp\/v2\/comments?post=132898"}],"version-history":[{"count":1,"href":"https:\/\/franciscanos.org.br\/noticias\/wp-json\/wp\/v2\/posts\/132898\/revisions"}],"predecessor-version":[{"id":225366,"href":"https:\/\/franciscanos.org.br\/noticias\/wp-json\/wp\/v2\/posts\/132898\/revisions\/225366"}],"wp:featuredmedia":[{"embeddable":true,"href":"https:\/\/franciscanos.org.br\/noticias\/wp-json\/wp\/v2\/media\/198691"}],"wp:attachment":[{"href":"https:\/\/franciscanos.org.br\/noticias\/wp-json\/wp\/v2\/media?parent=132898"}],"wp:term":[{"taxonomy":"category","embeddable":true,"href":"https:\/\/franciscanos.org.br\/noticias\/wp-json\/wp\/v2\/categories?post=132898"},{"taxonomy":"post_tag","embeddable":true,"href":"https:\/\/franciscanos.org.br\/noticias\/wp-json\/wp\/v2\/tags?post=132898"}],"curies":[{"name":"wp","href":"https:\/\/api.w.org\/{rel}","templated":true}]}}