{"id":132787,"date":"2017-05-04T12:56:50","date_gmt":"2017-05-04T15:56:50","guid":{"rendered":"http:\/\/franciscanos.org.br\/?p=132787"},"modified":"2020-06-09T08:59:07","modified_gmt":"2020-06-09T11:59:07","slug":"papa-pede-pelo-continente-africano","status":"publish","type":"post","link":"https:\/\/franciscanos.org.br\/noticias\/papa-pede-pelo-continente-africano.html","title":{"rendered":"Em mensagem, Papa reza pelo continente africano"},"content":{"rendered":"<p>No V\u00eddeo do Papa, promovido pelo Apostolado da Ora\u00e7\u00e3o, o\u00a0Pont\u00edfice pede ora\u00e7\u00f5es pelo continente africano. Ele destaca que na \u00c1frica h\u00e1 muito mais que recursos naturais, existe a alegria de viver e a esperan\u00e7a do povo. E alerta para as guerras e conflitos, que fazem muitas v\u00edtimas.<\/p>\n<p>\u201cQuando olhamos para a \u00c1frica, vemos muito mais do que seus grandes recursos naturais.<\/p>\n<p>Vemos sua alegria de viver e, acima de tudo, um motivo de esperan\u00e7a em seu rico patrim\u00f4nio intelectual, cultural e religioso.<\/p>\n<p>Mas n\u00e3o podemos deixar de ver as guerras fratricidas que causam tantas v\u00edtimas inocentes entre a popula\u00e7\u00e3o e destroem essas riquezas naturais e culturais.<br \/>\nVamos nos unir aos nossos irm\u00e3os e irm\u00e3s deste grande continente e pedir juntos pelos crist\u00e3os na \u00c1frica, para que deem um testemunho prof\u00e9tico de reconcilia\u00e7\u00e3o, de justi\u00e7a e de paz, imitando Jesus Misericordioso.\u201d<\/p>\n<p>O Pont\u00edfice conclui: &#8220;Pelos crist\u00e3os na \u00c1frica, para que deem um testemunho prof\u00e9tico de reconcilia\u00e7\u00e3o, de justi\u00e7a e de paz, imitando Jesus Misericordioso.&#8221;<\/p>\n<p><strong>Veja o v\u00eddeo:<\/strong><\/p>\n<p><iframe loading=\"lazy\" src=\"https:\/\/www.youtube.com\/embed\/_F-v2mMWxBk\" width=\"100%\" height=\"450\" frameborder=\"0\" allowfullscreen=\"allowfullscreen\"><\/iframe><\/p>\n<hr \/>\n<p><strong>PLEN\u00c1RIA DA SECRETARIA PARA A COMUNICA\u00c7\u00c3O: PAPA, ATEN\u00c7\u00c3O \u00c0S SITUA\u00c7\u00d5ES DE POBREZA<\/strong><\/p>\n<p><img loading=\"lazy\" src=\"http:\/\/franciscanos.org.br\/wp-content\/uploads\/2017\/05\/papa_040517.jpg\" alt=\"papa_040517\" width=\"830\" height=\"331\" \/><\/p>\n<p><strong>Cidade do Vaticano<\/strong> &#8211; O Papa Francisco recebeu nesta quinta-feira (04\/05), na Sala do Consist\u00f3rio, no Vaticano, quarenta participantes da primeira Plen\u00e1ria da Secretaria para a Comunica\u00e7\u00e3o (SPC).<\/p>\n<p>Este organismo vaticano est\u00e1 \u201ccomprometido em aprofundar o conhecimento rec\u00edproco e examinar os passos at\u00e9 agora realizados pelo dicast\u00e9rio que eu quis para renovar o sistema de comunica\u00e7\u00e3o da Santa S\u00e9, al\u00e9m de refletir sobre um tema atual e sugestivo como o da cultura digital\u201d.<\/p>\n<p>Francisco ressaltou que a plen\u00e1ria tem como objetivo \u201cestudar crit\u00e9rios e modalidades novas para comunicar o Evangelho da miseric\u00f3rdia a todas as pessoas, no cora\u00e7\u00e3o das v\u00e1rias culturas, atrav\u00e9s dos meios de comunica\u00e7\u00e3o que o novo contexto cultural digital coloca \u00e0 disposi\u00e7\u00e3o\u201d.<\/p>\n<p><strong>Plena reforma<\/strong><\/p>\n<p>\u201cEste dicast\u00e9rio, que completar\u00e1 dois anos em 27 de junho pr\u00f3ximo, se encontra em plena reforma, a partir do momento que \u00e9 uma realidade nova que est\u00e1 fazendo passos irrevers\u00edveis. Neste caso, n\u00e3o se trata de uma coordena\u00e7\u00e3o ou fus\u00e3o de dicast\u00e9rios precedentes, mas de construir uma verdadeira e pr\u00f3pria institui\u00e7\u00e3o a partir do zero, como escrevi no Motu proprio de sua funda\u00e7\u00e3o:<\/p>\n<p>\u00abO atual contexto comunicativo, caracterizado pela presen\u00e7a e pelo desenvolvimento dos meios de comunica\u00e7\u00e3o digitais, pelos fatores de converg\u00eancia e interatividade, exige uma revis\u00e3o do sistema informativo da Santa S\u00e9, comprometendo-a numa reorganiza\u00e7\u00e3o que, valorizando aquilo que ao longo da hist\u00f3ria se desenvolveu no interior da estrutura da comunica\u00e7\u00e3o da S\u00e9 Apost\u00f3lica, proceda decididamente rumo a uma integra\u00e7\u00e3o e gest\u00e3o unit\u00e1ria. Por estes motivos, determinei que todas as realidades que, de v\u00e1rios modos, at\u00e9 hoje se ocuparam da comunica\u00e7\u00e3o, sejam reunidas num novo Dicast\u00e9rio da C\u00faria Romana, que ser\u00e1 denominado Secretaria para a Comunica\u00e7\u00e3o. Desta forma, o sistema comunicativo da Santa S\u00e9 responder\u00e1 cada vez melhor \u00e0s exig\u00eancias da miss\u00e3o da Igreja.\u00bb<\/p>\n<p><strong>Converg\u00eancia digital<\/strong><\/p>\n<p>O Papa disse ainda que \u201ceste novo sistema de comunica\u00e7\u00e3o nasce da exig\u00eancia de converg\u00eancia digital. No passado, toda modalidade de comunica\u00e7\u00e3o tinha seus pr\u00f3prios canais. Toda forma expressiva tinha seu pr\u00f3prio meio: palavras escritas, jornal e livros, imagens, fotografias, cinema e televis\u00e3o, palavras proferidas, m\u00fasica, r\u00e1dio e CDs. Todas essas formas de comunica\u00e7\u00e3o hoje s\u00e3o transmitidas com um \u00fanico c\u00f3digo do sistema bin\u00e1rio.<\/p>\n<p>\u201cNeste quadro, o \u201cL\u2019Osservatore Romano\u201d, que do pr\u00f3ximo ano ir\u00e1 fazer parte do novo dicast\u00e9rio, dever\u00e1 encontrar uma modalidade nova e diferente para alcan\u00e7ar um n\u00famero de leitores superior ao que consegue realizar no formato de papel. A R\u00e1dio Vaticano, que h\u00e1 anos se tornou um conjunto de portais, deve ser repensada segundo novos modelos e se adequar \u00e0s modernas tecnologias e necessidades de nosso tempo. A prop\u00f3sito do servi\u00e7o radiof\u00f4nico, desejo sublinhar o esfor\u00e7o que o Dicast\u00e9rio est\u00e1 fazendo em rela\u00e7\u00e3o aos pa\u00edses de baixa disponibilidade tecnol\u00f3gica, penso por exemplo na \u00c1frica, para a racionaliza\u00e7\u00e3o das ondas curtas que nunca foram cortadas. Daqui a alguns meses a Livraria Editora Vaticana, antiga Tipografia Poliglota Vaticana, e tamb\u00e9m o \u201cL\u2019Osservatore Romano\u201d far\u00e3o parte da grande comunidade de trabalho do novo Dicast\u00e9rio. Isso requer a disponibilidade de se harmonizar com o novo design de produ\u00e7\u00e3o e distribui\u00e7\u00e3o.\u201d<\/p>\n<p><strong>Crit\u00e9rio<\/strong><\/p>\n<p>O Papa concluiu seu discurso, afirmando que \u201ca hist\u00f3ria \u00e9, sem d\u00favida, um patrim\u00f4nio de experi\u00eancias preciosas que deve ser conservada e usada como impulso para o futuro. Diferentemente, se reduziria a um museu, interessante e bonito de visitar, mas incapaz de dar for\u00e7a e coragem ao prosseguimento do caminho. Neste horizonte de constru\u00e7\u00e3o de um novo sistema de comunica\u00e7\u00e3o, se insere a forma\u00e7\u00e3o e atualiza\u00e7\u00e3o dos funcion\u00e1rios\u201d.<\/p>\n<p>\u201cCom a contribui\u00e7\u00e3o de cada um ser\u00e1 poss\u00edvel levar a termo esta reforma\u201d, disse Francisco. Segundo o Papa, o crit\u00e9rio que guia esta reforma \u201c\u00e9 apost\u00f3lico e mission\u00e1rio, com uma aten\u00e7\u00e3o especial \u00e0s situa\u00e7\u00f5es de pobreza e dificuldade, na consci\u00eancia de que tamb\u00e9m elas hoje devem ser enfrentadas com solu\u00e7\u00f5es adequadas\u201d. \u201cAssim, \u00e9 poss\u00edvel levar o Evangelho a todos, valorizar os recursos humanos, sem substituir a comunica\u00e7\u00e3o das Igrejas locais, e ao mesmo tempo, ajudar as comunidades eclesiais que mais precisam\u201d, concluiu.<\/p>\n<hr \/>\n<p><em>Fonte: R\u00e1dio Vaticano<\/em><\/p>\n","protected":false},"excerpt":{"rendered":"<p>V\u00eddeo do Papa<\/p>\n","protected":false},"author":1,"featured_media":198701,"comment_status":"open","ping_status":"open","sticky":false,"template":"","format":"standard","meta":[],"categories":[1428],"tags":[542],"acf":[],"yoast_head":"<!-- This site is optimized with the Yoast SEO plugin v19.2 - https:\/\/yoast.com\/wordpress\/plugins\/seo\/ -->\n<title>Em mensagem, Papa reza pelo continente africano - Not\u00edcias - Franciscanos<\/title>\n<meta name=\"robots\" content=\"index, follow, max-snippet:-1, max-image-preview:large, max-video-preview:-1\" \/>\n<link rel=\"canonical\" href=\"https:\/\/franciscanos.org.br\/noticias\/papa-pede-pelo-continente-africano.html\" \/>\n<meta property=\"og:locale\" content=\"pt_BR\" \/>\n<meta property=\"og:type\" content=\"article\" \/>\n<meta property=\"og:title\" content=\"Em mensagem, Papa reza pelo continente africano - Not\u00edcias - Franciscanos\" \/>\n<meta property=\"og:description\" content=\"V\u00eddeo do Papa\" \/>\n<meta property=\"og:url\" content=\"https:\/\/franciscanos.org.br\/noticias\/papa-pede-pelo-continente-africano.html\" \/>\n<meta property=\"og:site_name\" content=\"Not\u00edcias - Franciscanos\" \/>\n<meta property=\"article:published_time\" content=\"2017-05-04T15:56:50+00:00\" \/>\n<meta property=\"article:modified_time\" content=\"2020-06-09T11:59:07+00:00\" \/>\n<meta property=\"og:image\" content=\"https:\/\/franciscanos.org.br\/noticias\/wp-content\/uploads\/2017\/05\/video-papa.jpg\" \/>\n\t<meta property=\"og:image:width\" content=\"273\" \/>\n\t<meta property=\"og:image:height\" content=\"181\" \/>\n\t<meta property=\"og:image:type\" content=\"image\/jpeg\" \/>\n<meta name=\"author\" content=\"admin\" \/>\n<meta name=\"twitter:card\" content=\"summary_large_image\" \/>\n<meta name=\"twitter:label1\" content=\"Escrito por\" \/>\n\t<meta name=\"twitter:data1\" content=\"admin\" \/>\n\t<meta name=\"twitter:label2\" content=\"Est. tempo de leitura\" \/>\n\t<meta name=\"twitter:data2\" content=\"5 minutos\" \/>\n<script type=\"application\/ld+json\" class=\"yoast-schema-graph\">{\"@context\":\"https:\/\/schema.org\",\"@graph\":[{\"@type\":\"WebSite\",\"@id\":\"https:\/\/franciscanos.org.br\/noticias\/#website\",\"url\":\"https:\/\/franciscanos.org.br\/noticias\/\",\"name\":\"Not\u00edcias - Franciscanos\",\"description\":\"Prov\u00edncia Franciscana da Imaculada Concei\u00e7\u00e3o do Brasil - Ordem dos Frades Menores - OFM\",\"potentialAction\":[{\"@type\":\"SearchAction\",\"target\":{\"@type\":\"EntryPoint\",\"urlTemplate\":\"https:\/\/franciscanos.org.br\/noticias\/?s={search_term_string}\"},\"query-input\":\"required name=search_term_string\"}],\"inLanguage\":\"pt-BR\"},{\"@type\":\"ImageObject\",\"inLanguage\":\"pt-BR\",\"@id\":\"https:\/\/franciscanos.org.br\/noticias\/papa-pede-pelo-continente-africano.html#primaryimage\",\"url\":\"https:\/\/franciscanos.org.br\/noticias\/wp-content\/uploads\/2017\/05\/video-papa.jpg\",\"contentUrl\":\"https:\/\/franciscanos.org.br\/noticias\/wp-content\/uploads\/2017\/05\/video-papa.jpg\",\"width\":273,\"height\":181},{\"@type\":\"WebPage\",\"@id\":\"https:\/\/franciscanos.org.br\/noticias\/papa-pede-pelo-continente-africano.html#webpage\",\"url\":\"https:\/\/franciscanos.org.br\/noticias\/papa-pede-pelo-continente-africano.html\",\"name\":\"Em mensagem, Papa reza pelo continente africano - Not\u00edcias - Franciscanos\",\"isPartOf\":{\"@id\":\"https:\/\/franciscanos.org.br\/noticias\/#website\"},\"primaryImageOfPage\":{\"@id\":\"https:\/\/franciscanos.org.br\/noticias\/papa-pede-pelo-continente-africano.html#primaryimage\"},\"datePublished\":\"2017-05-04T15:56:50+00:00\",\"dateModified\":\"2020-06-09T11:59:07+00:00\",\"author\":{\"@id\":\"https:\/\/franciscanos.org.br\/noticias\/#\/schema\/person\/b38fbf43118f02820bd932f2e4b14ad3\"},\"breadcrumb\":{\"@id\":\"https:\/\/franciscanos.org.br\/noticias\/papa-pede-pelo-continente-africano.html#breadcrumb\"},\"inLanguage\":\"pt-BR\",\"potentialAction\":[{\"@type\":\"ReadAction\",\"target\":[\"https:\/\/franciscanos.org.br\/noticias\/papa-pede-pelo-continente-africano.html\"]}]},{\"@type\":\"BreadcrumbList\",\"@id\":\"https:\/\/franciscanos.org.br\/noticias\/papa-pede-pelo-continente-africano.html#breadcrumb\",\"itemListElement\":[{\"@type\":\"ListItem\",\"position\":1,\"name\":\"Home\",\"item\":\"https:\/\/franciscanos.org.br\/noticias\"},{\"@type\":\"ListItem\",\"position\":2,\"name\":\"Em mensagem, Papa reza pelo continente africano\"}]},{\"@type\":\"Person\",\"@id\":\"https:\/\/franciscanos.org.br\/noticias\/#\/schema\/person\/b38fbf43118f02820bd932f2e4b14ad3\",\"name\":\"admin\",\"image\":{\"@type\":\"ImageObject\",\"inLanguage\":\"pt-BR\",\"@id\":\"https:\/\/franciscanos.org.br\/noticias\/#\/schema\/person\/image\/\",\"url\":\"https:\/\/secure.gravatar.com\/avatar\/e8495742d34d0ba6448ea1c628263b3e?s=96&d=mm&r=g\",\"contentUrl\":\"https:\/\/secure.gravatar.com\/avatar\/e8495742d34d0ba6448ea1c628263b3e?s=96&d=mm&r=g\",\"caption\":\"admin\"},\"url\":\"https:\/\/franciscanos.org.br\/noticias\/author\/admin\"}]}<\/script>\n<!-- \/ Yoast SEO plugin. -->","yoast_head_json":{"title":"Em mensagem, Papa reza pelo continente africano - Not\u00edcias - Franciscanos","robots":{"index":"index","follow":"follow","max-snippet":"max-snippet:-1","max-image-preview":"max-image-preview:large","max-video-preview":"max-video-preview:-1"},"canonical":"https:\/\/franciscanos.org.br\/noticias\/papa-pede-pelo-continente-africano.html","og_locale":"pt_BR","og_type":"article","og_title":"Em mensagem, Papa reza pelo continente africano - Not\u00edcias - Franciscanos","og_description":"V\u00eddeo do Papa","og_url":"https:\/\/franciscanos.org.br\/noticias\/papa-pede-pelo-continente-africano.html","og_site_name":"Not\u00edcias - Franciscanos","article_published_time":"2017-05-04T15:56:50+00:00","article_modified_time":"2020-06-09T11:59:07+00:00","og_image":[{"width":273,"height":181,"url":"https:\/\/franciscanos.org.br\/noticias\/wp-content\/uploads\/2017\/05\/video-papa.jpg","type":"image\/jpeg"}],"author":"admin","twitter_card":"summary_large_image","twitter_misc":{"Escrito por":"admin","Est. tempo de leitura":"5 minutos"},"schema":{"@context":"https:\/\/schema.org","@graph":[{"@type":"WebSite","@id":"https:\/\/franciscanos.org.br\/noticias\/#website","url":"https:\/\/franciscanos.org.br\/noticias\/","name":"Not\u00edcias - Franciscanos","description":"Prov\u00edncia Franciscana da Imaculada Concei\u00e7\u00e3o do Brasil - Ordem dos Frades Menores - OFM","potentialAction":[{"@type":"SearchAction","target":{"@type":"EntryPoint","urlTemplate":"https:\/\/franciscanos.org.br\/noticias\/?s={search_term_string}"},"query-input":"required name=search_term_string"}],"inLanguage":"pt-BR"},{"@type":"ImageObject","inLanguage":"pt-BR","@id":"https:\/\/franciscanos.org.br\/noticias\/papa-pede-pelo-continente-africano.html#primaryimage","url":"https:\/\/franciscanos.org.br\/noticias\/wp-content\/uploads\/2017\/05\/video-papa.jpg","contentUrl":"https:\/\/franciscanos.org.br\/noticias\/wp-content\/uploads\/2017\/05\/video-papa.jpg","width":273,"height":181},{"@type":"WebPage","@id":"https:\/\/franciscanos.org.br\/noticias\/papa-pede-pelo-continente-africano.html#webpage","url":"https:\/\/franciscanos.org.br\/noticias\/papa-pede-pelo-continente-africano.html","name":"Em mensagem, Papa reza pelo continente africano - Not\u00edcias - Franciscanos","isPartOf":{"@id":"https:\/\/franciscanos.org.br\/noticias\/#website"},"primaryImageOfPage":{"@id":"https:\/\/franciscanos.org.br\/noticias\/papa-pede-pelo-continente-africano.html#primaryimage"},"datePublished":"2017-05-04T15:56:50+00:00","dateModified":"2020-06-09T11:59:07+00:00","author":{"@id":"https:\/\/franciscanos.org.br\/noticias\/#\/schema\/person\/b38fbf43118f02820bd932f2e4b14ad3"},"breadcrumb":{"@id":"https:\/\/franciscanos.org.br\/noticias\/papa-pede-pelo-continente-africano.html#breadcrumb"},"inLanguage":"pt-BR","potentialAction":[{"@type":"ReadAction","target":["https:\/\/franciscanos.org.br\/noticias\/papa-pede-pelo-continente-africano.html"]}]},{"@type":"BreadcrumbList","@id":"https:\/\/franciscanos.org.br\/noticias\/papa-pede-pelo-continente-africano.html#breadcrumb","itemListElement":[{"@type":"ListItem","position":1,"name":"Home","item":"https:\/\/franciscanos.org.br\/noticias"},{"@type":"ListItem","position":2,"name":"Em mensagem, Papa reza pelo continente africano"}]},{"@type":"Person","@id":"https:\/\/franciscanos.org.br\/noticias\/#\/schema\/person\/b38fbf43118f02820bd932f2e4b14ad3","name":"admin","image":{"@type":"ImageObject","inLanguage":"pt-BR","@id":"https:\/\/franciscanos.org.br\/noticias\/#\/schema\/person\/image\/","url":"https:\/\/secure.gravatar.com\/avatar\/e8495742d34d0ba6448ea1c628263b3e?s=96&d=mm&r=g","contentUrl":"https:\/\/secure.gravatar.com\/avatar\/e8495742d34d0ba6448ea1c628263b3e?s=96&d=mm&r=g","caption":"admin"},"url":"https:\/\/franciscanos.org.br\/noticias\/author\/admin"}]}},"_links":{"self":[{"href":"https:\/\/franciscanos.org.br\/noticias\/wp-json\/wp\/v2\/posts\/132787"}],"collection":[{"href":"https:\/\/franciscanos.org.br\/noticias\/wp-json\/wp\/v2\/posts"}],"about":[{"href":"https:\/\/franciscanos.org.br\/noticias\/wp-json\/wp\/v2\/types\/post"}],"author":[{"embeddable":true,"href":"https:\/\/franciscanos.org.br\/noticias\/wp-json\/wp\/v2\/users\/1"}],"replies":[{"embeddable":true,"href":"https:\/\/franciscanos.org.br\/noticias\/wp-json\/wp\/v2\/comments?post=132787"}],"version-history":[{"count":1,"href":"https:\/\/franciscanos.org.br\/noticias\/wp-json\/wp\/v2\/posts\/132787\/revisions"}],"predecessor-version":[{"id":225368,"href":"https:\/\/franciscanos.org.br\/noticias\/wp-json\/wp\/v2\/posts\/132787\/revisions\/225368"}],"wp:featuredmedia":[{"embeddable":true,"href":"https:\/\/franciscanos.org.br\/noticias\/wp-json\/wp\/v2\/media\/198701"}],"wp:attachment":[{"href":"https:\/\/franciscanos.org.br\/noticias\/wp-json\/wp\/v2\/media?parent=132787"}],"wp:term":[{"taxonomy":"category","embeddable":true,"href":"https:\/\/franciscanos.org.br\/noticias\/wp-json\/wp\/v2\/categories?post=132787"},{"taxonomy":"post_tag","embeddable":true,"href":"https:\/\/franciscanos.org.br\/noticias\/wp-json\/wp\/v2\/tags?post=132787"}],"curies":[{"name":"wp","href":"https:\/\/api.w.org\/{rel}","templated":true}]}}