{"id":132755,"date":"2017-05-04T08:28:33","date_gmt":"2017-05-04T11:28:33","guid":{"rendered":"http:\/\/franciscanos.org.br\/?p=132755"},"modified":"2020-06-09T09:00:13","modified_gmt":"2020-06-09T12:00:13","slug":"a-igreja-deve-estar-em-pe-em-caminho-e-em-escuta","status":"publish","type":"post","link":"https:\/\/franciscanos.org.br\/noticias\/a-igreja-deve-estar-em-pe-em-caminho-e-em-escuta.html","title":{"rendered":"A Igreja deve estar em p\u00e9, em caminho e em escuta"},"content":{"rendered":"<p><img loading=\"lazy\" class=\"alignnone size-full wp-image-213122\" src=\"https:\/\/franciscanos.org.br\/noticias\/wp-content\/uploads\/2017\/05\/marta_240117-4.jpg\" alt=\"\" width=\"830\" height=\"450\" srcset=\"https:\/\/franciscanos.org.br\/noticias\/wp-content\/uploads\/2017\/05\/marta_240117-4.jpg 830w, https:\/\/franciscanos.org.br\/noticias\/wp-content\/uploads\/2017\/05\/marta_240117-4-450x244.jpg 450w, https:\/\/franciscanos.org.br\/noticias\/wp-content\/uploads\/2017\/05\/marta_240117-4-768x416.jpg 768w, https:\/\/franciscanos.org.br\/noticias\/wp-content\/uploads\/2017\/05\/marta_240117-4-150x81.jpg 150w\" sizes=\"(max-width: 830px) 100vw, 830px\" \/><br \/>\n<strong>Cidade do Vaticano \u2013<\/strong> Antes de iniciar sua s\u00e9rie de audi\u00eancias esta quinta-feira (04\/05), o Papa Francisco celebrou a missa na capela da Casa Santa Marta. Em sua homilia, o Pont\u00edfice comentou tr\u00eas palavras extra\u00eddas da Primeira Leitura do cap\u00edtulo 8 dos Atos dos Ap\u00f3stolos, convidando os fi\u00e9is a relerem este trecho depois com calma em casa. A primeira express\u00e3o \u00e9 \u201cPrepara-te e vai\u201d, dirigida por um Anjo a Filipe. \u201cEste \u00e9 um sinal da evangeliza\u00e7\u00e3o\u201d, disse o Papa. De fato, a voca\u00e7\u00e3o e a grande consola\u00e7\u00e3o da Igreja \u00e9 evangelizar: \u201cMas para evangelizar, \u201cprepara-te e vai\u201d. N\u00e3o diz: \u201cFique sentado, tranquilo, em casa\u201d: n\u00e3o! A Igreja, para ser sempre fiel ao Senhor, deve estar em p\u00e9 e em caminho: \u201cPrepara-te e vai\u201d. Uma Igreja que n\u00e3o se levanta, que n\u00e3o est\u00e1 em caminho, adoece\u201d.<\/p>\n<p>Uma Igreja parada, acrescentou o Papa, acaba fechada com tantos traumas psicol\u00f3gicos e espirituais, \u201cfechada no pequeno mundo das fofocas, das coisas&#8230; fechada, sem horizontes\u201d. \u201cPrepara-te e vai, em p\u00e9 e em caminho. Assim deve agir a Igreja na evangeliza\u00e7\u00e3o\u201d, destacou.<\/p>\n<p>\u201cAproxima-te desse carro e acompanha-o\u201d \u00e9 a exorta\u00e7\u00e3o sucessiva que Filipe recebe do Esp\u00edrito, e a segunda express\u00e3o evidenciada pelo Pont\u00edfice. No carro, havia um eunuco et\u00edope, que foi a Jerusal\u00e9m para adorar Deus e que, enquanto viajava, lia o profeta Isa\u00edas. Trata-se da \u201cconvers\u00e3o de um ministro da economia\u201d e, portanto, destacou o Papa, de \u201cum grande milagre\u201d. O Esp\u00edrito exorta Filipe a se aproximar daquele homem, \u201cn\u00e3o lhe diz para pregar\u201d, afirmou Francisco, ressaltando a import\u00e2ncia de uma Igreja que saiba ouvir a inquieta\u00e7\u00e3o do cora\u00e7\u00e3o de todo o homem:<br \/>\n\u201cTodos os homens, todas as mulheres t\u00eam uma inquieta\u00e7\u00e3o no cora\u00e7\u00e3o, boa ou ruim, mas h\u00e1 uma inquieta\u00e7\u00e3o. Ou\u00e7a aquela inquieta\u00e7\u00e3o. N\u00e3o diz: \u201cVai e fa\u00e7a proselitismo\u201d. N\u00e3o, n\u00e3o! \u201cVai e ouve\u201d. Ouvir \u00e9 o segundo passo. O primeiro \u00e9 \u201cPrepara-te e vai\u201d; o segundo, \u201couve\u201d. Aquela capacidade de escuta: o que as pessoas sentem, o que sente o cora\u00e7\u00e3o dessa gente, o que pensam&#8230; Mas pensam coisas erradas? Mas eu quero ouvir essas coisas erradas, para entender bem onde est\u00e1 a inquieta\u00e7\u00e3o. Todos temos uma inquieta\u00e7\u00e3o dentro de n\u00f3s. O segundo passo da Igreja \u00e9 encontrar a inquieta\u00e7\u00e3o das pessoas\u201d.<\/p>\n<p>Depois, \u00e9 o pr\u00f3prio et\u00edope que, vendo Filipe se aproximar, lhe pergunta de quem falava o Profeta Isa\u00edas e o convida a subir e sentar-se junto a ele. Ent\u00e3o, \u201ccom mansid\u00e3o\u201d \u2013 destacou o Papa \u2013 Filipe come\u00e7a \u201ca pregar\u201d. Assim, \u201ca sua inquieta\u00e7\u00e3o encontra uma explica\u00e7\u00e3o que enche de esperan\u00e7a o seu cora\u00e7\u00e3o\u201d. \u201cMas isso \u2013 prosseguiu Francisco \u2013 foi poss\u00edvel porque Filipe se aproximou e ouviu\u201d.<\/p>\n<p>Enquanto o et\u00edope ouvia, o Senhor trabalhava dentro dele. Deste modo, o homem entende que a profecia de Isa\u00edas se referia a Jesus. A sua f\u00e9 em Jesus ent\u00e3o cresceu a tal ponto que, quando chegaram onde estava a \u00e1gua, pede para ser batizado. \u201cFoi ele quem pediu o Batismo, porque o Esp\u00edrito tinha trabalhado no cora\u00e7\u00e3o\u201d, notou o Papa, exortando a deixar o Esp\u00edrito trabalhar no cora\u00e7\u00e3o das pessoas. Depois do Batismo, o Esp\u00edrito, \u201cque est\u00e1 sempre presente\u201d, pega Filipe e o leva a outra parte, e o eunuco \u201ccheio de alegria\u201d prosseguiu o seu caminho.<\/p>\n<p>A terceira palavra que o Papa destaca \u00e9, por fim, a alegria: \u201ca alegria do crist\u00e3o\u201d. Francisco concluiu a homilia fazendo votos de que a Igreja esteja \u201cem p\u00e9\u201d, \u201cm\u00e3e\u201d que ouve e, \u201ccom a gra\u00e7a do Esp\u00edrito Santo\u201d, \u201cencontra a Palavra a dizer\u201d: \u201cA Igreja m\u00e3e que d\u00e1 \u00e0 luz a tantos filhos com este m\u00e9todo digamos \u2013 usemos a palavra \u2013 este m\u00e9todo que n\u00e3o \u00e9 proselitista: \u00e9 o m\u00e9todo do testemunho \u00e0 obedi\u00eancia. A Igreja, que hoje nos diz: \u201cAlegra-te\u201d. Alegrar-se, a alegria. A alegria de ser crist\u00e3os inclusive nos momentos mais duros, porque depois da lapida\u00e7\u00e3o de Estev\u00e3o, teve in\u00edcio uma grande persegui\u00e7\u00e3o e os crist\u00e3os se espalharam por todos os lugares, como a semente que o vento leva. E foram eles que pregaram a Palavra de Jesus. Que o Senhor nos d\u00ea a gra\u00e7a a todos n\u00f3s de viver a Igreja assim: em p\u00e9 e em sa\u00edda, em escuta das inquieta\u00e7\u00f5es das pessoas e sempre em alegria\u201d.<\/p>\n<hr \/>\n<p><em>Fonte: R\u00e1dio Vaticano<\/em><\/p>\n","protected":false},"excerpt":{"rendered":"<p>Missa em Santa Marta<\/p>\n","protected":false},"author":1,"featured_media":213124,"comment_status":"open","ping_status":"open","sticky":false,"template":"","format":"standard","meta":[],"categories":[1428],"tags":[1586],"acf":[],"yoast_head":"<!-- This site is optimized with the Yoast SEO plugin v19.2 - https:\/\/yoast.com\/wordpress\/plugins\/seo\/ -->\n<title>A Igreja deve estar em p\u00e9, em caminho e em escuta - Not\u00edcias - Franciscanos<\/title>\n<meta name=\"robots\" content=\"index, follow, max-snippet:-1, max-image-preview:large, max-video-preview:-1\" \/>\n<link rel=\"canonical\" href=\"https:\/\/franciscanos.org.br\/noticias\/a-igreja-deve-estar-em-pe-em-caminho-e-em-escuta.html\" \/>\n<meta property=\"og:locale\" content=\"pt_BR\" \/>\n<meta property=\"og:type\" content=\"article\" \/>\n<meta property=\"og:title\" content=\"A Igreja deve estar em p\u00e9, em caminho e em escuta - Not\u00edcias - Franciscanos\" \/>\n<meta property=\"og:description\" content=\"Missa em Santa Marta\" \/>\n<meta property=\"og:url\" content=\"https:\/\/franciscanos.org.br\/noticias\/a-igreja-deve-estar-em-pe-em-caminho-e-em-escuta.html\" \/>\n<meta property=\"og:site_name\" content=\"Not\u00edcias - Franciscanos\" \/>\n<meta property=\"article:published_time\" content=\"2017-05-04T11:28:33+00:00\" \/>\n<meta property=\"article:modified_time\" content=\"2020-06-09T12:00:13+00:00\" \/>\n<meta property=\"og:image\" content=\"https:\/\/franciscanos.org.br\/noticias\/wp-content\/uploads\/2017\/05\/marta_240117d.jpg\" \/>\n\t<meta property=\"og:image:width\" content=\"273\" \/>\n\t<meta property=\"og:image:height\" content=\"181\" \/>\n\t<meta property=\"og:image:type\" content=\"image\/jpeg\" \/>\n<meta name=\"author\" content=\"admin\" \/>\n<meta name=\"twitter:card\" content=\"summary_large_image\" \/>\n<meta name=\"twitter:label1\" content=\"Escrito por\" \/>\n\t<meta name=\"twitter:data1\" content=\"admin\" \/>\n\t<meta name=\"twitter:label2\" content=\"Est. tempo de leitura\" \/>\n\t<meta name=\"twitter:data2\" content=\"4 minutos\" \/>\n<script type=\"application\/ld+json\" class=\"yoast-schema-graph\">{\"@context\":\"https:\/\/schema.org\",\"@graph\":[{\"@type\":\"WebSite\",\"@id\":\"https:\/\/franciscanos.org.br\/noticias\/#website\",\"url\":\"https:\/\/franciscanos.org.br\/noticias\/\",\"name\":\"Not\u00edcias - Franciscanos\",\"description\":\"Prov\u00edncia Franciscana da Imaculada Concei\u00e7\u00e3o do Brasil - Ordem dos Frades Menores - OFM\",\"potentialAction\":[{\"@type\":\"SearchAction\",\"target\":{\"@type\":\"EntryPoint\",\"urlTemplate\":\"https:\/\/franciscanos.org.br\/noticias\/?s={search_term_string}\"},\"query-input\":\"required name=search_term_string\"}],\"inLanguage\":\"pt-BR\"},{\"@type\":\"ImageObject\",\"inLanguage\":\"pt-BR\",\"@id\":\"https:\/\/franciscanos.org.br\/noticias\/a-igreja-deve-estar-em-pe-em-caminho-e-em-escuta.html#primaryimage\",\"url\":\"https:\/\/franciscanos.org.br\/noticias\/wp-content\/uploads\/2017\/05\/marta_240117d.jpg\",\"contentUrl\":\"https:\/\/franciscanos.org.br\/noticias\/wp-content\/uploads\/2017\/05\/marta_240117d.jpg\",\"width\":273,\"height\":181},{\"@type\":\"WebPage\",\"@id\":\"https:\/\/franciscanos.org.br\/noticias\/a-igreja-deve-estar-em-pe-em-caminho-e-em-escuta.html#webpage\",\"url\":\"https:\/\/franciscanos.org.br\/noticias\/a-igreja-deve-estar-em-pe-em-caminho-e-em-escuta.html\",\"name\":\"A Igreja deve estar em p\u00e9, em caminho e em escuta - Not\u00edcias - Franciscanos\",\"isPartOf\":{\"@id\":\"https:\/\/franciscanos.org.br\/noticias\/#website\"},\"primaryImageOfPage\":{\"@id\":\"https:\/\/franciscanos.org.br\/noticias\/a-igreja-deve-estar-em-pe-em-caminho-e-em-escuta.html#primaryimage\"},\"datePublished\":\"2017-05-04T11:28:33+00:00\",\"dateModified\":\"2020-06-09T12:00:13+00:00\",\"author\":{\"@id\":\"https:\/\/franciscanos.org.br\/noticias\/#\/schema\/person\/b38fbf43118f02820bd932f2e4b14ad3\"},\"breadcrumb\":{\"@id\":\"https:\/\/franciscanos.org.br\/noticias\/a-igreja-deve-estar-em-pe-em-caminho-e-em-escuta.html#breadcrumb\"},\"inLanguage\":\"pt-BR\",\"potentialAction\":[{\"@type\":\"ReadAction\",\"target\":[\"https:\/\/franciscanos.org.br\/noticias\/a-igreja-deve-estar-em-pe-em-caminho-e-em-escuta.html\"]}]},{\"@type\":\"BreadcrumbList\",\"@id\":\"https:\/\/franciscanos.org.br\/noticias\/a-igreja-deve-estar-em-pe-em-caminho-e-em-escuta.html#breadcrumb\",\"itemListElement\":[{\"@type\":\"ListItem\",\"position\":1,\"name\":\"Home\",\"item\":\"https:\/\/franciscanos.org.br\/noticias\"},{\"@type\":\"ListItem\",\"position\":2,\"name\":\"A Igreja deve estar em p\u00e9, em caminho e em escuta\"}]},{\"@type\":\"Person\",\"@id\":\"https:\/\/franciscanos.org.br\/noticias\/#\/schema\/person\/b38fbf43118f02820bd932f2e4b14ad3\",\"name\":\"admin\",\"image\":{\"@type\":\"ImageObject\",\"inLanguage\":\"pt-BR\",\"@id\":\"https:\/\/franciscanos.org.br\/noticias\/#\/schema\/person\/image\/\",\"url\":\"https:\/\/secure.gravatar.com\/avatar\/e8495742d34d0ba6448ea1c628263b3e?s=96&d=mm&r=g\",\"contentUrl\":\"https:\/\/secure.gravatar.com\/avatar\/e8495742d34d0ba6448ea1c628263b3e?s=96&d=mm&r=g\",\"caption\":\"admin\"},\"url\":\"https:\/\/franciscanos.org.br\/noticias\/author\/admin\"}]}<\/script>\n<!-- \/ Yoast SEO plugin. -->","yoast_head_json":{"title":"A Igreja deve estar em p\u00e9, em caminho e em escuta - Not\u00edcias - Franciscanos","robots":{"index":"index","follow":"follow","max-snippet":"max-snippet:-1","max-image-preview":"max-image-preview:large","max-video-preview":"max-video-preview:-1"},"canonical":"https:\/\/franciscanos.org.br\/noticias\/a-igreja-deve-estar-em-pe-em-caminho-e-em-escuta.html","og_locale":"pt_BR","og_type":"article","og_title":"A Igreja deve estar em p\u00e9, em caminho e em escuta - Not\u00edcias - Franciscanos","og_description":"Missa em Santa Marta","og_url":"https:\/\/franciscanos.org.br\/noticias\/a-igreja-deve-estar-em-pe-em-caminho-e-em-escuta.html","og_site_name":"Not\u00edcias - Franciscanos","article_published_time":"2017-05-04T11:28:33+00:00","article_modified_time":"2020-06-09T12:00:13+00:00","og_image":[{"width":273,"height":181,"url":"https:\/\/franciscanos.org.br\/noticias\/wp-content\/uploads\/2017\/05\/marta_240117d.jpg","type":"image\/jpeg"}],"author":"admin","twitter_card":"summary_large_image","twitter_misc":{"Escrito por":"admin","Est. tempo de leitura":"4 minutos"},"schema":{"@context":"https:\/\/schema.org","@graph":[{"@type":"WebSite","@id":"https:\/\/franciscanos.org.br\/noticias\/#website","url":"https:\/\/franciscanos.org.br\/noticias\/","name":"Not\u00edcias - Franciscanos","description":"Prov\u00edncia Franciscana da Imaculada Concei\u00e7\u00e3o do Brasil - Ordem dos Frades Menores - OFM","potentialAction":[{"@type":"SearchAction","target":{"@type":"EntryPoint","urlTemplate":"https:\/\/franciscanos.org.br\/noticias\/?s={search_term_string}"},"query-input":"required name=search_term_string"}],"inLanguage":"pt-BR"},{"@type":"ImageObject","inLanguage":"pt-BR","@id":"https:\/\/franciscanos.org.br\/noticias\/a-igreja-deve-estar-em-pe-em-caminho-e-em-escuta.html#primaryimage","url":"https:\/\/franciscanos.org.br\/noticias\/wp-content\/uploads\/2017\/05\/marta_240117d.jpg","contentUrl":"https:\/\/franciscanos.org.br\/noticias\/wp-content\/uploads\/2017\/05\/marta_240117d.jpg","width":273,"height":181},{"@type":"WebPage","@id":"https:\/\/franciscanos.org.br\/noticias\/a-igreja-deve-estar-em-pe-em-caminho-e-em-escuta.html#webpage","url":"https:\/\/franciscanos.org.br\/noticias\/a-igreja-deve-estar-em-pe-em-caminho-e-em-escuta.html","name":"A Igreja deve estar em p\u00e9, em caminho e em escuta - Not\u00edcias - Franciscanos","isPartOf":{"@id":"https:\/\/franciscanos.org.br\/noticias\/#website"},"primaryImageOfPage":{"@id":"https:\/\/franciscanos.org.br\/noticias\/a-igreja-deve-estar-em-pe-em-caminho-e-em-escuta.html#primaryimage"},"datePublished":"2017-05-04T11:28:33+00:00","dateModified":"2020-06-09T12:00:13+00:00","author":{"@id":"https:\/\/franciscanos.org.br\/noticias\/#\/schema\/person\/b38fbf43118f02820bd932f2e4b14ad3"},"breadcrumb":{"@id":"https:\/\/franciscanos.org.br\/noticias\/a-igreja-deve-estar-em-pe-em-caminho-e-em-escuta.html#breadcrumb"},"inLanguage":"pt-BR","potentialAction":[{"@type":"ReadAction","target":["https:\/\/franciscanos.org.br\/noticias\/a-igreja-deve-estar-em-pe-em-caminho-e-em-escuta.html"]}]},{"@type":"BreadcrumbList","@id":"https:\/\/franciscanos.org.br\/noticias\/a-igreja-deve-estar-em-pe-em-caminho-e-em-escuta.html#breadcrumb","itemListElement":[{"@type":"ListItem","position":1,"name":"Home","item":"https:\/\/franciscanos.org.br\/noticias"},{"@type":"ListItem","position":2,"name":"A Igreja deve estar em p\u00e9, em caminho e em escuta"}]},{"@type":"Person","@id":"https:\/\/franciscanos.org.br\/noticias\/#\/schema\/person\/b38fbf43118f02820bd932f2e4b14ad3","name":"admin","image":{"@type":"ImageObject","inLanguage":"pt-BR","@id":"https:\/\/franciscanos.org.br\/noticias\/#\/schema\/person\/image\/","url":"https:\/\/secure.gravatar.com\/avatar\/e8495742d34d0ba6448ea1c628263b3e?s=96&d=mm&r=g","contentUrl":"https:\/\/secure.gravatar.com\/avatar\/e8495742d34d0ba6448ea1c628263b3e?s=96&d=mm&r=g","caption":"admin"},"url":"https:\/\/franciscanos.org.br\/noticias\/author\/admin"}]}},"_links":{"self":[{"href":"https:\/\/franciscanos.org.br\/noticias\/wp-json\/wp\/v2\/posts\/132755"}],"collection":[{"href":"https:\/\/franciscanos.org.br\/noticias\/wp-json\/wp\/v2\/posts"}],"about":[{"href":"https:\/\/franciscanos.org.br\/noticias\/wp-json\/wp\/v2\/types\/post"}],"author":[{"embeddable":true,"href":"https:\/\/franciscanos.org.br\/noticias\/wp-json\/wp\/v2\/users\/1"}],"replies":[{"embeddable":true,"href":"https:\/\/franciscanos.org.br\/noticias\/wp-json\/wp\/v2\/comments?post=132755"}],"version-history":[{"count":1,"href":"https:\/\/franciscanos.org.br\/noticias\/wp-json\/wp\/v2\/posts\/132755\/revisions"}],"predecessor-version":[{"id":225370,"href":"https:\/\/franciscanos.org.br\/noticias\/wp-json\/wp\/v2\/posts\/132755\/revisions\/225370"}],"wp:featuredmedia":[{"embeddable":true,"href":"https:\/\/franciscanos.org.br\/noticias\/wp-json\/wp\/v2\/media\/213124"}],"wp:attachment":[{"href":"https:\/\/franciscanos.org.br\/noticias\/wp-json\/wp\/v2\/media?parent=132755"}],"wp:term":[{"taxonomy":"category","embeddable":true,"href":"https:\/\/franciscanos.org.br\/noticias\/wp-json\/wp\/v2\/categories?post=132755"},{"taxonomy":"post_tag","embeddable":true,"href":"https:\/\/franciscanos.org.br\/noticias\/wp-json\/wp\/v2\/tags?post=132755"}],"curies":[{"name":"wp","href":"https:\/\/api.w.org\/{rel}","templated":true}]}}