{"id":132735,"date":"2017-05-03T17:13:56","date_gmt":"2017-05-03T20:13:56","guid":{"rendered":"http:\/\/franciscanos.org.br\/?p=132735"},"modified":"2020-06-09T09:00:59","modified_gmt":"2020-06-09T12:00:59","slug":"papa-alerta-os-jovens-religiosos-cuidado-com-a-hipocrisia","status":"publish","type":"post","link":"https:\/\/franciscanos.org.br\/noticias\/papa-alerta-os-jovens-religiosos-cuidado-com-a-hipocrisia.html","title":{"rendered":"Papa alerta religiosos: &#8220;Cuidado com a hipocrisia&#8221;"},"content":{"rendered":"<p><img loading=\"lazy\" src=\"http:\/\/franciscanos.org.br\/wp-content\/uploads\/2017\/01\/papa_180117.jpg\" alt=\"papa_180117\" width=\"820\" height=\"383\" \/><br \/>\n\u201cCuidado com a hipocrisia na Igreja: \u00e9 uma peste!\u201d E cuidado tamb\u00e9m com todos aqueles jovens que \u201cquerem entrar no semin\u00e1rio porque sentem que s\u00e3o incapazes de se virar sozinhos no mundo\u201d. Se forem particularmente \u201cdiplom\u00e1ticos\u201d ou \u201cmentirosos\u201d, \u00e9 melhor convid\u00e1-los para voltarem atr\u00e1s. \u201cOs melhores\u201d, no entanto, que \u201cos superiores os mandem \u00e0 periferia\u201d. Esse \u00e9 o seu lugar.<\/p>\n<p>A reportagem \u00e9 de Salvatore Cernuzio, publicada por <strong>Vatican Insider<\/strong>, 02-05-2017. A tradu\u00e7\u00e3o \u00e9 de <a href=\"http:\/\/www.ihu.unisinos.br\/567220-papa-aos-salesianos-cuidado-com-aqueles-que-entram-no-seminario-por-serem-incapazes-de-se-virar-sozinhos-no-mundo\" target=\"_blank\" rel=\"noopener noreferrer\"><strong>Mois\u00e9s Sbardelotto (Ihu\/Unisinos)<\/strong><\/a>.<\/p>\n<p>S\u00e3o alguns flashes da longa conversa do Papa Francisco nessa ter\u00e7a-feira com um grupo de novi\u00e7os e pr\u00e9-novi\u00e7os salesianos, com os quais ele se encontrou privadamente na Casa Santa Marta, perto do meio-dia. O encontro n\u00e3o aparecia na agenda do pont\u00edfice, mas foi revelado no Facebook com uma \u201ctransmiss\u00e3o ao vivo\u201d de um dos convidados presentes na resid\u00eancia vaticana.<br \/>\nO grupo era grande: os novi\u00e7os vinham, al\u00e9m da It\u00e1lia, tamb\u00e9m da Alb\u00e2nia, Cro\u00e1cia, Malta. E havia tamb\u00e9m um \u201cdom\u201d da S\u00edria: Michel, novi\u00e7o que, de joelhos, recebeu a b\u00ean\u00e7\u00e3o do pont\u00edfice pela \u201camada e martirizada S\u00edria\u201d.<\/p>\n<p>Quem os apresentou foi o Pe. Guido Enrico, encarregado pela forma\u00e7\u00e3o na It\u00e1lia, que agradeceu ao papa por ter aceito a proposta desse encontro que \u201cse liga idealmente\u201d \u00e0 visita que Francisco fez aos salesianos em Valdocco, na Bas\u00edlica de Santa Maria Auxiliadora, durante a etapa em Turim de 2015. De presente, o Pe. Guido entregou ao bispo de Roma uma medalha cunhada em 1885 pelo primeiro sucessor de Dom Bosco.<\/p>\n<p>\u201cObrigado por terem vindo. Quando eu vi esse pedido, eu disse: \u2018Os salesianos? Fa\u00e7am-nos vir!\u2019\u201d, come\u00e7ou o papa, antes de iniciar o di\u00e1logo todo de improviso, que durou cerca de 50 minutos e marcado por algumas perguntas dos presentes. \u201cEu n\u00e3o sei o que dizer a voc\u00eas. \u00c9 melhor que voc\u00eas fa\u00e7am perguntas, para eu n\u00e3o dizer alguma bobagem\u201d, brincou Francisco.<\/p>\n<p>Ele relembrou a sua juventude e a escola elementar em um col\u00e9gio dos salesianos, \u201conde eu aprendi o amor \u00e0 Nossa Senhora\u201d, depois os estudos de qu\u00edmica na universidade \u201cque a minha m\u00e3e queria que eu terminasse\u201d, mas que, ao contr\u00e1rio, interrompeu seguindo a voca\u00e7\u00e3o sacerdotal: \u201cMeu pai, em vez disso, estava mais contente\u201d.<\/p>\n<p>A prop\u00f3sito da fam\u00edlia, Bergoglio n\u00e3o esqueceu os parentes piemonteses: \u201cSomos muito ligados. Eles foram \u00e0 Argentina, n\u00f3s fomos encontr\u00e1-los. Quando eu vinha para os s\u00ednodos ou para as reuni\u00f5es no Vaticano, eu dava um pulo para ir encontr\u00e1-los e visitava as duas bas\u00edlicas\u201d, contou.<\/p>\n<p>Depois, respondeu \u00e0s perguntas. Por exemplo, a do siciliano Pe. Marcello, que pediu algumas sugest\u00f5es para a<strong> \u201cdelicada tarefa de acompanhar os jovens no discernimento vocacional\u201d<\/strong>. O papa respondeu diretamente: \u201cOs crit\u00e9rios s\u00e3o normais. Cuidado com aqueles jovens com cara de imagenzinha\u201d, disse. \u201cA esses eu n\u00e3o pe\u00e7o nem o Pai Nosso. Alegres, esportivos, normais. Que saibam trabalhar. Se estudam, que saibam estudar. Que assumam as suas responsabilidades.\u201d<\/p>\n<p>O importante \u00e9 \u201cacompanhar\u201d esses jovens, porque \u201cno caminho h\u00e1 muitas surpresas de Deus ou que n\u00e3o s\u00e3o de Deus. \u00c9 preciso estar atento e ajud\u00e1-los a olhar essas surpresas na cara. Se forem dificuldades, olh\u00e1-las na cara. E ajud\u00e1-los a afastar toda forma de hipocrisia. Esta \u00e9 uma peste: a hipocrisia na Igreja, a hipocrisia do \u2018digo uma coisa e fa\u00e7o outra\u2019&#8230; A hipocrisia da mediocridade, daqueles que querem entrar no semin\u00e1rio, porque sentem que s\u00e3o incapazes de se virar sozinhos no mundo.\u201d<\/p>\n<p>\u201cSe voc\u00ea encontrar um que seja um pouco diplom\u00e1tico demais, fique atento. Se voc\u00ea encontrar um que seja um mentiroso, convide-o a voltar para casa.\u201d Cuidado tamb\u00e9m \u201ca como rezam\u201d, recomenda o pont\u00edfice: n\u00e3o adiantam ora\u00e7\u00f5es longas e artificiosas, mas uma ora\u00e7\u00e3o \u201csimples\u201d, como \u201ca que voc\u00ea aprendeu na sua casa, na primeira comunh\u00e3o\u201d, \u201cuma ora\u00e7\u00e3o normal, mas confiante\u201d. \u201c\u2018Mas, padre, eu estou irritado com Deus.\u2019 Essa tamb\u00e9m \u00e9 uma ora\u00e7\u00e3o\u201d, exclama o papa.<\/p>\n<p>Com Luigi, de Salerno (\u201cOs salernitanos s\u00e3o os mais alegres da It\u00e1lia, voc\u00ea sabia?\u201d), Francisco lembra o <strong>per\u00edodo do noviciado<\/strong>: \u201cEra outra \u00e9poca: antes do Conc\u00edlio&#8230; r\u00edgido&#8230; Usava-se a disciplina, com muitos tra\u00e7os pelagianos. Era uma coisa que, para aquele tempo, ia bem, hoje n\u00e3o vai. Embora haja pequenos grupos que gostariam de voltar a isso. Se eu os tivesse convidado hoje, viriam com a batina, talvez at\u00e9 mesmo com o saturno [chap\u00e9u eclesi\u00e1stico]\u201d, brinca o Papa entre os risos dos seus convidados. Aos quais ele diz, dentre outras coisas, que as situa\u00e7\u00f5es dif\u00edceis devem ser enfrentadas \u201ccom as cal\u00e7as\u201d, isto \u00e9, \u201ccomo homens, como o seu pai, como o seu av\u00f4\u201d.<\/p>\n<p>A Giorgio, de Turim, que pede uma <strong>\u201cpalavra sobre a santidade\u201d<\/strong>, ele explica: \u201c\u00c9 muito simples a santidade: \u2018Caminha na minha presen\u00e7a e s\u00ea irrepreens\u00edvel\u2019. Ponto. Essa \u00e9 a melhor defini\u00e7\u00e3o. Voc\u00ea sabe quem a deu? Deus a Abra\u00e3o. Atualizando um pouco a coisa, eu acho que hoje tamb\u00e9m \u00e9 poss\u00edvel ser santo. H\u00e1 tantos na Igreja, tantos. Gente heroica, pais, av\u00f3s, jovens. Os santos ocultos, como aqueles que pertencem \u00e0 \u2018classe m\u00e9dia da santidade\u2019, que n\u00e3o se veem, mas existem\u201d.<\/p>\n<p>Com Andrea, da inspetoria da Sic\u00edlia, o papa volta a falar <strong>dos jovens<\/strong>. O novi\u00e7o perguntava \u201co que levar\u201d aos meninos e meninas de hoje e como encoraj\u00e1-los, especialmente aqueles que moram nas \u201cperiferias\u201d. \u201cQuando eu falo de periferias, eu falo de todas as periferias, tamb\u00e9m das periferias do pensamento\u201d, explica o papa. \u201cFalar com os n\u00e3o crentes, agn\u00f3sticos, essa \u00e9 uma periferia, hein! Depois, h\u00e1 as periferias \u2018sociais\u2019, dos pobres&#8230;\u201d. O convite, no entanto, \u00e9 sempre o mesmo: \u201cIr l\u00e1\u201d, exorta Francisco.<\/p>\n<p>E dirige uma palavra<strong> aos superiores<\/strong>: \u201cEscolham bem que enviar \u00e0s periferias, especialmente as mais perigosas. Os melhores devem ir l\u00e1! \u2018Mas este pode estudar, fazer um doutorado&#8230;\u2019 N\u00e3o, mande ele. \u2018L\u00e1 tem a m\u00e1fia&#8230;\u2019 Mande ele. \u00c0s periferias, \u00e9 preciso mandar os melhores\u201d, afirma o pont\u00edfice.<\/p>\n<p>Quanto <strong>aos jovens<\/strong>, ele pede para \u201corganizar atividades\u201d concretas, que n\u00e3o se limitem ao \u201cmundo virtual\u201d e a \u201censin\u00e1-los a ajudar os outros, os valores humanos da amizade, da fam\u00edlia, do respeito pelos av\u00f3s\u201d. Em particular, o \u201crespeito pelos av\u00f3s\u201d, que, confidencia Francisco, \u201c\u00e9 uma coisa que eu trago muito no cora\u00e7\u00e3o\u201d.<\/p>\n<p>\u201cEu acho \u2013 continua \u2013 que estamos no momento em que a hist\u00f3ria nos pede mais que os jovens falem com os av\u00f3s. \u00c9 uma ponte&#8230; Estamos em uma cultura do descarte, e os av\u00f3s s\u00e3o descartados. Hoje, tudo o que n\u00e3o serve \u00e9 descartado. Vive-se na cultura do \u2018usa e joga fora\u2019, n\u00e3o?\u201d<\/p>\n<p>E n\u00e3o s\u00f3 os idosos, mas tamb\u00e9m \u201ctantos jovens t\u00eam descartados\u201d, observa o Papa Francisco, lembrando que, na It\u00e1lia, apenas para dar um exemplo clamoroso, 40% dos jovens n\u00e3o t\u00eam trabalho.<br \/>\n\u201cOs jovens, por\u00e9m, t\u00eam tanta for\u00e7a\u201d, que n\u00e3o sabem aonde canalizar. Ela se contrabalan\u00e7a com a \u201csabedoria\u201d dos seus av\u00f3s. Por isso, \u00e9 necess\u00e1rio criar essa \u201cponte\u201d, insiste o papa. E enumera entre as virtudes necess\u00e1rias tamb\u00e9m a da \u201ccriatividade\u201d que, afirma, \u00e9 \u201cuma gra\u00e7a a se pedir ao Esp\u00edrito Santo\u201d, para \u201cdizer a palavra certa no momento certo\u201d.<\/p>\n<p>Depois, <strong>aos jovens<\/strong>, acrescenta o pont\u00edfice respondendo ao mesmo novi\u00e7o, \u201ctamb\u00e9m \u00e9 preciso deix\u00e1-los com um pouco de fome, para que depois voltem a fazer outra pergunta\u201d.<\/p>\n<p>Na conclus\u00e3o do encontro, o Pe. Guido Enrico lembrou as diversas \u201cfrentes\u201d em que a congrega\u00e7\u00e3o salesiana \u201c\u00e9 desafiada, provada\u201d. N\u00e3o s\u00f3 na S\u00edria, onde os seguidores de Dom Bosco trabalham ativamente, mas tamb\u00e9m em outras \u00e1reas chagadas pela guerra e pelo terrorismo. O I\u00eamen, por exemplo, onde, no ano passado, o Pe. Tom Uzhunnalil foi sequestrado, durante o brutal assassinato de quatro Mission\u00e1rias da Caridade. O religioso indiano tinha celebrado a missa com as irm\u00e3s e, depois, foi sequestrado. Desde ent\u00e3o, n\u00e3o se t\u00eam mais not\u00edcias dele, com exce\u00e7\u00e3o de alguns v\u00eddeos que apareceram na web. \u201cN\u00e3o sabemos se ele est\u00e1 vivo ou morto\u201d, diz o Pe. Enrico ao Papa, que responde assegurando a sua ora\u00e7\u00e3o e recordando que \u201choje na Igreja h\u00e1 mais m\u00e1rtires do que nos s\u00e9culos passados\u201d.<\/p>\n<p style=\"text-align: justify;\">O encontro concluiu com o canto do Regina Coeli e uma ora\u00e7\u00e3o \u00e0 Virgem, junto com o pedido de costume: \u201cN\u00e3o se esque\u00e7am de rezar por mim\u201d.<\/p>\n","protected":false},"excerpt":{"rendered":"<p>Encontro com grupo de novi\u00e7os e pr\u00e9-novi\u00e7os salesianos<\/p>\n","protected":false},"author":1,"featured_media":221582,"comment_status":"open","ping_status":"open","sticky":false,"template":"","format":"standard","meta":[],"categories":[1428],"tags":[552],"acf":[],"yoast_head":"<!-- This site is optimized with the Yoast SEO plugin v19.2 - https:\/\/yoast.com\/wordpress\/plugins\/seo\/ -->\n<title>Papa alerta religiosos: &quot;Cuidado com a hipocrisia&quot; - Not\u00edcias - Franciscanos<\/title>\n<meta name=\"robots\" content=\"index, follow, max-snippet:-1, max-image-preview:large, max-video-preview:-1\" \/>\n<link rel=\"canonical\" href=\"https:\/\/franciscanos.org.br\/noticias\/papa-alerta-os-jovens-religiosos-cuidado-com-a-hipocrisia.html\" \/>\n<meta property=\"og:locale\" content=\"pt_BR\" \/>\n<meta property=\"og:type\" content=\"article\" \/>\n<meta property=\"og:title\" content=\"Papa alerta religiosos: &quot;Cuidado com a hipocrisia&quot; - Not\u00edcias - Franciscanos\" \/>\n<meta property=\"og:description\" content=\"Encontro com grupo de novi\u00e7os e pr\u00e9-novi\u00e7os salesianos\" \/>\n<meta property=\"og:url\" content=\"https:\/\/franciscanos.org.br\/noticias\/papa-alerta-os-jovens-religiosos-cuidado-com-a-hipocrisia.html\" \/>\n<meta property=\"og:site_name\" content=\"Not\u00edcias - Franciscanos\" \/>\n<meta property=\"article:published_time\" content=\"2017-05-03T20:13:56+00:00\" \/>\n<meta property=\"article:modified_time\" content=\"2020-06-09T12:00:59+00:00\" \/>\n<meta property=\"og:image\" content=\"https:\/\/franciscanos.org.br\/noticias\/wp-content\/uploads\/2017\/05\/papa_180117.jpg\" \/>\n\t<meta property=\"og:image:width\" content=\"273\" \/>\n\t<meta property=\"og:image:height\" content=\"181\" \/>\n\t<meta property=\"og:image:type\" content=\"image\/jpeg\" \/>\n<meta name=\"author\" content=\"admin\" \/>\n<meta name=\"twitter:card\" content=\"summary_large_image\" \/>\n<meta name=\"twitter:label1\" content=\"Escrito por\" \/>\n\t<meta name=\"twitter:data1\" content=\"admin\" \/>\n\t<meta name=\"twitter:label2\" content=\"Est. tempo de leitura\" \/>\n\t<meta name=\"twitter:data2\" content=\"7 minutos\" \/>\n<script type=\"application\/ld+json\" class=\"yoast-schema-graph\">{\"@context\":\"https:\/\/schema.org\",\"@graph\":[{\"@type\":\"WebSite\",\"@id\":\"https:\/\/franciscanos.org.br\/noticias\/#website\",\"url\":\"https:\/\/franciscanos.org.br\/noticias\/\",\"name\":\"Not\u00edcias - Franciscanos\",\"description\":\"Prov\u00edncia Franciscana da Imaculada Concei\u00e7\u00e3o do Brasil - Ordem dos Frades Menores - OFM\",\"potentialAction\":[{\"@type\":\"SearchAction\",\"target\":{\"@type\":\"EntryPoint\",\"urlTemplate\":\"https:\/\/franciscanos.org.br\/noticias\/?s={search_term_string}\"},\"query-input\":\"required name=search_term_string\"}],\"inLanguage\":\"pt-BR\"},{\"@type\":\"ImageObject\",\"inLanguage\":\"pt-BR\",\"@id\":\"https:\/\/franciscanos.org.br\/noticias\/papa-alerta-os-jovens-religiosos-cuidado-com-a-hipocrisia.html#primaryimage\",\"url\":\"https:\/\/franciscanos.org.br\/noticias\/wp-content\/uploads\/2017\/05\/papa_180117.jpg\",\"contentUrl\":\"https:\/\/franciscanos.org.br\/noticias\/wp-content\/uploads\/2017\/05\/papa_180117.jpg\",\"width\":273,\"height\":181},{\"@type\":\"WebPage\",\"@id\":\"https:\/\/franciscanos.org.br\/noticias\/papa-alerta-os-jovens-religiosos-cuidado-com-a-hipocrisia.html#webpage\",\"url\":\"https:\/\/franciscanos.org.br\/noticias\/papa-alerta-os-jovens-religiosos-cuidado-com-a-hipocrisia.html\",\"name\":\"Papa alerta religiosos: \\\"Cuidado com a hipocrisia\\\" - Not\u00edcias - Franciscanos\",\"isPartOf\":{\"@id\":\"https:\/\/franciscanos.org.br\/noticias\/#website\"},\"primaryImageOfPage\":{\"@id\":\"https:\/\/franciscanos.org.br\/noticias\/papa-alerta-os-jovens-religiosos-cuidado-com-a-hipocrisia.html#primaryimage\"},\"datePublished\":\"2017-05-03T20:13:56+00:00\",\"dateModified\":\"2020-06-09T12:00:59+00:00\",\"author\":{\"@id\":\"https:\/\/franciscanos.org.br\/noticias\/#\/schema\/person\/b38fbf43118f02820bd932f2e4b14ad3\"},\"breadcrumb\":{\"@id\":\"https:\/\/franciscanos.org.br\/noticias\/papa-alerta-os-jovens-religiosos-cuidado-com-a-hipocrisia.html#breadcrumb\"},\"inLanguage\":\"pt-BR\",\"potentialAction\":[{\"@type\":\"ReadAction\",\"target\":[\"https:\/\/franciscanos.org.br\/noticias\/papa-alerta-os-jovens-religiosos-cuidado-com-a-hipocrisia.html\"]}]},{\"@type\":\"BreadcrumbList\",\"@id\":\"https:\/\/franciscanos.org.br\/noticias\/papa-alerta-os-jovens-religiosos-cuidado-com-a-hipocrisia.html#breadcrumb\",\"itemListElement\":[{\"@type\":\"ListItem\",\"position\":1,\"name\":\"Home\",\"item\":\"https:\/\/franciscanos.org.br\/noticias\"},{\"@type\":\"ListItem\",\"position\":2,\"name\":\"Papa alerta religiosos: &#8220;Cuidado com a hipocrisia&#8221;\"}]},{\"@type\":\"Person\",\"@id\":\"https:\/\/franciscanos.org.br\/noticias\/#\/schema\/person\/b38fbf43118f02820bd932f2e4b14ad3\",\"name\":\"admin\",\"image\":{\"@type\":\"ImageObject\",\"inLanguage\":\"pt-BR\",\"@id\":\"https:\/\/franciscanos.org.br\/noticias\/#\/schema\/person\/image\/\",\"url\":\"https:\/\/secure.gravatar.com\/avatar\/e8495742d34d0ba6448ea1c628263b3e?s=96&d=mm&r=g\",\"contentUrl\":\"https:\/\/secure.gravatar.com\/avatar\/e8495742d34d0ba6448ea1c628263b3e?s=96&d=mm&r=g\",\"caption\":\"admin\"},\"url\":\"https:\/\/franciscanos.org.br\/noticias\/author\/admin\"}]}<\/script>\n<!-- \/ Yoast SEO plugin. -->","yoast_head_json":{"title":"Papa alerta religiosos: \"Cuidado com a hipocrisia\" - Not\u00edcias - Franciscanos","robots":{"index":"index","follow":"follow","max-snippet":"max-snippet:-1","max-image-preview":"max-image-preview:large","max-video-preview":"max-video-preview:-1"},"canonical":"https:\/\/franciscanos.org.br\/noticias\/papa-alerta-os-jovens-religiosos-cuidado-com-a-hipocrisia.html","og_locale":"pt_BR","og_type":"article","og_title":"Papa alerta religiosos: \"Cuidado com a hipocrisia\" - Not\u00edcias - Franciscanos","og_description":"Encontro com grupo de novi\u00e7os e pr\u00e9-novi\u00e7os salesianos","og_url":"https:\/\/franciscanos.org.br\/noticias\/papa-alerta-os-jovens-religiosos-cuidado-com-a-hipocrisia.html","og_site_name":"Not\u00edcias - Franciscanos","article_published_time":"2017-05-03T20:13:56+00:00","article_modified_time":"2020-06-09T12:00:59+00:00","og_image":[{"width":273,"height":181,"url":"https:\/\/franciscanos.org.br\/noticias\/wp-content\/uploads\/2017\/05\/papa_180117.jpg","type":"image\/jpeg"}],"author":"admin","twitter_card":"summary_large_image","twitter_misc":{"Escrito por":"admin","Est. tempo de leitura":"7 minutos"},"schema":{"@context":"https:\/\/schema.org","@graph":[{"@type":"WebSite","@id":"https:\/\/franciscanos.org.br\/noticias\/#website","url":"https:\/\/franciscanos.org.br\/noticias\/","name":"Not\u00edcias - Franciscanos","description":"Prov\u00edncia Franciscana da Imaculada Concei\u00e7\u00e3o do Brasil - Ordem dos Frades Menores - OFM","potentialAction":[{"@type":"SearchAction","target":{"@type":"EntryPoint","urlTemplate":"https:\/\/franciscanos.org.br\/noticias\/?s={search_term_string}"},"query-input":"required name=search_term_string"}],"inLanguage":"pt-BR"},{"@type":"ImageObject","inLanguage":"pt-BR","@id":"https:\/\/franciscanos.org.br\/noticias\/papa-alerta-os-jovens-religiosos-cuidado-com-a-hipocrisia.html#primaryimage","url":"https:\/\/franciscanos.org.br\/noticias\/wp-content\/uploads\/2017\/05\/papa_180117.jpg","contentUrl":"https:\/\/franciscanos.org.br\/noticias\/wp-content\/uploads\/2017\/05\/papa_180117.jpg","width":273,"height":181},{"@type":"WebPage","@id":"https:\/\/franciscanos.org.br\/noticias\/papa-alerta-os-jovens-religiosos-cuidado-com-a-hipocrisia.html#webpage","url":"https:\/\/franciscanos.org.br\/noticias\/papa-alerta-os-jovens-religiosos-cuidado-com-a-hipocrisia.html","name":"Papa alerta religiosos: \"Cuidado com a hipocrisia\" - Not\u00edcias - Franciscanos","isPartOf":{"@id":"https:\/\/franciscanos.org.br\/noticias\/#website"},"primaryImageOfPage":{"@id":"https:\/\/franciscanos.org.br\/noticias\/papa-alerta-os-jovens-religiosos-cuidado-com-a-hipocrisia.html#primaryimage"},"datePublished":"2017-05-03T20:13:56+00:00","dateModified":"2020-06-09T12:00:59+00:00","author":{"@id":"https:\/\/franciscanos.org.br\/noticias\/#\/schema\/person\/b38fbf43118f02820bd932f2e4b14ad3"},"breadcrumb":{"@id":"https:\/\/franciscanos.org.br\/noticias\/papa-alerta-os-jovens-religiosos-cuidado-com-a-hipocrisia.html#breadcrumb"},"inLanguage":"pt-BR","potentialAction":[{"@type":"ReadAction","target":["https:\/\/franciscanos.org.br\/noticias\/papa-alerta-os-jovens-religiosos-cuidado-com-a-hipocrisia.html"]}]},{"@type":"BreadcrumbList","@id":"https:\/\/franciscanos.org.br\/noticias\/papa-alerta-os-jovens-religiosos-cuidado-com-a-hipocrisia.html#breadcrumb","itemListElement":[{"@type":"ListItem","position":1,"name":"Home","item":"https:\/\/franciscanos.org.br\/noticias"},{"@type":"ListItem","position":2,"name":"Papa alerta religiosos: &#8220;Cuidado com a hipocrisia&#8221;"}]},{"@type":"Person","@id":"https:\/\/franciscanos.org.br\/noticias\/#\/schema\/person\/b38fbf43118f02820bd932f2e4b14ad3","name":"admin","image":{"@type":"ImageObject","inLanguage":"pt-BR","@id":"https:\/\/franciscanos.org.br\/noticias\/#\/schema\/person\/image\/","url":"https:\/\/secure.gravatar.com\/avatar\/e8495742d34d0ba6448ea1c628263b3e?s=96&d=mm&r=g","contentUrl":"https:\/\/secure.gravatar.com\/avatar\/e8495742d34d0ba6448ea1c628263b3e?s=96&d=mm&r=g","caption":"admin"},"url":"https:\/\/franciscanos.org.br\/noticias\/author\/admin"}]}},"_links":{"self":[{"href":"https:\/\/franciscanos.org.br\/noticias\/wp-json\/wp\/v2\/posts\/132735"}],"collection":[{"href":"https:\/\/franciscanos.org.br\/noticias\/wp-json\/wp\/v2\/posts"}],"about":[{"href":"https:\/\/franciscanos.org.br\/noticias\/wp-json\/wp\/v2\/types\/post"}],"author":[{"embeddable":true,"href":"https:\/\/franciscanos.org.br\/noticias\/wp-json\/wp\/v2\/users\/1"}],"replies":[{"embeddable":true,"href":"https:\/\/franciscanos.org.br\/noticias\/wp-json\/wp\/v2\/comments?post=132735"}],"version-history":[{"count":1,"href":"https:\/\/franciscanos.org.br\/noticias\/wp-json\/wp\/v2\/posts\/132735\/revisions"}],"predecessor-version":[{"id":225371,"href":"https:\/\/franciscanos.org.br\/noticias\/wp-json\/wp\/v2\/posts\/132735\/revisions\/225371"}],"wp:featuredmedia":[{"embeddable":true,"href":"https:\/\/franciscanos.org.br\/noticias\/wp-json\/wp\/v2\/media\/221582"}],"wp:attachment":[{"href":"https:\/\/franciscanos.org.br\/noticias\/wp-json\/wp\/v2\/media?parent=132735"}],"wp:term":[{"taxonomy":"category","embeddable":true,"href":"https:\/\/franciscanos.org.br\/noticias\/wp-json\/wp\/v2\/categories?post=132735"},{"taxonomy":"post_tag","embeddable":true,"href":"https:\/\/franciscanos.org.br\/noticias\/wp-json\/wp\/v2\/tags?post=132735"}],"curies":[{"name":"wp","href":"https:\/\/api.w.org\/{rel}","templated":true}]}}