{"id":13263,"date":"2012-03-16T07:30:14","date_gmt":"2012-03-16T10:30:14","guid":{"rendered":"http:\/\/new.franciscanos.org.br\/?p=13263"},"modified":"2019-09-13T13:31:09","modified_gmt":"2019-09-13T16:31:09","slug":"confira-os-ultimos-lancamentos","status":"publish","type":"post","link":"https:\/\/franciscanos.org.br\/noticias\/confira-os-ultimos-lancamentos.html","title":{"rendered":"Confira os \u00faltimos lan\u00e7amentos"},"content":{"rendered":"<p><a href=\"http:\/\/franciscanos.org.br\/wp-content\/uploads\/2012\/03\/garmus_g1603.jpg\"><img loading=\"lazy\" class=\"alignright size-full wp-image-13264\" title=\"A Paix\u00e3o e Ressurrei\u00e7\u00e3o\" src=\"http:\/\/franciscanos.org.br\/wp-content\/uploads\/2012\/03\/garmus_g1603.jpg\" alt=\"\" width=\"300\" height=\"395\" \/><\/a>A Editora Vozes, que neste m\u00eas de mar\u00e7o completou 111 anos de funda\u00e7\u00e3o, informa os \u00faltimos lan\u00e7amentos, com destaque para o livro de Frei Ludovico Garmus: &#8220;Paix\u00e3o e ressurrei\u00e7\u00e3o de Jesus&#8221;, j\u00e1 que se aproxima a Semana Santa e a P\u00e1scoa do Senhor . \u00a0Com 96 p\u00e1ginas, este livro \u00e9 um estudo comparativo dos relatos dos \u00faltimos acontecimentos da vida de Jesus conforme s\u00e3o contados pelos evangelistas Mateus, Marcos e Lucas.<\/p>\n<p>Trata-se dos acontecimentos relacionados \u00e0 celebra\u00e7\u00e3o da p\u00e1scoa com os disc\u00edpulos que culminar\u00e3o na morte de Jesus na cruz, seguidos pelos relatos da ressurrei\u00e7\u00e3o. O objetivo do presente estudo \u00e9 apresentar, de forma coerente e comparativa, a sequ\u00eancia desses acontecimentos centrais da f\u00e9 crist\u00e3 e a partir dos evangelhos.<\/p>\n<p>Frei Ludovico Garmus \u00e9 doutor em exegese b\u00edblica e leciona no ITF (Instituto Teol\u00f3gico Franciscano).\u00a0Esta obra \u00a0e todos os lan\u00e7amentos podem ser adquiridos atrav\u00e9s do site da Editora Vozes. Acesse: www.universovozes.com.br<\/p>\n<p>Confira os demais lan\u00e7amentos:<\/p>\n<table border=\"1\" width=\"100%\" cellspacing=\"0\" cellpadding=\"0\">\n<tbody>\n<tr>\n<td colspan=\"2\" width=\"89%\"><strong><a href=\"http:\/\/www.universovozes.com.br\/editoravozes\/web\/view\/DetalheProduto.aspx?ProdID=8532643000&amp;\">Psican\u00e1lise, sua imagem e seu p\u00fablico (A)<\/a><\/strong><\/td>\n<\/tr>\n<tr>\n<td width=\"19%\">ISBN: 9788532643001<strong><br \/>\n<strong>456 p\u00e1ginas<\/strong><\/strong><br \/>\n<strong>Pre\u00e7o: R$ <strong>80,00 <\/strong><br \/>\nautor:<\/strong><em> Serge Moscovici<\/em><strong><br \/>\n<\/strong>Peso: <strong>470 gramas<\/strong><br \/>\n<strong>1\u00aa edi\u00e7\u00e3o<\/strong><br \/>\n<strong>Assunto:<\/strong> Psicologia<br \/>\nCole\u00e7\u00e3o: Psicologia social<\/td>\n<td valign=\"top\" width=\"70%\">Entende-se a import\u00e2ncia desse livro e da cria\u00e7\u00e3o desse novo conceito, Representa\u00e7\u00f5es Sociais, quando nos damos conta de que ele vem criticar e superar as duas caracter\u00edsticas centrais da Psicologia Social hegem\u00f4nica na \u00e9poca. Em primeiro lugar ele resgata e mostra que uma Psicologia Social deve ser, antes de tudo, psicologia, isto \u00e9, ela tem de dar conta de um espa\u00e7o que \u00e9 imaterial, representacional, simb\u00f3lico, numa palavra, ps\u00edquico. Ela n\u00e3o pode ser reduzida apenas aos aspectos neurol\u00f3gicos, gen\u00e9ticos, ou a dimens\u00f5es puramente biol\u00f3gicas. E em segundo lugar, para ser uma Psicologia Social, ela tem, igualmente, de dar conta da exist\u00eancia de realidades t\u00e3o reais e concretas como as materiais, mas que s\u00e3o tamb\u00e9m, al\u00e9m de psicol\u00f3gicas e representacionais, sociais. Essas s\u00e3o as Representa\u00e7\u00f5es Sociais, esses conjuntos de cren\u00e7as e saberes socialmente constru\u00eddos e partilhados, com os quais e atrav\u00e9s dos quais n\u00f3s pensamos, falamos, decidimos o que fazer, nos apropriamos do mundo e lhe damos sentido.<\/td>\n<\/tr>\n<\/tbody>\n<\/table>\n<table border=\"1\" width=\"100%\" cellspacing=\"0\" cellpadding=\"0\">\n<tbody>\n<tr>\n<td colspan=\"2\" width=\"89%\"><strong><a href=\"http:\/\/www.universovozes.com.br\/editoravozes\/web\/view\/DetalheProduto.aspx?ProdID=8532642993&amp;\">Bases Psicopedag\u00f3gicas da Educa\u00e7\u00e3o Especial<\/a><\/strong><\/td>\n<\/tr>\n<tr>\n<td width=\"19%\">ISBN: 9788532642998<strong><br \/>\n<strong>512 p\u00e1ginas<\/strong><\/strong><br \/>\n<strong>Pre\u00e7o: R$ <strong>85,00<\/strong><br \/>\nautor:<\/strong> <em>Mar\u00eda \u00c1ngeles Lou Royo e Natividad L\u00f3pez Urqu\u00edzar (orgs.)<\/em><strong><br \/>\n<\/strong>Peso: <strong>736 gramas<\/strong><br \/>\n<strong>1\u00aa edi\u00e7\u00e3o<\/strong><br \/>\n<strong>Assunto:<\/strong> Educa\u00e7\u00e3o e pedagogia<\/td>\n<td valign=\"top\" width=\"70%\">Esta obra oferece uma orienta\u00e7\u00e3o te\u00f3rica e pr\u00e1tica que p\u00f5e \u00e0 disposi\u00e7\u00e3o dos futuros profissionais do ensino a informa\u00e7\u00e3o e as t\u00e9cnicas adequadas para atender \u00e0s exig\u00eancias da diversidade e que podem resultar em ajudas concretas e espec\u00edficas para os alunos com necessidades educativas especiais. O crit\u00e9rio que norteia este texto \u00e9 que a interven\u00e7\u00e3o educativa exige conhecimentos pedag\u00f3gico-did\u00e1ticos para elaborar e adaptar programas em contextos normalizados, conforme as necessidades dos alunos, mas tamb\u00e9m deve ser sustentada por um arcabou\u00e7o de conhecimentos do \u00e2mbito psicol\u00f3gico e cl\u00ednico sobre as diversas altera\u00e7\u00f5es que os indiv\u00edduos podem apresentar.<\/td>\n<\/tr>\n<\/tbody>\n<\/table>\n<table border=\"1\" width=\"100%\" cellspacing=\"0\" cellpadding=\"0\">\n<tbody>\n<tr>\n<td colspan=\"2\" width=\"89%\"><strong><a href=\"http:\/\/www.universovozes.com.br\/editoravozes\/web\/view\/DetalheProduto.aspx?ProdID=8532642977&amp;\">Sobre a Palavra de Deus &#8211; Hermen\u00eautica b\u00edblica e Teologia fundamental<\/a><\/strong><\/td>\n<\/tr>\n<tr>\n<td width=\"19%\">ISBN: 9788532642974<strong><br \/>\n<strong>312 p\u00e1ginas<\/strong><\/strong><br \/>\n<strong>Pre\u00e7o: R$ <strong>38,00<\/strong><br \/>\nautor:<\/strong> <em>\u00c9lio Estanislau Gasda (org.)<\/em><br \/>\nPeso: <strong>436 gramas<\/strong><br \/>\n<strong>1\u00aa edi\u00e7\u00e3o<\/strong><br \/>\n<strong>Assunto:<\/strong> Teologia B\u00edblica<\/td>\n<td valign=\"top\" width=\"70%\">Com rigor e profundidade, dezenove autores das mais diversas \u00e1reas da ci\u00eancia teol\u00f3gica abordam temas nucleares, como a rela\u00e7\u00e3o entre Exegese e Teologia, Cultura e Revela\u00e7\u00e3o, Liturgia e Espiritualidade, \u00c9tica e Pastoral. Uma amostra concreta de como a leitura atenta e respeitosa da Palavra de Deus enriquece a f\u00e9 e a pr\u00e1xis do ser crist\u00e3o. Em poucas obras desta \u00edndole se encontra uma combina\u00e7\u00e3o de autores t\u00e3o qualificados pertencentes a diversas \u00e1reas da teologia, oriundos de distintas institui\u00e7\u00f5es acad\u00eamicas. Esta integra\u00e7\u00e3o garante o car\u00e1ter aberto das reflex\u00f5es apresentadas neste livro.<\/td>\n<\/tr>\n<\/tbody>\n<\/table>\n<table border=\"1\" width=\"100%\" cellspacing=\"0\" cellpadding=\"0\">\n<tbody>\n<tr>\n<td colspan=\"2\" width=\"89%\"><strong><a href=\"http:\/\/www.universovozes.com.br\/editoravozes\/web\/view\/DetalheProduto.aspx?ProdID=8532643019&amp;\">Criatividade para reinventar sua vida &#8211; Mudan\u00e7a, intui\u00e7\u00e3o e alquimia espiritual<\/a><\/strong><\/td>\n<\/tr>\n<tr>\n<td width=\"19%\">ISBN: 9788532643018<strong><br \/>\n<strong>256 p\u00e1ginas<\/strong><\/strong><br \/>\n<strong>Pre\u00e7o: R$ <strong>23,00<\/strong><br \/>\nautor:<\/strong> <em>Miriam Subirana<\/em><strong><br \/>\n<\/strong>Peso: <strong>270 gramas<\/strong><br \/>\n<strong>1\u00aa edi\u00e7\u00e3o<\/strong><br \/>\n<strong>Assunto:<\/strong> Nobilis<\/td>\n<td valign=\"top\" width=\"70%\">Esta obra o ajudar\u00e1 a despertar, descobrir e usar o seu imenso potencial criativo para viver melhor aqui e agora. Miriam Subirana oferece orienta\u00e7\u00f5es para que voc\u00ea tenha o poder criativo em suas m\u00e3os. Assim, deixar\u00e1 de ser um n\u00e1ufrago \u00e0 merc\u00ea dos seus h\u00e1bitos, das circunst\u00e2ncias, dos outros e do tempo, para ser quem dirige o leme de sua vida. Criatividade para reinventar sua vida far\u00e1 com que voc\u00ea se abra para ouvir sua intui\u00e7\u00e3o, seu guia interior que estimula a verdadeira criatividade; vai lhe dar orienta\u00e7\u00f5es para passar da inten\u00e7\u00e3o para a a\u00e7\u00e3o, da teoria \u00e0 experi\u00eancia.<\/td>\n<\/tr>\n<\/tbody>\n<\/table>\n<table border=\"1\" width=\"100%\" cellspacing=\"0\" cellpadding=\"0\">\n<tbody>\n<tr>\n<td colspan=\"2\" width=\"89%\"><strong><a href=\"http:\/\/www.universovozes.com.br\/editoravozes\/web\/view\/DetalheProdutoCommerce.aspx?ProdID=8532642934&amp;\">Livro Grego de J\u00f3 (O): Qual o interesse de Deus no sofrimento do homem?<\/a><\/strong><\/td>\n<\/tr>\n<tr>\n<td width=\"19%\">ISBN: 9788532642936<strong><br \/>\n<strong>184 p\u00e1ginas<\/strong><\/strong><br \/>\n<strong>Pre\u00e7o: R$ <strong>29,00<\/strong><br \/>\nautor:<\/strong> <em>Antonio Aranha<\/em><strong><br \/>\n<\/strong>Peso: <strong>170 gramas<\/strong><br \/>\n<strong>1\u00aa edi\u00e7\u00e3o<\/strong><br \/>\n<strong>Assunto:<\/strong> <a href=\"http:\/\/www.universovozes.com.br\/editoravozes\/web\/view\/CatalogoVozes.aspx?AssuntoID=230\" target=\"_DetalheProduto\" rel=\"noopener noreferrer\">Psicologia<\/a><br \/>\n<em>cole\u00e7\u00e3o: <a href=\"http:\/\/www.universovozes.com.br\/editoravozes\/web\/view\/CatalogoColecao.aspx?colecaoID=203\" target=\"_DetalheProduto\" rel=\"noopener noreferrer\">Reflex\u00f5es Junguianas<\/a><\/em><\/td>\n<td valign=\"top\" width=\"70%\">No livro Resposta a J\u00f3, Jung formulou a hip\u00f3tese de que Deus, diante da injusti\u00e7a que fizera com J\u00f3, teria encarnado em Cristo para se redimir de Seu erro. Esta suposi\u00e7\u00e3o traz em si tr\u00eas dedu\u00e7\u00f5es: que Deus \u00e9 um Ser em evolu\u00e7\u00e3o, capaz de errar e aprender com Seus erros; que Seu autoconhecimento se daria na medida em que Ele se contemplasse na criatura e refletisse sobre Sua conduta; e que Sua evolu\u00e7\u00e3o ocorreria atrav\u00e9s do sofrimento humano (a paix\u00e3o de Jesus). Partindo deste entendimento junguiano, o autor reflete sobre algumas quest\u00f5es. Esta hip\u00f3tese\u00a0seria v\u00e1lida em outra cultura religiosa, outra vis\u00e3o sobre o divino? Teriam os deuses ol\u00edmpicos algum interesse na trag\u00e9dia humana? Por outro lado, qual a fun\u00e7\u00e3o do mal no monote\u00edsmo que prega um Deus onipotente, onisciente e onipresente?<\/td>\n<\/tr>\n<\/tbody>\n<\/table>\n<table border=\"1\" width=\"100%\" cellspacing=\"0\" cellpadding=\"0\">\n<tbody>\n<tr>\n<td colspan=\"2\" width=\"89%\"><strong><a href=\"http:\/\/www.universovozes.com.br\/editoravozes\/web\/view\/DetalheProdutoCommerce.aspx?ProdID=8532642900&amp;\">Novena para quem tem falta de f\u00e9 e vive no des\u00e2nimo<\/a><\/strong><\/td>\n<\/tr>\n<tr>\n<td width=\"19%\">ISBN: 9788532642905<strong><br \/>\n<strong>32 p\u00e1ginas<\/strong><\/strong><br \/>\n<strong>Pre\u00e7o: R$ <strong>3,50<\/strong><br \/>\nautor:<\/strong> <em>Felipe G. Alves<\/em><br \/>\nPeso: <strong>14 gramas<\/strong><br \/>\n<strong>1\u00aa edi\u00e7\u00e3o<\/strong><br \/>\n<strong>Assunto:<\/strong> <a href=\"http:\/\/www.universovozes.com.br\/editoravozes\/web\/view\/CatalogoVozes.aspx?AssuntoID=431\" target=\"_DetalheProduto\" rel=\"noopener noreferrer\">Devocion\u00e1rios<\/a><\/td>\n<td valign=\"top\" width=\"70%\">&nbsp;<\/p>\n<p>Jesus quer que a alegria dele seja completa na vida de cada um de n\u00f3s. Ele insiste no poder da ora\u00e7\u00e3o, dizendo: &#8220;Venha a mim voc\u00ea, que est\u00e1 cansado e sobrecarregado, e eu lhe darei descanso. Pe\u00e7a e lhe ser\u00e1 dado; busque e achar\u00e1; bata e lhe abrir\u00e3o. Pois quem pede, recebe; quem procura, acha; e a quem bate, se abre&#8221; (cfr Mt 7, 7-8).<\/td>\n<\/tr>\n<\/tbody>\n<\/table>\n<p>&nbsp;<\/p>\n","protected":false},"excerpt":{"rendered":"<p>Editora Vozes<\/p>\n","protected":false},"author":1,"featured_media":210909,"comment_status":"closed","ping_status":"closed","sticky":false,"template":"","format":"standard","meta":[],"categories":[1],"tags":[238,225,226],"acf":[],"yoast_head":"<!-- This site is optimized with the Yoast SEO plugin v19.2 - https:\/\/yoast.com\/wordpress\/plugins\/seo\/ -->\n<title>Confira os \u00faltimos lan\u00e7amentos - Not\u00edcias - Franciscanos<\/title>\n<meta name=\"robots\" content=\"index, follow, max-snippet:-1, max-image-preview:large, max-video-preview:-1\" \/>\n<link rel=\"canonical\" href=\"https:\/\/franciscanos.org.br\/noticias\/confira-os-ultimos-lancamentos.html\" \/>\n<meta property=\"og:locale\" content=\"pt_BR\" \/>\n<meta property=\"og:type\" content=\"article\" \/>\n<meta property=\"og:title\" content=\"Confira os \u00faltimos lan\u00e7amentos - Not\u00edcias - Franciscanos\" \/>\n<meta property=\"og:description\" content=\"Editora Vozes\" \/>\n<meta property=\"og:url\" content=\"https:\/\/franciscanos.org.br\/noticias\/confira-os-ultimos-lancamentos.html\" \/>\n<meta property=\"og:site_name\" content=\"Not\u00edcias - Franciscanos\" \/>\n<meta property=\"article:published_time\" content=\"2012-03-16T10:30:14+00:00\" \/>\n<meta property=\"article:modified_time\" content=\"2019-09-13T16:31:09+00:00\" \/>\n<meta property=\"og:image\" content=\"https:\/\/franciscanos.org.br\/noticias\/wp-content\/uploads\/2012\/03\/garmus_g1603.jpg\" \/>\n\t<meta property=\"og:image:width\" content=\"273\" \/>\n\t<meta property=\"og:image:height\" content=\"182\" \/>\n\t<meta property=\"og:image:type\" content=\"image\/jpeg\" \/>\n<meta name=\"author\" content=\"admin\" \/>\n<meta name=\"twitter:card\" content=\"summary_large_image\" \/>\n<meta name=\"twitter:label1\" content=\"Escrito por\" \/>\n\t<meta name=\"twitter:data1\" content=\"admin\" \/>\n\t<meta name=\"twitter:label2\" content=\"Est. tempo de leitura\" \/>\n\t<meta name=\"twitter:data2\" content=\"5 minutos\" \/>\n<script type=\"application\/ld+json\" class=\"yoast-schema-graph\">{\"@context\":\"https:\/\/schema.org\",\"@graph\":[{\"@type\":\"WebSite\",\"@id\":\"https:\/\/franciscanos.org.br\/noticias\/#website\",\"url\":\"https:\/\/franciscanos.org.br\/noticias\/\",\"name\":\"Not\u00edcias - Franciscanos\",\"description\":\"Prov\u00edncia Franciscana da Imaculada Concei\u00e7\u00e3o do Brasil - Ordem dos Frades Menores - OFM\",\"potentialAction\":[{\"@type\":\"SearchAction\",\"target\":{\"@type\":\"EntryPoint\",\"urlTemplate\":\"https:\/\/franciscanos.org.br\/noticias\/?s={search_term_string}\"},\"query-input\":\"required name=search_term_string\"}],\"inLanguage\":\"pt-BR\"},{\"@type\":\"ImageObject\",\"inLanguage\":\"pt-BR\",\"@id\":\"https:\/\/franciscanos.org.br\/noticias\/confira-os-ultimos-lancamentos.html#primaryimage\",\"url\":\"https:\/\/franciscanos.org.br\/noticias\/wp-content\/uploads\/2012\/03\/garmus_g1603.jpg\",\"contentUrl\":\"https:\/\/franciscanos.org.br\/noticias\/wp-content\/uploads\/2012\/03\/garmus_g1603.jpg\",\"width\":273,\"height\":182},{\"@type\":\"WebPage\",\"@id\":\"https:\/\/franciscanos.org.br\/noticias\/confira-os-ultimos-lancamentos.html#webpage\",\"url\":\"https:\/\/franciscanos.org.br\/noticias\/confira-os-ultimos-lancamentos.html\",\"name\":\"Confira os \u00faltimos lan\u00e7amentos - Not\u00edcias - Franciscanos\",\"isPartOf\":{\"@id\":\"https:\/\/franciscanos.org.br\/noticias\/#website\"},\"primaryImageOfPage\":{\"@id\":\"https:\/\/franciscanos.org.br\/noticias\/confira-os-ultimos-lancamentos.html#primaryimage\"},\"datePublished\":\"2012-03-16T10:30:14+00:00\",\"dateModified\":\"2019-09-13T16:31:09+00:00\",\"author\":{\"@id\":\"https:\/\/franciscanos.org.br\/noticias\/#\/schema\/person\/b38fbf43118f02820bd932f2e4b14ad3\"},\"breadcrumb\":{\"@id\":\"https:\/\/franciscanos.org.br\/noticias\/confira-os-ultimos-lancamentos.html#breadcrumb\"},\"inLanguage\":\"pt-BR\",\"potentialAction\":[{\"@type\":\"ReadAction\",\"target\":[\"https:\/\/franciscanos.org.br\/noticias\/confira-os-ultimos-lancamentos.html\"]}]},{\"@type\":\"BreadcrumbList\",\"@id\":\"https:\/\/franciscanos.org.br\/noticias\/confira-os-ultimos-lancamentos.html#breadcrumb\",\"itemListElement\":[{\"@type\":\"ListItem\",\"position\":1,\"name\":\"Home\",\"item\":\"https:\/\/franciscanos.org.br\/noticias\"},{\"@type\":\"ListItem\",\"position\":2,\"name\":\"Confira os \u00faltimos lan\u00e7amentos\"}]},{\"@type\":\"Person\",\"@id\":\"https:\/\/franciscanos.org.br\/noticias\/#\/schema\/person\/b38fbf43118f02820bd932f2e4b14ad3\",\"name\":\"admin\",\"image\":{\"@type\":\"ImageObject\",\"inLanguage\":\"pt-BR\",\"@id\":\"https:\/\/franciscanos.org.br\/noticias\/#\/schema\/person\/image\/\",\"url\":\"https:\/\/secure.gravatar.com\/avatar\/e8495742d34d0ba6448ea1c628263b3e?s=96&d=mm&r=g\",\"contentUrl\":\"https:\/\/secure.gravatar.com\/avatar\/e8495742d34d0ba6448ea1c628263b3e?s=96&d=mm&r=g\",\"caption\":\"admin\"},\"url\":\"https:\/\/franciscanos.org.br\/noticias\/author\/admin\"}]}<\/script>\n<!-- \/ Yoast SEO plugin. -->","yoast_head_json":{"title":"Confira os \u00faltimos lan\u00e7amentos - Not\u00edcias - Franciscanos","robots":{"index":"index","follow":"follow","max-snippet":"max-snippet:-1","max-image-preview":"max-image-preview:large","max-video-preview":"max-video-preview:-1"},"canonical":"https:\/\/franciscanos.org.br\/noticias\/confira-os-ultimos-lancamentos.html","og_locale":"pt_BR","og_type":"article","og_title":"Confira os \u00faltimos lan\u00e7amentos - Not\u00edcias - Franciscanos","og_description":"Editora Vozes","og_url":"https:\/\/franciscanos.org.br\/noticias\/confira-os-ultimos-lancamentos.html","og_site_name":"Not\u00edcias - Franciscanos","article_published_time":"2012-03-16T10:30:14+00:00","article_modified_time":"2019-09-13T16:31:09+00:00","og_image":[{"width":273,"height":182,"url":"https:\/\/franciscanos.org.br\/noticias\/wp-content\/uploads\/2012\/03\/garmus_g1603.jpg","type":"image\/jpeg"}],"author":"admin","twitter_card":"summary_large_image","twitter_misc":{"Escrito por":"admin","Est. tempo de leitura":"5 minutos"},"schema":{"@context":"https:\/\/schema.org","@graph":[{"@type":"WebSite","@id":"https:\/\/franciscanos.org.br\/noticias\/#website","url":"https:\/\/franciscanos.org.br\/noticias\/","name":"Not\u00edcias - Franciscanos","description":"Prov\u00edncia Franciscana da Imaculada Concei\u00e7\u00e3o do Brasil - Ordem dos Frades Menores - OFM","potentialAction":[{"@type":"SearchAction","target":{"@type":"EntryPoint","urlTemplate":"https:\/\/franciscanos.org.br\/noticias\/?s={search_term_string}"},"query-input":"required name=search_term_string"}],"inLanguage":"pt-BR"},{"@type":"ImageObject","inLanguage":"pt-BR","@id":"https:\/\/franciscanos.org.br\/noticias\/confira-os-ultimos-lancamentos.html#primaryimage","url":"https:\/\/franciscanos.org.br\/noticias\/wp-content\/uploads\/2012\/03\/garmus_g1603.jpg","contentUrl":"https:\/\/franciscanos.org.br\/noticias\/wp-content\/uploads\/2012\/03\/garmus_g1603.jpg","width":273,"height":182},{"@type":"WebPage","@id":"https:\/\/franciscanos.org.br\/noticias\/confira-os-ultimos-lancamentos.html#webpage","url":"https:\/\/franciscanos.org.br\/noticias\/confira-os-ultimos-lancamentos.html","name":"Confira os \u00faltimos lan\u00e7amentos - Not\u00edcias - Franciscanos","isPartOf":{"@id":"https:\/\/franciscanos.org.br\/noticias\/#website"},"primaryImageOfPage":{"@id":"https:\/\/franciscanos.org.br\/noticias\/confira-os-ultimos-lancamentos.html#primaryimage"},"datePublished":"2012-03-16T10:30:14+00:00","dateModified":"2019-09-13T16:31:09+00:00","author":{"@id":"https:\/\/franciscanos.org.br\/noticias\/#\/schema\/person\/b38fbf43118f02820bd932f2e4b14ad3"},"breadcrumb":{"@id":"https:\/\/franciscanos.org.br\/noticias\/confira-os-ultimos-lancamentos.html#breadcrumb"},"inLanguage":"pt-BR","potentialAction":[{"@type":"ReadAction","target":["https:\/\/franciscanos.org.br\/noticias\/confira-os-ultimos-lancamentos.html"]}]},{"@type":"BreadcrumbList","@id":"https:\/\/franciscanos.org.br\/noticias\/confira-os-ultimos-lancamentos.html#breadcrumb","itemListElement":[{"@type":"ListItem","position":1,"name":"Home","item":"https:\/\/franciscanos.org.br\/noticias"},{"@type":"ListItem","position":2,"name":"Confira os \u00faltimos lan\u00e7amentos"}]},{"@type":"Person","@id":"https:\/\/franciscanos.org.br\/noticias\/#\/schema\/person\/b38fbf43118f02820bd932f2e4b14ad3","name":"admin","image":{"@type":"ImageObject","inLanguage":"pt-BR","@id":"https:\/\/franciscanos.org.br\/noticias\/#\/schema\/person\/image\/","url":"https:\/\/secure.gravatar.com\/avatar\/e8495742d34d0ba6448ea1c628263b3e?s=96&d=mm&r=g","contentUrl":"https:\/\/secure.gravatar.com\/avatar\/e8495742d34d0ba6448ea1c628263b3e?s=96&d=mm&r=g","caption":"admin"},"url":"https:\/\/franciscanos.org.br\/noticias\/author\/admin"}]}},"_links":{"self":[{"href":"https:\/\/franciscanos.org.br\/noticias\/wp-json\/wp\/v2\/posts\/13263"}],"collection":[{"href":"https:\/\/franciscanos.org.br\/noticias\/wp-json\/wp\/v2\/posts"}],"about":[{"href":"https:\/\/franciscanos.org.br\/noticias\/wp-json\/wp\/v2\/types\/post"}],"author":[{"embeddable":true,"href":"https:\/\/franciscanos.org.br\/noticias\/wp-json\/wp\/v2\/users\/1"}],"replies":[{"embeddable":true,"href":"https:\/\/franciscanos.org.br\/noticias\/wp-json\/wp\/v2\/comments?post=13263"}],"version-history":[{"count":0,"href":"https:\/\/franciscanos.org.br\/noticias\/wp-json\/wp\/v2\/posts\/13263\/revisions"}],"wp:featuredmedia":[{"embeddable":true,"href":"https:\/\/franciscanos.org.br\/noticias\/wp-json\/wp\/v2\/media\/210909"}],"wp:attachment":[{"href":"https:\/\/franciscanos.org.br\/noticias\/wp-json\/wp\/v2\/media?parent=13263"}],"wp:term":[{"taxonomy":"category","embeddable":true,"href":"https:\/\/franciscanos.org.br\/noticias\/wp-json\/wp\/v2\/categories?post=13263"},{"taxonomy":"post_tag","embeddable":true,"href":"https:\/\/franciscanos.org.br\/noticias\/wp-json\/wp\/v2\/tags?post=13263"}],"curies":[{"name":"wp","href":"https:\/\/api.w.org\/{rel}","templated":true}]}}