{"id":132382,"date":"2017-04-25T13:17:46","date_gmt":"2017-04-25T16:17:46","guid":{"rendered":"http:\/\/franciscanos.org.br\/?p=132382"},"modified":"2019-01-29T10:40:39","modified_gmt":"2019-01-29T12:40:39","slug":"mais-de-100-jovens-gauchos-promovem-a-paz","status":"publish","type":"post","link":"https:\/\/franciscanos.org.br\/noticias\/mais-de-100-jovens-gauchos-promovem-a-paz.html","title":{"rendered":"Mais de 100 jovens ga\u00fachos promovem a paz"},"content":{"rendered":"<p><img loading=\"lazy\" class=\"alignleft\" src=\"http:\/\/franciscanos.org.br\/wp-content\/uploads\/2017\/04\/juventude_250417.jpg\" alt=\"juventude_250417\" width=\"830\" height=\"320\" \/>Entre os dias 21, 22 e 23 de abril aconteceu a primeira edi\u00e7\u00e3o das Miss\u00f5es Franciscanas da Juventude, em Gravata\u00ed-RS. Um final de semana intenso, ao qual mais de 100 mission\u00e1rios vindos de Curitiba, no Paran\u00e1, e de doze cidades do Rio Grande do Sul levaram o lema \u201cVai e Reconstr\u00f3i a Paz\u201d para seis comunidades do munic\u00edpio.<\/p>\n<p>Organizado pela Prov\u00edncia S\u00e3o Francisco de Assis, as Miss\u00f5es t\u00eam o objetivo de levar o carisma de S\u00e3o Francisco de Assis e Santa Clara para cada realidades locais afirmando o pedido do Papa Francisco de se ter uma \u201cIgreja em sa\u00edda\u201d. Durante os tr\u00eas dias de miss\u00f5es, jovens e pessoas volunt\u00e1rios do munic\u00edpio puderam caminhar nas regi\u00f5es atendidas pela Rede de Comunidades S\u00e3o Jos\u00e9, a qual os franciscanos atuam. Nelas, os mission\u00e1rios puderam conhecer as mais diversas realidades com a visita\u00e7\u00f5es em fam\u00edlias, em asilos e num centro de reabilita\u00e7\u00e3o do munic\u00edpio.<\/p>\n<p>As Miss\u00f5es Franciscanas da Juventude acontecem em todo o pa\u00eds organizados por cada Prov\u00edncia Franciscana. O Diretor das Pontif\u00edcias Obras Mission\u00e1rias, Padre Maur\u00edcio Jardim, durante a sua visita na missa de encerramento do encontro, enfatizou a alegria de estar participando da primeira edi\u00e7\u00e3o das Miss\u00f5es, em Gravata\u00ed, reafirmando cada vez o mais o pedido do Papa Francisco. Para o padre essas iniciativas s\u00e3o importantes para se levar a alegria do evangelho a todos. \u201cN\u00f3s colaboramos com a miss\u00e3o de Deus de tr\u00eas formas, que \u00e9 rezar para as miss\u00f5es; partilhar; e se colocar como mission\u00e1rios indo aos lugares que mais precisam. A miss\u00e3o se faz com os joelhos daqueles que rezam, das m\u00e3os que partilham e dos p\u00e9s que partem\u201d, disse o Padre Maur\u00edcio, enfatizando o trip\u00e9 que move os miss\u00f5es ao redor do mundo.<\/p>\n<p>Jovens do Rio Grande do Sul j\u00e1 marcaram presen\u00e7a em outras Miss\u00f5es que aconteceram no Brasil. Neste ano, eles participaram da quarta edi\u00e7\u00e3o das Miss\u00f5es em Curitiba, que reuniu cerca de 500 mission\u00e1rios. Com a vontade de se realizar este evento em terras ga\u00fachas, o Moderador das Miss\u00f5es da Prov\u00edncia S\u00e3o Francisco de Assis, Frei Franklin Freitas, ressaltou a alegria de estar acontecendo as Miss\u00f5es, na qual os jovens puderam vivenciar na acolhida, na conversa e em abra\u00e7os o carisma franciscano. \u201d Ap\u00f3s participarmos das Miss\u00f5es em outras regi\u00f5es, come\u00e7amos a nutrir esse desejo de fazermos em nossa terra esse projeto mission\u00e1rio. H\u00e1 muito amor envolvido em tudo isso, desde que as lideran\u00e7as foram se contagiando e come\u00e7aram a trabalhar come\u00e7ou a somar muita gente, e depois ao retornamos das visitas conseguimos perceber a alegria que fizemos para as pessoas\u201d, ressaltou Frei Franklin, emocionado com o resultado dos tr\u00eas dias.<\/p>\n<p>Na manh\u00e3 de domingo (23\/4), os mission\u00e1rios, emocionados e repletos de alegria, puderam partilhar os momentos vividos com o grande grupo. Ap\u00f3s a partilha, a comunidade se fez presente na Igreja Santa Rita de C\u00e1ssia, na Morada do Vale I, em Gravata\u00ed, para a missa de encerramento das Miss\u00f5es. Durante a missa os jovens colocaram os seus nomes numa urna em formato de TAU, que ser\u00e1 levada no encontro nacional dos franciscanos, em Aparecida-SP; e tamb\u00e9m, foi anunciado a pr\u00f3xima cidade que receber\u00e1 as Miss\u00f5es, que ser\u00e1 Horizontina-RS. Na alegria de renovar as esperan\u00e7as daqueles que mais necessitam, promovendo a paz para os quatro cantos de Gravata\u00ed, os mission\u00e1rios ter\u00e3o para sempre as mem\u00f3rias destes tr\u00eas dias especiais.<\/p>\n<p><strong>Fonte:\u00a0<a href=\"http:\/\/www.franciscanos-rs.org.br\">http:\/\/www.franciscanos-rs.org.br<\/a><\/strong><\/p>\n","protected":false},"excerpt":{"rendered":"<p>Miss\u00f5es Franciscanas da Juventude<\/p>\n","protected":false},"author":1,"featured_media":197787,"comment_status":"open","ping_status":"open","sticky":false,"template":"","format":"standard","meta":[],"categories":[1],"tags":[477],"acf":[],"yoast_head":"<!-- This site is optimized with the Yoast SEO plugin v19.2 - https:\/\/yoast.com\/wordpress\/plugins\/seo\/ -->\n<title>Mais de 100 jovens ga\u00fachos promovem a paz - Not\u00edcias - Franciscanos<\/title>\n<meta name=\"robots\" content=\"index, follow, max-snippet:-1, max-image-preview:large, max-video-preview:-1\" \/>\n<link rel=\"canonical\" href=\"https:\/\/franciscanos.org.br\/noticias\/mais-de-100-jovens-gauchos-promovem-a-paz.html\" \/>\n<meta property=\"og:locale\" content=\"pt_BR\" \/>\n<meta property=\"og:type\" content=\"article\" \/>\n<meta property=\"og:title\" content=\"Mais de 100 jovens ga\u00fachos promovem a paz - Not\u00edcias - Franciscanos\" \/>\n<meta property=\"og:description\" content=\"Miss\u00f5es Franciscanas da Juventude\" \/>\n<meta property=\"og:url\" content=\"https:\/\/franciscanos.org.br\/noticias\/mais-de-100-jovens-gauchos-promovem-a-paz.html\" \/>\n<meta property=\"og:site_name\" content=\"Not\u00edcias - Franciscanos\" \/>\n<meta property=\"article:published_time\" content=\"2017-04-25T16:17:46+00:00\" \/>\n<meta property=\"article:modified_time\" content=\"2019-01-29T12:40:39+00:00\" \/>\n<meta property=\"og:image\" content=\"https:\/\/franciscanos.org.br\/noticias\/wp-content\/uploads\/2017\/04\/juventude_250417.jpg\" \/>\n\t<meta property=\"og:image:width\" content=\"273\" \/>\n\t<meta property=\"og:image:height\" content=\"181\" \/>\n\t<meta property=\"og:image:type\" content=\"image\/jpeg\" \/>\n<meta name=\"author\" content=\"admin\" \/>\n<meta name=\"twitter:card\" content=\"summary_large_image\" \/>\n<meta name=\"twitter:label1\" content=\"Escrito por\" \/>\n\t<meta name=\"twitter:data1\" content=\"admin\" \/>\n\t<meta name=\"twitter:label2\" content=\"Est. tempo de leitura\" \/>\n\t<meta name=\"twitter:data2\" content=\"3 minutos\" \/>\n<script type=\"application\/ld+json\" class=\"yoast-schema-graph\">{\"@context\":\"https:\/\/schema.org\",\"@graph\":[{\"@type\":\"WebSite\",\"@id\":\"https:\/\/franciscanos.org.br\/noticias\/#website\",\"url\":\"https:\/\/franciscanos.org.br\/noticias\/\",\"name\":\"Not\u00edcias - Franciscanos\",\"description\":\"Prov\u00edncia Franciscana da Imaculada Concei\u00e7\u00e3o do Brasil - Ordem dos Frades Menores - OFM\",\"potentialAction\":[{\"@type\":\"SearchAction\",\"target\":{\"@type\":\"EntryPoint\",\"urlTemplate\":\"https:\/\/franciscanos.org.br\/noticias\/?s={search_term_string}\"},\"query-input\":\"required name=search_term_string\"}],\"inLanguage\":\"pt-BR\"},{\"@type\":\"ImageObject\",\"inLanguage\":\"pt-BR\",\"@id\":\"https:\/\/franciscanos.org.br\/noticias\/mais-de-100-jovens-gauchos-promovem-a-paz.html#primaryimage\",\"url\":\"https:\/\/franciscanos.org.br\/noticias\/wp-content\/uploads\/2017\/04\/juventude_250417.jpg\",\"contentUrl\":\"https:\/\/franciscanos.org.br\/noticias\/wp-content\/uploads\/2017\/04\/juventude_250417.jpg\",\"width\":273,\"height\":181},{\"@type\":\"WebPage\",\"@id\":\"https:\/\/franciscanos.org.br\/noticias\/mais-de-100-jovens-gauchos-promovem-a-paz.html#webpage\",\"url\":\"https:\/\/franciscanos.org.br\/noticias\/mais-de-100-jovens-gauchos-promovem-a-paz.html\",\"name\":\"Mais de 100 jovens ga\u00fachos promovem a paz - Not\u00edcias - Franciscanos\",\"isPartOf\":{\"@id\":\"https:\/\/franciscanos.org.br\/noticias\/#website\"},\"primaryImageOfPage\":{\"@id\":\"https:\/\/franciscanos.org.br\/noticias\/mais-de-100-jovens-gauchos-promovem-a-paz.html#primaryimage\"},\"datePublished\":\"2017-04-25T16:17:46+00:00\",\"dateModified\":\"2019-01-29T12:40:39+00:00\",\"author\":{\"@id\":\"https:\/\/franciscanos.org.br\/noticias\/#\/schema\/person\/b38fbf43118f02820bd932f2e4b14ad3\"},\"breadcrumb\":{\"@id\":\"https:\/\/franciscanos.org.br\/noticias\/mais-de-100-jovens-gauchos-promovem-a-paz.html#breadcrumb\"},\"inLanguage\":\"pt-BR\",\"potentialAction\":[{\"@type\":\"ReadAction\",\"target\":[\"https:\/\/franciscanos.org.br\/noticias\/mais-de-100-jovens-gauchos-promovem-a-paz.html\"]}]},{\"@type\":\"BreadcrumbList\",\"@id\":\"https:\/\/franciscanos.org.br\/noticias\/mais-de-100-jovens-gauchos-promovem-a-paz.html#breadcrumb\",\"itemListElement\":[{\"@type\":\"ListItem\",\"position\":1,\"name\":\"Home\",\"item\":\"https:\/\/franciscanos.org.br\/noticias\"},{\"@type\":\"ListItem\",\"position\":2,\"name\":\"Mais de 100 jovens ga\u00fachos promovem a paz\"}]},{\"@type\":\"Person\",\"@id\":\"https:\/\/franciscanos.org.br\/noticias\/#\/schema\/person\/b38fbf43118f02820bd932f2e4b14ad3\",\"name\":\"admin\",\"image\":{\"@type\":\"ImageObject\",\"inLanguage\":\"pt-BR\",\"@id\":\"https:\/\/franciscanos.org.br\/noticias\/#\/schema\/person\/image\/\",\"url\":\"https:\/\/secure.gravatar.com\/avatar\/e8495742d34d0ba6448ea1c628263b3e?s=96&d=mm&r=g\",\"contentUrl\":\"https:\/\/secure.gravatar.com\/avatar\/e8495742d34d0ba6448ea1c628263b3e?s=96&d=mm&r=g\",\"caption\":\"admin\"},\"url\":\"https:\/\/franciscanos.org.br\/noticias\/author\/admin\"}]}<\/script>\n<!-- \/ Yoast SEO plugin. -->","yoast_head_json":{"title":"Mais de 100 jovens ga\u00fachos promovem a paz - Not\u00edcias - Franciscanos","robots":{"index":"index","follow":"follow","max-snippet":"max-snippet:-1","max-image-preview":"max-image-preview:large","max-video-preview":"max-video-preview:-1"},"canonical":"https:\/\/franciscanos.org.br\/noticias\/mais-de-100-jovens-gauchos-promovem-a-paz.html","og_locale":"pt_BR","og_type":"article","og_title":"Mais de 100 jovens ga\u00fachos promovem a paz - Not\u00edcias - Franciscanos","og_description":"Miss\u00f5es Franciscanas da Juventude","og_url":"https:\/\/franciscanos.org.br\/noticias\/mais-de-100-jovens-gauchos-promovem-a-paz.html","og_site_name":"Not\u00edcias - Franciscanos","article_published_time":"2017-04-25T16:17:46+00:00","article_modified_time":"2019-01-29T12:40:39+00:00","og_image":[{"width":273,"height":181,"url":"https:\/\/franciscanos.org.br\/noticias\/wp-content\/uploads\/2017\/04\/juventude_250417.jpg","type":"image\/jpeg"}],"author":"admin","twitter_card":"summary_large_image","twitter_misc":{"Escrito por":"admin","Est. tempo de leitura":"3 minutos"},"schema":{"@context":"https:\/\/schema.org","@graph":[{"@type":"WebSite","@id":"https:\/\/franciscanos.org.br\/noticias\/#website","url":"https:\/\/franciscanos.org.br\/noticias\/","name":"Not\u00edcias - Franciscanos","description":"Prov\u00edncia Franciscana da Imaculada Concei\u00e7\u00e3o do Brasil - Ordem dos Frades Menores - OFM","potentialAction":[{"@type":"SearchAction","target":{"@type":"EntryPoint","urlTemplate":"https:\/\/franciscanos.org.br\/noticias\/?s={search_term_string}"},"query-input":"required name=search_term_string"}],"inLanguage":"pt-BR"},{"@type":"ImageObject","inLanguage":"pt-BR","@id":"https:\/\/franciscanos.org.br\/noticias\/mais-de-100-jovens-gauchos-promovem-a-paz.html#primaryimage","url":"https:\/\/franciscanos.org.br\/noticias\/wp-content\/uploads\/2017\/04\/juventude_250417.jpg","contentUrl":"https:\/\/franciscanos.org.br\/noticias\/wp-content\/uploads\/2017\/04\/juventude_250417.jpg","width":273,"height":181},{"@type":"WebPage","@id":"https:\/\/franciscanos.org.br\/noticias\/mais-de-100-jovens-gauchos-promovem-a-paz.html#webpage","url":"https:\/\/franciscanos.org.br\/noticias\/mais-de-100-jovens-gauchos-promovem-a-paz.html","name":"Mais de 100 jovens ga\u00fachos promovem a paz - Not\u00edcias - Franciscanos","isPartOf":{"@id":"https:\/\/franciscanos.org.br\/noticias\/#website"},"primaryImageOfPage":{"@id":"https:\/\/franciscanos.org.br\/noticias\/mais-de-100-jovens-gauchos-promovem-a-paz.html#primaryimage"},"datePublished":"2017-04-25T16:17:46+00:00","dateModified":"2019-01-29T12:40:39+00:00","author":{"@id":"https:\/\/franciscanos.org.br\/noticias\/#\/schema\/person\/b38fbf43118f02820bd932f2e4b14ad3"},"breadcrumb":{"@id":"https:\/\/franciscanos.org.br\/noticias\/mais-de-100-jovens-gauchos-promovem-a-paz.html#breadcrumb"},"inLanguage":"pt-BR","potentialAction":[{"@type":"ReadAction","target":["https:\/\/franciscanos.org.br\/noticias\/mais-de-100-jovens-gauchos-promovem-a-paz.html"]}]},{"@type":"BreadcrumbList","@id":"https:\/\/franciscanos.org.br\/noticias\/mais-de-100-jovens-gauchos-promovem-a-paz.html#breadcrumb","itemListElement":[{"@type":"ListItem","position":1,"name":"Home","item":"https:\/\/franciscanos.org.br\/noticias"},{"@type":"ListItem","position":2,"name":"Mais de 100 jovens ga\u00fachos promovem a paz"}]},{"@type":"Person","@id":"https:\/\/franciscanos.org.br\/noticias\/#\/schema\/person\/b38fbf43118f02820bd932f2e4b14ad3","name":"admin","image":{"@type":"ImageObject","inLanguage":"pt-BR","@id":"https:\/\/franciscanos.org.br\/noticias\/#\/schema\/person\/image\/","url":"https:\/\/secure.gravatar.com\/avatar\/e8495742d34d0ba6448ea1c628263b3e?s=96&d=mm&r=g","contentUrl":"https:\/\/secure.gravatar.com\/avatar\/e8495742d34d0ba6448ea1c628263b3e?s=96&d=mm&r=g","caption":"admin"},"url":"https:\/\/franciscanos.org.br\/noticias\/author\/admin"}]}},"_links":{"self":[{"href":"https:\/\/franciscanos.org.br\/noticias\/wp-json\/wp\/v2\/posts\/132382"}],"collection":[{"href":"https:\/\/franciscanos.org.br\/noticias\/wp-json\/wp\/v2\/posts"}],"about":[{"href":"https:\/\/franciscanos.org.br\/noticias\/wp-json\/wp\/v2\/types\/post"}],"author":[{"embeddable":true,"href":"https:\/\/franciscanos.org.br\/noticias\/wp-json\/wp\/v2\/users\/1"}],"replies":[{"embeddable":true,"href":"https:\/\/franciscanos.org.br\/noticias\/wp-json\/wp\/v2\/comments?post=132382"}],"version-history":[{"count":0,"href":"https:\/\/franciscanos.org.br\/noticias\/wp-json\/wp\/v2\/posts\/132382\/revisions"}],"wp:featuredmedia":[{"embeddable":true,"href":"https:\/\/franciscanos.org.br\/noticias\/wp-json\/wp\/v2\/media\/197787"}],"wp:attachment":[{"href":"https:\/\/franciscanos.org.br\/noticias\/wp-json\/wp\/v2\/media?parent=132382"}],"wp:term":[{"taxonomy":"category","embeddable":true,"href":"https:\/\/franciscanos.org.br\/noticias\/wp-json\/wp\/v2\/categories?post=132382"},{"taxonomy":"post_tag","embeddable":true,"href":"https:\/\/franciscanos.org.br\/noticias\/wp-json\/wp\/v2\/tags?post=132382"}],"curies":[{"name":"wp","href":"https:\/\/api.w.org\/{rel}","templated":true}]}}