{"id":132371,"date":"2017-04-25T12:03:41","date_gmt":"2017-04-25T15:03:41","guid":{"rendered":"http:\/\/franciscanos.org.br\/?p=132371"},"modified":"2019-01-24T14:31:50","modified_gmt":"2019-01-24T16:31:50","slug":"as-bonitas-historias-de-fe-na-festa-da-penha","status":"publish","type":"post","link":"https:\/\/franciscanos.org.br\/noticias\/as-bonitas-historias-de-fe-na-festa-da-penha.html","title":{"rendered":"As bonitas hist\u00f3rias de f\u00e9 da Festa da Penha"},"content":{"rendered":"<p><img loading=\"lazy\" class=\"alignleft size-full wp-image-196901\" src=\"https:\/\/franciscanos.org.br\/noticias\/wp-content\/uploads\/2017\/04\/penhaG_250417.jpg\" alt=\"\" width=\"830\" height=\"400\" srcset=\"https:\/\/franciscanos.org.br\/noticias\/wp-content\/uploads\/2017\/04\/penhaG_250417.jpg 830w, https:\/\/franciscanos.org.br\/noticias\/wp-content\/uploads\/2017\/04\/penhaG_250417-450x217.jpg 450w, https:\/\/franciscanos.org.br\/noticias\/wp-content\/uploads\/2017\/04\/penhaG_250417-768x370.jpg 768w, https:\/\/franciscanos.org.br\/noticias\/wp-content\/uploads\/2017\/04\/penhaG_250417-150x72.jpg 150w\" sizes=\"(max-width: 830px) 100vw, 830px\" \/><\/p>\n<p><strong>\u00c9rika Augusto<\/strong><\/p>\n<p><strong>Vila Velha (ES)<\/strong> \u2013 Em uma festa t\u00e3o grande como a Festa da Penha, \u00e9 poss\u00edvel encontrar infinitas hist\u00f3rias de f\u00e9. A Virgem das Alegrias, Nossa Senhora da Penha, \u00e9 mais que uma devo\u00e7\u00e3o. Ela \u00e9 a M\u00e3e amiga dos devotos, que recorrem \u00e0 sua intercess\u00e3o em todos os momentos.<\/p>\n<p>Foi o caso de Patr\u00edcia Eggert, m\u00e3e do Igor Daniel. Durante todo o Oitav\u00e1rio ela estava presente com seu filho e uma bonita imagem de Nossa Senhora, confeccionada em tecido. Ela conta que fez uma promessa para Nossa Senhora da Penha, para que ela pudesse engravidar. A gra\u00e7a foi alcan\u00e7ada, mas na gesta\u00e7\u00e3o os pais descobriram que o filho teria 50% de chances de ser portador da s\u00edndrome de down. Novamente, ela recorreu a Nossa Senhora.<\/p>\n<p>\u201cSubi ao Convento e entreguei a situa\u00e7\u00e3o para Nossa Senhora, pois ela me deu a gra\u00e7a de ser m\u00e3e. Eu n\u00e3o me importava que ele tivesse a s\u00edndrome, mas que ele nascesse com sa\u00fade\u201d, afirma. Foi na hora do parto que os pais souberam que o filho estava saud\u00e1vel.<\/p>\n<p>Patr\u00edcia prometeu que se fosse uma menina, ela iria vesti-la de Nossa Senhora da Penha e se fosse menino, levaria uma imagem da Virgem. H\u00e1 5 anos, Patr\u00edcia e Igor participam do Oitav\u00e1rio. Por mais 2 anos, eles estar\u00e3o presentes, cumprindo a promessa feita.<\/p>\n<p><strong>Uma corrente de f\u00e9 por Nossa Senhora da Penha<\/strong><\/p>\n<p>Na Festa da Penha existe um grupo de volunt\u00e1rios com uma tarefa important\u00edssima: cuidar do traslado da imagem de Nossa Senhora. Como s\u00e3o muitas romarias e prociss\u00f5es, o grupo fica encarregado de cuidar para que o andor esteja sempre em seguran\u00e7a e cumpra os hor\u00e1rios das celebra\u00e7\u00f5es.<\/p>\n<p>S\u00e3o homens de f\u00e9, que com muito carinho cuidam de Nossa Senhora da Penha. O mais jovem deles \u00e9 Luan Coradini. Ele tem 20 anos e desde 2014 faz parte da Corrente da Penha. Aos 15 anos ele j\u00e1 participava da equipe de acolhida da Festa. Um dia, na Romaria dos Homens, ele ajudou na corrente humana que rodeia o Penham\u00f3vel, o carro que leva a imagem pelas ruas. Um tempo depois, veio o convite para a equipe. \u00c9 uma tradi\u00e7\u00e3o, transmitida \u00e0s futuras gera\u00e7\u00f5es.<\/p>\n","protected":false},"excerpt":{"rendered":"<p>Festa da Penha 2017<\/p>\n","protected":false},"author":1,"featured_media":196750,"comment_status":"open","ping_status":"open","sticky":false,"template":"","format":"standard","meta":[],"categories":[1],"tags":[245],"acf":[],"yoast_head":"<!-- This site is optimized with the Yoast SEO plugin v19.2 - https:\/\/yoast.com\/wordpress\/plugins\/seo\/ -->\n<title>As bonitas hist\u00f3rias de f\u00e9 da Festa da Penha - Not\u00edcias - Franciscanos<\/title>\n<meta name=\"robots\" content=\"index, follow, max-snippet:-1, max-image-preview:large, max-video-preview:-1\" \/>\n<link rel=\"canonical\" href=\"https:\/\/franciscanos.org.br\/noticias\/as-bonitas-historias-de-fe-na-festa-da-penha.html\" \/>\n<meta property=\"og:locale\" content=\"pt_BR\" \/>\n<meta property=\"og:type\" content=\"article\" \/>\n<meta property=\"og:title\" content=\"As bonitas hist\u00f3rias de f\u00e9 da Festa da Penha - Not\u00edcias - Franciscanos\" \/>\n<meta property=\"og:description\" content=\"Festa da Penha 2017\" \/>\n<meta property=\"og:url\" content=\"https:\/\/franciscanos.org.br\/noticias\/as-bonitas-historias-de-fe-na-festa-da-penha.html\" \/>\n<meta property=\"og:site_name\" content=\"Not\u00edcias - Franciscanos\" \/>\n<meta property=\"article:published_time\" content=\"2017-04-25T15:03:41+00:00\" \/>\n<meta property=\"article:modified_time\" content=\"2019-01-24T16:31:50+00:00\" \/>\n<meta property=\"og:image\" content=\"https:\/\/franciscanos.org.br\/noticias\/wp-content\/uploads\/2017\/04\/penha_200417p.jpg\" \/>\n\t<meta property=\"og:image:width\" content=\"273\" \/>\n\t<meta property=\"og:image:height\" content=\"181\" \/>\n\t<meta property=\"og:image:type\" content=\"image\/jpeg\" \/>\n<meta name=\"author\" content=\"admin\" \/>\n<meta name=\"twitter:card\" content=\"summary_large_image\" \/>\n<meta name=\"twitter:label1\" content=\"Escrito por\" \/>\n\t<meta name=\"twitter:data1\" content=\"admin\" \/>\n\t<meta name=\"twitter:label2\" content=\"Est. tempo de leitura\" \/>\n\t<meta name=\"twitter:data2\" content=\"2 minutos\" \/>\n<script type=\"application\/ld+json\" class=\"yoast-schema-graph\">{\"@context\":\"https:\/\/schema.org\",\"@graph\":[{\"@type\":\"WebSite\",\"@id\":\"https:\/\/franciscanos.org.br\/noticias\/#website\",\"url\":\"https:\/\/franciscanos.org.br\/noticias\/\",\"name\":\"Not\u00edcias - Franciscanos\",\"description\":\"Prov\u00edncia Franciscana da Imaculada Concei\u00e7\u00e3o do Brasil - Ordem dos Frades Menores - OFM\",\"potentialAction\":[{\"@type\":\"SearchAction\",\"target\":{\"@type\":\"EntryPoint\",\"urlTemplate\":\"https:\/\/franciscanos.org.br\/noticias\/?s={search_term_string}\"},\"query-input\":\"required name=search_term_string\"}],\"inLanguage\":\"pt-BR\"},{\"@type\":\"ImageObject\",\"inLanguage\":\"pt-BR\",\"@id\":\"https:\/\/franciscanos.org.br\/noticias\/as-bonitas-historias-de-fe-na-festa-da-penha.html#primaryimage\",\"url\":\"https:\/\/franciscanos.org.br\/noticias\/wp-content\/uploads\/2017\/04\/penha_200417p.jpg\",\"contentUrl\":\"https:\/\/franciscanos.org.br\/noticias\/wp-content\/uploads\/2017\/04\/penha_200417p.jpg\",\"width\":273,\"height\":181},{\"@type\":\"WebPage\",\"@id\":\"https:\/\/franciscanos.org.br\/noticias\/as-bonitas-historias-de-fe-na-festa-da-penha.html#webpage\",\"url\":\"https:\/\/franciscanos.org.br\/noticias\/as-bonitas-historias-de-fe-na-festa-da-penha.html\",\"name\":\"As bonitas hist\u00f3rias de f\u00e9 da Festa da Penha - Not\u00edcias - Franciscanos\",\"isPartOf\":{\"@id\":\"https:\/\/franciscanos.org.br\/noticias\/#website\"},\"primaryImageOfPage\":{\"@id\":\"https:\/\/franciscanos.org.br\/noticias\/as-bonitas-historias-de-fe-na-festa-da-penha.html#primaryimage\"},\"datePublished\":\"2017-04-25T15:03:41+00:00\",\"dateModified\":\"2019-01-24T16:31:50+00:00\",\"author\":{\"@id\":\"https:\/\/franciscanos.org.br\/noticias\/#\/schema\/person\/b38fbf43118f02820bd932f2e4b14ad3\"},\"breadcrumb\":{\"@id\":\"https:\/\/franciscanos.org.br\/noticias\/as-bonitas-historias-de-fe-na-festa-da-penha.html#breadcrumb\"},\"inLanguage\":\"pt-BR\",\"potentialAction\":[{\"@type\":\"ReadAction\",\"target\":[\"https:\/\/franciscanos.org.br\/noticias\/as-bonitas-historias-de-fe-na-festa-da-penha.html\"]}]},{\"@type\":\"BreadcrumbList\",\"@id\":\"https:\/\/franciscanos.org.br\/noticias\/as-bonitas-historias-de-fe-na-festa-da-penha.html#breadcrumb\",\"itemListElement\":[{\"@type\":\"ListItem\",\"position\":1,\"name\":\"Home\",\"item\":\"https:\/\/franciscanos.org.br\/noticias\"},{\"@type\":\"ListItem\",\"position\":2,\"name\":\"As bonitas hist\u00f3rias de f\u00e9 da Festa da Penha\"}]},{\"@type\":\"Person\",\"@id\":\"https:\/\/franciscanos.org.br\/noticias\/#\/schema\/person\/b38fbf43118f02820bd932f2e4b14ad3\",\"name\":\"admin\",\"image\":{\"@type\":\"ImageObject\",\"inLanguage\":\"pt-BR\",\"@id\":\"https:\/\/franciscanos.org.br\/noticias\/#\/schema\/person\/image\/\",\"url\":\"https:\/\/secure.gravatar.com\/avatar\/e8495742d34d0ba6448ea1c628263b3e?s=96&d=mm&r=g\",\"contentUrl\":\"https:\/\/secure.gravatar.com\/avatar\/e8495742d34d0ba6448ea1c628263b3e?s=96&d=mm&r=g\",\"caption\":\"admin\"},\"url\":\"https:\/\/franciscanos.org.br\/noticias\/author\/admin\"}]}<\/script>\n<!-- \/ Yoast SEO plugin. -->","yoast_head_json":{"title":"As bonitas hist\u00f3rias de f\u00e9 da Festa da Penha - Not\u00edcias - Franciscanos","robots":{"index":"index","follow":"follow","max-snippet":"max-snippet:-1","max-image-preview":"max-image-preview:large","max-video-preview":"max-video-preview:-1"},"canonical":"https:\/\/franciscanos.org.br\/noticias\/as-bonitas-historias-de-fe-na-festa-da-penha.html","og_locale":"pt_BR","og_type":"article","og_title":"As bonitas hist\u00f3rias de f\u00e9 da Festa da Penha - Not\u00edcias - Franciscanos","og_description":"Festa da Penha 2017","og_url":"https:\/\/franciscanos.org.br\/noticias\/as-bonitas-historias-de-fe-na-festa-da-penha.html","og_site_name":"Not\u00edcias - Franciscanos","article_published_time":"2017-04-25T15:03:41+00:00","article_modified_time":"2019-01-24T16:31:50+00:00","og_image":[{"width":273,"height":181,"url":"https:\/\/franciscanos.org.br\/noticias\/wp-content\/uploads\/2017\/04\/penha_200417p.jpg","type":"image\/jpeg"}],"author":"admin","twitter_card":"summary_large_image","twitter_misc":{"Escrito por":"admin","Est. tempo de leitura":"2 minutos"},"schema":{"@context":"https:\/\/schema.org","@graph":[{"@type":"WebSite","@id":"https:\/\/franciscanos.org.br\/noticias\/#website","url":"https:\/\/franciscanos.org.br\/noticias\/","name":"Not\u00edcias - Franciscanos","description":"Prov\u00edncia Franciscana da Imaculada Concei\u00e7\u00e3o do Brasil - Ordem dos Frades Menores - OFM","potentialAction":[{"@type":"SearchAction","target":{"@type":"EntryPoint","urlTemplate":"https:\/\/franciscanos.org.br\/noticias\/?s={search_term_string}"},"query-input":"required name=search_term_string"}],"inLanguage":"pt-BR"},{"@type":"ImageObject","inLanguage":"pt-BR","@id":"https:\/\/franciscanos.org.br\/noticias\/as-bonitas-historias-de-fe-na-festa-da-penha.html#primaryimage","url":"https:\/\/franciscanos.org.br\/noticias\/wp-content\/uploads\/2017\/04\/penha_200417p.jpg","contentUrl":"https:\/\/franciscanos.org.br\/noticias\/wp-content\/uploads\/2017\/04\/penha_200417p.jpg","width":273,"height":181},{"@type":"WebPage","@id":"https:\/\/franciscanos.org.br\/noticias\/as-bonitas-historias-de-fe-na-festa-da-penha.html#webpage","url":"https:\/\/franciscanos.org.br\/noticias\/as-bonitas-historias-de-fe-na-festa-da-penha.html","name":"As bonitas hist\u00f3rias de f\u00e9 da Festa da Penha - Not\u00edcias - Franciscanos","isPartOf":{"@id":"https:\/\/franciscanos.org.br\/noticias\/#website"},"primaryImageOfPage":{"@id":"https:\/\/franciscanos.org.br\/noticias\/as-bonitas-historias-de-fe-na-festa-da-penha.html#primaryimage"},"datePublished":"2017-04-25T15:03:41+00:00","dateModified":"2019-01-24T16:31:50+00:00","author":{"@id":"https:\/\/franciscanos.org.br\/noticias\/#\/schema\/person\/b38fbf43118f02820bd932f2e4b14ad3"},"breadcrumb":{"@id":"https:\/\/franciscanos.org.br\/noticias\/as-bonitas-historias-de-fe-na-festa-da-penha.html#breadcrumb"},"inLanguage":"pt-BR","potentialAction":[{"@type":"ReadAction","target":["https:\/\/franciscanos.org.br\/noticias\/as-bonitas-historias-de-fe-na-festa-da-penha.html"]}]},{"@type":"BreadcrumbList","@id":"https:\/\/franciscanos.org.br\/noticias\/as-bonitas-historias-de-fe-na-festa-da-penha.html#breadcrumb","itemListElement":[{"@type":"ListItem","position":1,"name":"Home","item":"https:\/\/franciscanos.org.br\/noticias"},{"@type":"ListItem","position":2,"name":"As bonitas hist\u00f3rias de f\u00e9 da Festa da Penha"}]},{"@type":"Person","@id":"https:\/\/franciscanos.org.br\/noticias\/#\/schema\/person\/b38fbf43118f02820bd932f2e4b14ad3","name":"admin","image":{"@type":"ImageObject","inLanguage":"pt-BR","@id":"https:\/\/franciscanos.org.br\/noticias\/#\/schema\/person\/image\/","url":"https:\/\/secure.gravatar.com\/avatar\/e8495742d34d0ba6448ea1c628263b3e?s=96&d=mm&r=g","contentUrl":"https:\/\/secure.gravatar.com\/avatar\/e8495742d34d0ba6448ea1c628263b3e?s=96&d=mm&r=g","caption":"admin"},"url":"https:\/\/franciscanos.org.br\/noticias\/author\/admin"}]}},"_links":{"self":[{"href":"https:\/\/franciscanos.org.br\/noticias\/wp-json\/wp\/v2\/posts\/132371"}],"collection":[{"href":"https:\/\/franciscanos.org.br\/noticias\/wp-json\/wp\/v2\/posts"}],"about":[{"href":"https:\/\/franciscanos.org.br\/noticias\/wp-json\/wp\/v2\/types\/post"}],"author":[{"embeddable":true,"href":"https:\/\/franciscanos.org.br\/noticias\/wp-json\/wp\/v2\/users\/1"}],"replies":[{"embeddable":true,"href":"https:\/\/franciscanos.org.br\/noticias\/wp-json\/wp\/v2\/comments?post=132371"}],"version-history":[{"count":0,"href":"https:\/\/franciscanos.org.br\/noticias\/wp-json\/wp\/v2\/posts\/132371\/revisions"}],"wp:featuredmedia":[{"embeddable":true,"href":"https:\/\/franciscanos.org.br\/noticias\/wp-json\/wp\/v2\/media\/196750"}],"wp:attachment":[{"href":"https:\/\/franciscanos.org.br\/noticias\/wp-json\/wp\/v2\/media?parent=132371"}],"wp:term":[{"taxonomy":"category","embeddable":true,"href":"https:\/\/franciscanos.org.br\/noticias\/wp-json\/wp\/v2\/categories?post=132371"},{"taxonomy":"post_tag","embeddable":true,"href":"https:\/\/franciscanos.org.br\/noticias\/wp-json\/wp\/v2\/tags?post=132371"}],"curies":[{"name":"wp","href":"https:\/\/api.w.org\/{rel}","templated":true}]}}