{"id":132351,"date":"2017-04-25T07:33:39","date_gmt":"2017-04-25T10:33:39","guid":{"rendered":"http:\/\/franciscanos.org.br\/?p=132351"},"modified":"2020-06-09T09:10:49","modified_gmt":"2020-06-09T12:10:49","slug":"evangelho-se-anuncia-com-humildade-nao-com-o-poder","status":"publish","type":"post","link":"https:\/\/franciscanos.org.br\/noticias\/evangelho-se-anuncia-com-humildade-nao-com-o-poder.html","title":{"rendered":"Evangelho se anuncia com humildade, n\u00e3o com o poder"},"content":{"rendered":"<p><img loading=\"lazy\" class=\"alignleft\" src=\"http:\/\/franciscanos.org.br\/wp-content\/uploads\/2017\/04\/papa_250417.jpg\" alt=\"papa_250417\" width=\"820\" height=\"477\" \/><\/p>\n<p><strong>Cidade do Vaticano<\/strong> \u2013 O an\u00fancio do Evangelho deve ser feito com humildade, vencendo a tenta\u00e7\u00e3o da soberba. Esta foi a exorta\u00e7\u00e3o do Papa na Missa celebrada na manh\u00e3 de ter\u00e7a-feira (25\/04) na capela da Casa Santa Marta, concelebrada pelos cardeais conselheiros do C9. No dia que a Igreja recorda S\u00e3o Marcos evangelista, Francisco em sua homilia comentou o Evangelho em que Jesus convida os disc\u00edpulos a sa\u00edrem para anunciar. Um pregador, disse, deve estar sempre a caminho.<\/p>\n<p><strong>Sair para anunciar<\/strong><\/p>\n<p>Para Francisco, \u00e9 preciso \u201cir onde Jesus n\u00e3o \u00e9 conhecido e onde Jesus \u00e9 perseguido ou desfigurado, para proclamar o verdadeiro Evangelho\u201d: \u201cSair para anunciar. E nesta sa\u00edda est\u00e1 a vida, se joga a vida do pregador. Ele n\u00e3o est\u00e1 protegido, n\u00e3o h\u00e1 seguro de vida para o pregador. E se um pregador busca um seguro de vida, n\u00e3o \u00e9 um verdadeiro pregador do Evangelho: n\u00e3o sai, permanece protegido. Primeiro: ir, sair. O Evangelho, o an\u00fancio de Jesus Cristo, se faz em sa\u00edda, sempre; em caminho, sempre. Seja em caminho f\u00edsico, seja em caminho espiritual do sofrimento: pensemos no an\u00fancio do Evangelho que tantos doentes fazem \u2013 tantos doentes! \u2013 que oferecem a dor pela Igreja, pelos crist\u00e3os. Mas sempre saem de si mesmos\u201d.<\/p>\n<p>Mas como \u00e9 \u201co estilo deste an\u00fancio?\u201d, se questiona o Papa. \u201cS\u00e3o Pedro, que foi propriamente o mestre de Marcos \u2013 responde \u2013 \u00e9 muito claro na descri\u00e7\u00e3o deste estilo\u201d: \u201cO Evangelho deve ser anunciado em humildade, porque o Filho de Deus se humilhou, se aniquilou. O estilo de Deus \u00e9 este\u201d e \u201cn\u00e3o existe outro\u201d. \u201cO an\u00fancio do Evangelho n\u00e3o \u00e9 um carnaval, uma festa\u201d. Este \u201cn\u00e3o \u00e9 o an\u00fancio do Evangelho\u201d.<\/p>\n<p><strong>Vencer a tenta\u00e7\u00e3o da mundanidade<\/strong><\/p>\n<p>\u201cO Evangelho n\u00e3o pode ser anunciado com o poder humano, n\u00e3o pode ser anunciado com o esp\u00edrito de escalada, de subir\u201d, \u201ceste n\u00e3o \u00e9 o Evangelho\u201d. Portanto, todos somos chamados a revestir-se de \u201chumildade uns pelos outros\u201d, porque \u201cDeus resiste aos soberbos, mas d\u00e1 gra\u00e7a aos humildes\u201d: \u201cE por que esta humildade \u00e9 necess\u00e1ria? Justamente porque n\u00f3s levamos avante um an\u00fancio de humilha\u00e7\u00e3o, de gl\u00f3ria, mas atrav\u00e9s da humilha\u00e7\u00e3o. E o an\u00fancio do Evangelho sofre a tenta\u00e7\u00e3o: a tenta\u00e7\u00e3o do poder, a tenta\u00e7\u00e3o da soberba, a tenta\u00e7\u00e3o da mundanidade, de tantas mundanidades que existem e nos levam a pregar ou a recitar; porque n\u00e3o \u00e9 prega\u00e7\u00e3o um Evangelho aguado, sem for\u00e7a, um Evangelho sem Cristo crucificado e ressuscitado. E por isso Pedro diz: \u2018Cuidado\u2026o inimigo de voc\u00eas, o diabo, assim como um le\u00e3o faminto circula buscando algu\u00e9m para devorar. Resistam, firmes na f\u00e9, sabendo que os mesmos sofrimentos s\u00e3o impostos aos seus irm\u00e3os espalhados pelo mundo\u2019. O verdadeiro o an\u00fancio do Evangelho sofre a tenta\u00e7\u00e3o\u201d.<\/p>\n<p>Francisco acrescentou que se um crist\u00e3o afirma que anuncia o Evangelho, \u201cmas nunca sofre tenta\u00e7\u00e3o\u201d, significa ent\u00e3o que o \u201cdiabo n\u00e3o se preocupa\u201d porque \u201cestamos pregando algo que n\u00e3o serve\u201d.<\/p>\n<p><strong>A gra\u00e7a de sair<\/strong><\/p>\n<p>\u201cPor isso, na prega\u00e7\u00e3o verdadeira, h\u00e1 sempre algo de tenta\u00e7\u00e3o e tamb\u00e9m de persegui\u00e7\u00e3o\u201d. O Papa destacou que, quando estamos no sofrimento, ser\u00e1 \u201co Senhor a nos resgatar, a dar for\u00e7a, porque \u00e9 isto que Jesus prometeu quando enviou os Ap\u00f3stolos\u201d: \u201cSer\u00e1 o Senhor a nos confortar, a nos dar for\u00e7a para ir avante, porque Ele age conosco se formos fi\u00e9is ao an\u00fancio do Evangelho, se sairmos de n\u00f3s mesmos para pregar Cristo crucificado, esc\u00e2ndalo e loucura, e se n\u00f3s fizermos isso com um estilo de humildade, de verdadeira humildade. Que o Senhor nos d\u00ea esta gra\u00e7a, como batizados, todos, de empreender o caminho da evangeliza\u00e7\u00e3o com humildade, com confian\u00e7a Nele, anunciando o verdadeiro Evangelho: \u2018O Verbo se fez carne\u2019. O Verbo de Deus se fez carne. E esta \u00e9 uma loucura, \u00e9 um esc\u00e2ndalo; mas faz\u00ea-lo na consci\u00eancia de que o Senhor est\u00e1 do nosso lado, age conosco e confirma o nosso trabalho\u201d.<\/p>\n<hr \/>\n<p><em>Fonte: R\u00e1dio Vaticano<\/em><\/p>\n","protected":false},"excerpt":{"rendered":"<p>Missa em Santa Marta<\/p>\n","protected":false},"author":1,"featured_media":197793,"comment_status":"open","ping_status":"open","sticky":false,"template":"","format":"standard","meta":[],"categories":[1428],"tags":[1586],"acf":[],"yoast_head":"<!-- This site is optimized with the Yoast SEO plugin v19.2 - https:\/\/yoast.com\/wordpress\/plugins\/seo\/ -->\n<title>Evangelho se anuncia com humildade, n\u00e3o com o poder - Not\u00edcias - Franciscanos<\/title>\n<meta name=\"robots\" content=\"index, follow, max-snippet:-1, max-image-preview:large, max-video-preview:-1\" \/>\n<link rel=\"canonical\" href=\"https:\/\/franciscanos.org.br\/noticias\/evangelho-se-anuncia-com-humildade-nao-com-o-poder.html\" \/>\n<meta property=\"og:locale\" content=\"pt_BR\" \/>\n<meta property=\"og:type\" content=\"article\" \/>\n<meta property=\"og:title\" content=\"Evangelho se anuncia com humildade, n\u00e3o com o poder - Not\u00edcias - Franciscanos\" \/>\n<meta property=\"og:description\" content=\"Missa em Santa Marta\" \/>\n<meta property=\"og:url\" content=\"https:\/\/franciscanos.org.br\/noticias\/evangelho-se-anuncia-com-humildade-nao-com-o-poder.html\" \/>\n<meta property=\"og:site_name\" content=\"Not\u00edcias - Franciscanos\" \/>\n<meta property=\"article:published_time\" content=\"2017-04-25T10:33:39+00:00\" \/>\n<meta property=\"article:modified_time\" content=\"2020-06-09T12:10:49+00:00\" \/>\n<meta property=\"og:image\" content=\"https:\/\/franciscanos.org.br\/noticias\/wp-content\/uploads\/2017\/04\/papa_250417.jpg\" \/>\n\t<meta property=\"og:image:width\" content=\"273\" \/>\n\t<meta property=\"og:image:height\" content=\"181\" \/>\n\t<meta property=\"og:image:type\" content=\"image\/jpeg\" \/>\n<meta name=\"author\" content=\"admin\" \/>\n<meta name=\"twitter:card\" content=\"summary_large_image\" \/>\n<meta name=\"twitter:label1\" content=\"Escrito por\" \/>\n\t<meta name=\"twitter:data1\" content=\"admin\" \/>\n\t<meta name=\"twitter:label2\" content=\"Est. tempo de leitura\" \/>\n\t<meta name=\"twitter:data2\" content=\"3 minutos\" \/>\n<script type=\"application\/ld+json\" class=\"yoast-schema-graph\">{\"@context\":\"https:\/\/schema.org\",\"@graph\":[{\"@type\":\"WebSite\",\"@id\":\"https:\/\/franciscanos.org.br\/noticias\/#website\",\"url\":\"https:\/\/franciscanos.org.br\/noticias\/\",\"name\":\"Not\u00edcias - Franciscanos\",\"description\":\"Prov\u00edncia Franciscana da Imaculada Concei\u00e7\u00e3o do Brasil - Ordem dos Frades Menores - OFM\",\"potentialAction\":[{\"@type\":\"SearchAction\",\"target\":{\"@type\":\"EntryPoint\",\"urlTemplate\":\"https:\/\/franciscanos.org.br\/noticias\/?s={search_term_string}\"},\"query-input\":\"required name=search_term_string\"}],\"inLanguage\":\"pt-BR\"},{\"@type\":\"ImageObject\",\"inLanguage\":\"pt-BR\",\"@id\":\"https:\/\/franciscanos.org.br\/noticias\/evangelho-se-anuncia-com-humildade-nao-com-o-poder.html#primaryimage\",\"url\":\"https:\/\/franciscanos.org.br\/noticias\/wp-content\/uploads\/2017\/04\/papa_250417.jpg\",\"contentUrl\":\"https:\/\/franciscanos.org.br\/noticias\/wp-content\/uploads\/2017\/04\/papa_250417.jpg\",\"width\":273,\"height\":181},{\"@type\":\"WebPage\",\"@id\":\"https:\/\/franciscanos.org.br\/noticias\/evangelho-se-anuncia-com-humildade-nao-com-o-poder.html#webpage\",\"url\":\"https:\/\/franciscanos.org.br\/noticias\/evangelho-se-anuncia-com-humildade-nao-com-o-poder.html\",\"name\":\"Evangelho se anuncia com humildade, n\u00e3o com o poder - Not\u00edcias - Franciscanos\",\"isPartOf\":{\"@id\":\"https:\/\/franciscanos.org.br\/noticias\/#website\"},\"primaryImageOfPage\":{\"@id\":\"https:\/\/franciscanos.org.br\/noticias\/evangelho-se-anuncia-com-humildade-nao-com-o-poder.html#primaryimage\"},\"datePublished\":\"2017-04-25T10:33:39+00:00\",\"dateModified\":\"2020-06-09T12:10:49+00:00\",\"author\":{\"@id\":\"https:\/\/franciscanos.org.br\/noticias\/#\/schema\/person\/b38fbf43118f02820bd932f2e4b14ad3\"},\"breadcrumb\":{\"@id\":\"https:\/\/franciscanos.org.br\/noticias\/evangelho-se-anuncia-com-humildade-nao-com-o-poder.html#breadcrumb\"},\"inLanguage\":\"pt-BR\",\"potentialAction\":[{\"@type\":\"ReadAction\",\"target\":[\"https:\/\/franciscanos.org.br\/noticias\/evangelho-se-anuncia-com-humildade-nao-com-o-poder.html\"]}]},{\"@type\":\"BreadcrumbList\",\"@id\":\"https:\/\/franciscanos.org.br\/noticias\/evangelho-se-anuncia-com-humildade-nao-com-o-poder.html#breadcrumb\",\"itemListElement\":[{\"@type\":\"ListItem\",\"position\":1,\"name\":\"Home\",\"item\":\"https:\/\/franciscanos.org.br\/noticias\"},{\"@type\":\"ListItem\",\"position\":2,\"name\":\"Evangelho se anuncia com humildade, n\u00e3o com o poder\"}]},{\"@type\":\"Person\",\"@id\":\"https:\/\/franciscanos.org.br\/noticias\/#\/schema\/person\/b38fbf43118f02820bd932f2e4b14ad3\",\"name\":\"admin\",\"image\":{\"@type\":\"ImageObject\",\"inLanguage\":\"pt-BR\",\"@id\":\"https:\/\/franciscanos.org.br\/noticias\/#\/schema\/person\/image\/\",\"url\":\"https:\/\/secure.gravatar.com\/avatar\/e8495742d34d0ba6448ea1c628263b3e?s=96&d=mm&r=g\",\"contentUrl\":\"https:\/\/secure.gravatar.com\/avatar\/e8495742d34d0ba6448ea1c628263b3e?s=96&d=mm&r=g\",\"caption\":\"admin\"},\"url\":\"https:\/\/franciscanos.org.br\/noticias\/author\/admin\"}]}<\/script>\n<!-- \/ Yoast SEO plugin. -->","yoast_head_json":{"title":"Evangelho se anuncia com humildade, n\u00e3o com o poder - Not\u00edcias - Franciscanos","robots":{"index":"index","follow":"follow","max-snippet":"max-snippet:-1","max-image-preview":"max-image-preview:large","max-video-preview":"max-video-preview:-1"},"canonical":"https:\/\/franciscanos.org.br\/noticias\/evangelho-se-anuncia-com-humildade-nao-com-o-poder.html","og_locale":"pt_BR","og_type":"article","og_title":"Evangelho se anuncia com humildade, n\u00e3o com o poder - Not\u00edcias - Franciscanos","og_description":"Missa em Santa Marta","og_url":"https:\/\/franciscanos.org.br\/noticias\/evangelho-se-anuncia-com-humildade-nao-com-o-poder.html","og_site_name":"Not\u00edcias - Franciscanos","article_published_time":"2017-04-25T10:33:39+00:00","article_modified_time":"2020-06-09T12:10:49+00:00","og_image":[{"width":273,"height":181,"url":"https:\/\/franciscanos.org.br\/noticias\/wp-content\/uploads\/2017\/04\/papa_250417.jpg","type":"image\/jpeg"}],"author":"admin","twitter_card":"summary_large_image","twitter_misc":{"Escrito por":"admin","Est. tempo de leitura":"3 minutos"},"schema":{"@context":"https:\/\/schema.org","@graph":[{"@type":"WebSite","@id":"https:\/\/franciscanos.org.br\/noticias\/#website","url":"https:\/\/franciscanos.org.br\/noticias\/","name":"Not\u00edcias - Franciscanos","description":"Prov\u00edncia Franciscana da Imaculada Concei\u00e7\u00e3o do Brasil - Ordem dos Frades Menores - OFM","potentialAction":[{"@type":"SearchAction","target":{"@type":"EntryPoint","urlTemplate":"https:\/\/franciscanos.org.br\/noticias\/?s={search_term_string}"},"query-input":"required name=search_term_string"}],"inLanguage":"pt-BR"},{"@type":"ImageObject","inLanguage":"pt-BR","@id":"https:\/\/franciscanos.org.br\/noticias\/evangelho-se-anuncia-com-humildade-nao-com-o-poder.html#primaryimage","url":"https:\/\/franciscanos.org.br\/noticias\/wp-content\/uploads\/2017\/04\/papa_250417.jpg","contentUrl":"https:\/\/franciscanos.org.br\/noticias\/wp-content\/uploads\/2017\/04\/papa_250417.jpg","width":273,"height":181},{"@type":"WebPage","@id":"https:\/\/franciscanos.org.br\/noticias\/evangelho-se-anuncia-com-humildade-nao-com-o-poder.html#webpage","url":"https:\/\/franciscanos.org.br\/noticias\/evangelho-se-anuncia-com-humildade-nao-com-o-poder.html","name":"Evangelho se anuncia com humildade, n\u00e3o com o poder - Not\u00edcias - Franciscanos","isPartOf":{"@id":"https:\/\/franciscanos.org.br\/noticias\/#website"},"primaryImageOfPage":{"@id":"https:\/\/franciscanos.org.br\/noticias\/evangelho-se-anuncia-com-humildade-nao-com-o-poder.html#primaryimage"},"datePublished":"2017-04-25T10:33:39+00:00","dateModified":"2020-06-09T12:10:49+00:00","author":{"@id":"https:\/\/franciscanos.org.br\/noticias\/#\/schema\/person\/b38fbf43118f02820bd932f2e4b14ad3"},"breadcrumb":{"@id":"https:\/\/franciscanos.org.br\/noticias\/evangelho-se-anuncia-com-humildade-nao-com-o-poder.html#breadcrumb"},"inLanguage":"pt-BR","potentialAction":[{"@type":"ReadAction","target":["https:\/\/franciscanos.org.br\/noticias\/evangelho-se-anuncia-com-humildade-nao-com-o-poder.html"]}]},{"@type":"BreadcrumbList","@id":"https:\/\/franciscanos.org.br\/noticias\/evangelho-se-anuncia-com-humildade-nao-com-o-poder.html#breadcrumb","itemListElement":[{"@type":"ListItem","position":1,"name":"Home","item":"https:\/\/franciscanos.org.br\/noticias"},{"@type":"ListItem","position":2,"name":"Evangelho se anuncia com humildade, n\u00e3o com o poder"}]},{"@type":"Person","@id":"https:\/\/franciscanos.org.br\/noticias\/#\/schema\/person\/b38fbf43118f02820bd932f2e4b14ad3","name":"admin","image":{"@type":"ImageObject","inLanguage":"pt-BR","@id":"https:\/\/franciscanos.org.br\/noticias\/#\/schema\/person\/image\/","url":"https:\/\/secure.gravatar.com\/avatar\/e8495742d34d0ba6448ea1c628263b3e?s=96&d=mm&r=g","contentUrl":"https:\/\/secure.gravatar.com\/avatar\/e8495742d34d0ba6448ea1c628263b3e?s=96&d=mm&r=g","caption":"admin"},"url":"https:\/\/franciscanos.org.br\/noticias\/author\/admin"}]}},"_links":{"self":[{"href":"https:\/\/franciscanos.org.br\/noticias\/wp-json\/wp\/v2\/posts\/132351"}],"collection":[{"href":"https:\/\/franciscanos.org.br\/noticias\/wp-json\/wp\/v2\/posts"}],"about":[{"href":"https:\/\/franciscanos.org.br\/noticias\/wp-json\/wp\/v2\/types\/post"}],"author":[{"embeddable":true,"href":"https:\/\/franciscanos.org.br\/noticias\/wp-json\/wp\/v2\/users\/1"}],"replies":[{"embeddable":true,"href":"https:\/\/franciscanos.org.br\/noticias\/wp-json\/wp\/v2\/comments?post=132351"}],"version-history":[{"count":1,"href":"https:\/\/franciscanos.org.br\/noticias\/wp-json\/wp\/v2\/posts\/132351\/revisions"}],"predecessor-version":[{"id":225381,"href":"https:\/\/franciscanos.org.br\/noticias\/wp-json\/wp\/v2\/posts\/132351\/revisions\/225381"}],"wp:featuredmedia":[{"embeddable":true,"href":"https:\/\/franciscanos.org.br\/noticias\/wp-json\/wp\/v2\/media\/197793"}],"wp:attachment":[{"href":"https:\/\/franciscanos.org.br\/noticias\/wp-json\/wp\/v2\/media?parent=132351"}],"wp:term":[{"taxonomy":"category","embeddable":true,"href":"https:\/\/franciscanos.org.br\/noticias\/wp-json\/wp\/v2\/categories?post=132351"},{"taxonomy":"post_tag","embeddable":true,"href":"https:\/\/franciscanos.org.br\/noticias\/wp-json\/wp\/v2\/tags?post=132351"}],"curies":[{"name":"wp","href":"https:\/\/api.w.org\/{rel}","templated":true}]}}