{"id":132282,"date":"2017-04-25T02:32:53","date_gmt":"2017-04-25T05:32:53","guid":{"rendered":"http:\/\/franciscanos.org.br\/?p=132282"},"modified":"2019-01-24T14:29:20","modified_gmt":"2019-01-24T16:29:20","slug":"esta-encerrada-a-446a-festa-da-penha","status":"publish","type":"post","link":"https:\/\/franciscanos.org.br\/noticias\/esta-encerrada-a-446a-festa-da-penha.html","title":{"rendered":"A \u00faltima homenagem para a Virgem da Penha"},"content":{"rendered":"<p><img loading=\"lazy\" class=\"alignleft size-full wp-image-196897\" src=\"https:\/\/franciscanos.org.br\/noticias\/wp-content\/uploads\/2017\/04\/penha2_240417.jpg\" alt=\"\" width=\"830\" height=\"500\" srcset=\"https:\/\/franciscanos.org.br\/noticias\/wp-content\/uploads\/2017\/04\/penha2_240417.jpg 830w, https:\/\/franciscanos.org.br\/noticias\/wp-content\/uploads\/2017\/04\/penha2_240417-450x271.jpg 450w, https:\/\/franciscanos.org.br\/noticias\/wp-content\/uploads\/2017\/04\/penha2_240417-768x463.jpg 768w, https:\/\/franciscanos.org.br\/noticias\/wp-content\/uploads\/2017\/04\/penha2_240417-150x90.jpg 150w\" sizes=\"(max-width: 830px) 100vw, 830px\" \/><\/p>\n<p><strong>\u00c9rika Augusto\u00a0<\/strong><\/p>\n<p><strong>Vila Velha (ES) &#8211;<\/strong> Depois de 8 dias de muita festa, terminou nesta segunda, 24 de abril, a 446\u00aa edi\u00e7\u00e3o da Festa da Penha. Depois de uma manh\u00e3 repleta de atividades, como as Celebra\u00e7\u00f5es da Confer\u00eancia dos Religiosos do Brasil, das Pastorais Sociais e as Missas celebradas no Convento da Penha, da 1\u00aa Romaria dos Conguistas e da Romaria dos Ciclistas, os devotos da Virgem das Alegrias reuniram-se no Parque da Prainha para a Missa de encerramento, \u00e0s 16h.<\/p>\n<p>Na lateral, para a prociss\u00e3o de entrada, os marinheiros carregavam a imagem de Nossa Senhora da Penha, seguidos dos frades do Convento da Penha, do Santu\u00e1rio Divino Esp\u00edrito Santo e de S\u00e3o Paulo. Logo atr\u00e1s estavam os seminaristas, di\u00e1conos e padres da Arquidiocese de Vit\u00f3ria. Frei Gustavo Medella, Definidor Provincial, estava na anima\u00e7\u00e3o, fazendo uma reflex\u00e3o sobre os biomas brasileiros, tema da Campanha da Fraternidade deste ano.<\/p>\n<p>A Prainha estava tomada de fi\u00e9is que, quando avistaram a imagem se aproximando para a prociss\u00e3o de entrada, saudaram a Virgem das Alegrias. Ela foi recebida com uma calorosa salva de palmas e seguiu, abrindo a prociss\u00e3o de entrada da Celebra\u00e7\u00e3o. Ap\u00f3s a imagem entraram os frades, simbolizando a importante miss\u00e3o dos franciscanos no Esp\u00edrito Santo.<\/p>\n<p>A Missa foi presidida por Dom Luiz Mancilha Vilela, arcebispo de Vit\u00f3ria e concelebrada por Dom Rubens Sevilha, bispo auxiliar; Dom D\u00e9cio Zandonade, bispo em\u00e9rito de Colatina; Dom Joaquim Wladimir Lopes Dias, bispo de Colatina; Dom Paulo Bosi Dal\u2019Bo, bispo de S\u00e3o Mateus; Dom Dario Campos, bispo de Cachoeiro do Itapemirim e Monsenhor Edvalter Andrade, nomeado recentemente pelo Papa Francisco como bispo da Diocese de Floriano, no Piau\u00ed.<\/p>\n<p>No in\u00edcio da celebra\u00e7\u00e3o, o Arcebispo saudou os prefeitos de Vit\u00f3ria, Cariacica e Vila Velha e as outras autoridades presentes. Em sua homilia, Dom Luiz ressaltou a import\u00e2ncia do Ano Mariano no Brasil, recordando os muitos t\u00edtulos recebidos pela Virgem Maria, e afirmou que os capixabas aprenderam a amar e venerar a M\u00e3e de Deus sob o t\u00edtulo de Nossa Senhora da Penha.<\/p>\n<p>Como em muitos dias do Oitav\u00e1rio, a quest\u00e3o social n\u00e3o foi esquecida. \u201cO povo est\u00e1 sofrendo, h\u00e1 muito desemprego. Nesta ocasi\u00e3o, n\u00f3s recorremos a Nossa Senhora do Perp\u00e9tuo Socorro\u201d, afirmou. E pediu que os presentes orassem n\u00e3o s\u00f3 por suas necessidades, mas pelo pa\u00eds, descrevendo algumas situa\u00e7\u00f5es que est\u00e3o ferindo o povo. \u201cA economia t\u00eam que estar a servi\u00e7o da pessoa, n\u00e3o de uns poucos privilegiados. O centro tem que ser a pessoa humana\u201d, acrescentou, e foi interrompido por uma forte salva de palmas. O Arcebispo cobrou a reforma pol\u00edtica e criticou as reformas da previd\u00eancia e trabalhista, pedindo amparo aos brasileiros.<\/p>\n<p><strong>Respeito \u00e0 vida em todas as etapas<\/strong><\/p>\n<p><img loading=\"lazy\" class=\"alignleft size-full wp-image-132342\" src=\"http:\/\/franciscanos.org.br\/wp-content\/uploads\/2017\/04\/penha2_240417-381.jpg\" alt=\"penha2_240417-38\" width=\"448\" height=\"298\" \/>Em sua homilia, Dom Luiz lamentou a falta de respeito com a vida humana, criticando o aborto. Ele falou tamb\u00e9m da import\u00e2ncia da valoriza\u00e7\u00e3o da mulher. \u201cH\u00e1 desrespeito com as mulheres. Pensemos em nossas m\u00e3es e irm\u00e3s! Elas precisam ser respeitadas\u201d, disse, sendo interrompido novamente pelas palmas da assembleia. Ele concluiu sua reflex\u00e3o pedindo um Esp\u00edrito Santo mais pac\u00edfico e esperan\u00e7oso.<\/p>\n<p><strong>Agradecimentos e pedidos<\/strong><\/p>\n<p>Ap\u00f3s a Comunh\u00e3o, os bispos concelebrantes fizeram algumas considera\u00e7\u00f5es. Dom Dario Campos, bispo de Cachoeiro do Itapemirim, afirmou que havia colocado no altar do Senhor v\u00e1rias inten\u00e7\u00f5es, pela sa\u00fade dos enfermos e por todos os desempregados.<\/p>\n<p>Dom Paulo Dal\u2019Bo, bispo da Diocese de S\u00e3o Mateus, afirmou que hoje, ap\u00f3s Maria visitar Isabel, ela descia da montanha, referindo-se ao Convento da Penha, para saudar os seus filhos. \u201cVivendo numa sociedade de tanto desencontro, que o encontro de Maria e Isabel seja tamb\u00e9m para todos n\u00f3s um encontro que provoque alegria e encanto\u201d, afirmou.<\/p>\n<p>Dom Joaquim Wladimir Dias, Bispo de Colatina, fez cr\u00edticas ao cen\u00e1rio pol\u00edtico atual. \u201cAcho que todos n\u00f3s estamos cada dia mais indignados porque essa ra\u00e7a de v\u00edboras est\u00e1 solta no meio da nossa sociedade. Ela precisa ser extirpada, eles precisam responder, ser presos, devolver o que roubaram. N\u00e3o podemos ficar alheios a tudo isto que est\u00e1 acontecendo\u201d, afirmou, dizendo que sai da Festa da Penha com o cora\u00e7\u00e3o cheio de esperan\u00e7a.<\/p>\n<p>Dom D\u00e9cio Zandonade, bispo em\u00e9rito de Colatina, falou da ternura de Deus que se manifesta no Convento da Penha. E pediu pela sa\u00fade de cada um, f\u00edsica e espiritual.<br \/>\nMonsenhor Edvalter Andrade, nomeado bispo da Diocese de Floriano, pediu aos bispos que rezassem por sua nova miss\u00e3o e afirmou que levaria em suas inten\u00e7\u00f5es todo o povo capixaba.<\/p>\n<p>Frei Paulo Pereira, guardi\u00e3o e reitor do Convento da Penha, agradeceu aos bispos presentes, padres, di\u00e1conos, religiosos, seminaristas e agradeceu, de maneira especial, aos confrades pela ajuda. E citou todos os romeiros que marcaram presen\u00e7a neste ano, os volunt\u00e1rios, patrocinadores e poderes p\u00fablicos.<\/p>\n<p>Uma apresenta\u00e7\u00e3o musical encerrou a 446\u00aa edi\u00e7\u00e3o da Festa da Penha. Pe. Anderson Gomes cantou em louvor a Nossa Senhora. O show teve a participa\u00e7\u00e3o de Frei Florival, Pe. Jacqueson Pimentel e Pe. Renato Criste. A cantora Fl\u00e1via Dornellas cantou em seguida, fechando a festa deste ano.<\/p>\n","protected":false},"excerpt":{"rendered":"<p>Festa da Penha<\/p>\n","protected":false},"author":1,"featured_media":196899,"comment_status":"open","ping_status":"open","sticky":false,"template":"","format":"standard","meta":[],"categories":[1],"tags":[245],"acf":[],"yoast_head":"<!-- This site is optimized with the Yoast SEO plugin v19.2 - https:\/\/yoast.com\/wordpress\/plugins\/seo\/ -->\n<title>A \u00faltima homenagem para a Virgem da Penha - Not\u00edcias - Franciscanos<\/title>\n<meta name=\"robots\" content=\"index, follow, max-snippet:-1, max-image-preview:large, max-video-preview:-1\" \/>\n<link rel=\"canonical\" href=\"https:\/\/franciscanos.org.br\/noticias\/esta-encerrada-a-446a-festa-da-penha.html\" \/>\n<meta property=\"og:locale\" content=\"pt_BR\" \/>\n<meta property=\"og:type\" content=\"article\" \/>\n<meta property=\"og:title\" content=\"A \u00faltima homenagem para a Virgem da Penha - Not\u00edcias - Franciscanos\" \/>\n<meta property=\"og:description\" content=\"Festa da Penha\" \/>\n<meta property=\"og:url\" content=\"https:\/\/franciscanos.org.br\/noticias\/esta-encerrada-a-446a-festa-da-penha.html\" \/>\n<meta property=\"og:site_name\" content=\"Not\u00edcias - Franciscanos\" \/>\n<meta property=\"article:published_time\" content=\"2017-04-25T05:32:53+00:00\" \/>\n<meta property=\"article:modified_time\" content=\"2019-01-24T16:29:20+00:00\" \/>\n<meta property=\"og:image\" content=\"https:\/\/franciscanos.org.br\/noticias\/wp-content\/uploads\/2017\/04\/penha2_240417p.jpg\" \/>\n\t<meta property=\"og:image:width\" content=\"273\" \/>\n\t<meta property=\"og:image:height\" content=\"181\" \/>\n\t<meta property=\"og:image:type\" content=\"image\/jpeg\" \/>\n<meta name=\"author\" content=\"admin\" \/>\n<meta name=\"twitter:card\" content=\"summary_large_image\" \/>\n<meta name=\"twitter:label1\" content=\"Escrito por\" \/>\n\t<meta name=\"twitter:data1\" content=\"admin\" \/>\n\t<meta name=\"twitter:label2\" content=\"Est. tempo de leitura\" \/>\n\t<meta name=\"twitter:data2\" content=\"5 minutos\" \/>\n<script type=\"application\/ld+json\" class=\"yoast-schema-graph\">{\"@context\":\"https:\/\/schema.org\",\"@graph\":[{\"@type\":\"WebSite\",\"@id\":\"https:\/\/franciscanos.org.br\/noticias\/#website\",\"url\":\"https:\/\/franciscanos.org.br\/noticias\/\",\"name\":\"Not\u00edcias - Franciscanos\",\"description\":\"Prov\u00edncia Franciscana da Imaculada Concei\u00e7\u00e3o do Brasil - Ordem dos Frades Menores - OFM\",\"potentialAction\":[{\"@type\":\"SearchAction\",\"target\":{\"@type\":\"EntryPoint\",\"urlTemplate\":\"https:\/\/franciscanos.org.br\/noticias\/?s={search_term_string}\"},\"query-input\":\"required name=search_term_string\"}],\"inLanguage\":\"pt-BR\"},{\"@type\":\"ImageObject\",\"inLanguage\":\"pt-BR\",\"@id\":\"https:\/\/franciscanos.org.br\/noticias\/esta-encerrada-a-446a-festa-da-penha.html#primaryimage\",\"url\":\"https:\/\/franciscanos.org.br\/noticias\/wp-content\/uploads\/2017\/04\/penha2_240417p.jpg\",\"contentUrl\":\"https:\/\/franciscanos.org.br\/noticias\/wp-content\/uploads\/2017\/04\/penha2_240417p.jpg\",\"width\":273,\"height\":181},{\"@type\":\"WebPage\",\"@id\":\"https:\/\/franciscanos.org.br\/noticias\/esta-encerrada-a-446a-festa-da-penha.html#webpage\",\"url\":\"https:\/\/franciscanos.org.br\/noticias\/esta-encerrada-a-446a-festa-da-penha.html\",\"name\":\"A \u00faltima homenagem para a Virgem da Penha - Not\u00edcias - Franciscanos\",\"isPartOf\":{\"@id\":\"https:\/\/franciscanos.org.br\/noticias\/#website\"},\"primaryImageOfPage\":{\"@id\":\"https:\/\/franciscanos.org.br\/noticias\/esta-encerrada-a-446a-festa-da-penha.html#primaryimage\"},\"datePublished\":\"2017-04-25T05:32:53+00:00\",\"dateModified\":\"2019-01-24T16:29:20+00:00\",\"author\":{\"@id\":\"https:\/\/franciscanos.org.br\/noticias\/#\/schema\/person\/b38fbf43118f02820bd932f2e4b14ad3\"},\"breadcrumb\":{\"@id\":\"https:\/\/franciscanos.org.br\/noticias\/esta-encerrada-a-446a-festa-da-penha.html#breadcrumb\"},\"inLanguage\":\"pt-BR\",\"potentialAction\":[{\"@type\":\"ReadAction\",\"target\":[\"https:\/\/franciscanos.org.br\/noticias\/esta-encerrada-a-446a-festa-da-penha.html\"]}]},{\"@type\":\"BreadcrumbList\",\"@id\":\"https:\/\/franciscanos.org.br\/noticias\/esta-encerrada-a-446a-festa-da-penha.html#breadcrumb\",\"itemListElement\":[{\"@type\":\"ListItem\",\"position\":1,\"name\":\"Home\",\"item\":\"https:\/\/franciscanos.org.br\/noticias\"},{\"@type\":\"ListItem\",\"position\":2,\"name\":\"A \u00faltima homenagem para a Virgem da Penha\"}]},{\"@type\":\"Person\",\"@id\":\"https:\/\/franciscanos.org.br\/noticias\/#\/schema\/person\/b38fbf43118f02820bd932f2e4b14ad3\",\"name\":\"admin\",\"image\":{\"@type\":\"ImageObject\",\"inLanguage\":\"pt-BR\",\"@id\":\"https:\/\/franciscanos.org.br\/noticias\/#\/schema\/person\/image\/\",\"url\":\"https:\/\/secure.gravatar.com\/avatar\/e8495742d34d0ba6448ea1c628263b3e?s=96&d=mm&r=g\",\"contentUrl\":\"https:\/\/secure.gravatar.com\/avatar\/e8495742d34d0ba6448ea1c628263b3e?s=96&d=mm&r=g\",\"caption\":\"admin\"},\"url\":\"https:\/\/franciscanos.org.br\/noticias\/author\/admin\"}]}<\/script>\n<!-- \/ Yoast SEO plugin. -->","yoast_head_json":{"title":"A \u00faltima homenagem para a Virgem da Penha - Not\u00edcias - Franciscanos","robots":{"index":"index","follow":"follow","max-snippet":"max-snippet:-1","max-image-preview":"max-image-preview:large","max-video-preview":"max-video-preview:-1"},"canonical":"https:\/\/franciscanos.org.br\/noticias\/esta-encerrada-a-446a-festa-da-penha.html","og_locale":"pt_BR","og_type":"article","og_title":"A \u00faltima homenagem para a Virgem da Penha - Not\u00edcias - Franciscanos","og_description":"Festa da Penha","og_url":"https:\/\/franciscanos.org.br\/noticias\/esta-encerrada-a-446a-festa-da-penha.html","og_site_name":"Not\u00edcias - Franciscanos","article_published_time":"2017-04-25T05:32:53+00:00","article_modified_time":"2019-01-24T16:29:20+00:00","og_image":[{"width":273,"height":181,"url":"https:\/\/franciscanos.org.br\/noticias\/wp-content\/uploads\/2017\/04\/penha2_240417p.jpg","type":"image\/jpeg"}],"author":"admin","twitter_card":"summary_large_image","twitter_misc":{"Escrito por":"admin","Est. tempo de leitura":"5 minutos"},"schema":{"@context":"https:\/\/schema.org","@graph":[{"@type":"WebSite","@id":"https:\/\/franciscanos.org.br\/noticias\/#website","url":"https:\/\/franciscanos.org.br\/noticias\/","name":"Not\u00edcias - Franciscanos","description":"Prov\u00edncia Franciscana da Imaculada Concei\u00e7\u00e3o do Brasil - Ordem dos Frades Menores - OFM","potentialAction":[{"@type":"SearchAction","target":{"@type":"EntryPoint","urlTemplate":"https:\/\/franciscanos.org.br\/noticias\/?s={search_term_string}"},"query-input":"required name=search_term_string"}],"inLanguage":"pt-BR"},{"@type":"ImageObject","inLanguage":"pt-BR","@id":"https:\/\/franciscanos.org.br\/noticias\/esta-encerrada-a-446a-festa-da-penha.html#primaryimage","url":"https:\/\/franciscanos.org.br\/noticias\/wp-content\/uploads\/2017\/04\/penha2_240417p.jpg","contentUrl":"https:\/\/franciscanos.org.br\/noticias\/wp-content\/uploads\/2017\/04\/penha2_240417p.jpg","width":273,"height":181},{"@type":"WebPage","@id":"https:\/\/franciscanos.org.br\/noticias\/esta-encerrada-a-446a-festa-da-penha.html#webpage","url":"https:\/\/franciscanos.org.br\/noticias\/esta-encerrada-a-446a-festa-da-penha.html","name":"A \u00faltima homenagem para a Virgem da Penha - Not\u00edcias - Franciscanos","isPartOf":{"@id":"https:\/\/franciscanos.org.br\/noticias\/#website"},"primaryImageOfPage":{"@id":"https:\/\/franciscanos.org.br\/noticias\/esta-encerrada-a-446a-festa-da-penha.html#primaryimage"},"datePublished":"2017-04-25T05:32:53+00:00","dateModified":"2019-01-24T16:29:20+00:00","author":{"@id":"https:\/\/franciscanos.org.br\/noticias\/#\/schema\/person\/b38fbf43118f02820bd932f2e4b14ad3"},"breadcrumb":{"@id":"https:\/\/franciscanos.org.br\/noticias\/esta-encerrada-a-446a-festa-da-penha.html#breadcrumb"},"inLanguage":"pt-BR","potentialAction":[{"@type":"ReadAction","target":["https:\/\/franciscanos.org.br\/noticias\/esta-encerrada-a-446a-festa-da-penha.html"]}]},{"@type":"BreadcrumbList","@id":"https:\/\/franciscanos.org.br\/noticias\/esta-encerrada-a-446a-festa-da-penha.html#breadcrumb","itemListElement":[{"@type":"ListItem","position":1,"name":"Home","item":"https:\/\/franciscanos.org.br\/noticias"},{"@type":"ListItem","position":2,"name":"A \u00faltima homenagem para a Virgem da Penha"}]},{"@type":"Person","@id":"https:\/\/franciscanos.org.br\/noticias\/#\/schema\/person\/b38fbf43118f02820bd932f2e4b14ad3","name":"admin","image":{"@type":"ImageObject","inLanguage":"pt-BR","@id":"https:\/\/franciscanos.org.br\/noticias\/#\/schema\/person\/image\/","url":"https:\/\/secure.gravatar.com\/avatar\/e8495742d34d0ba6448ea1c628263b3e?s=96&d=mm&r=g","contentUrl":"https:\/\/secure.gravatar.com\/avatar\/e8495742d34d0ba6448ea1c628263b3e?s=96&d=mm&r=g","caption":"admin"},"url":"https:\/\/franciscanos.org.br\/noticias\/author\/admin"}]}},"_links":{"self":[{"href":"https:\/\/franciscanos.org.br\/noticias\/wp-json\/wp\/v2\/posts\/132282"}],"collection":[{"href":"https:\/\/franciscanos.org.br\/noticias\/wp-json\/wp\/v2\/posts"}],"about":[{"href":"https:\/\/franciscanos.org.br\/noticias\/wp-json\/wp\/v2\/types\/post"}],"author":[{"embeddable":true,"href":"https:\/\/franciscanos.org.br\/noticias\/wp-json\/wp\/v2\/users\/1"}],"replies":[{"embeddable":true,"href":"https:\/\/franciscanos.org.br\/noticias\/wp-json\/wp\/v2\/comments?post=132282"}],"version-history":[{"count":0,"href":"https:\/\/franciscanos.org.br\/noticias\/wp-json\/wp\/v2\/posts\/132282\/revisions"}],"wp:featuredmedia":[{"embeddable":true,"href":"https:\/\/franciscanos.org.br\/noticias\/wp-json\/wp\/v2\/media\/196899"}],"wp:attachment":[{"href":"https:\/\/franciscanos.org.br\/noticias\/wp-json\/wp\/v2\/media?parent=132282"}],"wp:term":[{"taxonomy":"category","embeddable":true,"href":"https:\/\/franciscanos.org.br\/noticias\/wp-json\/wp\/v2\/categories?post=132282"},{"taxonomy":"post_tag","embeddable":true,"href":"https:\/\/franciscanos.org.br\/noticias\/wp-json\/wp\/v2\/tags?post=132282"}],"curies":[{"name":"wp","href":"https:\/\/api.w.org\/{rel}","templated":true}]}}