{"id":132187,"date":"2017-04-24T15:10:26","date_gmt":"2017-04-24T18:10:26","guid":{"rendered":"http:\/\/franciscanos.org.br\/?p=132187"},"modified":"2019-01-24T14:23:59","modified_gmt":"2019-01-24T16:23:59","slug":"fe-e-cultura-popular-marcam-a-1a-romaria-dos-conguistas","status":"publish","type":"post","link":"https:\/\/franciscanos.org.br\/noticias\/fe-e-cultura-popular-marcam-a-1a-romaria-dos-conguistas.html","title":{"rendered":"F\u00e9 e cultura popular na 1\u00aa Romaria dos Conguistas"},"content":{"rendered":"<p><img loading=\"lazy\" class=\"alignleft size-full wp-image-196892\" src=\"https:\/\/franciscanos.org.br\/noticias\/wp-content\/uploads\/2017\/04\/penhaG2_240417.jpg\" alt=\"\" width=\"830\" height=\"400\" srcset=\"https:\/\/franciscanos.org.br\/noticias\/wp-content\/uploads\/2017\/04\/penhaG2_240417.jpg 830w, https:\/\/franciscanos.org.br\/noticias\/wp-content\/uploads\/2017\/04\/penhaG2_240417-450x217.jpg 450w, https:\/\/franciscanos.org.br\/noticias\/wp-content\/uploads\/2017\/04\/penhaG2_240417-768x370.jpg 768w, https:\/\/franciscanos.org.br\/noticias\/wp-content\/uploads\/2017\/04\/penhaG2_240417-150x72.jpg 150w\" sizes=\"(max-width: 830px) 100vw, 830px\" \/><\/p>\n<p><strong>\u00c9rika Augusto (texto e fotos)<\/strong><\/p>\n<p><strong>Vila Velha (ES) &#8211;<\/strong> J\u00e1 \u00e9 hist\u00f3rica\u00a0a presen\u00e7a do Congo na Festa da Penha. Todo s\u00e1bado de Aleluia, o Congo Mestre Hon\u00f3rio, da Barra do Jucu, sobe ao Convento da Penha. Mas neste ano foi organizada a 1\u00aa Romaria dos Conguistas. A data escolhida foi o dia de Nossa Senhora da Penha, nesta segunda-feira. A concentra\u00e7\u00e3o foi na Par\u00f3quia do Ros\u00e1rio, na Prainha, \u00e0s 7h.<\/p>\n<p>Cerca de 700 participantes, de 27 bandas de congo de todo o Estado estiveram presentes. Vindas de Vit\u00f3ria, Barra do Jucu, Fund\u00e3o, Serra, Guarapari, Jo\u00e3o Neiva, Aracruz e de Vila Velha, eles trouxeram muita anima\u00e7\u00e3o, alegria e tradi\u00e7\u00e3o ao Convento da Penha.<\/p>\n<p>Uma equipe de apoio estava cuidando de toda log\u00edstica da Romaria. Frei Pedro Rodrigues, da fraternidade do Convento da Penha, acompanhou de perto e com muita alegria. \u00c0s 8h as bandas come\u00e7aram a subir para o Campinho. Pelo caminho, os fi\u00e9is que passavam ficavam surpresos com tantas cores e sons no caminho. Foi ao ritmo das casacas e dos tambores que os 27 grupos chegaram ao Campinho, onde Frei Paulo Pereira esperava para dar a b\u00ean\u00e7\u00e3o \u00e0 coroa e ao mastro, que foi fincado no Parque da Prainha.<\/p>\n<p>As porta-estandartes, rainhas e princesas subiram no palco, enquanto as bandas passavam para receber \u00e1gua benta. O colorido das sombrinhas no Oitav\u00e1rio deu lugar ao colorido das bandeiras, estandartes, fitas e colares.<\/p>\n<p>O congo \u00e9 uma tradi\u00e7\u00e3o tipicamente capixaba. Tem sua origem nos escravos, que n\u00e3o podiam celebrar as festas da igreja. Eles criaram ent\u00e3o um jeito pr\u00f3prio de louvar os santos, sobretudo S\u00e3o Benedito, S\u00e3o Sebasti\u00e3o, S\u00e3o Pedro e Nossa Senhora da Penha.<\/p>\n<p>O mastro, com as fitinhas amarradas, foi levado pr\u00f3ximo ao palco para que recebesse a b\u00ean\u00e7\u00e3o. Os Aprendizes Marinheiros levaram o mastro durante todo o trajeto. Frei Paulo pediu licen\u00e7a aos mestres do congo para conduzir uma sauda\u00e7\u00e3o a Nossa Senhora da Penha, pedindo primeiro que as casacas respondessem, depois os tambores.<br \/>\nFrei Paulo agradeceu aos conguistas pela presen\u00e7a, que abrilhantou ainda mais a Festa da Penha deste ano. Ele ressaltou a import\u00e2ncia do congo na cultura capixaba e afirmou que para conhecer o Esp\u00edrito Santo, tem que subir ao Convento da Penha, comer moqueca e conhecer o congo. Ele acrescentou que \u00e9 esta imagem que as pessoas devem ter do Estado, um local onde predomina a beleza e a tradi\u00e7\u00e3o, e n\u00e3o uma imagem de viol\u00eancia.<\/p>\n<p>Foi neste clima de festa, cultura e devo\u00e7\u00e3o que as bandas desceram do Convento da Penha.<\/p>\n<p>O grupo parou na Pra\u00e7a Frei Pedro Pal\u00e1cios, na Prainha, para fazer a ficada do mastro. Todos os grupos reunidos cantaram o tradicional \u201cIai\u00e1, voc\u00ea vai \u00e0 Penha\u201d. Num clima festivo, com muita dan\u00e7a, inclusive dos Aprendizes Marinheiros e com a presen\u00e7a do \u201cpadrinho\u201d, Frei Pedro, o mastro foi fincado pr\u00f3ximo \u00e0 antiga entrada do Convento da Penha, onde fica a gruta Frei Pedro Pal\u00e1cios.<br \/>\n<big><\/big><\/p>\n<h1><big><strong>CICLISTAS FAZEM A \u00daLTIMA ROMARIA DA FESTA DA PENHA<\/strong><\/big><\/h1>\n<p><img loading=\"lazy\" class=\"alignleft size-full wp-image-196893\" src=\"https:\/\/franciscanos.org.br\/noticias\/wp-content\/uploads\/2017\/04\/penhaG2_240417-1.jpg\" alt=\"\" width=\"830\" height=\"400\" srcset=\"https:\/\/franciscanos.org.br\/noticias\/wp-content\/uploads\/2017\/04\/penhaG2_240417-1.jpg 830w, https:\/\/franciscanos.org.br\/noticias\/wp-content\/uploads\/2017\/04\/penhaG2_240417-1-450x217.jpg 450w, https:\/\/franciscanos.org.br\/noticias\/wp-content\/uploads\/2017\/04\/penhaG2_240417-1-768x370.jpg 768w, https:\/\/franciscanos.org.br\/noticias\/wp-content\/uploads\/2017\/04\/penhaG2_240417-1-150x72.jpg 150w\" sizes=\"(max-width: 830px) 100vw, 830px\" \/><\/p>\n<p><strong>Frei Gabriel Dellandrea<\/strong><\/p>\n<p><strong>Vila Velha (ES)<\/strong> &#8211; O louvor a Nossa Senhora, durante a Festa da Penha, ocorre de muitas maneiras. Uma delas \u00e9 a Romaria dos Ciclistas, que reuniu in\u00fameros fi\u00e9is, lotando o Parque da Prainha. Este \u00e9 o destino final dos muitos homens e mulheres que pedalaram aproximadamente uma hora em esp\u00edrito de alegria e devo\u00e7\u00e3o at\u00e9 as proximidades do Convento da Penha.<\/p>\n<p>Bal\u00f5es coloridos, estampas de Nossa Senhora e at\u00e9 uma imagem de S\u00e3o Francisco no bagageiro enfeitaram as bicicletas dos romeiros. Al\u00e9m disso, nas camisetas e com o ter\u00e7o na m\u00e3o ou no pesco\u00e7o, os fi\u00e9is demostraram a quem desejavam louvar: Nossa Senhora da Penha! E assim o foi. Com Frei Diego Melo, fizemos uma breve e profunda ora\u00e7\u00e3o e b\u00ean\u00e7\u00e3o aos ciclistas. Um momento forte foi quando eles levantaram as bicicletas o mais alto que puderam, para que fossem aben\u00e7oadas.<\/p>\n<p>E esta Romaria reuniu desde uma crian\u00e7a de 4 anos at\u00e9 um senhor de 87 anos. Por fim, depois das ora\u00e7\u00f5es, os freis aspergiram o povo que alegremente recebeu a b\u00ean\u00e7\u00e3o e voltou para seus lares com a certeza de que n\u00e3o caminhavam, quer dizer, pedalavam sozinhos. Maria, a M\u00e3e da Penha, tamb\u00e9m \u00e9 guia dos ciclistas, e pedala com eles pelas estradas por onde passarem.<\/p>\n","protected":false},"excerpt":{"rendered":"<p>Festa da Penha 2017<\/p>\n","protected":false},"author":1,"featured_media":196894,"comment_status":"open","ping_status":"open","sticky":false,"template":"","format":"standard","meta":[],"categories":[1],"tags":[245],"acf":[],"yoast_head":"<!-- This site is optimized with the Yoast SEO plugin v19.2 - https:\/\/yoast.com\/wordpress\/plugins\/seo\/ -->\n<title>F\u00e9 e cultura popular na 1\u00aa Romaria dos Conguistas - Not\u00edcias - Franciscanos<\/title>\n<meta name=\"robots\" content=\"index, follow, max-snippet:-1, max-image-preview:large, max-video-preview:-1\" \/>\n<link rel=\"canonical\" href=\"https:\/\/franciscanos.org.br\/noticias\/fe-e-cultura-popular-marcam-a-1a-romaria-dos-conguistas.html\" \/>\n<meta property=\"og:locale\" content=\"pt_BR\" \/>\n<meta property=\"og:type\" content=\"article\" \/>\n<meta property=\"og:title\" content=\"F\u00e9 e cultura popular na 1\u00aa Romaria dos Conguistas - Not\u00edcias - Franciscanos\" \/>\n<meta property=\"og:description\" content=\"Festa da Penha 2017\" \/>\n<meta property=\"og:url\" content=\"https:\/\/franciscanos.org.br\/noticias\/fe-e-cultura-popular-marcam-a-1a-romaria-dos-conguistas.html\" \/>\n<meta property=\"og:site_name\" content=\"Not\u00edcias - Franciscanos\" \/>\n<meta property=\"article:published_time\" content=\"2017-04-24T18:10:26+00:00\" \/>\n<meta property=\"article:modified_time\" content=\"2019-01-24T16:23:59+00:00\" \/>\n<meta property=\"og:image\" content=\"https:\/\/franciscanos.org.br\/noticias\/wp-content\/uploads\/2017\/04\/congo_240417-23.jpg\" \/>\n\t<meta property=\"og:image:width\" content=\"273\" \/>\n\t<meta property=\"og:image:height\" content=\"181\" \/>\n\t<meta property=\"og:image:type\" content=\"image\/jpeg\" \/>\n<meta name=\"author\" content=\"admin\" \/>\n<meta name=\"twitter:card\" content=\"summary_large_image\" \/>\n<meta name=\"twitter:label1\" content=\"Escrito por\" \/>\n\t<meta name=\"twitter:data1\" content=\"admin\" \/>\n\t<meta name=\"twitter:label2\" content=\"Est. tempo de leitura\" \/>\n\t<meta name=\"twitter:data2\" content=\"4 minutos\" \/>\n<script type=\"application\/ld+json\" class=\"yoast-schema-graph\">{\"@context\":\"https:\/\/schema.org\",\"@graph\":[{\"@type\":\"WebSite\",\"@id\":\"https:\/\/franciscanos.org.br\/noticias\/#website\",\"url\":\"https:\/\/franciscanos.org.br\/noticias\/\",\"name\":\"Not\u00edcias - Franciscanos\",\"description\":\"Prov\u00edncia Franciscana da Imaculada Concei\u00e7\u00e3o do Brasil - Ordem dos Frades Menores - OFM\",\"potentialAction\":[{\"@type\":\"SearchAction\",\"target\":{\"@type\":\"EntryPoint\",\"urlTemplate\":\"https:\/\/franciscanos.org.br\/noticias\/?s={search_term_string}\"},\"query-input\":\"required name=search_term_string\"}],\"inLanguage\":\"pt-BR\"},{\"@type\":\"ImageObject\",\"inLanguage\":\"pt-BR\",\"@id\":\"https:\/\/franciscanos.org.br\/noticias\/fe-e-cultura-popular-marcam-a-1a-romaria-dos-conguistas.html#primaryimage\",\"url\":\"https:\/\/franciscanos.org.br\/noticias\/wp-content\/uploads\/2017\/04\/congo_240417-23.jpg\",\"contentUrl\":\"https:\/\/franciscanos.org.br\/noticias\/wp-content\/uploads\/2017\/04\/congo_240417-23.jpg\",\"width\":273,\"height\":181},{\"@type\":\"WebPage\",\"@id\":\"https:\/\/franciscanos.org.br\/noticias\/fe-e-cultura-popular-marcam-a-1a-romaria-dos-conguistas.html#webpage\",\"url\":\"https:\/\/franciscanos.org.br\/noticias\/fe-e-cultura-popular-marcam-a-1a-romaria-dos-conguistas.html\",\"name\":\"F\u00e9 e cultura popular na 1\u00aa Romaria dos Conguistas - Not\u00edcias - Franciscanos\",\"isPartOf\":{\"@id\":\"https:\/\/franciscanos.org.br\/noticias\/#website\"},\"primaryImageOfPage\":{\"@id\":\"https:\/\/franciscanos.org.br\/noticias\/fe-e-cultura-popular-marcam-a-1a-romaria-dos-conguistas.html#primaryimage\"},\"datePublished\":\"2017-04-24T18:10:26+00:00\",\"dateModified\":\"2019-01-24T16:23:59+00:00\",\"author\":{\"@id\":\"https:\/\/franciscanos.org.br\/noticias\/#\/schema\/person\/b38fbf43118f02820bd932f2e4b14ad3\"},\"breadcrumb\":{\"@id\":\"https:\/\/franciscanos.org.br\/noticias\/fe-e-cultura-popular-marcam-a-1a-romaria-dos-conguistas.html#breadcrumb\"},\"inLanguage\":\"pt-BR\",\"potentialAction\":[{\"@type\":\"ReadAction\",\"target\":[\"https:\/\/franciscanos.org.br\/noticias\/fe-e-cultura-popular-marcam-a-1a-romaria-dos-conguistas.html\"]}]},{\"@type\":\"BreadcrumbList\",\"@id\":\"https:\/\/franciscanos.org.br\/noticias\/fe-e-cultura-popular-marcam-a-1a-romaria-dos-conguistas.html#breadcrumb\",\"itemListElement\":[{\"@type\":\"ListItem\",\"position\":1,\"name\":\"Home\",\"item\":\"https:\/\/franciscanos.org.br\/noticias\"},{\"@type\":\"ListItem\",\"position\":2,\"name\":\"F\u00e9 e cultura popular na 1\u00aa Romaria dos Conguistas\"}]},{\"@type\":\"Person\",\"@id\":\"https:\/\/franciscanos.org.br\/noticias\/#\/schema\/person\/b38fbf43118f02820bd932f2e4b14ad3\",\"name\":\"admin\",\"image\":{\"@type\":\"ImageObject\",\"inLanguage\":\"pt-BR\",\"@id\":\"https:\/\/franciscanos.org.br\/noticias\/#\/schema\/person\/image\/\",\"url\":\"https:\/\/secure.gravatar.com\/avatar\/e8495742d34d0ba6448ea1c628263b3e?s=96&d=mm&r=g\",\"contentUrl\":\"https:\/\/secure.gravatar.com\/avatar\/e8495742d34d0ba6448ea1c628263b3e?s=96&d=mm&r=g\",\"caption\":\"admin\"},\"url\":\"https:\/\/franciscanos.org.br\/noticias\/author\/admin\"}]}<\/script>\n<!-- \/ Yoast SEO plugin. -->","yoast_head_json":{"title":"F\u00e9 e cultura popular na 1\u00aa Romaria dos Conguistas - Not\u00edcias - Franciscanos","robots":{"index":"index","follow":"follow","max-snippet":"max-snippet:-1","max-image-preview":"max-image-preview:large","max-video-preview":"max-video-preview:-1"},"canonical":"https:\/\/franciscanos.org.br\/noticias\/fe-e-cultura-popular-marcam-a-1a-romaria-dos-conguistas.html","og_locale":"pt_BR","og_type":"article","og_title":"F\u00e9 e cultura popular na 1\u00aa Romaria dos Conguistas - Not\u00edcias - Franciscanos","og_description":"Festa da Penha 2017","og_url":"https:\/\/franciscanos.org.br\/noticias\/fe-e-cultura-popular-marcam-a-1a-romaria-dos-conguistas.html","og_site_name":"Not\u00edcias - Franciscanos","article_published_time":"2017-04-24T18:10:26+00:00","article_modified_time":"2019-01-24T16:23:59+00:00","og_image":[{"width":273,"height":181,"url":"https:\/\/franciscanos.org.br\/noticias\/wp-content\/uploads\/2017\/04\/congo_240417-23.jpg","type":"image\/jpeg"}],"author":"admin","twitter_card":"summary_large_image","twitter_misc":{"Escrito por":"admin","Est. tempo de leitura":"4 minutos"},"schema":{"@context":"https:\/\/schema.org","@graph":[{"@type":"WebSite","@id":"https:\/\/franciscanos.org.br\/noticias\/#website","url":"https:\/\/franciscanos.org.br\/noticias\/","name":"Not\u00edcias - Franciscanos","description":"Prov\u00edncia Franciscana da Imaculada Concei\u00e7\u00e3o do Brasil - Ordem dos Frades Menores - OFM","potentialAction":[{"@type":"SearchAction","target":{"@type":"EntryPoint","urlTemplate":"https:\/\/franciscanos.org.br\/noticias\/?s={search_term_string}"},"query-input":"required name=search_term_string"}],"inLanguage":"pt-BR"},{"@type":"ImageObject","inLanguage":"pt-BR","@id":"https:\/\/franciscanos.org.br\/noticias\/fe-e-cultura-popular-marcam-a-1a-romaria-dos-conguistas.html#primaryimage","url":"https:\/\/franciscanos.org.br\/noticias\/wp-content\/uploads\/2017\/04\/congo_240417-23.jpg","contentUrl":"https:\/\/franciscanos.org.br\/noticias\/wp-content\/uploads\/2017\/04\/congo_240417-23.jpg","width":273,"height":181},{"@type":"WebPage","@id":"https:\/\/franciscanos.org.br\/noticias\/fe-e-cultura-popular-marcam-a-1a-romaria-dos-conguistas.html#webpage","url":"https:\/\/franciscanos.org.br\/noticias\/fe-e-cultura-popular-marcam-a-1a-romaria-dos-conguistas.html","name":"F\u00e9 e cultura popular na 1\u00aa Romaria dos Conguistas - Not\u00edcias - Franciscanos","isPartOf":{"@id":"https:\/\/franciscanos.org.br\/noticias\/#website"},"primaryImageOfPage":{"@id":"https:\/\/franciscanos.org.br\/noticias\/fe-e-cultura-popular-marcam-a-1a-romaria-dos-conguistas.html#primaryimage"},"datePublished":"2017-04-24T18:10:26+00:00","dateModified":"2019-01-24T16:23:59+00:00","author":{"@id":"https:\/\/franciscanos.org.br\/noticias\/#\/schema\/person\/b38fbf43118f02820bd932f2e4b14ad3"},"breadcrumb":{"@id":"https:\/\/franciscanos.org.br\/noticias\/fe-e-cultura-popular-marcam-a-1a-romaria-dos-conguistas.html#breadcrumb"},"inLanguage":"pt-BR","potentialAction":[{"@type":"ReadAction","target":["https:\/\/franciscanos.org.br\/noticias\/fe-e-cultura-popular-marcam-a-1a-romaria-dos-conguistas.html"]}]},{"@type":"BreadcrumbList","@id":"https:\/\/franciscanos.org.br\/noticias\/fe-e-cultura-popular-marcam-a-1a-romaria-dos-conguistas.html#breadcrumb","itemListElement":[{"@type":"ListItem","position":1,"name":"Home","item":"https:\/\/franciscanos.org.br\/noticias"},{"@type":"ListItem","position":2,"name":"F\u00e9 e cultura popular na 1\u00aa Romaria dos Conguistas"}]},{"@type":"Person","@id":"https:\/\/franciscanos.org.br\/noticias\/#\/schema\/person\/b38fbf43118f02820bd932f2e4b14ad3","name":"admin","image":{"@type":"ImageObject","inLanguage":"pt-BR","@id":"https:\/\/franciscanos.org.br\/noticias\/#\/schema\/person\/image\/","url":"https:\/\/secure.gravatar.com\/avatar\/e8495742d34d0ba6448ea1c628263b3e?s=96&d=mm&r=g","contentUrl":"https:\/\/secure.gravatar.com\/avatar\/e8495742d34d0ba6448ea1c628263b3e?s=96&d=mm&r=g","caption":"admin"},"url":"https:\/\/franciscanos.org.br\/noticias\/author\/admin"}]}},"_links":{"self":[{"href":"https:\/\/franciscanos.org.br\/noticias\/wp-json\/wp\/v2\/posts\/132187"}],"collection":[{"href":"https:\/\/franciscanos.org.br\/noticias\/wp-json\/wp\/v2\/posts"}],"about":[{"href":"https:\/\/franciscanos.org.br\/noticias\/wp-json\/wp\/v2\/types\/post"}],"author":[{"embeddable":true,"href":"https:\/\/franciscanos.org.br\/noticias\/wp-json\/wp\/v2\/users\/1"}],"replies":[{"embeddable":true,"href":"https:\/\/franciscanos.org.br\/noticias\/wp-json\/wp\/v2\/comments?post=132187"}],"version-history":[{"count":0,"href":"https:\/\/franciscanos.org.br\/noticias\/wp-json\/wp\/v2\/posts\/132187\/revisions"}],"wp:featuredmedia":[{"embeddable":true,"href":"https:\/\/franciscanos.org.br\/noticias\/wp-json\/wp\/v2\/media\/196894"}],"wp:attachment":[{"href":"https:\/\/franciscanos.org.br\/noticias\/wp-json\/wp\/v2\/media?parent=132187"}],"wp:term":[{"taxonomy":"category","embeddable":true,"href":"https:\/\/franciscanos.org.br\/noticias\/wp-json\/wp\/v2\/categories?post=132187"},{"taxonomy":"post_tag","embeddable":true,"href":"https:\/\/franciscanos.org.br\/noticias\/wp-json\/wp\/v2\/tags?post=132187"}],"curies":[{"name":"wp","href":"https:\/\/api.w.org\/{rel}","templated":true}]}}