{"id":132151,"date":"2017-04-24T12:17:14","date_gmt":"2017-04-24T15:17:14","guid":{"rendered":"http:\/\/franciscanos.org.br\/?p=132151"},"modified":"2019-01-24T14:16:59","modified_gmt":"2019-01-24T16:16:59","slug":"conferencia-dos-religiosos-e-pastorais-sociais-celebram-no-campinho","status":"publish","type":"post","link":"https:\/\/franciscanos.org.br\/noticias\/conferencia-dos-religiosos-e-pastorais-sociais-celebram-no-campinho.html","title":{"rendered":"Confer\u00eancia dos Religiosos e Pastorais Sociais celebram no Campinho"},"content":{"rendered":"<p><img loading=\"lazy\" class=\"alignleft size-full wp-image-196887\" src=\"https:\/\/franciscanos.org.br\/noticias\/wp-content\/uploads\/2017\/04\/penhaG_240417.jpg\" alt=\"\" width=\"830\" height=\"400\" srcset=\"https:\/\/franciscanos.org.br\/noticias\/wp-content\/uploads\/2017\/04\/penhaG_240417.jpg 830w, https:\/\/franciscanos.org.br\/noticias\/wp-content\/uploads\/2017\/04\/penhaG_240417-450x217.jpg 450w, https:\/\/franciscanos.org.br\/noticias\/wp-content\/uploads\/2017\/04\/penhaG_240417-768x370.jpg 768w, https:\/\/franciscanos.org.br\/noticias\/wp-content\/uploads\/2017\/04\/penhaG_240417-150x72.jpg 150w\" sizes=\"(max-width: 830px) 100vw, 830px\" \/><\/p>\n<p><strong>\u00c9rika Augusto<\/strong><\/p>\n<p><strong>Vila Velha (ES) &#8211;<\/strong> Nesta segunda-feira, 24, dia em que se celebra Nossa Senhora da Penha, o Campinho, no Convento da Penha, recebeu muitos fi\u00e9is. Mesmo com a chuva, que persistiu em cair, os devotos vieram prestar sua homenagem neste que \u00e9 o \u00faltimo dia da Festa da Penha\u00a02017.<\/p>\n<p>Durante a madrugada, foram celebradas missas na capela do Convento, com grande participa\u00e7\u00e3o dos devotos. Logo cedo, \u00e0s 7h, a Confer\u00eancia dos Religiosos do Brasil (CRB) celebrou a Eucaristia, com a presen\u00e7a de padres, di\u00e1conos, seminaristas, religiosos e religiosas de diversas congrega\u00e7\u00f5es. A Missa foi presidida por Pe. Humberto Henriques da Silva, Mission\u00e1rio do Sagrado Cora\u00e7\u00e3o, que \u00e9 Secret\u00e1rio do Regional Vit\u00f3ria da CRB.<\/p>\n<p>Em sua homilia, Pe. Humberto falou sobre o amor e a fidelidade no seguimento a Jesus Cristo e da perseveran\u00e7a necess\u00e1ria para a miss\u00e3o. \u201cNum mundo como o nosso, t\u00e3o envolvido em viol\u00eancia, medo, trevas, dificuldade, \u00e9 preciso ser muito fiel a Jesus Cristo para amar. N\u00e3o \u00e9 coisa f\u00e1cil, e n\u00e3o \u00e9 coisa para qualquer um. Isso \u00e9 somente para aqueles que s\u00e3o de fato nascidos do alto\u201d, afirmou.<\/p>\n<p>Ele disse ainda que este caminho de seguimento n\u00e3o \u00e9 um caminho de fantasias, mas um caminho de um amor muito concreto. E recordou a miss\u00e3o de Nossa Senhora. \u201cNa Cruz, Maria assume a maternidade humana e a maternidade que vem do Esp\u00edrito, por isso ela \u00e9 a M\u00e3e de todos n\u00f3s\u201d, concluiu.<\/p>\n<p><strong>PASTORAIS SOCIAIS<\/strong><\/p>\n<p>\u00c0s 10h, foi momento das Pastorais Sociais celebrarem a Eucaristia no Campinho. A chuva, que estava fraca at\u00e9 ent\u00e3o, ficou mais intensa no fim da manh\u00e3. O coordenador da Pastoral Carcer\u00e1ria da Arquidiocese de Vit\u00f3ria, Pe. Anderson Teixeira, presidiu a Celebra\u00e7\u00e3o, que foi concelebrada pelos di\u00e1conos e padres da Arquidiocese e pelos frades.<\/p>\n<p>Em sua homilia, Pe. Anderson recordou as diversas manifesta\u00e7\u00f5es dos fi\u00e9is durante todo o Oitav\u00e1rio. Ele recordou que a Festa de hoje apresenta Maria como serva que, diante da necessidade de Isabel, vai ao seu encontro. \u201c\u00c9 neste contexto, de servi\u00e7o, de gratuidade, generosidade, que a Igreja re\u00fane seus filhos e filhas que atuam nas Pastorais Sociais para manifestar seu carinho e sua f\u00e9 diante de Nossa Senhora\u201d, afirmou.<\/p>\n<p>Ele destacou ainda que a a\u00e7\u00e3o de cada membro das pastorais presentes n\u00e3o era feita por m\u00e9rito ou capacidade, mas pela a\u00e7\u00e3o do Esp\u00edrito Santo, atrav\u00e9s de Jesus Cristo e de Nossa Senhora e que, ao subir ao Convento da Penha neste dia, estes agentes estavam renovando seu sim a esta miss\u00e3o.<\/p>\n<p>No momento de a\u00e7\u00e3o de gra\u00e7as, as pastorais foram convidadas a entrarem em prociss\u00e3o com suas bandeiras e s\u00edmbolos. Uma faixa com os dizeres: \u201cDai-nos a b\u00ean\u00e7\u00e3o, \u00f3 Virgem M\u00e3e, ensina-nos a cuidar dos mais fracos e lutar contra o mal\u201d, tamb\u00e9m foi levada ao presbit\u00e9rio. As pastorais rezaram, pedindo a intercess\u00e3o de Nossa Senhora.<br \/>\nAntes da b\u00ean\u00e7\u00e3o final, o seminarista Vitor Noronha convidou os presentes\u00a0para a Marcha pela vida e cidadania, que acontece no dia 1\u00ba de maio, \u00e0s 8h. Cinco eixos s\u00e3o defendidos: Biomas e den\u00fancia do crime socioambiental da Samarco\/Vale no Rio Doce, PEC 241 e redu\u00e7\u00e3o de gastos p\u00fablicos, crise da seguran\u00e7a e as diversas viola\u00e7\u00f5es de direitos humanos, morte das mulheres e dos jovens, especialmente os negros, as refor\u00e7as injustas, que sacrificam os menos favorecidos.<\/p>\n<p>Aconteceu ainda um momento de agradecimento aos volunt\u00e1rios que cuidaram da tenda da crian\u00e7a, que ficou no Campinho durante todos estes dias de Oitav\u00e1rio. Dois meninos trouxeram em prociss\u00e3o o fruto desta tenda: colagens feitas pelas crian\u00e7as, uma com o desenho do Convento e outro com a imagem de Nossa Senhora da Penha.<\/p>\n","protected":false},"excerpt":{"rendered":"<p>Festa da Penha 2017<\/p>\n","protected":false},"author":1,"featured_media":196889,"comment_status":"open","ping_status":"open","sticky":false,"template":"","format":"standard","meta":[],"categories":[1],"tags":[400,245],"acf":[],"yoast_head":"<!-- This site is optimized with the Yoast SEO plugin v19.2 - https:\/\/yoast.com\/wordpress\/plugins\/seo\/ -->\n<title>Confer\u00eancia dos Religiosos e Pastorais Sociais celebram no Campinho - Not\u00edcias - Franciscanos<\/title>\n<meta name=\"robots\" content=\"index, follow, max-snippet:-1, max-image-preview:large, max-video-preview:-1\" \/>\n<link rel=\"canonical\" href=\"https:\/\/franciscanos.org.br\/noticias\/conferencia-dos-religiosos-e-pastorais-sociais-celebram-no-campinho.html\" \/>\n<meta property=\"og:locale\" content=\"pt_BR\" \/>\n<meta property=\"og:type\" content=\"article\" \/>\n<meta property=\"og:title\" content=\"Confer\u00eancia dos Religiosos e Pastorais Sociais celebram no Campinho - Not\u00edcias - Franciscanos\" \/>\n<meta property=\"og:description\" content=\"Festa da Penha 2017\" \/>\n<meta property=\"og:url\" content=\"https:\/\/franciscanos.org.br\/noticias\/conferencia-dos-religiosos-e-pastorais-sociais-celebram-no-campinho.html\" \/>\n<meta property=\"og:site_name\" content=\"Not\u00edcias - Franciscanos\" \/>\n<meta property=\"article:published_time\" content=\"2017-04-24T15:17:14+00:00\" \/>\n<meta property=\"article:modified_time\" content=\"2019-01-24T16:16:59+00:00\" \/>\n<meta property=\"og:image\" content=\"https:\/\/franciscanos.org.br\/noticias\/wp-content\/uploads\/2017\/04\/penha_240417-18.jpg\" \/>\n\t<meta property=\"og:image:width\" content=\"273\" \/>\n\t<meta property=\"og:image:height\" content=\"181\" \/>\n\t<meta property=\"og:image:type\" content=\"image\/jpeg\" \/>\n<meta name=\"author\" content=\"admin\" \/>\n<meta name=\"twitter:card\" content=\"summary_large_image\" \/>\n<meta name=\"twitter:label1\" content=\"Escrito por\" \/>\n\t<meta name=\"twitter:data1\" content=\"admin\" \/>\n\t<meta name=\"twitter:label2\" content=\"Est. tempo de leitura\" \/>\n\t<meta name=\"twitter:data2\" content=\"3 minutos\" \/>\n<script type=\"application\/ld+json\" class=\"yoast-schema-graph\">{\"@context\":\"https:\/\/schema.org\",\"@graph\":[{\"@type\":\"WebSite\",\"@id\":\"https:\/\/franciscanos.org.br\/noticias\/#website\",\"url\":\"https:\/\/franciscanos.org.br\/noticias\/\",\"name\":\"Not\u00edcias - Franciscanos\",\"description\":\"Prov\u00edncia Franciscana da Imaculada Concei\u00e7\u00e3o do Brasil - Ordem dos Frades Menores - OFM\",\"potentialAction\":[{\"@type\":\"SearchAction\",\"target\":{\"@type\":\"EntryPoint\",\"urlTemplate\":\"https:\/\/franciscanos.org.br\/noticias\/?s={search_term_string}\"},\"query-input\":\"required name=search_term_string\"}],\"inLanguage\":\"pt-BR\"},{\"@type\":\"ImageObject\",\"inLanguage\":\"pt-BR\",\"@id\":\"https:\/\/franciscanos.org.br\/noticias\/conferencia-dos-religiosos-e-pastorais-sociais-celebram-no-campinho.html#primaryimage\",\"url\":\"https:\/\/franciscanos.org.br\/noticias\/wp-content\/uploads\/2017\/04\/penha_240417-18.jpg\",\"contentUrl\":\"https:\/\/franciscanos.org.br\/noticias\/wp-content\/uploads\/2017\/04\/penha_240417-18.jpg\",\"width\":273,\"height\":181},{\"@type\":\"WebPage\",\"@id\":\"https:\/\/franciscanos.org.br\/noticias\/conferencia-dos-religiosos-e-pastorais-sociais-celebram-no-campinho.html#webpage\",\"url\":\"https:\/\/franciscanos.org.br\/noticias\/conferencia-dos-religiosos-e-pastorais-sociais-celebram-no-campinho.html\",\"name\":\"Confer\u00eancia dos Religiosos e Pastorais Sociais celebram no Campinho - Not\u00edcias - Franciscanos\",\"isPartOf\":{\"@id\":\"https:\/\/franciscanos.org.br\/noticias\/#website\"},\"primaryImageOfPage\":{\"@id\":\"https:\/\/franciscanos.org.br\/noticias\/conferencia-dos-religiosos-e-pastorais-sociais-celebram-no-campinho.html#primaryimage\"},\"datePublished\":\"2017-04-24T15:17:14+00:00\",\"dateModified\":\"2019-01-24T16:16:59+00:00\",\"author\":{\"@id\":\"https:\/\/franciscanos.org.br\/noticias\/#\/schema\/person\/b38fbf43118f02820bd932f2e4b14ad3\"},\"breadcrumb\":{\"@id\":\"https:\/\/franciscanos.org.br\/noticias\/conferencia-dos-religiosos-e-pastorais-sociais-celebram-no-campinho.html#breadcrumb\"},\"inLanguage\":\"pt-BR\",\"potentialAction\":[{\"@type\":\"ReadAction\",\"target\":[\"https:\/\/franciscanos.org.br\/noticias\/conferencia-dos-religiosos-e-pastorais-sociais-celebram-no-campinho.html\"]}]},{\"@type\":\"BreadcrumbList\",\"@id\":\"https:\/\/franciscanos.org.br\/noticias\/conferencia-dos-religiosos-e-pastorais-sociais-celebram-no-campinho.html#breadcrumb\",\"itemListElement\":[{\"@type\":\"ListItem\",\"position\":1,\"name\":\"Home\",\"item\":\"https:\/\/franciscanos.org.br\/noticias\"},{\"@type\":\"ListItem\",\"position\":2,\"name\":\"Confer\u00eancia dos Religiosos e Pastorais Sociais celebram no Campinho\"}]},{\"@type\":\"Person\",\"@id\":\"https:\/\/franciscanos.org.br\/noticias\/#\/schema\/person\/b38fbf43118f02820bd932f2e4b14ad3\",\"name\":\"admin\",\"image\":{\"@type\":\"ImageObject\",\"inLanguage\":\"pt-BR\",\"@id\":\"https:\/\/franciscanos.org.br\/noticias\/#\/schema\/person\/image\/\",\"url\":\"https:\/\/secure.gravatar.com\/avatar\/e8495742d34d0ba6448ea1c628263b3e?s=96&d=mm&r=g\",\"contentUrl\":\"https:\/\/secure.gravatar.com\/avatar\/e8495742d34d0ba6448ea1c628263b3e?s=96&d=mm&r=g\",\"caption\":\"admin\"},\"url\":\"https:\/\/franciscanos.org.br\/noticias\/author\/admin\"}]}<\/script>\n<!-- \/ Yoast SEO plugin. -->","yoast_head_json":{"title":"Confer\u00eancia dos Religiosos e Pastorais Sociais celebram no Campinho - Not\u00edcias - Franciscanos","robots":{"index":"index","follow":"follow","max-snippet":"max-snippet:-1","max-image-preview":"max-image-preview:large","max-video-preview":"max-video-preview:-1"},"canonical":"https:\/\/franciscanos.org.br\/noticias\/conferencia-dos-religiosos-e-pastorais-sociais-celebram-no-campinho.html","og_locale":"pt_BR","og_type":"article","og_title":"Confer\u00eancia dos Religiosos e Pastorais Sociais celebram no Campinho - Not\u00edcias - Franciscanos","og_description":"Festa da Penha 2017","og_url":"https:\/\/franciscanos.org.br\/noticias\/conferencia-dos-religiosos-e-pastorais-sociais-celebram-no-campinho.html","og_site_name":"Not\u00edcias - Franciscanos","article_published_time":"2017-04-24T15:17:14+00:00","article_modified_time":"2019-01-24T16:16:59+00:00","og_image":[{"width":273,"height":181,"url":"https:\/\/franciscanos.org.br\/noticias\/wp-content\/uploads\/2017\/04\/penha_240417-18.jpg","type":"image\/jpeg"}],"author":"admin","twitter_card":"summary_large_image","twitter_misc":{"Escrito por":"admin","Est. tempo de leitura":"3 minutos"},"schema":{"@context":"https:\/\/schema.org","@graph":[{"@type":"WebSite","@id":"https:\/\/franciscanos.org.br\/noticias\/#website","url":"https:\/\/franciscanos.org.br\/noticias\/","name":"Not\u00edcias - Franciscanos","description":"Prov\u00edncia Franciscana da Imaculada Concei\u00e7\u00e3o do Brasil - Ordem dos Frades Menores - OFM","potentialAction":[{"@type":"SearchAction","target":{"@type":"EntryPoint","urlTemplate":"https:\/\/franciscanos.org.br\/noticias\/?s={search_term_string}"},"query-input":"required name=search_term_string"}],"inLanguage":"pt-BR"},{"@type":"ImageObject","inLanguage":"pt-BR","@id":"https:\/\/franciscanos.org.br\/noticias\/conferencia-dos-religiosos-e-pastorais-sociais-celebram-no-campinho.html#primaryimage","url":"https:\/\/franciscanos.org.br\/noticias\/wp-content\/uploads\/2017\/04\/penha_240417-18.jpg","contentUrl":"https:\/\/franciscanos.org.br\/noticias\/wp-content\/uploads\/2017\/04\/penha_240417-18.jpg","width":273,"height":181},{"@type":"WebPage","@id":"https:\/\/franciscanos.org.br\/noticias\/conferencia-dos-religiosos-e-pastorais-sociais-celebram-no-campinho.html#webpage","url":"https:\/\/franciscanos.org.br\/noticias\/conferencia-dos-religiosos-e-pastorais-sociais-celebram-no-campinho.html","name":"Confer\u00eancia dos Religiosos e Pastorais Sociais celebram no Campinho - Not\u00edcias - Franciscanos","isPartOf":{"@id":"https:\/\/franciscanos.org.br\/noticias\/#website"},"primaryImageOfPage":{"@id":"https:\/\/franciscanos.org.br\/noticias\/conferencia-dos-religiosos-e-pastorais-sociais-celebram-no-campinho.html#primaryimage"},"datePublished":"2017-04-24T15:17:14+00:00","dateModified":"2019-01-24T16:16:59+00:00","author":{"@id":"https:\/\/franciscanos.org.br\/noticias\/#\/schema\/person\/b38fbf43118f02820bd932f2e4b14ad3"},"breadcrumb":{"@id":"https:\/\/franciscanos.org.br\/noticias\/conferencia-dos-religiosos-e-pastorais-sociais-celebram-no-campinho.html#breadcrumb"},"inLanguage":"pt-BR","potentialAction":[{"@type":"ReadAction","target":["https:\/\/franciscanos.org.br\/noticias\/conferencia-dos-religiosos-e-pastorais-sociais-celebram-no-campinho.html"]}]},{"@type":"BreadcrumbList","@id":"https:\/\/franciscanos.org.br\/noticias\/conferencia-dos-religiosos-e-pastorais-sociais-celebram-no-campinho.html#breadcrumb","itemListElement":[{"@type":"ListItem","position":1,"name":"Home","item":"https:\/\/franciscanos.org.br\/noticias"},{"@type":"ListItem","position":2,"name":"Confer\u00eancia dos Religiosos e Pastorais Sociais celebram no Campinho"}]},{"@type":"Person","@id":"https:\/\/franciscanos.org.br\/noticias\/#\/schema\/person\/b38fbf43118f02820bd932f2e4b14ad3","name":"admin","image":{"@type":"ImageObject","inLanguage":"pt-BR","@id":"https:\/\/franciscanos.org.br\/noticias\/#\/schema\/person\/image\/","url":"https:\/\/secure.gravatar.com\/avatar\/e8495742d34d0ba6448ea1c628263b3e?s=96&d=mm&r=g","contentUrl":"https:\/\/secure.gravatar.com\/avatar\/e8495742d34d0ba6448ea1c628263b3e?s=96&d=mm&r=g","caption":"admin"},"url":"https:\/\/franciscanos.org.br\/noticias\/author\/admin"}]}},"_links":{"self":[{"href":"https:\/\/franciscanos.org.br\/noticias\/wp-json\/wp\/v2\/posts\/132151"}],"collection":[{"href":"https:\/\/franciscanos.org.br\/noticias\/wp-json\/wp\/v2\/posts"}],"about":[{"href":"https:\/\/franciscanos.org.br\/noticias\/wp-json\/wp\/v2\/types\/post"}],"author":[{"embeddable":true,"href":"https:\/\/franciscanos.org.br\/noticias\/wp-json\/wp\/v2\/users\/1"}],"replies":[{"embeddable":true,"href":"https:\/\/franciscanos.org.br\/noticias\/wp-json\/wp\/v2\/comments?post=132151"}],"version-history":[{"count":0,"href":"https:\/\/franciscanos.org.br\/noticias\/wp-json\/wp\/v2\/posts\/132151\/revisions"}],"wp:featuredmedia":[{"embeddable":true,"href":"https:\/\/franciscanos.org.br\/noticias\/wp-json\/wp\/v2\/media\/196889"}],"wp:attachment":[{"href":"https:\/\/franciscanos.org.br\/noticias\/wp-json\/wp\/v2\/media?parent=132151"}],"wp:term":[{"taxonomy":"category","embeddable":true,"href":"https:\/\/franciscanos.org.br\/noticias\/wp-json\/wp\/v2\/categories?post=132151"},{"taxonomy":"post_tag","embeddable":true,"href":"https:\/\/franciscanos.org.br\/noticias\/wp-json\/wp\/v2\/tags?post=132151"}],"curies":[{"name":"wp","href":"https:\/\/api.w.org\/{rel}","templated":true}]}}