{"id":132044,"date":"2017-04-24T12:32:58","date_gmt":"2017-04-24T15:32:58","guid":{"rendered":"http:\/\/franciscanos.org.br\/?p=132044"},"modified":"2019-08-19T11:14:52","modified_gmt":"2019-08-19T14:14:52","slug":"xaxim-acolhe-com-festa-o-diacono-frei-vanderlei","status":"publish","type":"post","link":"https:\/\/franciscanos.org.br\/noticias\/xaxim-acolhe-com-festa-o-diacono-frei-vanderlei.html","title":{"rendered":"Xaxim acolhe com festa o di\u00e1cono Frei Vanderlei"},"content":{"rendered":"<p><img loading=\"lazy\" class=\"aligncenter\" src=\"http:\/\/franciscanos.org.br\/wp-content\/uploads\/2017\/04\/1.jpg\" alt=\"1\" width=\"830\" height=\"517\" \/><\/p>\n<p><strong>Frei Augusto Luiz Gabriel<\/strong><\/p>\n<p><strong>Xaxim (SC)<\/strong> \u2013 Pela primeira vez nos 77 anos da Par\u00f3quia S\u00e3o Luiz Gonzaga de Xaxim (SC), o povo xaxinense p\u00f4de participar de uma ordena\u00e7\u00e3o diaconal. Pela imposi\u00e7\u00e3o das m\u00e3os Dom Odelir Jos\u00e9 Magri, da Diocese de Chapec\u00f3 (SC), Frei Vanderlei Silva Neves, OFM, foi ordenado para o primeiro grau do sacramento da Ordem neste domingo da Miseric\u00f3rdia, 23 de abril. Foi um dia hist\u00f3rico na imponente Matriz da pequena cidade do Oeste Catarinense!<\/p>\n<p>A igreja estava lotada com fi\u00e9is das mais de 50 comunidades da Par\u00f3quia. Confrades de toda a Prov\u00edncia da Imaculada e padres diocesanos da regi\u00e3o participaram da Celebra\u00e7\u00e3o Eucar\u00edstica.<\/p>\n<p><strong>\u201cAqui estou\u201d<\/strong><\/p>\n<p>Ap\u00f3s a proclama\u00e7\u00e3o do Evangelho do segundo domingo da P\u00e1scoa, (Jo 20, 19-31), o p\u00e1roco Frei Alex Sandro Ciarnoscki chamou o ordenando para se aproximar do altar. Ent\u00e3o, Frei Moacir Longo, da Fraternidade S\u00e3o Jos\u00e9 do Patroc\u00ednio de Coronel Freitas (SC), leu um pequeno hist\u00f3rico da vida de Frei Vanderlei. Em seguida, o Vig\u00e1rio Provincial Frei C\u00e9sar K\u00fclkamp pediu a Dom Odelir a ordena\u00e7\u00e3o diaconal de seu confrade: \u201cReverend\u00edssimo pai Dom Odelir, a Santa M\u00e3e Igreja pede que ordeneis para o servi\u00e7o de di\u00e1cono este nosso irm\u00e3o\u201d. E o bispo interrogou o Vig\u00e1rio Provincial se o ordenando era digno de receber este minist\u00e9rio. Frei C\u00e9sar respondeu: \u201cPosso afirmar que durante este per\u00edodo de forma\u00e7\u00e3o, do qual tamb\u00e9m fiz parte, os formadores viram em Frei Vanderlei um gosto muito especial pela evangeliza\u00e7\u00e3o, reconhecendo nele um homem de ora\u00e7\u00e3o, de profundo contato com Deus, que enfrenta a vida e a realidade tendo sempre presente o horizonte da f\u00e9\u201d, testemunhou Frei C\u00e9sar.<\/p>\n<p><img loading=\"lazy\" class=\"aligncenter\" src=\"http:\/\/franciscanos.org.br\/wp-content\/uploads\/2017\/04\/2.jpg\" alt=\"2\" width=\"830\" height=\"525\" \/><\/p>\n<p>Ap\u00f3s a conclus\u00e3o deste rito, j\u00e1 na homilia, o bispo enfatizou que era uma grande alegria estar celebrando esta ordena\u00e7\u00e3o diaconal. \u201cS\u00e3o ocasi\u00f5es em que gosto sempre de aproveitar para falar da gra\u00e7a de Deus, do chamado que Deus faz, como fez aos disc\u00edpulos de Jesus para fazerem parte do projeto e do sonho de Deus\u201d, disse Dom Odelir.<\/p>\n<p>\u201cA voca\u00e7\u00e3o \u00e9 sempre um dom de Deus, uma gra\u00e7a de Deus, que chama, que convoca e que espera uma resposta. E esta resposta \u00e9 pessoal, mas envolve muitas outras pessoas que, certamente, ajudaram na forma\u00e7\u00e3o deste nosso irm\u00e3o\u201d, destacou o bispo. \u201cN\u00f3s sabemos que nos tempos atuais, as voca\u00e7\u00f5es t\u00eam diminu\u00eddo, por isso, de algum modo n\u00f3s tamb\u00e9m precisamos nos envolver mais na anima\u00e7\u00e3o vocacional de nossas entidades. Neste sentido, a ordena\u00e7\u00e3o diaconal de Frei Vanderlei \u00e9 uma oportunidade para renovarmos o nosso compromisso com a Igreja. Pe\u00e7amos que Deus envie mais oper\u00e1rios para a messe\u201d, enfatizou o pastor.<\/p>\n<p>Em seguida, Dom Odelir convidou o ordenando a dizer algumas palavras tendo em vista o lema ( \u201cDei-vos o exemplo para que fa\u00e7ais o mesmo que eu vos fiz\u201d, Jo, 13-15) que escolheu para a sua ordena\u00e7\u00e3o. Atendendo ao bispo, Frei Vanderlei disse que a escolha era porque cr\u00ea que o Cristo \u00e9 a centralidade da nossa vida. \u201c\u00c9 Aquele que nos aponta o bom caminho a ser seguido. Ele fez isso com as suas pr\u00f3prias palavras e o seu modo simples de viver e de ser. Estando no mundo, Cristo amou a todos sem excluir ningu\u00e9m. Cristo ama, Cristo perdoa, Cristo \u00e9 misericordioso, e eu vejo nisso um grande exemplo a ser seguido\u201d, explicou o frade menor.<\/p>\n<p>Dando continuidade ao rito de ordena\u00e7\u00e3o, diante de Dom Odelir e de toda a comunidade reunida, Frei Vanderlei confirmou seu prop\u00f3sito de ser ordenado di\u00e1cono da Igreja e de desempenhar fielmente sua miss\u00e3o a servi\u00e7o do povo de Deus.<\/p>\n<p>Posteriormente, em sinal de despojamento e de entrega total, Frei Vanderlei se prostrou ao ch\u00e3o, enquanto a assembleia entoou a Ladainha de Todos os Santos, pedindo a Deus que derrame sua b\u00ean\u00e7\u00e3o sobre este seu servo.<\/p>\n<p>Em seguida, deu-se in\u00edcio ao momento central da ordena\u00e7\u00e3o, onde pela imposi\u00e7\u00e3o das m\u00e3os sacerdotais de Dom Odelir, Frei Vanderlei foi ordenado di\u00e1cono. Em seguida, as vestes para exerc\u00edcio do minist\u00e9rio diaconal foram trazidas at\u00e9 o altar pela sua m\u00e3e Maria do Socorro e seu irm\u00e3o Wagner da Silva Neves. Frei Vanderlei foi revestido pelos confrades da sua Fraternidade: Frei Ant\u00f4nio Mazzuco e Frei Alex. Momento \u00fanico e de grande emo\u00e7\u00e3o.<\/p>\n<p>J\u00e1 como di\u00e1cono, o frade recebeu das m\u00e3os de Dom Odelir o livro dos Evangelhos, significando a un\u00e7\u00e3o e an\u00fancio do Evangelho de Jesus Cristo. Embalados pela m\u00fasica \u201cCristo quero ser instrumento&#8230;\u201d, Dom Odelir, os frades, padres e familiares presentes desejaram ao ordenado a paz de Jesus Cristo, ovacionado pelo povo. Em seguida, deu-se continuidade \u00e0 Santa Missa com a liturgia Eucar\u00edstica.<\/p>\n<p><img loading=\"lazy\" class=\"aligncenter\" src=\"http:\/\/franciscanos.org.br\/wp-content\/uploads\/2017\/04\/4.jpg\" alt=\"4\" width=\"830\" height=\"372\" \/><\/p>\n<p><strong>Agradecimentos<\/strong><\/p>\n<p>Iraci Lopes Dala Rosa dirigiu algumas palavras a Frei Vanderlei em nome da comunidade paroquial, ofertando ao novo di\u00e1cono uma linda imagem de S\u00e3o Francisco.<\/p>\n<p>Frei C\u00e9sar, representando a Prov\u00edncia da Imaculada, agradeceu a Igreja de Chapec\u00f3 na pessoa do bispo Dom Odelir, por acolher, h\u00e1 muito tempo, os frades nesta regi\u00e3o e partilhar a miss\u00e3o desta Igreja. \u201cQueremos agradecer de modo muito especial a fam\u00edlia franciscana e tamb\u00e9m a fam\u00edlia de sangue de Frei Vanderlei. A voc\u00ea, Frei Vanderlei, quero dizer muito obrigado em nome de todos os confrades por esta entrega generosa de sua vida e de sua voca\u00e7\u00e3o franciscana. Conte sempre com seus confrades em todos os momentos de sua vida. Que Deus sempre o aben\u00e7oe!\u201d, desejou\u00a0o Vig\u00e1rio Provincial.<\/p>\n<p>Frei Vanderlei agradeceu, em primeiro lugar, a Deus, a Jesus Cristo, Maria e S\u00e3o Francisco o dom da voca\u00e7\u00e3o. \u201cO meu muito obrigado ao Dom Odelir, nosso pastor, que acolheu a Fraternidade Franciscana daqui. Tamb\u00e9m gostaria de agradecer \u00e0 Prov\u00edncia da Imaculada, na pessoa de Frei C\u00e9sar, que, com tanto carinho e amor, cuidou de minha forma\u00e7\u00e3o e, atrav\u00e9s dos formadores, soube lapidar um pouco mais a minha f\u00e9. Agrade\u00e7o a minha Fraternidade, que me acolheu muito bem. Me sinto em casa, muito obrigado! Tamb\u00e9m gostaria de fazer um agradecimento aos frades aqui presentes, de modo especial a Frei Marcos Vin\u00edcius Br\u00fcgger, que \u00e9 de minha turma! N\u00e3o poderia esquecer das pessoas que trabalham nesta Par\u00f3quia, todas as comunidades presentes, as irm\u00e3s e todos os que ajudaram nesta linda celebra\u00e7\u00e3o e, por fim, agradecer a Deus o dom da vida atrav\u00e9s da minha m\u00e3e e da minha fam\u00edlia. A teologia e a filosofia me ensinaram muitas coisas, mas posso garantir a voc\u00eas que elas n\u00e3o me ensinaram um ter\u00e7o de tudo o que a minha m\u00e3e me ensinou\u201d, completou Frei Vanderlei muito emocionado.<\/p>\n<p>Frei Alex tamb\u00e9m agradeceu a todos os presentes e pediu a Deus a b\u00ean\u00e7\u00e3o sobre o novo di\u00e1cono e o povo de Xaxim, convidando-os para uma confraterniza\u00e7\u00e3o no Sal\u00e3o Paroquial.<\/p>\n<p>A b\u00ean\u00e7\u00e3o solene de Dom Odelir sobre Frei Vanderlei encerrou este momento de grande f\u00e9!<\/p>\n","protected":false},"excerpt":{"rendered":"<p>Ordena\u00e7\u00e3o Diaconal<\/p>\n","protected":false},"author":5,"featured_media":197808,"comment_status":"open","ping_status":"open","sticky":false,"template":"","format":"standard","meta":[],"categories":[1],"tags":[275,552],"acf":[],"yoast_head":"<!-- This site is optimized with the Yoast SEO plugin v19.2 - https:\/\/yoast.com\/wordpress\/plugins\/seo\/ -->\n<title>Xaxim acolhe com festa o di\u00e1cono Frei Vanderlei - Not\u00edcias - Franciscanos<\/title>\n<meta name=\"robots\" content=\"index, follow, max-snippet:-1, max-image-preview:large, max-video-preview:-1\" \/>\n<link rel=\"canonical\" href=\"https:\/\/franciscanos.org.br\/noticias\/xaxim-acolhe-com-festa-o-diacono-frei-vanderlei.html\" \/>\n<meta property=\"og:locale\" content=\"pt_BR\" \/>\n<meta property=\"og:type\" content=\"article\" \/>\n<meta property=\"og:title\" content=\"Xaxim acolhe com festa o di\u00e1cono Frei Vanderlei - Not\u00edcias - Franciscanos\" \/>\n<meta property=\"og:description\" content=\"Ordena\u00e7\u00e3o Diaconal\" \/>\n<meta property=\"og:url\" content=\"https:\/\/franciscanos.org.br\/noticias\/xaxim-acolhe-com-festa-o-diacono-frei-vanderlei.html\" \/>\n<meta property=\"og:site_name\" content=\"Not\u00edcias - Franciscanos\" \/>\n<meta property=\"article:published_time\" content=\"2017-04-24T15:32:58+00:00\" \/>\n<meta property=\"article:modified_time\" content=\"2019-08-19T14:14:52+00:00\" \/>\n<meta property=\"og:image\" content=\"https:\/\/franciscanos.org.br\/noticias\/wp-content\/uploads\/2017\/04\/1.jpg\" \/>\n\t<meta property=\"og:image:width\" content=\"273\" \/>\n\t<meta property=\"og:image:height\" content=\"181\" \/>\n\t<meta property=\"og:image:type\" content=\"image\/jpeg\" \/>\n<meta name=\"author\" content=\"freiaugusto\" \/>\n<meta name=\"twitter:card\" content=\"summary_large_image\" \/>\n<meta name=\"twitter:label1\" content=\"Escrito por\" \/>\n\t<meta name=\"twitter:data1\" content=\"freiaugusto\" \/>\n\t<meta name=\"twitter:label2\" content=\"Est. tempo de leitura\" \/>\n\t<meta name=\"twitter:data2\" content=\"6 minutos\" \/>\n<script type=\"application\/ld+json\" class=\"yoast-schema-graph\">{\"@context\":\"https:\/\/schema.org\",\"@graph\":[{\"@type\":\"WebSite\",\"@id\":\"https:\/\/franciscanos.org.br\/noticias\/#website\",\"url\":\"https:\/\/franciscanos.org.br\/noticias\/\",\"name\":\"Not\u00edcias - Franciscanos\",\"description\":\"Prov\u00edncia Franciscana da Imaculada Concei\u00e7\u00e3o do Brasil - Ordem dos Frades Menores - OFM\",\"potentialAction\":[{\"@type\":\"SearchAction\",\"target\":{\"@type\":\"EntryPoint\",\"urlTemplate\":\"https:\/\/franciscanos.org.br\/noticias\/?s={search_term_string}\"},\"query-input\":\"required name=search_term_string\"}],\"inLanguage\":\"pt-BR\"},{\"@type\":\"ImageObject\",\"inLanguage\":\"pt-BR\",\"@id\":\"https:\/\/franciscanos.org.br\/noticias\/xaxim-acolhe-com-festa-o-diacono-frei-vanderlei.html#primaryimage\",\"url\":\"https:\/\/franciscanos.org.br\/noticias\/wp-content\/uploads\/2017\/04\/1.jpg\",\"contentUrl\":\"https:\/\/franciscanos.org.br\/noticias\/wp-content\/uploads\/2017\/04\/1.jpg\",\"width\":273,\"height\":181},{\"@type\":\"WebPage\",\"@id\":\"https:\/\/franciscanos.org.br\/noticias\/xaxim-acolhe-com-festa-o-diacono-frei-vanderlei.html#webpage\",\"url\":\"https:\/\/franciscanos.org.br\/noticias\/xaxim-acolhe-com-festa-o-diacono-frei-vanderlei.html\",\"name\":\"Xaxim acolhe com festa o di\u00e1cono Frei Vanderlei - Not\u00edcias - Franciscanos\",\"isPartOf\":{\"@id\":\"https:\/\/franciscanos.org.br\/noticias\/#website\"},\"primaryImageOfPage\":{\"@id\":\"https:\/\/franciscanos.org.br\/noticias\/xaxim-acolhe-com-festa-o-diacono-frei-vanderlei.html#primaryimage\"},\"datePublished\":\"2017-04-24T15:32:58+00:00\",\"dateModified\":\"2019-08-19T14:14:52+00:00\",\"author\":{\"@id\":\"https:\/\/franciscanos.org.br\/noticias\/#\/schema\/person\/37f88f0d111cd5358b12a6556a99eb91\"},\"breadcrumb\":{\"@id\":\"https:\/\/franciscanos.org.br\/noticias\/xaxim-acolhe-com-festa-o-diacono-frei-vanderlei.html#breadcrumb\"},\"inLanguage\":\"pt-BR\",\"potentialAction\":[{\"@type\":\"ReadAction\",\"target\":[\"https:\/\/franciscanos.org.br\/noticias\/xaxim-acolhe-com-festa-o-diacono-frei-vanderlei.html\"]}]},{\"@type\":\"BreadcrumbList\",\"@id\":\"https:\/\/franciscanos.org.br\/noticias\/xaxim-acolhe-com-festa-o-diacono-frei-vanderlei.html#breadcrumb\",\"itemListElement\":[{\"@type\":\"ListItem\",\"position\":1,\"name\":\"Home\",\"item\":\"https:\/\/franciscanos.org.br\/noticias\"},{\"@type\":\"ListItem\",\"position\":2,\"name\":\"Xaxim acolhe com festa o di\u00e1cono Frei Vanderlei\"}]},{\"@type\":\"Person\",\"@id\":\"https:\/\/franciscanos.org.br\/noticias\/#\/schema\/person\/37f88f0d111cd5358b12a6556a99eb91\",\"name\":\"freiaugusto\",\"image\":{\"@type\":\"ImageObject\",\"inLanguage\":\"pt-BR\",\"@id\":\"https:\/\/franciscanos.org.br\/noticias\/#\/schema\/person\/image\/\",\"url\":\"https:\/\/secure.gravatar.com\/avatar\/9840b940e621801b24f3e6b059efb4b7?s=96&d=mm&r=g\",\"contentUrl\":\"https:\/\/secure.gravatar.com\/avatar\/9840b940e621801b24f3e6b059efb4b7?s=96&d=mm&r=g\",\"caption\":\"freiaugusto\"},\"url\":\"https:\/\/franciscanos.org.br\/noticias\/author\/freiaugusto\"}]}<\/script>\n<!-- \/ Yoast SEO plugin. -->","yoast_head_json":{"title":"Xaxim acolhe com festa o di\u00e1cono Frei Vanderlei - Not\u00edcias - Franciscanos","robots":{"index":"index","follow":"follow","max-snippet":"max-snippet:-1","max-image-preview":"max-image-preview:large","max-video-preview":"max-video-preview:-1"},"canonical":"https:\/\/franciscanos.org.br\/noticias\/xaxim-acolhe-com-festa-o-diacono-frei-vanderlei.html","og_locale":"pt_BR","og_type":"article","og_title":"Xaxim acolhe com festa o di\u00e1cono Frei Vanderlei - Not\u00edcias - Franciscanos","og_description":"Ordena\u00e7\u00e3o Diaconal","og_url":"https:\/\/franciscanos.org.br\/noticias\/xaxim-acolhe-com-festa-o-diacono-frei-vanderlei.html","og_site_name":"Not\u00edcias - Franciscanos","article_published_time":"2017-04-24T15:32:58+00:00","article_modified_time":"2019-08-19T14:14:52+00:00","og_image":[{"width":273,"height":181,"url":"https:\/\/franciscanos.org.br\/noticias\/wp-content\/uploads\/2017\/04\/1.jpg","type":"image\/jpeg"}],"author":"freiaugusto","twitter_card":"summary_large_image","twitter_misc":{"Escrito por":"freiaugusto","Est. tempo de leitura":"6 minutos"},"schema":{"@context":"https:\/\/schema.org","@graph":[{"@type":"WebSite","@id":"https:\/\/franciscanos.org.br\/noticias\/#website","url":"https:\/\/franciscanos.org.br\/noticias\/","name":"Not\u00edcias - Franciscanos","description":"Prov\u00edncia Franciscana da Imaculada Concei\u00e7\u00e3o do Brasil - Ordem dos Frades Menores - OFM","potentialAction":[{"@type":"SearchAction","target":{"@type":"EntryPoint","urlTemplate":"https:\/\/franciscanos.org.br\/noticias\/?s={search_term_string}"},"query-input":"required name=search_term_string"}],"inLanguage":"pt-BR"},{"@type":"ImageObject","inLanguage":"pt-BR","@id":"https:\/\/franciscanos.org.br\/noticias\/xaxim-acolhe-com-festa-o-diacono-frei-vanderlei.html#primaryimage","url":"https:\/\/franciscanos.org.br\/noticias\/wp-content\/uploads\/2017\/04\/1.jpg","contentUrl":"https:\/\/franciscanos.org.br\/noticias\/wp-content\/uploads\/2017\/04\/1.jpg","width":273,"height":181},{"@type":"WebPage","@id":"https:\/\/franciscanos.org.br\/noticias\/xaxim-acolhe-com-festa-o-diacono-frei-vanderlei.html#webpage","url":"https:\/\/franciscanos.org.br\/noticias\/xaxim-acolhe-com-festa-o-diacono-frei-vanderlei.html","name":"Xaxim acolhe com festa o di\u00e1cono Frei Vanderlei - Not\u00edcias - Franciscanos","isPartOf":{"@id":"https:\/\/franciscanos.org.br\/noticias\/#website"},"primaryImageOfPage":{"@id":"https:\/\/franciscanos.org.br\/noticias\/xaxim-acolhe-com-festa-o-diacono-frei-vanderlei.html#primaryimage"},"datePublished":"2017-04-24T15:32:58+00:00","dateModified":"2019-08-19T14:14:52+00:00","author":{"@id":"https:\/\/franciscanos.org.br\/noticias\/#\/schema\/person\/37f88f0d111cd5358b12a6556a99eb91"},"breadcrumb":{"@id":"https:\/\/franciscanos.org.br\/noticias\/xaxim-acolhe-com-festa-o-diacono-frei-vanderlei.html#breadcrumb"},"inLanguage":"pt-BR","potentialAction":[{"@type":"ReadAction","target":["https:\/\/franciscanos.org.br\/noticias\/xaxim-acolhe-com-festa-o-diacono-frei-vanderlei.html"]}]},{"@type":"BreadcrumbList","@id":"https:\/\/franciscanos.org.br\/noticias\/xaxim-acolhe-com-festa-o-diacono-frei-vanderlei.html#breadcrumb","itemListElement":[{"@type":"ListItem","position":1,"name":"Home","item":"https:\/\/franciscanos.org.br\/noticias"},{"@type":"ListItem","position":2,"name":"Xaxim acolhe com festa o di\u00e1cono Frei Vanderlei"}]},{"@type":"Person","@id":"https:\/\/franciscanos.org.br\/noticias\/#\/schema\/person\/37f88f0d111cd5358b12a6556a99eb91","name":"freiaugusto","image":{"@type":"ImageObject","inLanguage":"pt-BR","@id":"https:\/\/franciscanos.org.br\/noticias\/#\/schema\/person\/image\/","url":"https:\/\/secure.gravatar.com\/avatar\/9840b940e621801b24f3e6b059efb4b7?s=96&d=mm&r=g","contentUrl":"https:\/\/secure.gravatar.com\/avatar\/9840b940e621801b24f3e6b059efb4b7?s=96&d=mm&r=g","caption":"freiaugusto"},"url":"https:\/\/franciscanos.org.br\/noticias\/author\/freiaugusto"}]}},"_links":{"self":[{"href":"https:\/\/franciscanos.org.br\/noticias\/wp-json\/wp\/v2\/posts\/132044"}],"collection":[{"href":"https:\/\/franciscanos.org.br\/noticias\/wp-json\/wp\/v2\/posts"}],"about":[{"href":"https:\/\/franciscanos.org.br\/noticias\/wp-json\/wp\/v2\/types\/post"}],"author":[{"embeddable":true,"href":"https:\/\/franciscanos.org.br\/noticias\/wp-json\/wp\/v2\/users\/5"}],"replies":[{"embeddable":true,"href":"https:\/\/franciscanos.org.br\/noticias\/wp-json\/wp\/v2\/comments?post=132044"}],"version-history":[{"count":0,"href":"https:\/\/franciscanos.org.br\/noticias\/wp-json\/wp\/v2\/posts\/132044\/revisions"}],"wp:featuredmedia":[{"embeddable":true,"href":"https:\/\/franciscanos.org.br\/noticias\/wp-json\/wp\/v2\/media\/197808"}],"wp:attachment":[{"href":"https:\/\/franciscanos.org.br\/noticias\/wp-json\/wp\/v2\/media?parent=132044"}],"wp:term":[{"taxonomy":"category","embeddable":true,"href":"https:\/\/franciscanos.org.br\/noticias\/wp-json\/wp\/v2\/categories?post=132044"},{"taxonomy":"post_tag","embeddable":true,"href":"https:\/\/franciscanos.org.br\/noticias\/wp-json\/wp\/v2\/tags?post=132044"}],"curies":[{"name":"wp","href":"https:\/\/api.w.org\/{rel}","templated":true}]}}