{"id":131962,"date":"2017-04-24T00:14:20","date_gmt":"2017-04-24T03:14:20","guid":{"rendered":"http:\/\/franciscanos.org.br\/?p=131962"},"modified":"2019-01-24T14:10:19","modified_gmt":"2019-01-24T16:10:19","slug":"mulheres-colorem-e-encantam-as-ruas-de-vila-velha","status":"publish","type":"post","link":"https:\/\/franciscanos.org.br\/noticias\/mulheres-colorem-e-encantam-as-ruas-de-vila-velha.html","title":{"rendered":"Mulheres colorem e encantam as ruas de Vila Velha"},"content":{"rendered":"<p><strong><img loading=\"lazy\" class=\"alignleft size-full wp-image-196883\" src=\"https:\/\/franciscanos.org.br\/noticias\/wp-content\/uploads\/2017\/04\/penhaG2_230417.jpg\" alt=\"\" width=\"830\" height=\"430\" srcset=\"https:\/\/franciscanos.org.br\/noticias\/wp-content\/uploads\/2017\/04\/penhaG2_230417.jpg 830w, https:\/\/franciscanos.org.br\/noticias\/wp-content\/uploads\/2017\/04\/penhaG2_230417-450x233.jpg 450w, https:\/\/franciscanos.org.br\/noticias\/wp-content\/uploads\/2017\/04\/penhaG2_230417-768x398.jpg 768w, https:\/\/franciscanos.org.br\/noticias\/wp-content\/uploads\/2017\/04\/penhaG2_230417-150x78.jpg 150w\" sizes=\"(max-width: 830px) 100vw, 830px\" \/>\u00c9rika Augusto\u00a0<\/strong><br \/>\n<strong>Vila Velha (ES)<\/strong> &#8211; \u201cA mais bonita das Romarias!\u201d Quem afirmou isso foi o Reitor e Guardi\u00e3o do Convento da Penha, Frei Paulo Pereira. E ele tem raz\u00e3o. Neste domingo, 23, aconteceu a Romaria das Mulheres. Sempre muito colorida, com flores e bal\u00f5es, a Romaria deste domingo ganhou mais cor ainda: as sombrinhas. H\u00e1 muitos anos, o sol reinava absoluto junto \u00e0s mulheres, mas neste ano elas ganharam uma nova companhia, a chuva. Que veio fraca em boa parte do trajeto, mas muitas romeiras caminharam protegidas com as sombrinhas, um espet\u00e1culo de cores pelas ruas de Vila Velha.<\/p>\n<p>O caminho n\u00e3o \u00e9 t\u00e3o longo como o da Romaria dos Homens, mas n\u00e3o deixa de ser menos emocionante. A presen\u00e7a \u00e9 quase que em sua maioria de mulheres. Alguns homens acompanhavam as esposas, m\u00e3es e filhas, mas eram poucos. \u201cO dia \u00e9 todo de voc\u00eas\u201d, disse Frei Djalmo Fuck, P\u00e1roco do Santu\u00e1rio Divino Esp\u00edrito Santo. As romeiras responderam com muitos gritos e festa.<br \/>\nEm todo o trajeto, Frei Djalmo, Frei Nazareno L\u00fcdke e Frei Leandro Costa, acompanhados de uma banda da Par\u00f3quia, foram animando a romaria, com ora\u00e7\u00f5es, preces e cantos. A imagem de Nossa Senhora da Penha, toda enfeitada com flores, seguia na frente, guiando as mulheres em dire\u00e7\u00e3o ao Parque da Prainha.<\/p>\n<p>A romaria, que saiu pontualmente \u00e0s 16h do Santu\u00e1rio, chegou \u00e0s 17h10 na Prainha, sendo recebida com grande festa pelas mulheres que tomaram todo o espa\u00e7o do gramado e da rua. A imagem entrou em prociss\u00e3o, sendo carregada por mulheres vestidas com camiseta rosa. Emocionada, Penha Maria, da Par\u00f3quia do Ros\u00e1rio, foi uma delas. imagem. Foi a primeira vez em que ela levou a imagem e afirmou ser uma grande b\u00ean\u00e7\u00e3o poder levar o andor da Virgem.<\/p>\n<p>Ap\u00f3s a entrada da imagem, teve in\u00edcio a Celebra\u00e7\u00e3o Eucar\u00edstica, presidida por Dom Rubens Sevilha, Bispo Auxiliar da Arquidiocese de Vit\u00f3ria.<\/p>\n<p>Ele come\u00e7ou sua homilia dando um recado de Deus para as mulheres, afirmando que elas s\u00e3o lindas. \u201cVoc\u00ea \u00e9 muito bonita e amada por Deus. Quer mulher mais bonita que Maria? E todas as mulheres s\u00e3o filhas desta M\u00e3e, portanto \u00e9 a beleza dela que est\u00e1 em voc\u00ea\u201d, disse Dom Sevilha.<\/p>\n<p>Em seguida, ele recordou que neste domingo a Igreja celebra o domingo da Miseric\u00f3rdia, e pediu para que as mulheres n\u00e3o se culpassem em demasia, sobretudo por causa dos erros dos filhos. \u201c\u00c0s vezes as m\u00e3es ficam se culpando demais por causa dos erros dos filhos. N\u00e3o se culpe por causa disso. Voc\u00ea educou, ensinou, mas depois o filho adulto vai seguir o caminho dele. N\u00e3o vou dizer para n\u00e3o sofrer, porque m\u00e3e sofre. Mas n\u00e3o se culpe\u201d, advertiu.<\/p>\n<p>Ele falou ainda sobre o machismo, pedindo que as m\u00e3es de filhos homens ensinem os filhos a respeitar e valorizar a mulher.<\/p>\n<p><img loading=\"lazy\" src=\"http:\/\/franciscanos.org.br\/wp-content\/uploads\/2017\/04\/penhaM3_230417.jpg\" alt=\"penhaM3_230417\" width=\"830\" height=\"440\" \/><\/p>\n<p><strong>IMPORT\u00c2NCIA DA MULHER NA B\u00cdBLIA<\/strong><\/p>\n<p>Dom Sevilha recordou as grandes mulheres do Antigo Testamento, destacando o chamado e o sim de Maria no Novo Testamento, e a import\u00e2ncia de Nossa Senhora para o Projeto do Reino. Ele falou ainda de uma tradi\u00e7\u00e3o, que n\u00e3o est\u00e1 escrita na B\u00edblia, mas que indicaria que a primeira apari\u00e7\u00e3o de Jesus Ressuscitado tenha sido para Maria. \u201cO que est\u00e1 escrito no Evangelho \u00e9 uma outra mulher, Maria Madalena, da qual Jesus havia expulsado 7 dem\u00f4nios\u201d, destacou.<\/p>\n<p>O bispo encerrou sua homilia com uma mensagem de encorajamento \u00e0s mulheres. \u201cN\u00e3o deixe a ang\u00fastia, a tristeza, tomar conta do seu cora\u00e7\u00e3o. Mas que a gra\u00e7a de Deus te fa\u00e7a enfrentar as tristezas, as dificuldades, mas com Deus e com esta M\u00e3e, que n\u00f3s temos, n\u00f3s sempre vamos vencer\u201d, afirmou. E assinalou que o bem sempre vencer\u00e1 o mal.<\/p>\n<p><strong>DIA DE MUITAS HOMENAGENS<\/strong><\/p>\n<p>A Celebra\u00e7\u00e3o Eucar\u00edstica foi marcada por bel\u00edssimas prociss\u00f5es. Na Liturgia da Palavra, as jovens do Santu\u00e1rio fizeram uma prociss\u00e3o, com a Palavra de Deus, o globo terrestre e panos coloridos. No momento de a\u00e7\u00e3o de gra\u00e7as, Nossa Senhora foi homenageada em seus muitos t\u00edtulos. Enquanto as jovens entravam com panos com as estampas de Nossa Senhora, a banda cantava Todas as Nossas Senhoras, de Roberto Carlos.<\/p>\n<p>Antes do encerramento, Frei Paulo Pereira pediu que os frades ficassem junto \u00e0 imagem de Nossa Senhora da Penha e recordou toda a miss\u00e3o da Ordem dos Frades Menores no Convento da Penha.<\/p>\n<p>Ao final, Dom Sevilha pediu um momento de sil\u00eancio e preces por todas as m\u00e3es que perderam seus filhos, recordando que Nossa Senhora tamb\u00e9m havia passado por esta terr\u00edvel dor.<\/p>\n<p><strong>MOMENTO DEVOCIONAL<\/strong><\/p>\n<p>Antes da chegada da imagem de Nossa Senhora da Penha, aconteceu o \u00faltimo momento devocional da Festa da Penha deste ano. Frei Valdecir Schwambach conduziu a reflex\u00e3o do dia.<\/p>\n<p>Ele falou sobre a import\u00e2ncia da uni\u00e3o. \u201cSe o nosso cora\u00e7\u00e3o est\u00e1 dividido, nos sentimos enfraquecidos, d\u00e9beis. Estamos pedindo a gra\u00e7a de permanecermos juntos, porque juntos somos mais\u201d, pediu. O frade afirmou que os crist\u00e3os devem fazer a diferen\u00e7a no mundo, contribuindo uns com os outros, m\u00e3es e filhos, filhos e pais. \u201cToda divis\u00e3o nos traz tristeza, nos deixa menores e mais fracos\u201d, acrescentou.<\/p>\n<p>O frade encerrou a reflex\u00e3o convidando os presentes a estenderem as m\u00e3os em dire\u00e7\u00e3o ao Convento da Penha, enquanto era entoada a loa em honra a Nossa Senhora.<\/p>\n<p><strong>CORAL DA ARCELOR MITTAL<\/strong><\/p>\n<p>Ao final da celebra\u00e7\u00e3o, Frei Paulo Pereira convidou as mulheres a permanecerem na Prainha, para uma atra\u00e7\u00e3o preparada especialmente para elas.<br \/>\nTratava-se da apresenta\u00e7\u00e3o do Coral ArcelorMittal. O grupo apresentou um repert\u00f3rio com m\u00fasicas sacras e encantou os presentes. A imagem de Nossa Senhora da Penha foi levada solenemente em prociss\u00e3o ao som do coral.<\/p>\n<p><strong>PR\u00d3XIMAS ATIVIDADES:<\/strong><\/p>\n<p>Nesta segunda-feira, 24, dia de Nossa Senhora da Penha, acontece o encerramento da Festa. \u00c0s 7h os grupos de Congo se encontram na Prainha para a 1\u00aa Romaria dos Conguistas. No mesmo hor\u00e1rio, a Confer\u00eancia dos Religiosos do Brasil e o Semin\u00e1rio Arquidiocesano celebram a Eucaristia no Campinho. A Romaria dos Ciclistas sair\u00e1 de Cobil\u00e2ndia \u00e0s 8h, e se dirigem para a Prainha, onde acontece a b\u00ean\u00e7\u00e3o aos ciclistas.<\/p>\n<p>\u00c0s 9h haver\u00e1 uma apresenta\u00e7\u00e3o das bandas de Congo e \u00e0s 10h acontece a Missa das Pastorais Sociais. A missa de encerramento ser\u00e1 no Parque da Prainha, \u00e0s 16h.<\/p>\n","protected":false},"excerpt":{"rendered":"<p>Festa da Penha 2017<\/p>\n","protected":false},"author":1,"featured_media":196884,"comment_status":"open","ping_status":"open","sticky":false,"template":"","format":"standard","meta":[],"categories":[1],"tags":[245],"acf":[],"yoast_head":"<!-- This site is optimized with the Yoast SEO plugin v19.2 - https:\/\/yoast.com\/wordpress\/plugins\/seo\/ -->\n<title>Mulheres colorem e encantam as ruas de Vila Velha - Not\u00edcias - Franciscanos<\/title>\n<meta name=\"robots\" content=\"index, follow, max-snippet:-1, max-image-preview:large, max-video-preview:-1\" \/>\n<link rel=\"canonical\" href=\"https:\/\/franciscanos.org.br\/noticias\/mulheres-colorem-e-encantam-as-ruas-de-vila-velha.html\" \/>\n<meta property=\"og:locale\" content=\"pt_BR\" \/>\n<meta property=\"og:type\" content=\"article\" \/>\n<meta property=\"og:title\" content=\"Mulheres colorem e encantam as ruas de Vila Velha - Not\u00edcias - Franciscanos\" \/>\n<meta property=\"og:description\" content=\"Festa da Penha 2017\" \/>\n<meta property=\"og:url\" content=\"https:\/\/franciscanos.org.br\/noticias\/mulheres-colorem-e-encantam-as-ruas-de-vila-velha.html\" \/>\n<meta property=\"og:site_name\" content=\"Not\u00edcias - Franciscanos\" \/>\n<meta property=\"article:published_time\" content=\"2017-04-24T03:14:20+00:00\" \/>\n<meta property=\"article:modified_time\" content=\"2019-01-24T16:10:19+00:00\" \/>\n<meta property=\"og:image\" content=\"https:\/\/franciscanos.org.br\/noticias\/wp-content\/uploads\/2017\/04\/penha_230417p.jpg\" \/>\n\t<meta property=\"og:image:width\" content=\"273\" \/>\n\t<meta property=\"og:image:height\" content=\"181\" \/>\n\t<meta property=\"og:image:type\" content=\"image\/jpeg\" \/>\n<meta name=\"author\" content=\"admin\" \/>\n<meta name=\"twitter:card\" content=\"summary_large_image\" \/>\n<meta name=\"twitter:label1\" content=\"Escrito por\" \/>\n\t<meta name=\"twitter:data1\" content=\"admin\" \/>\n\t<meta name=\"twitter:label2\" content=\"Est. tempo de leitura\" \/>\n\t<meta name=\"twitter:data2\" content=\"6 minutos\" \/>\n<script type=\"application\/ld+json\" class=\"yoast-schema-graph\">{\"@context\":\"https:\/\/schema.org\",\"@graph\":[{\"@type\":\"WebSite\",\"@id\":\"https:\/\/franciscanos.org.br\/noticias\/#website\",\"url\":\"https:\/\/franciscanos.org.br\/noticias\/\",\"name\":\"Not\u00edcias - Franciscanos\",\"description\":\"Prov\u00edncia Franciscana da Imaculada Concei\u00e7\u00e3o do Brasil - Ordem dos Frades Menores - OFM\",\"potentialAction\":[{\"@type\":\"SearchAction\",\"target\":{\"@type\":\"EntryPoint\",\"urlTemplate\":\"https:\/\/franciscanos.org.br\/noticias\/?s={search_term_string}\"},\"query-input\":\"required name=search_term_string\"}],\"inLanguage\":\"pt-BR\"},{\"@type\":\"ImageObject\",\"inLanguage\":\"pt-BR\",\"@id\":\"https:\/\/franciscanos.org.br\/noticias\/mulheres-colorem-e-encantam-as-ruas-de-vila-velha.html#primaryimage\",\"url\":\"https:\/\/franciscanos.org.br\/noticias\/wp-content\/uploads\/2017\/04\/penha_230417p.jpg\",\"contentUrl\":\"https:\/\/franciscanos.org.br\/noticias\/wp-content\/uploads\/2017\/04\/penha_230417p.jpg\",\"width\":273,\"height\":181},{\"@type\":\"WebPage\",\"@id\":\"https:\/\/franciscanos.org.br\/noticias\/mulheres-colorem-e-encantam-as-ruas-de-vila-velha.html#webpage\",\"url\":\"https:\/\/franciscanos.org.br\/noticias\/mulheres-colorem-e-encantam-as-ruas-de-vila-velha.html\",\"name\":\"Mulheres colorem e encantam as ruas de Vila Velha - Not\u00edcias - Franciscanos\",\"isPartOf\":{\"@id\":\"https:\/\/franciscanos.org.br\/noticias\/#website\"},\"primaryImageOfPage\":{\"@id\":\"https:\/\/franciscanos.org.br\/noticias\/mulheres-colorem-e-encantam-as-ruas-de-vila-velha.html#primaryimage\"},\"datePublished\":\"2017-04-24T03:14:20+00:00\",\"dateModified\":\"2019-01-24T16:10:19+00:00\",\"author\":{\"@id\":\"https:\/\/franciscanos.org.br\/noticias\/#\/schema\/person\/b38fbf43118f02820bd932f2e4b14ad3\"},\"breadcrumb\":{\"@id\":\"https:\/\/franciscanos.org.br\/noticias\/mulheres-colorem-e-encantam-as-ruas-de-vila-velha.html#breadcrumb\"},\"inLanguage\":\"pt-BR\",\"potentialAction\":[{\"@type\":\"ReadAction\",\"target\":[\"https:\/\/franciscanos.org.br\/noticias\/mulheres-colorem-e-encantam-as-ruas-de-vila-velha.html\"]}]},{\"@type\":\"BreadcrumbList\",\"@id\":\"https:\/\/franciscanos.org.br\/noticias\/mulheres-colorem-e-encantam-as-ruas-de-vila-velha.html#breadcrumb\",\"itemListElement\":[{\"@type\":\"ListItem\",\"position\":1,\"name\":\"Home\",\"item\":\"https:\/\/franciscanos.org.br\/noticias\"},{\"@type\":\"ListItem\",\"position\":2,\"name\":\"Mulheres colorem e encantam as ruas de Vila Velha\"}]},{\"@type\":\"Person\",\"@id\":\"https:\/\/franciscanos.org.br\/noticias\/#\/schema\/person\/b38fbf43118f02820bd932f2e4b14ad3\",\"name\":\"admin\",\"image\":{\"@type\":\"ImageObject\",\"inLanguage\":\"pt-BR\",\"@id\":\"https:\/\/franciscanos.org.br\/noticias\/#\/schema\/person\/image\/\",\"url\":\"https:\/\/secure.gravatar.com\/avatar\/e8495742d34d0ba6448ea1c628263b3e?s=96&d=mm&r=g\",\"contentUrl\":\"https:\/\/secure.gravatar.com\/avatar\/e8495742d34d0ba6448ea1c628263b3e?s=96&d=mm&r=g\",\"caption\":\"admin\"},\"url\":\"https:\/\/franciscanos.org.br\/noticias\/author\/admin\"}]}<\/script>\n<!-- \/ Yoast SEO plugin. -->","yoast_head_json":{"title":"Mulheres colorem e encantam as ruas de Vila Velha - Not\u00edcias - Franciscanos","robots":{"index":"index","follow":"follow","max-snippet":"max-snippet:-1","max-image-preview":"max-image-preview:large","max-video-preview":"max-video-preview:-1"},"canonical":"https:\/\/franciscanos.org.br\/noticias\/mulheres-colorem-e-encantam-as-ruas-de-vila-velha.html","og_locale":"pt_BR","og_type":"article","og_title":"Mulheres colorem e encantam as ruas de Vila Velha - Not\u00edcias - Franciscanos","og_description":"Festa da Penha 2017","og_url":"https:\/\/franciscanos.org.br\/noticias\/mulheres-colorem-e-encantam-as-ruas-de-vila-velha.html","og_site_name":"Not\u00edcias - Franciscanos","article_published_time":"2017-04-24T03:14:20+00:00","article_modified_time":"2019-01-24T16:10:19+00:00","og_image":[{"width":273,"height":181,"url":"https:\/\/franciscanos.org.br\/noticias\/wp-content\/uploads\/2017\/04\/penha_230417p.jpg","type":"image\/jpeg"}],"author":"admin","twitter_card":"summary_large_image","twitter_misc":{"Escrito por":"admin","Est. tempo de leitura":"6 minutos"},"schema":{"@context":"https:\/\/schema.org","@graph":[{"@type":"WebSite","@id":"https:\/\/franciscanos.org.br\/noticias\/#website","url":"https:\/\/franciscanos.org.br\/noticias\/","name":"Not\u00edcias - Franciscanos","description":"Prov\u00edncia Franciscana da Imaculada Concei\u00e7\u00e3o do Brasil - Ordem dos Frades Menores - OFM","potentialAction":[{"@type":"SearchAction","target":{"@type":"EntryPoint","urlTemplate":"https:\/\/franciscanos.org.br\/noticias\/?s={search_term_string}"},"query-input":"required name=search_term_string"}],"inLanguage":"pt-BR"},{"@type":"ImageObject","inLanguage":"pt-BR","@id":"https:\/\/franciscanos.org.br\/noticias\/mulheres-colorem-e-encantam-as-ruas-de-vila-velha.html#primaryimage","url":"https:\/\/franciscanos.org.br\/noticias\/wp-content\/uploads\/2017\/04\/penha_230417p.jpg","contentUrl":"https:\/\/franciscanos.org.br\/noticias\/wp-content\/uploads\/2017\/04\/penha_230417p.jpg","width":273,"height":181},{"@type":"WebPage","@id":"https:\/\/franciscanos.org.br\/noticias\/mulheres-colorem-e-encantam-as-ruas-de-vila-velha.html#webpage","url":"https:\/\/franciscanos.org.br\/noticias\/mulheres-colorem-e-encantam-as-ruas-de-vila-velha.html","name":"Mulheres colorem e encantam as ruas de Vila Velha - Not\u00edcias - Franciscanos","isPartOf":{"@id":"https:\/\/franciscanos.org.br\/noticias\/#website"},"primaryImageOfPage":{"@id":"https:\/\/franciscanos.org.br\/noticias\/mulheres-colorem-e-encantam-as-ruas-de-vila-velha.html#primaryimage"},"datePublished":"2017-04-24T03:14:20+00:00","dateModified":"2019-01-24T16:10:19+00:00","author":{"@id":"https:\/\/franciscanos.org.br\/noticias\/#\/schema\/person\/b38fbf43118f02820bd932f2e4b14ad3"},"breadcrumb":{"@id":"https:\/\/franciscanos.org.br\/noticias\/mulheres-colorem-e-encantam-as-ruas-de-vila-velha.html#breadcrumb"},"inLanguage":"pt-BR","potentialAction":[{"@type":"ReadAction","target":["https:\/\/franciscanos.org.br\/noticias\/mulheres-colorem-e-encantam-as-ruas-de-vila-velha.html"]}]},{"@type":"BreadcrumbList","@id":"https:\/\/franciscanos.org.br\/noticias\/mulheres-colorem-e-encantam-as-ruas-de-vila-velha.html#breadcrumb","itemListElement":[{"@type":"ListItem","position":1,"name":"Home","item":"https:\/\/franciscanos.org.br\/noticias"},{"@type":"ListItem","position":2,"name":"Mulheres colorem e encantam as ruas de Vila Velha"}]},{"@type":"Person","@id":"https:\/\/franciscanos.org.br\/noticias\/#\/schema\/person\/b38fbf43118f02820bd932f2e4b14ad3","name":"admin","image":{"@type":"ImageObject","inLanguage":"pt-BR","@id":"https:\/\/franciscanos.org.br\/noticias\/#\/schema\/person\/image\/","url":"https:\/\/secure.gravatar.com\/avatar\/e8495742d34d0ba6448ea1c628263b3e?s=96&d=mm&r=g","contentUrl":"https:\/\/secure.gravatar.com\/avatar\/e8495742d34d0ba6448ea1c628263b3e?s=96&d=mm&r=g","caption":"admin"},"url":"https:\/\/franciscanos.org.br\/noticias\/author\/admin"}]}},"_links":{"self":[{"href":"https:\/\/franciscanos.org.br\/noticias\/wp-json\/wp\/v2\/posts\/131962"}],"collection":[{"href":"https:\/\/franciscanos.org.br\/noticias\/wp-json\/wp\/v2\/posts"}],"about":[{"href":"https:\/\/franciscanos.org.br\/noticias\/wp-json\/wp\/v2\/types\/post"}],"author":[{"embeddable":true,"href":"https:\/\/franciscanos.org.br\/noticias\/wp-json\/wp\/v2\/users\/1"}],"replies":[{"embeddable":true,"href":"https:\/\/franciscanos.org.br\/noticias\/wp-json\/wp\/v2\/comments?post=131962"}],"version-history":[{"count":0,"href":"https:\/\/franciscanos.org.br\/noticias\/wp-json\/wp\/v2\/posts\/131962\/revisions"}],"wp:featuredmedia":[{"embeddable":true,"href":"https:\/\/franciscanos.org.br\/noticias\/wp-json\/wp\/v2\/media\/196884"}],"wp:attachment":[{"href":"https:\/\/franciscanos.org.br\/noticias\/wp-json\/wp\/v2\/media?parent=131962"}],"wp:term":[{"taxonomy":"category","embeddable":true,"href":"https:\/\/franciscanos.org.br\/noticias\/wp-json\/wp\/v2\/categories?post=131962"},{"taxonomy":"post_tag","embeddable":true,"href":"https:\/\/franciscanos.org.br\/noticias\/wp-json\/wp\/v2\/tags?post=131962"}],"curies":[{"name":"wp","href":"https:\/\/api.w.org\/{rel}","templated":true}]}}