{"id":131933,"date":"2017-04-23T22:28:16","date_gmt":"2017-04-24T01:28:16","guid":{"rendered":"http:\/\/franciscanos.org.br\/?p=131933"},"modified":"2019-01-24T14:04:25","modified_gmt":"2019-01-24T16:04:25","slug":"dom-wladimir-nao-queremos-nos-mudar-do-brasil-queremos-mudar-o-brasil","status":"publish","type":"post","link":"https:\/\/franciscanos.org.br\/noticias\/dom-wladimir-nao-queremos-nos-mudar-do-brasil-queremos-mudar-o-brasil.html","title":{"rendered":"Dom Wladimir: &#8220;N\u00e3o queremos nos mudar do Brasil. Queremos mudar o Brasil&#8221;"},"content":{"rendered":"<p><strong><img loading=\"lazy\" class=\"alignleft size-full wp-image-196877\" src=\"https:\/\/franciscanos.org.br\/noticias\/wp-content\/uploads\/2017\/04\/penhaG_2304171.jpg\" alt=\"\" width=\"830\" height=\"431\" srcset=\"https:\/\/franciscanos.org.br\/noticias\/wp-content\/uploads\/2017\/04\/penhaG_2304171.jpg 830w, https:\/\/franciscanos.org.br\/noticias\/wp-content\/uploads\/2017\/04\/penhaG_2304171-450x234.jpg 450w, https:\/\/franciscanos.org.br\/noticias\/wp-content\/uploads\/2017\/04\/penhaG_2304171-768x399.jpg 768w, https:\/\/franciscanos.org.br\/noticias\/wp-content\/uploads\/2017\/04\/penhaG_2304171-150x78.jpg 150w\" sizes=\"(max-width: 830px) 100vw, 830px\" \/>Frei Gustavo Medella<\/strong><\/p>\n<p><strong>Vila Velha (ES) &#8211;<\/strong> Manh\u00e3 cinzenta do 2\u00ba Domingo da P\u00e1scoa. Temperatura na casa dos 24\u00baC. Estas eram as condi\u00e7\u00f5es clim\u00e1ticas no momento em que a Diocese de Colatina subiu ao Convento da Penha para sua Romaria. Fi\u00e9is das 31 par\u00f3quias, padres, di\u00e1conos e seminaristas celebraram a Eucaristia, com a presid\u00eancia do Bispo Diocesano, Dom Joaquim Wladimir Lopes Dias.<\/p>\n<p>Na homilia, Dom Wladimir, em tom prof\u00e9tico, apresentou as formas pelas quais a ressurrei\u00e7\u00e3o de Cristo se atualiza nos dias atuais: &#8220;A clareza da ressurrei\u00e7\u00e3o \u00e9 percebida na viv\u00eancia do amor e da solidariedade com nossos irm\u00e3os e irm\u00e3s. N\u00f3s percebemos a ressurrei\u00e7\u00e3o de Jesus hoje quando nos empenhamos para assegurar nossos direitos e quando nos encorajamos e temos a firmeza de dizer &#8220;n\u00e3o&#8221; \u00e0s reformas que assaltam os direitos dos empobrecidos e eliminam vidas. Percebemos a ressurrei\u00e7\u00e3o quando nos deixamos impulsionar pelo Esp\u00edrito do Criador e lutamos contra o descaso pelo nosso querido Rio Doce e contra o descuido pelos biomas brasileiros e pela preserva\u00e7\u00e3o da vida, zelando pela casa comum que \u00e9 de todos n\u00f3s&#8221;.<\/p>\n<p>O bispo enfatizou ainda a import\u00e2ncia de que os crist\u00e3os se mobilizem e trabalhem ativamente pelas mudan\u00e7as necess\u00e1rias: &#8220;Enfim, n\u00e3o podemos ficar somente no encantamento das celebra\u00e7\u00f5es. Precisamos voltar ao nosso cotidiano, pois \u00e9 em nosso dia a dia que iremos testemunhar a ressurrei\u00e7\u00e3o de Jesus, assumindo o compromisso de retirar da cruz muitos irm\u00e3os crucificados pela falta de trabalho, de seguran\u00e7a, de sa\u00fade, enfim, pela falta de justi\u00e7a e honestidade p\u00fablica&#8221;. E tamb\u00e9m denunciou a &#8220;lama&#8221; da corrup\u00e7\u00e3o, exigindo a puni\u00e7\u00e3o aos corruptos e a devolu\u00e7\u00e3o do dinheiro subtra\u00eddo: &#8220;Como j\u00e1 dissemos muitas vezes, desde quando a lama da corrup\u00e7\u00e3o veio \u00e0 tona: \u00e9 preciso passar o Brasil a limpo, custe o que custar. \u00c9 preciso devolver o dinheiro que foi desviado, com juros e corre\u00e7\u00e3o. Os corruptos est\u00e3o numa zona de conforto muito grande, est\u00e3o muito seguros, muito imunes. Vamos ficar atentos! Ainda esta semana ouvi mais uma reportagem dizendo de pessoas que queriam se mudar do Brasil. N\u00f3s n\u00e3o queremos nos mudar do Brasil. N\u00f3s queremos mudar o Brasil&#8221;.<\/p>\n<p>Para concluir, Dom Wladimir chamou o povo \u00e0 esperan\u00e7a: &#8220;Queremos viver e morrer no Brasil, num pa\u00eds justo e honesto. Crist\u00e3o, cat\u00f3lico, sob o manto de Nossa Senhora, com muitos t\u00edtulos: Aparecida, Sa\u00fade, das Vit\u00f3rias, e hoje das Alegrias, Esperan\u00e7a nossa&#8221;.<br \/>\nComo express\u00e3o de louvor \u00e0 M\u00e3e de Deus, em nome de todos os fi\u00e9is da Diocese, a paroquiana Rosinha, do Bairro Vila Lenira, prestou sua homenagem a Nossa Senhora atrav\u00e9s do toque do berrante. Em comunh\u00e3o com a Igreja do Brasil, que celebra o Ano Mariano, a Diocese recebe, a partir do in\u00edcio de mar\u00e7o, a visita da imagem peregrina de Nossa Senhora Aparecida.<\/p>\n<p><strong>HOMENAGEM DA FOLIA DE REIS<\/strong><\/p>\n<p>Tamb\u00e9m na parte da manh\u00e3, ao Campinho do Convento chegou o grupo da Folia de Reis Menino Jesus, de Brazl\u00e2ndia (DF). Por cerca de uma hora o grupo promoveu uma cantoria em homenagem a Nossa Senhora da Penha, acompanhado pelos frades do Convento.<\/p>\n","protected":false},"excerpt":{"rendered":"<p>Festa da Penha<\/p>\n","protected":false},"author":1,"featured_media":196879,"comment_status":"open","ping_status":"open","sticky":false,"template":"","format":"standard","meta":[],"categories":[1],"tags":[245],"acf":[],"yoast_head":"<!-- This site is optimized with the Yoast SEO plugin v19.2 - https:\/\/yoast.com\/wordpress\/plugins\/seo\/ -->\n<title>Dom Wladimir: &quot;N\u00e3o queremos nos mudar do Brasil. Queremos mudar o Brasil&quot; - Not\u00edcias - Franciscanos<\/title>\n<meta name=\"robots\" content=\"index, follow, max-snippet:-1, max-image-preview:large, max-video-preview:-1\" \/>\n<link rel=\"canonical\" href=\"https:\/\/franciscanos.org.br\/noticias\/dom-wladimir-nao-queremos-nos-mudar-do-brasil-queremos-mudar-o-brasil.html\" \/>\n<meta property=\"og:locale\" content=\"pt_BR\" \/>\n<meta property=\"og:type\" content=\"article\" \/>\n<meta property=\"og:title\" content=\"Dom Wladimir: &quot;N\u00e3o queremos nos mudar do Brasil. Queremos mudar o Brasil&quot; - Not\u00edcias - Franciscanos\" \/>\n<meta property=\"og:description\" content=\"Festa da Penha\" \/>\n<meta property=\"og:url\" content=\"https:\/\/franciscanos.org.br\/noticias\/dom-wladimir-nao-queremos-nos-mudar-do-brasil-queremos-mudar-o-brasil.html\" \/>\n<meta property=\"og:site_name\" content=\"Not\u00edcias - Franciscanos\" \/>\n<meta property=\"article:published_time\" content=\"2017-04-24T01:28:16+00:00\" \/>\n<meta property=\"article:modified_time\" content=\"2019-01-24T16:04:25+00:00\" \/>\n<meta property=\"og:image\" content=\"https:\/\/franciscanos.org.br\/noticias\/wp-content\/uploads\/2017\/04\/penha1_230417p.jpg\" \/>\n\t<meta property=\"og:image:width\" content=\"273\" \/>\n\t<meta property=\"og:image:height\" content=\"181\" \/>\n\t<meta property=\"og:image:type\" content=\"image\/jpeg\" \/>\n<meta name=\"author\" content=\"admin\" \/>\n<meta name=\"twitter:card\" content=\"summary_large_image\" \/>\n<meta name=\"twitter:label1\" content=\"Escrito por\" \/>\n\t<meta name=\"twitter:data1\" content=\"admin\" \/>\n\t<meta name=\"twitter:label2\" content=\"Est. tempo de leitura\" \/>\n\t<meta name=\"twitter:data2\" content=\"3 minutos\" \/>\n<script type=\"application\/ld+json\" class=\"yoast-schema-graph\">{\"@context\":\"https:\/\/schema.org\",\"@graph\":[{\"@type\":\"WebSite\",\"@id\":\"https:\/\/franciscanos.org.br\/noticias\/#website\",\"url\":\"https:\/\/franciscanos.org.br\/noticias\/\",\"name\":\"Not\u00edcias - Franciscanos\",\"description\":\"Prov\u00edncia Franciscana da Imaculada Concei\u00e7\u00e3o do Brasil - Ordem dos Frades Menores - OFM\",\"potentialAction\":[{\"@type\":\"SearchAction\",\"target\":{\"@type\":\"EntryPoint\",\"urlTemplate\":\"https:\/\/franciscanos.org.br\/noticias\/?s={search_term_string}\"},\"query-input\":\"required name=search_term_string\"}],\"inLanguage\":\"pt-BR\"},{\"@type\":\"ImageObject\",\"inLanguage\":\"pt-BR\",\"@id\":\"https:\/\/franciscanos.org.br\/noticias\/dom-wladimir-nao-queremos-nos-mudar-do-brasil-queremos-mudar-o-brasil.html#primaryimage\",\"url\":\"https:\/\/franciscanos.org.br\/noticias\/wp-content\/uploads\/2017\/04\/penha1_230417p.jpg\",\"contentUrl\":\"https:\/\/franciscanos.org.br\/noticias\/wp-content\/uploads\/2017\/04\/penha1_230417p.jpg\",\"width\":273,\"height\":181},{\"@type\":\"WebPage\",\"@id\":\"https:\/\/franciscanos.org.br\/noticias\/dom-wladimir-nao-queremos-nos-mudar-do-brasil-queremos-mudar-o-brasil.html#webpage\",\"url\":\"https:\/\/franciscanos.org.br\/noticias\/dom-wladimir-nao-queremos-nos-mudar-do-brasil-queremos-mudar-o-brasil.html\",\"name\":\"Dom Wladimir: \\\"N\u00e3o queremos nos mudar do Brasil. Queremos mudar o Brasil\\\" - Not\u00edcias - Franciscanos\",\"isPartOf\":{\"@id\":\"https:\/\/franciscanos.org.br\/noticias\/#website\"},\"primaryImageOfPage\":{\"@id\":\"https:\/\/franciscanos.org.br\/noticias\/dom-wladimir-nao-queremos-nos-mudar-do-brasil-queremos-mudar-o-brasil.html#primaryimage\"},\"datePublished\":\"2017-04-24T01:28:16+00:00\",\"dateModified\":\"2019-01-24T16:04:25+00:00\",\"author\":{\"@id\":\"https:\/\/franciscanos.org.br\/noticias\/#\/schema\/person\/b38fbf43118f02820bd932f2e4b14ad3\"},\"breadcrumb\":{\"@id\":\"https:\/\/franciscanos.org.br\/noticias\/dom-wladimir-nao-queremos-nos-mudar-do-brasil-queremos-mudar-o-brasil.html#breadcrumb\"},\"inLanguage\":\"pt-BR\",\"potentialAction\":[{\"@type\":\"ReadAction\",\"target\":[\"https:\/\/franciscanos.org.br\/noticias\/dom-wladimir-nao-queremos-nos-mudar-do-brasil-queremos-mudar-o-brasil.html\"]}]},{\"@type\":\"BreadcrumbList\",\"@id\":\"https:\/\/franciscanos.org.br\/noticias\/dom-wladimir-nao-queremos-nos-mudar-do-brasil-queremos-mudar-o-brasil.html#breadcrumb\",\"itemListElement\":[{\"@type\":\"ListItem\",\"position\":1,\"name\":\"Home\",\"item\":\"https:\/\/franciscanos.org.br\/noticias\"},{\"@type\":\"ListItem\",\"position\":2,\"name\":\"Dom Wladimir: &#8220;N\u00e3o queremos nos mudar do Brasil. Queremos mudar o Brasil&#8221;\"}]},{\"@type\":\"Person\",\"@id\":\"https:\/\/franciscanos.org.br\/noticias\/#\/schema\/person\/b38fbf43118f02820bd932f2e4b14ad3\",\"name\":\"admin\",\"image\":{\"@type\":\"ImageObject\",\"inLanguage\":\"pt-BR\",\"@id\":\"https:\/\/franciscanos.org.br\/noticias\/#\/schema\/person\/image\/\",\"url\":\"https:\/\/secure.gravatar.com\/avatar\/e8495742d34d0ba6448ea1c628263b3e?s=96&d=mm&r=g\",\"contentUrl\":\"https:\/\/secure.gravatar.com\/avatar\/e8495742d34d0ba6448ea1c628263b3e?s=96&d=mm&r=g\",\"caption\":\"admin\"},\"url\":\"https:\/\/franciscanos.org.br\/noticias\/author\/admin\"}]}<\/script>\n<!-- \/ Yoast SEO plugin. -->","yoast_head_json":{"title":"Dom Wladimir: \"N\u00e3o queremos nos mudar do Brasil. Queremos mudar o Brasil\" - Not\u00edcias - Franciscanos","robots":{"index":"index","follow":"follow","max-snippet":"max-snippet:-1","max-image-preview":"max-image-preview:large","max-video-preview":"max-video-preview:-1"},"canonical":"https:\/\/franciscanos.org.br\/noticias\/dom-wladimir-nao-queremos-nos-mudar-do-brasil-queremos-mudar-o-brasil.html","og_locale":"pt_BR","og_type":"article","og_title":"Dom Wladimir: \"N\u00e3o queremos nos mudar do Brasil. Queremos mudar o Brasil\" - Not\u00edcias - Franciscanos","og_description":"Festa da Penha","og_url":"https:\/\/franciscanos.org.br\/noticias\/dom-wladimir-nao-queremos-nos-mudar-do-brasil-queremos-mudar-o-brasil.html","og_site_name":"Not\u00edcias - Franciscanos","article_published_time":"2017-04-24T01:28:16+00:00","article_modified_time":"2019-01-24T16:04:25+00:00","og_image":[{"width":273,"height":181,"url":"https:\/\/franciscanos.org.br\/noticias\/wp-content\/uploads\/2017\/04\/penha1_230417p.jpg","type":"image\/jpeg"}],"author":"admin","twitter_card":"summary_large_image","twitter_misc":{"Escrito por":"admin","Est. tempo de leitura":"3 minutos"},"schema":{"@context":"https:\/\/schema.org","@graph":[{"@type":"WebSite","@id":"https:\/\/franciscanos.org.br\/noticias\/#website","url":"https:\/\/franciscanos.org.br\/noticias\/","name":"Not\u00edcias - Franciscanos","description":"Prov\u00edncia Franciscana da Imaculada Concei\u00e7\u00e3o do Brasil - Ordem dos Frades Menores - OFM","potentialAction":[{"@type":"SearchAction","target":{"@type":"EntryPoint","urlTemplate":"https:\/\/franciscanos.org.br\/noticias\/?s={search_term_string}"},"query-input":"required name=search_term_string"}],"inLanguage":"pt-BR"},{"@type":"ImageObject","inLanguage":"pt-BR","@id":"https:\/\/franciscanos.org.br\/noticias\/dom-wladimir-nao-queremos-nos-mudar-do-brasil-queremos-mudar-o-brasil.html#primaryimage","url":"https:\/\/franciscanos.org.br\/noticias\/wp-content\/uploads\/2017\/04\/penha1_230417p.jpg","contentUrl":"https:\/\/franciscanos.org.br\/noticias\/wp-content\/uploads\/2017\/04\/penha1_230417p.jpg","width":273,"height":181},{"@type":"WebPage","@id":"https:\/\/franciscanos.org.br\/noticias\/dom-wladimir-nao-queremos-nos-mudar-do-brasil-queremos-mudar-o-brasil.html#webpage","url":"https:\/\/franciscanos.org.br\/noticias\/dom-wladimir-nao-queremos-nos-mudar-do-brasil-queremos-mudar-o-brasil.html","name":"Dom Wladimir: \"N\u00e3o queremos nos mudar do Brasil. Queremos mudar o Brasil\" - Not\u00edcias - Franciscanos","isPartOf":{"@id":"https:\/\/franciscanos.org.br\/noticias\/#website"},"primaryImageOfPage":{"@id":"https:\/\/franciscanos.org.br\/noticias\/dom-wladimir-nao-queremos-nos-mudar-do-brasil-queremos-mudar-o-brasil.html#primaryimage"},"datePublished":"2017-04-24T01:28:16+00:00","dateModified":"2019-01-24T16:04:25+00:00","author":{"@id":"https:\/\/franciscanos.org.br\/noticias\/#\/schema\/person\/b38fbf43118f02820bd932f2e4b14ad3"},"breadcrumb":{"@id":"https:\/\/franciscanos.org.br\/noticias\/dom-wladimir-nao-queremos-nos-mudar-do-brasil-queremos-mudar-o-brasil.html#breadcrumb"},"inLanguage":"pt-BR","potentialAction":[{"@type":"ReadAction","target":["https:\/\/franciscanos.org.br\/noticias\/dom-wladimir-nao-queremos-nos-mudar-do-brasil-queremos-mudar-o-brasil.html"]}]},{"@type":"BreadcrumbList","@id":"https:\/\/franciscanos.org.br\/noticias\/dom-wladimir-nao-queremos-nos-mudar-do-brasil-queremos-mudar-o-brasil.html#breadcrumb","itemListElement":[{"@type":"ListItem","position":1,"name":"Home","item":"https:\/\/franciscanos.org.br\/noticias"},{"@type":"ListItem","position":2,"name":"Dom Wladimir: &#8220;N\u00e3o queremos nos mudar do Brasil. Queremos mudar o Brasil&#8221;"}]},{"@type":"Person","@id":"https:\/\/franciscanos.org.br\/noticias\/#\/schema\/person\/b38fbf43118f02820bd932f2e4b14ad3","name":"admin","image":{"@type":"ImageObject","inLanguage":"pt-BR","@id":"https:\/\/franciscanos.org.br\/noticias\/#\/schema\/person\/image\/","url":"https:\/\/secure.gravatar.com\/avatar\/e8495742d34d0ba6448ea1c628263b3e?s=96&d=mm&r=g","contentUrl":"https:\/\/secure.gravatar.com\/avatar\/e8495742d34d0ba6448ea1c628263b3e?s=96&d=mm&r=g","caption":"admin"},"url":"https:\/\/franciscanos.org.br\/noticias\/author\/admin"}]}},"_links":{"self":[{"href":"https:\/\/franciscanos.org.br\/noticias\/wp-json\/wp\/v2\/posts\/131933"}],"collection":[{"href":"https:\/\/franciscanos.org.br\/noticias\/wp-json\/wp\/v2\/posts"}],"about":[{"href":"https:\/\/franciscanos.org.br\/noticias\/wp-json\/wp\/v2\/types\/post"}],"author":[{"embeddable":true,"href":"https:\/\/franciscanos.org.br\/noticias\/wp-json\/wp\/v2\/users\/1"}],"replies":[{"embeddable":true,"href":"https:\/\/franciscanos.org.br\/noticias\/wp-json\/wp\/v2\/comments?post=131933"}],"version-history":[{"count":0,"href":"https:\/\/franciscanos.org.br\/noticias\/wp-json\/wp\/v2\/posts\/131933\/revisions"}],"wp:featuredmedia":[{"embeddable":true,"href":"https:\/\/franciscanos.org.br\/noticias\/wp-json\/wp\/v2\/media\/196879"}],"wp:attachment":[{"href":"https:\/\/franciscanos.org.br\/noticias\/wp-json\/wp\/v2\/media?parent=131933"}],"wp:term":[{"taxonomy":"category","embeddable":true,"href":"https:\/\/franciscanos.org.br\/noticias\/wp-json\/wp\/v2\/categories?post=131933"},{"taxonomy":"post_tag","embeddable":true,"href":"https:\/\/franciscanos.org.br\/noticias\/wp-json\/wp\/v2\/tags?post=131933"}],"curies":[{"name":"wp","href":"https:\/\/api.w.org\/{rel}","templated":true}]}}