{"id":131916,"date":"2017-04-23T16:34:49","date_gmt":"2017-04-23T19:34:49","guid":{"rendered":"http:\/\/franciscanos.org.br\/?p=131916"},"modified":"2020-06-09T09:13:22","modified_gmt":"2020-06-09T12:13:22","slug":"a-misericordia-aquece-o-coracao-e-o-torna-sensivel","status":"publish","type":"post","link":"https:\/\/franciscanos.org.br\/noticias\/a-misericordia-aquece-o-coracao-e-o-torna-sensivel.html","title":{"rendered":"A miseric\u00f3rdia aquece o cora\u00e7\u00e3o e o torna sens\u00edvel, diz o Papa"},"content":{"rendered":"<p><img loading=\"lazy\" class=\"alignleft\" src=\"http:\/\/franciscanos.org.br\/wp-content\/uploads\/2017\/04\/papa_230417_7.jpg\" alt=\"papa_230417_7\" width=\"820\" height=\"477\" \/><\/p>\n<p><strong>Cidade do Vaticano<\/strong> \u2013 \u201cA miseric\u00f3rdia \u00e9 a pedra angular na vida de f\u00e9\u201d: palavras do Papa que antecederam a ora\u00e7\u00e3o mariana do Regina Coeli neste II domingo de P\u00e1scoa, dedicado \u00e0 Divina Miseric\u00f3rdia.<\/p>\n<p>Aos milhares de fi\u00e9is reunidos na Pra\u00e7a S\u00e3o Pedro, Francisco explicou que este domingo, na tradi\u00e7\u00e3o da Igreja, era chamado \u201cin albis\u201d (alba). A express\u00e3o evocava o rito do batismo na Vig\u00edlia de P\u00e1scoa e veste branca ofertada para a ocasi\u00e3o. No passado, esta veste era usada por uma semana, at\u00e9 o domingo<em> in albis<\/em>, quando era retirada, e os ne\u00f3fitas iniciavam sua nova vida em Cristo e na Igreja. J\u00e1 no Jubileu do Ano 2000, S\u00e3o Jo\u00e3o Paulo II teve \u201ca bel\u00edssima intui\u00e7\u00e3o\u201d de dedicar o II domingo de P\u00e1scoa \u00e0 Divina Miseric\u00f3rdia.<\/p>\n<p>No dia da ressurrei\u00e7\u00e3o de Jesus, a miseric\u00f3rdia se apresenta como perd\u00e3o dos pecados, como narrado no Evangelho deste domingo. Cristo diz aos seus disc\u00edpulos: \u201cA quem perdoardes os pecados eles lhes ser\u00e3o perdoados\u201d; e transmitiu \u00e0 sua Igreja, como primeira tarefa, a miss\u00e3o de levar a todos o an\u00fancio concreto do perd\u00e3o.<\/p>\n<p><strong>A miseric\u00f3rdia abre a porta da mente<\/strong><br \/>\nA experi\u00eancia da miseric\u00f3rdia, acrescentou o Papa, abre a porta da mente para compreender melhor o mist\u00e9rio de Deus e da nossa exist\u00eancia pessoal. \u201cFaz entender que a viol\u00eancia, o rancor, a vingan\u00e7a n\u00e3o t\u00eam qualquer sentido, e a primeira v\u00edtima \u00e9 quem vive desses sentimentos, porque se priva da pr\u00f3pria dignidade.\u201d<\/p>\n<p><strong>A miseric\u00f3rdia abre a porta do cora\u00e7\u00e3o<\/strong><br \/>\nFrancisco ressaltou que a miseric\u00f3rdia abre tamb\u00e9m a porta do cora\u00e7\u00e3o e permite expressar a proximidade sobretudo aos que est\u00e3o s\u00f3s e marginalizados, porque os faz sentir irm\u00e3os e filhos de um s\u00f3 Pai. \u201cA miseric\u00f3rdia aquece o cora\u00e7\u00e3o e o torna sens\u00edvel \u00e0s necessidades dos irm\u00e3os com a compartilha e a participa\u00e7\u00e3o. A miseric\u00f3rdia, enfim, compromete todos a serem instrumentos de justi\u00e7a, de reconcilia\u00e7\u00e3o e de paz. Jamais nos esque\u00e7amos que a miseric\u00f3rdia \u00e9 a pedra angular na vida de f\u00e9, e a forma concreta com a qual damos visibilidade \u00e0 ressurrei\u00e7\u00e3o de Jesus.\u201d<\/p>\n<p><strong>Devotos da Divina Miseric\u00f3rdia<\/strong><br \/>\nAo final da ora\u00e7\u00e3o do Regina Coeli, o Papa saudou de modo especial os devotos da Divina Miserc\u00f3rdia, e recordou a beatifica\u00e7\u00e3o em Oviedo, na Espanha do Pe. Luis Antonio Rosa Ormi\u00e8res. Francisco agradeceu e retribui os votos de feliz P\u00e1scoa que recebeu de milhares de fi\u00e9is.<\/p>\n<p><img loading=\"lazy\" class=\"alignleft\" src=\"http:\/\/franciscanos.org.br\/wp-content\/uploads\/2017\/04\/papa_230417_5.jpg\" alt=\"papa_230417_5\" width=\"800\" height=\"366\" \/><\/p>\n<h1>&#8220;Campos de refugiados parecem campos de concentra\u00e7\u00e3o&#8221;<\/h1>\n<p>A comunidade romana de Santo Eg\u00eddio acolheu o Papa Francisco na tarde de s\u00e1bado (22\/04) na Bas\u00edlica de S\u00e3o Bartolomeu, na ilha Tiberina, no centro hist\u00f3rico de Roma.<\/p>\n<p>O Pont\u00edfice presidiu \u00e0 Liturgia da Palavra em mem\u00f3ria dos novos m\u00e1rtires \u201cassassinados pelas insanas ideologias do s\u00e9culo passado ou s\u00f3 porque disc\u00edpulos de Jesus\u201d, como disse o Papa em sua homilia.<\/p>\n<p>\u201cA lembran\u00e7a dessas heroicas testemunhas antigas e recentes nos confirmam a consci\u00eancia de que a Igreja \u00e9 Igreja de m\u00e1rtires. Tiveram a gra\u00e7a de confessar Jesus at\u00e9 o fim, at\u00e9 a morte. Eles sofrem, d\u00e3o a vida, e n\u00f3s recebemos a b\u00ean\u00e7\u00e3o de Deus por seu testemunho\u201d, disse o Papa, citando ainda os muitos \u201cm\u00e1rtires escondidos\u201d: homens e mulheres que na vida cotidiana tentam ajudar os irm\u00e3os e amar a Deus sem reservas.<\/p>\n<p><strong>O \u00f3dio do pr\u00edncipe do mundo: a origem da persegui\u00e7\u00e3o<\/strong><br \/>\nO Papa falou ainda da causa de toda persegui\u00e7\u00e3o, isto \u00e9, o \u201c\u00f3dio do pr\u00edncipe deste mundo\u201d. E a origem do \u00f3dio \u00e9 esta: porque fomos salvos por Jesus, ele nos odeia e suscita a persegui\u00e7\u00e3o que, desde os tempos de Jesus, continua at\u00e9 o nossos dias.<\/p>\n<p>Em momentos dif\u00edceis da hist\u00f3ria, prosseguiu Francisco, se diz que a p\u00e1tria necessita de her\u00f3is. J\u00e1 a Igreja necessita de m\u00e1rtires, de testemunhas, dos santos de todos os dias que testemunham Jesus com a coer\u00eancia de vida e daqueles que O testemunham at\u00e9 a morte. \u201cTodos eles s\u00e3o o sangue vivo Igreja.\u201d<\/p>\n<p><img loading=\"lazy\" class=\"alignleft\" src=\"http:\/\/franciscanos.org.br\/wp-content\/uploads\/2017\/04\/papa_230417_2.jpg\" alt=\"papa_230417_2\" width=\"830\" height=\"453\" \/><\/p>\n<p><strong>Campos de refugiados: campos de concentra\u00e7\u00e3o<\/strong><\/p>\n<p>Deixando o texto de lado, o Papa afirmou que gostaria de acrescentar um \u00edcone nesta Bas\u00edlica: a de uma mulher que ele n\u00e3o conhece o nome, mas de quem conheceu a hist\u00f3ria quando visitou a ilha grega de Lesbos.<\/p>\n<p>No campo de acolhimento de refugiados, o Pont\u00edfice cumprimentou um homem de cerca 30 anos, mu\u00e7ulmano casado com uma crist\u00e3 e pai de tr\u00eas filhos, que viu a mulher ser degolada por se recusar a tirar o crucifixo diante dos terroristas. \u201cN\u00f3s nos am\u00e1vamos tanto\u201d, disse sem rancor o mu\u00e7ulmano ao Papa. \u201cEste \u00edcone eu trago hoje como presente\u201d, afirmou Francisco.<\/p>\n<p>\u201cN\u00e3o sei se aquele homem conseguiu sair daquele campo de concentra\u00e7\u00e3o\u201d, assim definiu o Papa o local devido \u00e0 quantidade de pessoas. \u201cAprecio o empenho de acolhimento de alguns povos generosos, mas parece que os acordos internacionais s\u00e3o mais importantes do que os direitos humanos.\u201d<\/p>\n<p><strong>O amor permite lutar contra a prepot\u00eancia<\/strong><br \/>\n\u201cA heran\u00e7a viva dos m\u00e1rtires doa hoje a n\u00f3s paz e unidade. Eles nos ensinam que, com a for\u00e7a do amor, com a mansid\u00e3o, se pode lutar contra a prepot\u00eancia, a viol\u00eancia, a guerra e se pode realizar a paz com paci\u00eancia. E ent\u00e3o podemos assim rezar: \u00d3 Senhor, torne-nos dignas testemunhas do Evangelho e do seu amor; efunde a sua miseric\u00f3rdia sobre a humanidade; renove a sua Igreja, proteja os crist\u00e3os perseguidos, conceda em breve a paz ao mundo inteiro.\u201d<\/p>\n<p><img loading=\"lazy\" class=\"alignleft\" src=\"http:\/\/franciscanos.org.br\/wp-content\/uploads\/2017\/04\/papa_230417_4.jpg\" alt=\"papa_230417_4\" width=\"820\" height=\"456\" \/><\/p>\n<p><strong>Testemunhos<\/strong><\/p>\n<p>No decorrer da celebra\u00e7\u00e3o, os participantes ouviram o testemunho de parentes e amigos de tr\u00eas m\u00e1rtires cuja mem\u00f3ria est\u00e1 preservada na Bas\u00edlica: Karl Schneider, pastor da Igreja Reformada assassinado em 1939 no campo de Buchenwald; Roselyne, irm\u00e3 do padre Jacques Hamel, assassinado ao final da missa em Rouen, na Fran\u00e7a, em 26 de julho do ano passado num atentado terrorista; e Francisco Hernandez Guevara, amigo de William Quijano, um jovem da comunidade de Santo Eg\u00eddio de El Salvador, assassinado em setembro de 2009 por seu trabalho em prol da juventude. J\u00e1 o fundador da comunidade de Santo Eg\u00eddio, Andrea Riccardi, recordou que neste mesmo dia, quatro anos atr\u00e1s, foram sequestrados em Aleppo dois bispos, de cujo paradeiro ainda n\u00e3o se tem not\u00edcia.<\/p>\n<p><strong>Novos m\u00e1rtires<\/strong><br \/>\nDepois de sua homilia, o Papa prestou homenagem nas seis capelas laterais da Bas\u00edlica que mant\u00eam as rel\u00edquias dos m\u00e1rtires da Europa, \u00c1frica, Am\u00e9rica, \u00c1sia. Velas foram acesas para acompanhar cada ora\u00e7\u00e3o que foi pronunciada em mem\u00f3ria das testemunhas da f\u00e9 do s\u00e9culo XX at\u00e9 os nossos dias: foram lembrados os arm\u00eanios, os crist\u00e3os massacrados durante a I Guerra Mundial, m\u00e1rtires da paz e do di\u00e1logo como os monges trapistas na Arg\u00e9lia, Pe. Andrea Santoro na Turquia, v\u00edtimas da m\u00e1fia, como Pe. Pino Puglisi. Uma lembran\u00e7a que uniu nomes mais conhecidos, como o de Dom Oscar Arnulfo Romero, ao de muitos mission\u00e1rios que, no mundo, deram sua vida pelo Evangelho.<\/p>\n<p><img loading=\"lazy\" class=\"alignleft\" src=\"http:\/\/franciscanos.org.br\/wp-content\/uploads\/2017\/04\/papa_230417_1.jpg\" alt=\"papa_230417_1\" width=\"830\" height=\"423\" \/><\/p>\n<p><strong>Refugiados<\/strong><\/p>\n<p>Ao final da celebra\u00e7\u00e3o, Francisco encontrou numa sala adjacente \u00e0 Bas\u00edlica um grupo de refugiados que chegou \u00e0 It\u00e1lia gra\u00e7as aos corredores humanit\u00e1rios, al\u00e9m de mulheres v\u00edtimas do tr\u00e1fico humano e menores desacompanhados.<\/p>\n<p>Ao cumprimentar os fi\u00e9is que o aguardavam do lado de fora da Bas\u00edlica, o Papa voltou a falar do desafio migrat\u00f3rio, recordando que fechar-se corresponde ao suic\u00eddio.\u00a0\u201cPensemos na crueldade que se abate sobre tantas pessoas, em tantas pessoas que chegam em embarca\u00e7\u00f5es e s\u00e3o acolhidos por pa\u00edses generosos, como It\u00e1lia e Gr\u00e9cia, mas depois os tratados n\u00e3o deixam&#8230; Se na It\u00e1lia dois migrantes fossem acolhidos por munic\u00edpio, teria lugar para todos. Que a generosidade de Lampedusa, Sic\u00edlia, Lesbos, possam contagiar a todos. Somos uma civiliza\u00e7\u00e3o que n\u00e3o faz filhos e mesmo assim fechamos as portas aos migrantes: isso se chama suic\u00eddio.\u201d<\/p>\n<hr \/>\n<p><em>Fonte: R\u00e1dio Vaticano e \u00a0Fotos do L&#8217;Osservatore Romano em Santo Eg\u00eddio<\/em><\/p>\n<p>&nbsp;<\/p>\n","protected":false},"excerpt":{"rendered":"<p>Regina Coeli<\/p>\n","protected":false},"author":1,"featured_media":197811,"comment_status":"open","ping_status":"open","sticky":false,"template":"","format":"standard","meta":[],"categories":[1428],"tags":[564],"acf":[],"yoast_head":"<!-- This site is optimized with the Yoast SEO plugin v19.2 - https:\/\/yoast.com\/wordpress\/plugins\/seo\/ -->\n<title>A miseric\u00f3rdia aquece o cora\u00e7\u00e3o e o torna sens\u00edvel, diz o Papa - Not\u00edcias - Franciscanos<\/title>\n<meta name=\"robots\" content=\"index, follow, max-snippet:-1, max-image-preview:large, max-video-preview:-1\" \/>\n<link rel=\"canonical\" href=\"https:\/\/franciscanos.org.br\/noticias\/a-misericordia-aquece-o-coracao-e-o-torna-sensivel.html\" \/>\n<meta property=\"og:locale\" content=\"pt_BR\" \/>\n<meta property=\"og:type\" content=\"article\" \/>\n<meta property=\"og:title\" content=\"A miseric\u00f3rdia aquece o cora\u00e7\u00e3o e o torna sens\u00edvel, diz o Papa - Not\u00edcias - Franciscanos\" \/>\n<meta property=\"og:description\" content=\"Regina Coeli\" \/>\n<meta property=\"og:url\" content=\"https:\/\/franciscanos.org.br\/noticias\/a-misericordia-aquece-o-coracao-e-o-torna-sensivel.html\" \/>\n<meta property=\"og:site_name\" content=\"Not\u00edcias - Franciscanos\" \/>\n<meta property=\"article:published_time\" content=\"2017-04-23T19:34:49+00:00\" \/>\n<meta property=\"article:modified_time\" content=\"2020-06-09T12:13:22+00:00\" \/>\n<meta property=\"og:image\" content=\"https:\/\/franciscanos.org.br\/noticias\/wp-content\/uploads\/2017\/04\/papa_230417_7.jpg\" \/>\n\t<meta property=\"og:image:width\" content=\"273\" \/>\n\t<meta property=\"og:image:height\" content=\"181\" \/>\n\t<meta property=\"og:image:type\" content=\"image\/jpeg\" \/>\n<meta name=\"author\" content=\"admin\" \/>\n<meta name=\"twitter:card\" content=\"summary_large_image\" \/>\n<meta name=\"twitter:label1\" content=\"Escrito por\" \/>\n\t<meta name=\"twitter:data1\" content=\"admin\" \/>\n\t<meta name=\"twitter:label2\" content=\"Est. tempo de leitura\" \/>\n\t<meta name=\"twitter:data2\" content=\"7 minutos\" \/>\n<script type=\"application\/ld+json\" class=\"yoast-schema-graph\">{\"@context\":\"https:\/\/schema.org\",\"@graph\":[{\"@type\":\"WebSite\",\"@id\":\"https:\/\/franciscanos.org.br\/noticias\/#website\",\"url\":\"https:\/\/franciscanos.org.br\/noticias\/\",\"name\":\"Not\u00edcias - Franciscanos\",\"description\":\"Prov\u00edncia Franciscana da Imaculada Concei\u00e7\u00e3o do Brasil - Ordem dos Frades Menores - OFM\",\"potentialAction\":[{\"@type\":\"SearchAction\",\"target\":{\"@type\":\"EntryPoint\",\"urlTemplate\":\"https:\/\/franciscanos.org.br\/noticias\/?s={search_term_string}\"},\"query-input\":\"required name=search_term_string\"}],\"inLanguage\":\"pt-BR\"},{\"@type\":\"ImageObject\",\"inLanguage\":\"pt-BR\",\"@id\":\"https:\/\/franciscanos.org.br\/noticias\/a-misericordia-aquece-o-coracao-e-o-torna-sensivel.html#primaryimage\",\"url\":\"https:\/\/franciscanos.org.br\/noticias\/wp-content\/uploads\/2017\/04\/papa_230417_7.jpg\",\"contentUrl\":\"https:\/\/franciscanos.org.br\/noticias\/wp-content\/uploads\/2017\/04\/papa_230417_7.jpg\",\"width\":273,\"height\":181},{\"@type\":\"WebPage\",\"@id\":\"https:\/\/franciscanos.org.br\/noticias\/a-misericordia-aquece-o-coracao-e-o-torna-sensivel.html#webpage\",\"url\":\"https:\/\/franciscanos.org.br\/noticias\/a-misericordia-aquece-o-coracao-e-o-torna-sensivel.html\",\"name\":\"A miseric\u00f3rdia aquece o cora\u00e7\u00e3o e o torna sens\u00edvel, diz o Papa - Not\u00edcias - Franciscanos\",\"isPartOf\":{\"@id\":\"https:\/\/franciscanos.org.br\/noticias\/#website\"},\"primaryImageOfPage\":{\"@id\":\"https:\/\/franciscanos.org.br\/noticias\/a-misericordia-aquece-o-coracao-e-o-torna-sensivel.html#primaryimage\"},\"datePublished\":\"2017-04-23T19:34:49+00:00\",\"dateModified\":\"2020-06-09T12:13:22+00:00\",\"author\":{\"@id\":\"https:\/\/franciscanos.org.br\/noticias\/#\/schema\/person\/b38fbf43118f02820bd932f2e4b14ad3\"},\"breadcrumb\":{\"@id\":\"https:\/\/franciscanos.org.br\/noticias\/a-misericordia-aquece-o-coracao-e-o-torna-sensivel.html#breadcrumb\"},\"inLanguage\":\"pt-BR\",\"potentialAction\":[{\"@type\":\"ReadAction\",\"target\":[\"https:\/\/franciscanos.org.br\/noticias\/a-misericordia-aquece-o-coracao-e-o-torna-sensivel.html\"]}]},{\"@type\":\"BreadcrumbList\",\"@id\":\"https:\/\/franciscanos.org.br\/noticias\/a-misericordia-aquece-o-coracao-e-o-torna-sensivel.html#breadcrumb\",\"itemListElement\":[{\"@type\":\"ListItem\",\"position\":1,\"name\":\"Home\",\"item\":\"https:\/\/franciscanos.org.br\/noticias\"},{\"@type\":\"ListItem\",\"position\":2,\"name\":\"A miseric\u00f3rdia aquece o cora\u00e7\u00e3o e o torna sens\u00edvel, diz o Papa\"}]},{\"@type\":\"Person\",\"@id\":\"https:\/\/franciscanos.org.br\/noticias\/#\/schema\/person\/b38fbf43118f02820bd932f2e4b14ad3\",\"name\":\"admin\",\"image\":{\"@type\":\"ImageObject\",\"inLanguage\":\"pt-BR\",\"@id\":\"https:\/\/franciscanos.org.br\/noticias\/#\/schema\/person\/image\/\",\"url\":\"https:\/\/secure.gravatar.com\/avatar\/e8495742d34d0ba6448ea1c628263b3e?s=96&d=mm&r=g\",\"contentUrl\":\"https:\/\/secure.gravatar.com\/avatar\/e8495742d34d0ba6448ea1c628263b3e?s=96&d=mm&r=g\",\"caption\":\"admin\"},\"url\":\"https:\/\/franciscanos.org.br\/noticias\/author\/admin\"}]}<\/script>\n<!-- \/ Yoast SEO plugin. -->","yoast_head_json":{"title":"A miseric\u00f3rdia aquece o cora\u00e7\u00e3o e o torna sens\u00edvel, diz o Papa - Not\u00edcias - Franciscanos","robots":{"index":"index","follow":"follow","max-snippet":"max-snippet:-1","max-image-preview":"max-image-preview:large","max-video-preview":"max-video-preview:-1"},"canonical":"https:\/\/franciscanos.org.br\/noticias\/a-misericordia-aquece-o-coracao-e-o-torna-sensivel.html","og_locale":"pt_BR","og_type":"article","og_title":"A miseric\u00f3rdia aquece o cora\u00e7\u00e3o e o torna sens\u00edvel, diz o Papa - Not\u00edcias - Franciscanos","og_description":"Regina Coeli","og_url":"https:\/\/franciscanos.org.br\/noticias\/a-misericordia-aquece-o-coracao-e-o-torna-sensivel.html","og_site_name":"Not\u00edcias - Franciscanos","article_published_time":"2017-04-23T19:34:49+00:00","article_modified_time":"2020-06-09T12:13:22+00:00","og_image":[{"width":273,"height":181,"url":"https:\/\/franciscanos.org.br\/noticias\/wp-content\/uploads\/2017\/04\/papa_230417_7.jpg","type":"image\/jpeg"}],"author":"admin","twitter_card":"summary_large_image","twitter_misc":{"Escrito por":"admin","Est. tempo de leitura":"7 minutos"},"schema":{"@context":"https:\/\/schema.org","@graph":[{"@type":"WebSite","@id":"https:\/\/franciscanos.org.br\/noticias\/#website","url":"https:\/\/franciscanos.org.br\/noticias\/","name":"Not\u00edcias - Franciscanos","description":"Prov\u00edncia Franciscana da Imaculada Concei\u00e7\u00e3o do Brasil - Ordem dos Frades Menores - OFM","potentialAction":[{"@type":"SearchAction","target":{"@type":"EntryPoint","urlTemplate":"https:\/\/franciscanos.org.br\/noticias\/?s={search_term_string}"},"query-input":"required name=search_term_string"}],"inLanguage":"pt-BR"},{"@type":"ImageObject","inLanguage":"pt-BR","@id":"https:\/\/franciscanos.org.br\/noticias\/a-misericordia-aquece-o-coracao-e-o-torna-sensivel.html#primaryimage","url":"https:\/\/franciscanos.org.br\/noticias\/wp-content\/uploads\/2017\/04\/papa_230417_7.jpg","contentUrl":"https:\/\/franciscanos.org.br\/noticias\/wp-content\/uploads\/2017\/04\/papa_230417_7.jpg","width":273,"height":181},{"@type":"WebPage","@id":"https:\/\/franciscanos.org.br\/noticias\/a-misericordia-aquece-o-coracao-e-o-torna-sensivel.html#webpage","url":"https:\/\/franciscanos.org.br\/noticias\/a-misericordia-aquece-o-coracao-e-o-torna-sensivel.html","name":"A miseric\u00f3rdia aquece o cora\u00e7\u00e3o e o torna sens\u00edvel, diz o Papa - Not\u00edcias - Franciscanos","isPartOf":{"@id":"https:\/\/franciscanos.org.br\/noticias\/#website"},"primaryImageOfPage":{"@id":"https:\/\/franciscanos.org.br\/noticias\/a-misericordia-aquece-o-coracao-e-o-torna-sensivel.html#primaryimage"},"datePublished":"2017-04-23T19:34:49+00:00","dateModified":"2020-06-09T12:13:22+00:00","author":{"@id":"https:\/\/franciscanos.org.br\/noticias\/#\/schema\/person\/b38fbf43118f02820bd932f2e4b14ad3"},"breadcrumb":{"@id":"https:\/\/franciscanos.org.br\/noticias\/a-misericordia-aquece-o-coracao-e-o-torna-sensivel.html#breadcrumb"},"inLanguage":"pt-BR","potentialAction":[{"@type":"ReadAction","target":["https:\/\/franciscanos.org.br\/noticias\/a-misericordia-aquece-o-coracao-e-o-torna-sensivel.html"]}]},{"@type":"BreadcrumbList","@id":"https:\/\/franciscanos.org.br\/noticias\/a-misericordia-aquece-o-coracao-e-o-torna-sensivel.html#breadcrumb","itemListElement":[{"@type":"ListItem","position":1,"name":"Home","item":"https:\/\/franciscanos.org.br\/noticias"},{"@type":"ListItem","position":2,"name":"A miseric\u00f3rdia aquece o cora\u00e7\u00e3o e o torna sens\u00edvel, diz o Papa"}]},{"@type":"Person","@id":"https:\/\/franciscanos.org.br\/noticias\/#\/schema\/person\/b38fbf43118f02820bd932f2e4b14ad3","name":"admin","image":{"@type":"ImageObject","inLanguage":"pt-BR","@id":"https:\/\/franciscanos.org.br\/noticias\/#\/schema\/person\/image\/","url":"https:\/\/secure.gravatar.com\/avatar\/e8495742d34d0ba6448ea1c628263b3e?s=96&d=mm&r=g","contentUrl":"https:\/\/secure.gravatar.com\/avatar\/e8495742d34d0ba6448ea1c628263b3e?s=96&d=mm&r=g","caption":"admin"},"url":"https:\/\/franciscanos.org.br\/noticias\/author\/admin"}]}},"_links":{"self":[{"href":"https:\/\/franciscanos.org.br\/noticias\/wp-json\/wp\/v2\/posts\/131916"}],"collection":[{"href":"https:\/\/franciscanos.org.br\/noticias\/wp-json\/wp\/v2\/posts"}],"about":[{"href":"https:\/\/franciscanos.org.br\/noticias\/wp-json\/wp\/v2\/types\/post"}],"author":[{"embeddable":true,"href":"https:\/\/franciscanos.org.br\/noticias\/wp-json\/wp\/v2\/users\/1"}],"replies":[{"embeddable":true,"href":"https:\/\/franciscanos.org.br\/noticias\/wp-json\/wp\/v2\/comments?post=131916"}],"version-history":[{"count":1,"href":"https:\/\/franciscanos.org.br\/noticias\/wp-json\/wp\/v2\/posts\/131916\/revisions"}],"predecessor-version":[{"id":225382,"href":"https:\/\/franciscanos.org.br\/noticias\/wp-json\/wp\/v2\/posts\/131916\/revisions\/225382"}],"wp:featuredmedia":[{"embeddable":true,"href":"https:\/\/franciscanos.org.br\/noticias\/wp-json\/wp\/v2\/media\/197811"}],"wp:attachment":[{"href":"https:\/\/franciscanos.org.br\/noticias\/wp-json\/wp\/v2\/media?parent=131916"}],"wp:term":[{"taxonomy":"category","embeddable":true,"href":"https:\/\/franciscanos.org.br\/noticias\/wp-json\/wp\/v2\/categories?post=131916"},{"taxonomy":"post_tag","embeddable":true,"href":"https:\/\/franciscanos.org.br\/noticias\/wp-json\/wp\/v2\/tags?post=131916"}],"curies":[{"name":"wp","href":"https:\/\/api.w.org\/{rel}","templated":true}]}}