{"id":131879,"date":"2017-04-23T15:02:56","date_gmt":"2017-04-23T18:02:56","guid":{"rendered":"http:\/\/franciscanos.org.br\/?p=131879"},"modified":"2019-01-24T13:55:56","modified_gmt":"2019-01-24T15:55:56","slug":"motociclistas-recebem-bencao-ao-final-de-romaria","status":"publish","type":"post","link":"https:\/\/franciscanos.org.br\/noticias\/motociclistas-recebem-bencao-ao-final-de-romaria.html","title":{"rendered":"Motociclistas recebem b\u00ean\u00e7\u00e3o ao final de Romaria"},"content":{"rendered":"<p><strong><img loading=\"lazy\" class=\"alignleft size-full wp-image-196873\" src=\"https:\/\/franciscanos.org.br\/noticias\/wp-content\/uploads\/2017\/04\/penhaG_230417.jpg\" alt=\"\" width=\"830\" height=\"430\" srcset=\"https:\/\/franciscanos.org.br\/noticias\/wp-content\/uploads\/2017\/04\/penhaG_230417.jpg 830w, https:\/\/franciscanos.org.br\/noticias\/wp-content\/uploads\/2017\/04\/penhaG_230417-450x233.jpg 450w, https:\/\/franciscanos.org.br\/noticias\/wp-content\/uploads\/2017\/04\/penhaG_230417-768x398.jpg 768w, https:\/\/franciscanos.org.br\/noticias\/wp-content\/uploads\/2017\/04\/penhaG_230417-150x78.jpg 150w\" sizes=\"(max-width: 830px) 100vw, 830px\" \/>\u00c9rika Augusto<\/strong><\/p>\n<p><strong>Vila Velha (ES) &#8211;<\/strong> Segundo o Departamento Nacional de Tr\u00e2nsito (DENATRAN), a frota de motocicletas no Brasil \u00e9 de 20.942.633 milh\u00f5es de ve\u00edculos. S\u00f3 no Estado do Esp\u00edrito Santo, s\u00e3o 421.358 mil motos.<\/p>\n<p>Por ser um ve\u00edculo barato, muitas pessoas aderiram a motocicleta como meio de transporte. Democr\u00e1tica, a moto foi adotada por todos os p\u00fablicos, nas cidades e no interior.<\/p>\n<p>H\u00e1 muitos anos, os motociclistas tamb\u00e9m come\u00e7aram a organizar sua pr\u00f3pria Romaria na Festa da Penha. A Romaria deste ano aconteceu neste domingo, 23, \u00e0s 10h no Parque da Prainha.<\/p>\n<p>Mesmo longe, j\u00e1 se ouvia o ronco dos ve\u00edculos. Muito barulho para anunciar a chegada de mais uma romaria \u00e0 Casa da M\u00e3e, Nossa Senhora da Penha, padroeira do Esp\u00edrito Santo. Mais de 7 mil romeiros vieram prestar sua homenagem a Nossa Senhora da Penha.<\/p>\n<p>Homens, em sua grande parte, mas tamb\u00e9m muitas mulheres e crian\u00e7as. Eles fizeram fila para receber a \u00e1gua benta em seus ve\u00edculos, capacetes e objetos de devo\u00e7\u00e3o.<\/p>\n<p>A Romaria tornou-se tamb\u00e9m um grande encontro daqueles que s\u00e3o apaixonados por motos. O Parque da Prainha virou, na manh\u00e3 deste domingo, tamb\u00e9m um desfile de grandes motos, coloridas e enfeitadas.<\/p>\n<p>Os motociclistas, vindos de v\u00e1rias cidades capixabas, pediam sobretudo prote\u00e7\u00e3o e seguran\u00e7a no caminho.<\/p>\n<p>Neste domingo, \u00e0s 16h, acontece a Romaria das Mulheres. O ponto de encontro \u00e9 o Santu\u00e1rio Divino Esp\u00edrito Santo, de onde seguem at\u00e9 a Prainha para a Missa.<\/p>\n","protected":false},"excerpt":{"rendered":"<p>Festa da Penha 2017<\/p>\n","protected":false},"author":1,"featured_media":196874,"comment_status":"open","ping_status":"open","sticky":false,"template":"","format":"standard","meta":[],"categories":[1],"tags":[245],"acf":[],"yoast_head":"<!-- This site is optimized with the Yoast SEO plugin v19.2 - https:\/\/yoast.com\/wordpress\/plugins\/seo\/ -->\n<title>Motociclistas recebem b\u00ean\u00e7\u00e3o ao final de Romaria - Not\u00edcias - Franciscanos<\/title>\n<meta name=\"robots\" content=\"index, follow, max-snippet:-1, max-image-preview:large, max-video-preview:-1\" \/>\n<link rel=\"canonical\" href=\"https:\/\/franciscanos.org.br\/noticias\/motociclistas-recebem-bencao-ao-final-de-romaria.html\" \/>\n<meta property=\"og:locale\" content=\"pt_BR\" \/>\n<meta property=\"og:type\" content=\"article\" \/>\n<meta property=\"og:title\" content=\"Motociclistas recebem b\u00ean\u00e7\u00e3o ao final de Romaria - Not\u00edcias - Franciscanos\" \/>\n<meta property=\"og:description\" content=\"Festa da Penha 2017\" \/>\n<meta property=\"og:url\" content=\"https:\/\/franciscanos.org.br\/noticias\/motociclistas-recebem-bencao-ao-final-de-romaria.html\" \/>\n<meta property=\"og:site_name\" content=\"Not\u00edcias - Franciscanos\" \/>\n<meta property=\"article:published_time\" content=\"2017-04-23T18:02:56+00:00\" \/>\n<meta property=\"article:modified_time\" content=\"2019-01-24T15:55:56+00:00\" \/>\n<meta property=\"og:image\" content=\"https:\/\/franciscanos.org.br\/noticias\/wp-content\/uploads\/2017\/04\/penha_230417-3.jpg\" \/>\n\t<meta property=\"og:image:width\" content=\"273\" \/>\n\t<meta property=\"og:image:height\" content=\"181\" \/>\n\t<meta property=\"og:image:type\" content=\"image\/jpeg\" \/>\n<meta name=\"author\" content=\"admin\" \/>\n<meta name=\"twitter:card\" content=\"summary_large_image\" \/>\n<meta name=\"twitter:label1\" content=\"Escrito por\" \/>\n\t<meta name=\"twitter:data1\" content=\"admin\" \/>\n\t<meta name=\"twitter:label2\" content=\"Est. tempo de leitura\" \/>\n\t<meta name=\"twitter:data2\" content=\"1 minuto\" \/>\n<script type=\"application\/ld+json\" class=\"yoast-schema-graph\">{\"@context\":\"https:\/\/schema.org\",\"@graph\":[{\"@type\":\"WebSite\",\"@id\":\"https:\/\/franciscanos.org.br\/noticias\/#website\",\"url\":\"https:\/\/franciscanos.org.br\/noticias\/\",\"name\":\"Not\u00edcias - Franciscanos\",\"description\":\"Prov\u00edncia Franciscana da Imaculada Concei\u00e7\u00e3o do Brasil - Ordem dos Frades Menores - OFM\",\"potentialAction\":[{\"@type\":\"SearchAction\",\"target\":{\"@type\":\"EntryPoint\",\"urlTemplate\":\"https:\/\/franciscanos.org.br\/noticias\/?s={search_term_string}\"},\"query-input\":\"required name=search_term_string\"}],\"inLanguage\":\"pt-BR\"},{\"@type\":\"ImageObject\",\"inLanguage\":\"pt-BR\",\"@id\":\"https:\/\/franciscanos.org.br\/noticias\/motociclistas-recebem-bencao-ao-final-de-romaria.html#primaryimage\",\"url\":\"https:\/\/franciscanos.org.br\/noticias\/wp-content\/uploads\/2017\/04\/penha_230417-3.jpg\",\"contentUrl\":\"https:\/\/franciscanos.org.br\/noticias\/wp-content\/uploads\/2017\/04\/penha_230417-3.jpg\",\"width\":273,\"height\":181},{\"@type\":\"WebPage\",\"@id\":\"https:\/\/franciscanos.org.br\/noticias\/motociclistas-recebem-bencao-ao-final-de-romaria.html#webpage\",\"url\":\"https:\/\/franciscanos.org.br\/noticias\/motociclistas-recebem-bencao-ao-final-de-romaria.html\",\"name\":\"Motociclistas recebem b\u00ean\u00e7\u00e3o ao final de Romaria - Not\u00edcias - Franciscanos\",\"isPartOf\":{\"@id\":\"https:\/\/franciscanos.org.br\/noticias\/#website\"},\"primaryImageOfPage\":{\"@id\":\"https:\/\/franciscanos.org.br\/noticias\/motociclistas-recebem-bencao-ao-final-de-romaria.html#primaryimage\"},\"datePublished\":\"2017-04-23T18:02:56+00:00\",\"dateModified\":\"2019-01-24T15:55:56+00:00\",\"author\":{\"@id\":\"https:\/\/franciscanos.org.br\/noticias\/#\/schema\/person\/b38fbf43118f02820bd932f2e4b14ad3\"},\"breadcrumb\":{\"@id\":\"https:\/\/franciscanos.org.br\/noticias\/motociclistas-recebem-bencao-ao-final-de-romaria.html#breadcrumb\"},\"inLanguage\":\"pt-BR\",\"potentialAction\":[{\"@type\":\"ReadAction\",\"target\":[\"https:\/\/franciscanos.org.br\/noticias\/motociclistas-recebem-bencao-ao-final-de-romaria.html\"]}]},{\"@type\":\"BreadcrumbList\",\"@id\":\"https:\/\/franciscanos.org.br\/noticias\/motociclistas-recebem-bencao-ao-final-de-romaria.html#breadcrumb\",\"itemListElement\":[{\"@type\":\"ListItem\",\"position\":1,\"name\":\"Home\",\"item\":\"https:\/\/franciscanos.org.br\/noticias\"},{\"@type\":\"ListItem\",\"position\":2,\"name\":\"Motociclistas recebem b\u00ean\u00e7\u00e3o ao final de Romaria\"}]},{\"@type\":\"Person\",\"@id\":\"https:\/\/franciscanos.org.br\/noticias\/#\/schema\/person\/b38fbf43118f02820bd932f2e4b14ad3\",\"name\":\"admin\",\"image\":{\"@type\":\"ImageObject\",\"inLanguage\":\"pt-BR\",\"@id\":\"https:\/\/franciscanos.org.br\/noticias\/#\/schema\/person\/image\/\",\"url\":\"https:\/\/secure.gravatar.com\/avatar\/e8495742d34d0ba6448ea1c628263b3e?s=96&d=mm&r=g\",\"contentUrl\":\"https:\/\/secure.gravatar.com\/avatar\/e8495742d34d0ba6448ea1c628263b3e?s=96&d=mm&r=g\",\"caption\":\"admin\"},\"url\":\"https:\/\/franciscanos.org.br\/noticias\/author\/admin\"}]}<\/script>\n<!-- \/ Yoast SEO plugin. -->","yoast_head_json":{"title":"Motociclistas recebem b\u00ean\u00e7\u00e3o ao final de Romaria - Not\u00edcias - Franciscanos","robots":{"index":"index","follow":"follow","max-snippet":"max-snippet:-1","max-image-preview":"max-image-preview:large","max-video-preview":"max-video-preview:-1"},"canonical":"https:\/\/franciscanos.org.br\/noticias\/motociclistas-recebem-bencao-ao-final-de-romaria.html","og_locale":"pt_BR","og_type":"article","og_title":"Motociclistas recebem b\u00ean\u00e7\u00e3o ao final de Romaria - Not\u00edcias - Franciscanos","og_description":"Festa da Penha 2017","og_url":"https:\/\/franciscanos.org.br\/noticias\/motociclistas-recebem-bencao-ao-final-de-romaria.html","og_site_name":"Not\u00edcias - Franciscanos","article_published_time":"2017-04-23T18:02:56+00:00","article_modified_time":"2019-01-24T15:55:56+00:00","og_image":[{"width":273,"height":181,"url":"https:\/\/franciscanos.org.br\/noticias\/wp-content\/uploads\/2017\/04\/penha_230417-3.jpg","type":"image\/jpeg"}],"author":"admin","twitter_card":"summary_large_image","twitter_misc":{"Escrito por":"admin","Est. tempo de leitura":"1 minuto"},"schema":{"@context":"https:\/\/schema.org","@graph":[{"@type":"WebSite","@id":"https:\/\/franciscanos.org.br\/noticias\/#website","url":"https:\/\/franciscanos.org.br\/noticias\/","name":"Not\u00edcias - Franciscanos","description":"Prov\u00edncia Franciscana da Imaculada Concei\u00e7\u00e3o do Brasil - Ordem dos Frades Menores - OFM","potentialAction":[{"@type":"SearchAction","target":{"@type":"EntryPoint","urlTemplate":"https:\/\/franciscanos.org.br\/noticias\/?s={search_term_string}"},"query-input":"required name=search_term_string"}],"inLanguage":"pt-BR"},{"@type":"ImageObject","inLanguage":"pt-BR","@id":"https:\/\/franciscanos.org.br\/noticias\/motociclistas-recebem-bencao-ao-final-de-romaria.html#primaryimage","url":"https:\/\/franciscanos.org.br\/noticias\/wp-content\/uploads\/2017\/04\/penha_230417-3.jpg","contentUrl":"https:\/\/franciscanos.org.br\/noticias\/wp-content\/uploads\/2017\/04\/penha_230417-3.jpg","width":273,"height":181},{"@type":"WebPage","@id":"https:\/\/franciscanos.org.br\/noticias\/motociclistas-recebem-bencao-ao-final-de-romaria.html#webpage","url":"https:\/\/franciscanos.org.br\/noticias\/motociclistas-recebem-bencao-ao-final-de-romaria.html","name":"Motociclistas recebem b\u00ean\u00e7\u00e3o ao final de Romaria - Not\u00edcias - Franciscanos","isPartOf":{"@id":"https:\/\/franciscanos.org.br\/noticias\/#website"},"primaryImageOfPage":{"@id":"https:\/\/franciscanos.org.br\/noticias\/motociclistas-recebem-bencao-ao-final-de-romaria.html#primaryimage"},"datePublished":"2017-04-23T18:02:56+00:00","dateModified":"2019-01-24T15:55:56+00:00","author":{"@id":"https:\/\/franciscanos.org.br\/noticias\/#\/schema\/person\/b38fbf43118f02820bd932f2e4b14ad3"},"breadcrumb":{"@id":"https:\/\/franciscanos.org.br\/noticias\/motociclistas-recebem-bencao-ao-final-de-romaria.html#breadcrumb"},"inLanguage":"pt-BR","potentialAction":[{"@type":"ReadAction","target":["https:\/\/franciscanos.org.br\/noticias\/motociclistas-recebem-bencao-ao-final-de-romaria.html"]}]},{"@type":"BreadcrumbList","@id":"https:\/\/franciscanos.org.br\/noticias\/motociclistas-recebem-bencao-ao-final-de-romaria.html#breadcrumb","itemListElement":[{"@type":"ListItem","position":1,"name":"Home","item":"https:\/\/franciscanos.org.br\/noticias"},{"@type":"ListItem","position":2,"name":"Motociclistas recebem b\u00ean\u00e7\u00e3o ao final de Romaria"}]},{"@type":"Person","@id":"https:\/\/franciscanos.org.br\/noticias\/#\/schema\/person\/b38fbf43118f02820bd932f2e4b14ad3","name":"admin","image":{"@type":"ImageObject","inLanguage":"pt-BR","@id":"https:\/\/franciscanos.org.br\/noticias\/#\/schema\/person\/image\/","url":"https:\/\/secure.gravatar.com\/avatar\/e8495742d34d0ba6448ea1c628263b3e?s=96&d=mm&r=g","contentUrl":"https:\/\/secure.gravatar.com\/avatar\/e8495742d34d0ba6448ea1c628263b3e?s=96&d=mm&r=g","caption":"admin"},"url":"https:\/\/franciscanos.org.br\/noticias\/author\/admin"}]}},"_links":{"self":[{"href":"https:\/\/franciscanos.org.br\/noticias\/wp-json\/wp\/v2\/posts\/131879"}],"collection":[{"href":"https:\/\/franciscanos.org.br\/noticias\/wp-json\/wp\/v2\/posts"}],"about":[{"href":"https:\/\/franciscanos.org.br\/noticias\/wp-json\/wp\/v2\/types\/post"}],"author":[{"embeddable":true,"href":"https:\/\/franciscanos.org.br\/noticias\/wp-json\/wp\/v2\/users\/1"}],"replies":[{"embeddable":true,"href":"https:\/\/franciscanos.org.br\/noticias\/wp-json\/wp\/v2\/comments?post=131879"}],"version-history":[{"count":0,"href":"https:\/\/franciscanos.org.br\/noticias\/wp-json\/wp\/v2\/posts\/131879\/revisions"}],"wp:featuredmedia":[{"embeddable":true,"href":"https:\/\/franciscanos.org.br\/noticias\/wp-json\/wp\/v2\/media\/196874"}],"wp:attachment":[{"href":"https:\/\/franciscanos.org.br\/noticias\/wp-json\/wp\/v2\/media?parent=131879"}],"wp:term":[{"taxonomy":"category","embeddable":true,"href":"https:\/\/franciscanos.org.br\/noticias\/wp-json\/wp\/v2\/categories?post=131879"},{"taxonomy":"post_tag","embeddable":true,"href":"https:\/\/franciscanos.org.br\/noticias\/wp-json\/wp\/v2\/tags?post=131879"}],"curies":[{"name":"wp","href":"https:\/\/api.w.org\/{rel}","templated":true}]}}