{"id":131801,"date":"2017-04-23T08:19:23","date_gmt":"2017-04-23T11:19:23","guid":{"rendered":"http:\/\/franciscanos.org.br\/?p=131801"},"modified":"2019-01-24T13:53:17","modified_gmt":"2019-01-24T15:53:17","slug":"700-mil-pelas-ruas-de-vitoria-na-expressao-maxima-da-fe-capixaba","status":"publish","type":"post","link":"https:\/\/franciscanos.org.br\/noticias\/700-mil-pelas-ruas-de-vitoria-na-expressao-maxima-da-fe-capixaba.html","title":{"rendered":"Romaria dos Homens: 700 mil fi\u00e9is nas ruas"},"content":{"rendered":"<p><strong><img loading=\"lazy\" class=\"alignleft wp-image-196861 size-full\" src=\"https:\/\/franciscanos.org.br\/noticias\/wp-content\/uploads\/2017\/04\/romariaG_220417-8.jpg\" alt=\"\" width=\"830\" height=\"430\" srcset=\"https:\/\/franciscanos.org.br\/noticias\/wp-content\/uploads\/2017\/04\/romariaG_220417-8.jpg 830w, https:\/\/franciscanos.org.br\/noticias\/wp-content\/uploads\/2017\/04\/romariaG_220417-8-450x233.jpg 450w, https:\/\/franciscanos.org.br\/noticias\/wp-content\/uploads\/2017\/04\/romariaG_220417-8-768x398.jpg 768w, https:\/\/franciscanos.org.br\/noticias\/wp-content\/uploads\/2017\/04\/romariaG_220417-8-150x78.jpg 150w\" sizes=\"(max-width: 830px) 100vw, 830px\" \/>\u00c9rika Augusto\u00a0<\/strong><\/p>\n<p><strong>Vila Velha (ES) &#8211;\u00a0<\/strong>Um verdadeiro mar de gente tomou as ruas de Vit\u00f3ria neste s\u00e1bado, 22 de abril. A mais esperada\u00a0das romarias reuniu 700 mil pessoas nas ruas da capital capixaba. Os peregrinos se re\u00fanem na Pra\u00e7a Dom Luiz Scortegagna, onde fica localizada a Catedral, que \u00e9 revestida de luzes rosa e azul para a ocasi\u00e3o.<\/p>\n<p>Dentro da Catedral, Dom Rubens Sevilha, Bispo Auxiliar, presidia a Celebra\u00e7\u00e3o Eucar\u00edstica que faz o envio dos romeiros. Do lado de fora, milhares de pessoas acompanham a Missa por tel\u00f5es. A imagem de Nossa Senhora da Penha, que saiu da Escola de Aprendizes da Marinha no in\u00edcio da tarde, estava enfeitada com flores. Os romeiros se aglomeravam pr\u00f3ximo \u00e0 imagem para caminharem ao lado da M\u00e3e.<\/p>\n<p>Enquanto isso, outros milhares de romeiros j\u00e1 come\u00e7am a caminhada de 14km at\u00e9 o Parque da Prainha, em Vila Velha, saindo pela rua Caramuru e passando pela Segunda Ponte, e Avenidas Brasil, Carlos Lindenberg, Jer\u00f4nimo Monteiro, Champagnat e Rua Antonio Ata\u00edde. Na altura da Segunda Ponte \u00e9 poss\u00edvel ter uma ideia da multid\u00e3o de romeiros que acompanhavam a prociss\u00e3o. Homens, mulheres, idosos e crian\u00e7as caminham, alguns com velas nas m\u00e3os, numa prociss\u00e3o que n\u00e3o tem fim.<\/p>\n<p>Chegando ao final da Avenida Carlos Lindenberg, ainda n\u00e3o \u00e9 poss\u00edvel ver a imagem de Nossa Senhora da Penha, que vem no final da prociss\u00e3o.<\/p>\n<p>Pelo trajeto, trios el\u00e9tricos animam os romeiros com cantos, louvores e ora\u00e7\u00f5es. Os vendedores ambulantes aproveitam a ocasi\u00e3o para vender seus produtos. Grupos como o da Comunidade Nossa Senhora Aparecida, da Par\u00f3quia Sant\u00edssima Trindade, do bairro de Aribiri d\u00e3o seu suporte aos romeiros, numa parada com \u00e1gua gr\u00e1tis. Muitos aproveitaram a parada para abastecer as garrafas d\u2019\u00e1gua e descansar da exigente caminhada.<\/p>\n<p>No caminho, muitas fam\u00edlias, alguns com crian\u00e7as no colo ou no carrinho caminham em dire\u00e7\u00e3o ao Parque da Prainha. Outros romeiros v\u00e3o se somando ao grupo que saiu da Catedral. Muitos grupos paroquiais ou de pastorais e movimentos caminham juntos, tirando fotos para registrar o momento hist\u00f3rico. O caminho \u00e9 leve e descontra\u00eddo. Mais pr\u00f3ximo \u00e0 imagem, o clima \u00e9 outro. A descontra\u00e7\u00e3o vivida pelos romeiros, aqui, ao lado da imagem, torna-se pura emo\u00e7\u00e3o e f\u00e9. O clima \u00e9 totalmente diferente. A proximidade da M\u00e3e, que leva milhares de pessoas \u00e0s ruas todos os anos, gera como\u00e7\u00e3o.<\/p>\n<p>O grupo chamado Corrente da Penha tem como objetivo assegurar o trajeto da imagem. Na romaria, juntam-se ao grupo oficial outros tantos romeiros, como Neia, do centro de Vit\u00f3ria. Ela afirma que caminhar junto \u00e0 corrente traz uma sensa\u00e7\u00e3o de paz e tranquilidade.<\/p>\n<p>No trajeto, muitos romeiros caminham com seus objetos de devo\u00e7\u00e3o. Mario Admiral, da Par\u00f3quia Cristo Redentor, do bairro de Goiabeiras, em Vit\u00f3ria, caminhava com uma grande cruz iluminada. Ele afirma que n\u00e3o \u00e9 por nenhuma gra\u00e7a espec\u00edfica. H\u00e1 mais de 40 anos ele participa da Romaria dos Homens e se diz muito devoto de Nossa Senhora da Penha.<\/p>\n<p>Por onde passava, a imagem de Nossa Senhora da Penha recebia aplausos. Na esquina da Rua Jer\u00f4nimo Monteiro e Rua Ant\u00f4nio Ata\u00edde, a \u00faltima do trajeto, um devoto fez uma chuva de papel picado, numa bel\u00edssima homenagem que podia ser vista de longe.<\/p>\n<p><img loading=\"lazy\" class=\"size-full wp-image-196864 aligncenter\" src=\"https:\/\/franciscanos.org.br\/noticias\/wp-content\/uploads\/2017\/04\/romariaG2_220417-36.jpg\" alt=\"\" width=\"830\" height=\"430\" srcset=\"https:\/\/franciscanos.org.br\/noticias\/wp-content\/uploads\/2017\/04\/romariaG2_220417-36.jpg 830w, https:\/\/franciscanos.org.br\/noticias\/wp-content\/uploads\/2017\/04\/romariaG2_220417-36-450x233.jpg 450w, https:\/\/franciscanos.org.br\/noticias\/wp-content\/uploads\/2017\/04\/romariaG2_220417-36-768x398.jpg 768w, https:\/\/franciscanos.org.br\/noticias\/wp-content\/uploads\/2017\/04\/romariaG2_220417-36-150x78.jpg 150w\" sizes=\"(max-width: 830px) 100vw, 830px\" \/><\/p>\n<p>\u00c0s 23h40 a imagem come\u00e7ou a ser trazida em prociss\u00e3o pelo Parque da Prainha. Motivados por Frei Gustavo Medella, Frei Valdecir Schwambach e Florival Mariano de Toledo, que faziam a anima\u00e7\u00e3o dos romeiros, todos ligaram a lanterna dos celulares. Foi nesta prociss\u00e3o iluminada que a imagem Nossa Senhora da Penha, M\u00e3e dos capixabas, subiu ao palco.<\/p>\n<p>Ap\u00f3s a chegada da imagem, teve in\u00edcio a Celebra\u00e7\u00e3o Eucar\u00edstica, presidida pelo Arcebispo D. Luiz Mancilha Vilela e concelebrada pelo Bispo Auxiliar, Dom Rubens Sevilha, padres do clero arquidiocesano e pelos frades do Convento da Penha, Santu\u00e1rio Divino Esp\u00edrito Santo e outras fraternidades.<\/p>\n<p><strong>O SENHOR CAMINHA CONOSCO<\/strong><\/p>\n<p>O vento anunciava chuva, que n\u00e3o chegou, para alegria dos romeiros. Em sua homilia, Dom Sevilha afirmou que a romaria simbolizava a caminhada de todos os crist\u00e3os, que n\u00e3o fazem o caminho sozinhos, mas com Deus. \u201cO Senhor conduz a hist\u00f3ria humana, conduz a sociedade e conduz a nossa vida. N\u00f3s n\u00e3o caminhamos na vida sem rumo, n\u00f3s caminhamos numa dire\u00e7\u00e3o, mesmo que n\u00e3o compreendamos\u201d, afirmou.<\/p>\n<p>O bispo pediu paz para o Estado do Esp\u00edrito Santo e para o pa\u00eds, e afirmou que a paz come\u00e7a dentro de cada um. Ele frisou que \u00e9 importante ter paci\u00eancia. \u201cSem paci\u00eancia n\u00e3o tem paz\u201d, e recordou que neste domingo se celebra o Domingo da Miseric\u00f3rdia.<\/p>\n<p>Era 0h50\u00a0quando Dom Luiz deu sua b\u00ean\u00e7\u00e3o final, encerrando assim mais uma edi\u00e7\u00e3o da Romaria dos Homens.<\/p>\n<p>Neste domingo, 23, acontece a Missa da Diocese de Colatina \u00e0s 8h, no Campinho. O Parque da Prainha recebe a Romaria dos Motociclistas \u00e0s 10h. \u00c0 tarde, \u00e9 a vez da Romaria das Mulheres tomar as ruas de Vila Velha para homenagear Nossa Senhora da Penha.<\/p>\n","protected":false},"excerpt":{"rendered":"<p>Festa da Penha<\/p>\n","protected":false},"author":1,"featured_media":196865,"comment_status":"open","ping_status":"open","sticky":false,"template":"","format":"standard","meta":[],"categories":[1],"tags":[245],"acf":[],"yoast_head":"<!-- This site is optimized with the Yoast SEO plugin v19.2 - https:\/\/yoast.com\/wordpress\/plugins\/seo\/ -->\n<title>Romaria dos Homens: 700 mil fi\u00e9is nas ruas - Not\u00edcias - Franciscanos<\/title>\n<meta name=\"robots\" content=\"index, follow, max-snippet:-1, max-image-preview:large, max-video-preview:-1\" \/>\n<link rel=\"canonical\" href=\"https:\/\/franciscanos.org.br\/noticias\/700-mil-pelas-ruas-de-vitoria-na-expressao-maxima-da-fe-capixaba.html\" \/>\n<meta property=\"og:locale\" content=\"pt_BR\" \/>\n<meta property=\"og:type\" content=\"article\" \/>\n<meta property=\"og:title\" content=\"Romaria dos Homens: 700 mil fi\u00e9is nas ruas - Not\u00edcias - Franciscanos\" \/>\n<meta property=\"og:description\" content=\"Festa da Penha\" \/>\n<meta property=\"og:url\" content=\"https:\/\/franciscanos.org.br\/noticias\/700-mil-pelas-ruas-de-vitoria-na-expressao-maxima-da-fe-capixaba.html\" \/>\n<meta property=\"og:site_name\" content=\"Not\u00edcias - Franciscanos\" \/>\n<meta property=\"article:published_time\" content=\"2017-04-23T11:19:23+00:00\" \/>\n<meta property=\"article:modified_time\" content=\"2019-01-24T15:53:17+00:00\" \/>\n<meta property=\"og:image\" content=\"https:\/\/franciscanos.org.br\/noticias\/wp-content\/uploads\/2017\/04\/romaria_220417-8.jpg\" \/>\n\t<meta property=\"og:image:width\" content=\"273\" \/>\n\t<meta property=\"og:image:height\" content=\"181\" \/>\n\t<meta property=\"og:image:type\" content=\"image\/jpeg\" \/>\n<meta name=\"author\" content=\"admin\" \/>\n<meta name=\"twitter:card\" content=\"summary_large_image\" \/>\n<meta name=\"twitter:label1\" content=\"Escrito por\" \/>\n\t<meta name=\"twitter:data1\" content=\"admin\" \/>\n\t<meta name=\"twitter:label2\" content=\"Est. tempo de leitura\" \/>\n\t<meta name=\"twitter:data2\" content=\"4 minutos\" \/>\n<script type=\"application\/ld+json\" class=\"yoast-schema-graph\">{\"@context\":\"https:\/\/schema.org\",\"@graph\":[{\"@type\":\"WebSite\",\"@id\":\"https:\/\/franciscanos.org.br\/noticias\/#website\",\"url\":\"https:\/\/franciscanos.org.br\/noticias\/\",\"name\":\"Not\u00edcias - Franciscanos\",\"description\":\"Prov\u00edncia Franciscana da Imaculada Concei\u00e7\u00e3o do Brasil - Ordem dos Frades Menores - OFM\",\"potentialAction\":[{\"@type\":\"SearchAction\",\"target\":{\"@type\":\"EntryPoint\",\"urlTemplate\":\"https:\/\/franciscanos.org.br\/noticias\/?s={search_term_string}\"},\"query-input\":\"required name=search_term_string\"}],\"inLanguage\":\"pt-BR\"},{\"@type\":\"ImageObject\",\"inLanguage\":\"pt-BR\",\"@id\":\"https:\/\/franciscanos.org.br\/noticias\/700-mil-pelas-ruas-de-vitoria-na-expressao-maxima-da-fe-capixaba.html#primaryimage\",\"url\":\"https:\/\/franciscanos.org.br\/noticias\/wp-content\/uploads\/2017\/04\/romaria_220417-8.jpg\",\"contentUrl\":\"https:\/\/franciscanos.org.br\/noticias\/wp-content\/uploads\/2017\/04\/romaria_220417-8.jpg\",\"width\":273,\"height\":181},{\"@type\":\"WebPage\",\"@id\":\"https:\/\/franciscanos.org.br\/noticias\/700-mil-pelas-ruas-de-vitoria-na-expressao-maxima-da-fe-capixaba.html#webpage\",\"url\":\"https:\/\/franciscanos.org.br\/noticias\/700-mil-pelas-ruas-de-vitoria-na-expressao-maxima-da-fe-capixaba.html\",\"name\":\"Romaria dos Homens: 700 mil fi\u00e9is nas ruas - Not\u00edcias - Franciscanos\",\"isPartOf\":{\"@id\":\"https:\/\/franciscanos.org.br\/noticias\/#website\"},\"primaryImageOfPage\":{\"@id\":\"https:\/\/franciscanos.org.br\/noticias\/700-mil-pelas-ruas-de-vitoria-na-expressao-maxima-da-fe-capixaba.html#primaryimage\"},\"datePublished\":\"2017-04-23T11:19:23+00:00\",\"dateModified\":\"2019-01-24T15:53:17+00:00\",\"author\":{\"@id\":\"https:\/\/franciscanos.org.br\/noticias\/#\/schema\/person\/b38fbf43118f02820bd932f2e4b14ad3\"},\"breadcrumb\":{\"@id\":\"https:\/\/franciscanos.org.br\/noticias\/700-mil-pelas-ruas-de-vitoria-na-expressao-maxima-da-fe-capixaba.html#breadcrumb\"},\"inLanguage\":\"pt-BR\",\"potentialAction\":[{\"@type\":\"ReadAction\",\"target\":[\"https:\/\/franciscanos.org.br\/noticias\/700-mil-pelas-ruas-de-vitoria-na-expressao-maxima-da-fe-capixaba.html\"]}]},{\"@type\":\"BreadcrumbList\",\"@id\":\"https:\/\/franciscanos.org.br\/noticias\/700-mil-pelas-ruas-de-vitoria-na-expressao-maxima-da-fe-capixaba.html#breadcrumb\",\"itemListElement\":[{\"@type\":\"ListItem\",\"position\":1,\"name\":\"Home\",\"item\":\"https:\/\/franciscanos.org.br\/noticias\"},{\"@type\":\"ListItem\",\"position\":2,\"name\":\"Romaria dos Homens: 700 mil fi\u00e9is nas ruas\"}]},{\"@type\":\"Person\",\"@id\":\"https:\/\/franciscanos.org.br\/noticias\/#\/schema\/person\/b38fbf43118f02820bd932f2e4b14ad3\",\"name\":\"admin\",\"image\":{\"@type\":\"ImageObject\",\"inLanguage\":\"pt-BR\",\"@id\":\"https:\/\/franciscanos.org.br\/noticias\/#\/schema\/person\/image\/\",\"url\":\"https:\/\/secure.gravatar.com\/avatar\/e8495742d34d0ba6448ea1c628263b3e?s=96&d=mm&r=g\",\"contentUrl\":\"https:\/\/secure.gravatar.com\/avatar\/e8495742d34d0ba6448ea1c628263b3e?s=96&d=mm&r=g\",\"caption\":\"admin\"},\"url\":\"https:\/\/franciscanos.org.br\/noticias\/author\/admin\"}]}<\/script>\n<!-- \/ Yoast SEO plugin. -->","yoast_head_json":{"title":"Romaria dos Homens: 700 mil fi\u00e9is nas ruas - Not\u00edcias - Franciscanos","robots":{"index":"index","follow":"follow","max-snippet":"max-snippet:-1","max-image-preview":"max-image-preview:large","max-video-preview":"max-video-preview:-1"},"canonical":"https:\/\/franciscanos.org.br\/noticias\/700-mil-pelas-ruas-de-vitoria-na-expressao-maxima-da-fe-capixaba.html","og_locale":"pt_BR","og_type":"article","og_title":"Romaria dos Homens: 700 mil fi\u00e9is nas ruas - Not\u00edcias - Franciscanos","og_description":"Festa da Penha","og_url":"https:\/\/franciscanos.org.br\/noticias\/700-mil-pelas-ruas-de-vitoria-na-expressao-maxima-da-fe-capixaba.html","og_site_name":"Not\u00edcias - Franciscanos","article_published_time":"2017-04-23T11:19:23+00:00","article_modified_time":"2019-01-24T15:53:17+00:00","og_image":[{"width":273,"height":181,"url":"https:\/\/franciscanos.org.br\/noticias\/wp-content\/uploads\/2017\/04\/romaria_220417-8.jpg","type":"image\/jpeg"}],"author":"admin","twitter_card":"summary_large_image","twitter_misc":{"Escrito por":"admin","Est. tempo de leitura":"4 minutos"},"schema":{"@context":"https:\/\/schema.org","@graph":[{"@type":"WebSite","@id":"https:\/\/franciscanos.org.br\/noticias\/#website","url":"https:\/\/franciscanos.org.br\/noticias\/","name":"Not\u00edcias - Franciscanos","description":"Prov\u00edncia Franciscana da Imaculada Concei\u00e7\u00e3o do Brasil - Ordem dos Frades Menores - OFM","potentialAction":[{"@type":"SearchAction","target":{"@type":"EntryPoint","urlTemplate":"https:\/\/franciscanos.org.br\/noticias\/?s={search_term_string}"},"query-input":"required name=search_term_string"}],"inLanguage":"pt-BR"},{"@type":"ImageObject","inLanguage":"pt-BR","@id":"https:\/\/franciscanos.org.br\/noticias\/700-mil-pelas-ruas-de-vitoria-na-expressao-maxima-da-fe-capixaba.html#primaryimage","url":"https:\/\/franciscanos.org.br\/noticias\/wp-content\/uploads\/2017\/04\/romaria_220417-8.jpg","contentUrl":"https:\/\/franciscanos.org.br\/noticias\/wp-content\/uploads\/2017\/04\/romaria_220417-8.jpg","width":273,"height":181},{"@type":"WebPage","@id":"https:\/\/franciscanos.org.br\/noticias\/700-mil-pelas-ruas-de-vitoria-na-expressao-maxima-da-fe-capixaba.html#webpage","url":"https:\/\/franciscanos.org.br\/noticias\/700-mil-pelas-ruas-de-vitoria-na-expressao-maxima-da-fe-capixaba.html","name":"Romaria dos Homens: 700 mil fi\u00e9is nas ruas - Not\u00edcias - Franciscanos","isPartOf":{"@id":"https:\/\/franciscanos.org.br\/noticias\/#website"},"primaryImageOfPage":{"@id":"https:\/\/franciscanos.org.br\/noticias\/700-mil-pelas-ruas-de-vitoria-na-expressao-maxima-da-fe-capixaba.html#primaryimage"},"datePublished":"2017-04-23T11:19:23+00:00","dateModified":"2019-01-24T15:53:17+00:00","author":{"@id":"https:\/\/franciscanos.org.br\/noticias\/#\/schema\/person\/b38fbf43118f02820bd932f2e4b14ad3"},"breadcrumb":{"@id":"https:\/\/franciscanos.org.br\/noticias\/700-mil-pelas-ruas-de-vitoria-na-expressao-maxima-da-fe-capixaba.html#breadcrumb"},"inLanguage":"pt-BR","potentialAction":[{"@type":"ReadAction","target":["https:\/\/franciscanos.org.br\/noticias\/700-mil-pelas-ruas-de-vitoria-na-expressao-maxima-da-fe-capixaba.html"]}]},{"@type":"BreadcrumbList","@id":"https:\/\/franciscanos.org.br\/noticias\/700-mil-pelas-ruas-de-vitoria-na-expressao-maxima-da-fe-capixaba.html#breadcrumb","itemListElement":[{"@type":"ListItem","position":1,"name":"Home","item":"https:\/\/franciscanos.org.br\/noticias"},{"@type":"ListItem","position":2,"name":"Romaria dos Homens: 700 mil fi\u00e9is nas ruas"}]},{"@type":"Person","@id":"https:\/\/franciscanos.org.br\/noticias\/#\/schema\/person\/b38fbf43118f02820bd932f2e4b14ad3","name":"admin","image":{"@type":"ImageObject","inLanguage":"pt-BR","@id":"https:\/\/franciscanos.org.br\/noticias\/#\/schema\/person\/image\/","url":"https:\/\/secure.gravatar.com\/avatar\/e8495742d34d0ba6448ea1c628263b3e?s=96&d=mm&r=g","contentUrl":"https:\/\/secure.gravatar.com\/avatar\/e8495742d34d0ba6448ea1c628263b3e?s=96&d=mm&r=g","caption":"admin"},"url":"https:\/\/franciscanos.org.br\/noticias\/author\/admin"}]}},"_links":{"self":[{"href":"https:\/\/franciscanos.org.br\/noticias\/wp-json\/wp\/v2\/posts\/131801"}],"collection":[{"href":"https:\/\/franciscanos.org.br\/noticias\/wp-json\/wp\/v2\/posts"}],"about":[{"href":"https:\/\/franciscanos.org.br\/noticias\/wp-json\/wp\/v2\/types\/post"}],"author":[{"embeddable":true,"href":"https:\/\/franciscanos.org.br\/noticias\/wp-json\/wp\/v2\/users\/1"}],"replies":[{"embeddable":true,"href":"https:\/\/franciscanos.org.br\/noticias\/wp-json\/wp\/v2\/comments?post=131801"}],"version-history":[{"count":0,"href":"https:\/\/franciscanos.org.br\/noticias\/wp-json\/wp\/v2\/posts\/131801\/revisions"}],"wp:featuredmedia":[{"embeddable":true,"href":"https:\/\/franciscanos.org.br\/noticias\/wp-json\/wp\/v2\/media\/196865"}],"wp:attachment":[{"href":"https:\/\/franciscanos.org.br\/noticias\/wp-json\/wp\/v2\/media?parent=131801"}],"wp:term":[{"taxonomy":"category","embeddable":true,"href":"https:\/\/franciscanos.org.br\/noticias\/wp-json\/wp\/v2\/categories?post=131801"},{"taxonomy":"post_tag","embeddable":true,"href":"https:\/\/franciscanos.org.br\/noticias\/wp-json\/wp\/v2\/tags?post=131801"}],"curies":[{"name":"wp","href":"https:\/\/api.w.org\/{rel}","templated":true}]}}