{"id":131748,"date":"2017-04-22T17:44:11","date_gmt":"2017-04-22T20:44:11","guid":{"rendered":"http:\/\/franciscanos.org.br\/?p=131748"},"modified":"2019-01-24T14:10:55","modified_gmt":"2019-01-24T16:10:55","slug":"romaria-de-cachoeiro-do-itapemirim-bispo-denuncia-a-corrupcao-do-poder-e-exploracao-dos-pobres-no-brasil","status":"publish","type":"post","link":"https:\/\/franciscanos.org.br\/noticias\/romaria-de-cachoeiro-do-itapemirim-bispo-denuncia-a-corrupcao-do-poder-e-exploracao-dos-pobres-no-brasil.html","title":{"rendered":"Bispo denuncia a corrup\u00e7\u00e3o do poder e explora\u00e7\u00e3o dos pobres"},"content":{"rendered":"<p><img loading=\"lazy\" class=\"alignleft wp-image-196848 size-full\" src=\"https:\/\/franciscanos.org.br\/noticias\/wp-content\/uploads\/2017\/04\/penhaG_2204172.jpg\" alt=\"\" width=\"830\" height=\"430\" srcset=\"https:\/\/franciscanos.org.br\/noticias\/wp-content\/uploads\/2017\/04\/penhaG_2204172.jpg 830w, https:\/\/franciscanos.org.br\/noticias\/wp-content\/uploads\/2017\/04\/penhaG_2204172-450x233.jpg 450w, https:\/\/franciscanos.org.br\/noticias\/wp-content\/uploads\/2017\/04\/penhaG_2204172-768x398.jpg 768w, https:\/\/franciscanos.org.br\/noticias\/wp-content\/uploads\/2017\/04\/penhaG_2204172-150x78.jpg 150w\" sizes=\"(max-width: 830px) 100vw, 830px\" \/><\/p>\n<p><strong>Frei Gustavo Medella\u00a0<\/strong><\/p>\n<p><strong>Vila Velha (ES) &#8211;<\/strong> Mais de 40 \u00f4nibus, al\u00e9m de vans e carros particulares trouxeram o povo da Diocese de Cachoeiro do Itapemirim para a Romaria da Festa da Penha 2017. A multid\u00e3o do sul capixaba juntou-se a outros numerosos peregrinos que lotaram o Campinho do Convento da Penha na quente tarde deste s\u00e1bado, dia 22 de abril. De acordo com informa\u00e7\u00f5es oficiais, Vit\u00f3ria e Vila Velha tinham nesta hora 34\u00b0C de temperatura. O sol estava forte e anima\u00e7\u00e3o tamb\u00e9m. Antes do in\u00edcio da missa, presidida pelo bispo de Cachoeiro do Itapemirim, o franciscano Dom Frei Dario Campos, OFM, houve o 7\u00ba Dia do Oitav\u00e1rio em prepara\u00e7\u00e3o \u00e0 Festa da Penha. Na condu\u00e7\u00e3o deste momento, Frei Paulo C\u00e9sar Ferreira, da Fraternidade do Convento da Penha, e Frei Diego Melo, do Servi\u00e7o de Anima\u00e7\u00e3o Vocacional.<\/p>\n<p>Em sua reflex\u00e3o, Frei Diego lembrou aos participantes da import\u00e2ncia de que todos criem o h\u00e1bito de rezar pelas voca\u00e7\u00f5es religiosas e sacerdotais. \u201cA presen\u00e7a franciscana nesse lugar tem mais de quatro s\u00e9culos. Uma capelinha foi constru\u00edda l\u00e1 em cima e, quase dois s\u00e9culos depois veio este Convento. Muitos frades j\u00e1 viveram aqui. E para que esta hist\u00f3ria continue, \u00e9 fundamental que novos jovens se sintam atra\u00eddos \u00e0 vida franciscana. E por isso \u00e9 muito importante que todos voc\u00eas deem a sua colabora\u00e7\u00e3o rezando pelas voca\u00e7\u00f5es\u201d, frisou. Este foi o \u00faltimo dia de celebra\u00e7\u00e3o do oitav\u00e1rio no campinho. Neste domingo, a ora\u00e7\u00e3o de fechamento do oitav\u00e1rio ocorre no palco montado na Prainha, antes da missa de encerramento da Romaria das Mulheres.<\/p>\n<p>Em sua homilia, Dom Dario recordou a sacralidade do lugar onde estavam todos reunidos e a convers\u00e3o que esta consci\u00eancia deve provocar no cora\u00e7\u00e3o: \u201cHoje estamos numa montanha, lugar sagrado, peda\u00e7o simples, por\u00e9m misterioso e maravilhoso, que abriga este santu\u00e1rio, a casa da nossa M\u00e3e. Hoje o convite \u00e9 para que possamos abrir os nossos cora\u00e7\u00f5es para ouvirmos a voz de Deus que nos quer falar nesta montanha santa. A voz de Deus quer ecoar a partir de nossa voz. A nossa voz assume a voz do profeta, pois j\u00e1 no batismo assumimos o profetismo de Jesus de Nazar\u00e9, que soube sempre dizer palavras certas, na hora certa, em favor da justi\u00e7a e do direito, a favor da vida e da paz\u201d. O bispo de Cachoeiro tamb\u00e9m lamentou o momento pol\u00edtico que o Brasil atravessa \u201cVivemos em tempos de muita tristeza, de muita indecis\u00e3o no campo pol\u00edtico na nossa na\u00e7\u00e3o brasileira. H\u00e1 muitas contradi\u00e7\u00f5es e incoer\u00eancias da parte de nossos governantes. H\u00e1 muita corrup\u00e7\u00e3o para satisfa\u00e7\u00e3o de interesses pessoais e, com isso, uma imensa parcela de nosso povo brasileiro, e &#8211; Por que n\u00e3o dizer? &#8211; de nosso povo do Esp\u00edrito Santo, est\u00e1 sofrendo com a aus\u00eancia de bens necess\u00e1rios para a sobreviv\u00eancia digna de um ser humano\u201d. Convocou tamb\u00e9m os crist\u00e3os a fazerem a sua parte diante deste cen\u00e1rio desfavor\u00e1vel: \u201cA cada dia que passa, surgem mais dela\u00e7\u00f5es. E mais pessoas, que nem esper\u00e1vamos, s\u00e3o apresentadas como usurpadoras do poder e do dinheiro p\u00fablico, o nosso dinheiro. E a\u00ed temos que recorrer \u00e0 m\u00e3e peregrina acolhedora, e pedir a ela que nos ensine a cantar o seu Magnificat. A nossa miss\u00e3o, com Jesus de Nazar\u00e9, \u00e9 lutar por um mundo mais justo e fraterno. N\u00e3o podemos cruzar os bra\u00e7os diante de tanta desigualdade social\u201d, frisou.<\/p>\n<p>Ap\u00f3s a comunh\u00e3o, um grupo de jovens da Diocese de Cachoeiro do Itapemirim apresentou uma coreografia baseada nos quatro elementos da natureza. Como t\u00e9rmino da celebra\u00e7\u00e3o, o bispo Dom Dario foi ao encontro do p\u00fablico, atendendo a todos de forma cordial e com um sorriso acolhedor. Muitas pessoas da assembleia se aproximaram dele para tirar fotos, receber b\u00ean\u00e7\u00e3os, dar um abra\u00e7o, trocar umas palavras e foram atendidas atenciosamente. A Diocese de Cachoeiro do Itapemirim se localiza ao Sul do Estado do Esp\u00edrito Santo e \u00e9 composta por 43 par\u00f3quias, divididas em oito regionais.<\/p>\n","protected":false},"excerpt":{"rendered":"<p>Festa da Penha 2017<\/p>\n","protected":false},"author":1,"featured_media":196852,"comment_status":"open","ping_status":"open","sticky":false,"template":"","format":"standard","meta":[],"categories":[1],"tags":[245],"acf":[],"yoast_head":"<!-- This site is optimized with the Yoast SEO plugin v19.2 - https:\/\/yoast.com\/wordpress\/plugins\/seo\/ -->\n<title>Bispo denuncia a corrup\u00e7\u00e3o do poder e explora\u00e7\u00e3o dos pobres - Not\u00edcias - Franciscanos<\/title>\n<meta name=\"robots\" content=\"index, follow, max-snippet:-1, max-image-preview:large, max-video-preview:-1\" \/>\n<link rel=\"canonical\" href=\"https:\/\/franciscanos.org.br\/noticias\/romaria-de-cachoeiro-do-itapemirim-bispo-denuncia-a-corrupcao-do-poder-e-exploracao-dos-pobres-no-brasil.html\" \/>\n<meta property=\"og:locale\" content=\"pt_BR\" \/>\n<meta property=\"og:type\" content=\"article\" \/>\n<meta property=\"og:title\" content=\"Bispo denuncia a corrup\u00e7\u00e3o do poder e explora\u00e7\u00e3o dos pobres - Not\u00edcias - Franciscanos\" \/>\n<meta property=\"og:description\" content=\"Festa da Penha 2017\" \/>\n<meta property=\"og:url\" content=\"https:\/\/franciscanos.org.br\/noticias\/romaria-de-cachoeiro-do-itapemirim-bispo-denuncia-a-corrupcao-do-poder-e-exploracao-dos-pobres-no-brasil.html\" \/>\n<meta property=\"og:site_name\" content=\"Not\u00edcias - Franciscanos\" \/>\n<meta property=\"article:published_time\" content=\"2017-04-22T20:44:11+00:00\" \/>\n<meta property=\"article:modified_time\" content=\"2019-01-24T16:10:55+00:00\" \/>\n<meta property=\"og:image\" content=\"https:\/\/franciscanos.org.br\/noticias\/wp-content\/uploads\/2017\/04\/penha_220417p.jpg\" \/>\n\t<meta property=\"og:image:width\" content=\"273\" \/>\n\t<meta property=\"og:image:height\" content=\"181\" \/>\n\t<meta property=\"og:image:type\" content=\"image\/jpeg\" \/>\n<meta name=\"author\" content=\"admin\" \/>\n<meta name=\"twitter:card\" content=\"summary_large_image\" \/>\n<meta name=\"twitter:label1\" content=\"Escrito por\" \/>\n\t<meta name=\"twitter:data1\" content=\"admin\" \/>\n\t<meta name=\"twitter:label2\" content=\"Est. tempo de leitura\" \/>\n\t<meta name=\"twitter:data2\" content=\"4 minutos\" \/>\n<script type=\"application\/ld+json\" class=\"yoast-schema-graph\">{\"@context\":\"https:\/\/schema.org\",\"@graph\":[{\"@type\":\"WebSite\",\"@id\":\"https:\/\/franciscanos.org.br\/noticias\/#website\",\"url\":\"https:\/\/franciscanos.org.br\/noticias\/\",\"name\":\"Not\u00edcias - Franciscanos\",\"description\":\"Prov\u00edncia Franciscana da Imaculada Concei\u00e7\u00e3o do Brasil - Ordem dos Frades Menores - OFM\",\"potentialAction\":[{\"@type\":\"SearchAction\",\"target\":{\"@type\":\"EntryPoint\",\"urlTemplate\":\"https:\/\/franciscanos.org.br\/noticias\/?s={search_term_string}\"},\"query-input\":\"required name=search_term_string\"}],\"inLanguage\":\"pt-BR\"},{\"@type\":\"ImageObject\",\"inLanguage\":\"pt-BR\",\"@id\":\"https:\/\/franciscanos.org.br\/noticias\/romaria-de-cachoeiro-do-itapemirim-bispo-denuncia-a-corrupcao-do-poder-e-exploracao-dos-pobres-no-brasil.html#primaryimage\",\"url\":\"https:\/\/franciscanos.org.br\/noticias\/wp-content\/uploads\/2017\/04\/penha_220417p.jpg\",\"contentUrl\":\"https:\/\/franciscanos.org.br\/noticias\/wp-content\/uploads\/2017\/04\/penha_220417p.jpg\",\"width\":273,\"height\":181},{\"@type\":\"WebPage\",\"@id\":\"https:\/\/franciscanos.org.br\/noticias\/romaria-de-cachoeiro-do-itapemirim-bispo-denuncia-a-corrupcao-do-poder-e-exploracao-dos-pobres-no-brasil.html#webpage\",\"url\":\"https:\/\/franciscanos.org.br\/noticias\/romaria-de-cachoeiro-do-itapemirim-bispo-denuncia-a-corrupcao-do-poder-e-exploracao-dos-pobres-no-brasil.html\",\"name\":\"Bispo denuncia a corrup\u00e7\u00e3o do poder e explora\u00e7\u00e3o dos pobres - Not\u00edcias - Franciscanos\",\"isPartOf\":{\"@id\":\"https:\/\/franciscanos.org.br\/noticias\/#website\"},\"primaryImageOfPage\":{\"@id\":\"https:\/\/franciscanos.org.br\/noticias\/romaria-de-cachoeiro-do-itapemirim-bispo-denuncia-a-corrupcao-do-poder-e-exploracao-dos-pobres-no-brasil.html#primaryimage\"},\"datePublished\":\"2017-04-22T20:44:11+00:00\",\"dateModified\":\"2019-01-24T16:10:55+00:00\",\"author\":{\"@id\":\"https:\/\/franciscanos.org.br\/noticias\/#\/schema\/person\/b38fbf43118f02820bd932f2e4b14ad3\"},\"breadcrumb\":{\"@id\":\"https:\/\/franciscanos.org.br\/noticias\/romaria-de-cachoeiro-do-itapemirim-bispo-denuncia-a-corrupcao-do-poder-e-exploracao-dos-pobres-no-brasil.html#breadcrumb\"},\"inLanguage\":\"pt-BR\",\"potentialAction\":[{\"@type\":\"ReadAction\",\"target\":[\"https:\/\/franciscanos.org.br\/noticias\/romaria-de-cachoeiro-do-itapemirim-bispo-denuncia-a-corrupcao-do-poder-e-exploracao-dos-pobres-no-brasil.html\"]}]},{\"@type\":\"BreadcrumbList\",\"@id\":\"https:\/\/franciscanos.org.br\/noticias\/romaria-de-cachoeiro-do-itapemirim-bispo-denuncia-a-corrupcao-do-poder-e-exploracao-dos-pobres-no-brasil.html#breadcrumb\",\"itemListElement\":[{\"@type\":\"ListItem\",\"position\":1,\"name\":\"Home\",\"item\":\"https:\/\/franciscanos.org.br\/noticias\"},{\"@type\":\"ListItem\",\"position\":2,\"name\":\"Bispo denuncia a corrup\u00e7\u00e3o do poder e explora\u00e7\u00e3o dos pobres\"}]},{\"@type\":\"Person\",\"@id\":\"https:\/\/franciscanos.org.br\/noticias\/#\/schema\/person\/b38fbf43118f02820bd932f2e4b14ad3\",\"name\":\"admin\",\"image\":{\"@type\":\"ImageObject\",\"inLanguage\":\"pt-BR\",\"@id\":\"https:\/\/franciscanos.org.br\/noticias\/#\/schema\/person\/image\/\",\"url\":\"https:\/\/secure.gravatar.com\/avatar\/e8495742d34d0ba6448ea1c628263b3e?s=96&d=mm&r=g\",\"contentUrl\":\"https:\/\/secure.gravatar.com\/avatar\/e8495742d34d0ba6448ea1c628263b3e?s=96&d=mm&r=g\",\"caption\":\"admin\"},\"url\":\"https:\/\/franciscanos.org.br\/noticias\/author\/admin\"}]}<\/script>\n<!-- \/ Yoast SEO plugin. -->","yoast_head_json":{"title":"Bispo denuncia a corrup\u00e7\u00e3o do poder e explora\u00e7\u00e3o dos pobres - Not\u00edcias - Franciscanos","robots":{"index":"index","follow":"follow","max-snippet":"max-snippet:-1","max-image-preview":"max-image-preview:large","max-video-preview":"max-video-preview:-1"},"canonical":"https:\/\/franciscanos.org.br\/noticias\/romaria-de-cachoeiro-do-itapemirim-bispo-denuncia-a-corrupcao-do-poder-e-exploracao-dos-pobres-no-brasil.html","og_locale":"pt_BR","og_type":"article","og_title":"Bispo denuncia a corrup\u00e7\u00e3o do poder e explora\u00e7\u00e3o dos pobres - Not\u00edcias - Franciscanos","og_description":"Festa da Penha 2017","og_url":"https:\/\/franciscanos.org.br\/noticias\/romaria-de-cachoeiro-do-itapemirim-bispo-denuncia-a-corrupcao-do-poder-e-exploracao-dos-pobres-no-brasil.html","og_site_name":"Not\u00edcias - Franciscanos","article_published_time":"2017-04-22T20:44:11+00:00","article_modified_time":"2019-01-24T16:10:55+00:00","og_image":[{"width":273,"height":181,"url":"https:\/\/franciscanos.org.br\/noticias\/wp-content\/uploads\/2017\/04\/penha_220417p.jpg","type":"image\/jpeg"}],"author":"admin","twitter_card":"summary_large_image","twitter_misc":{"Escrito por":"admin","Est. tempo de leitura":"4 minutos"},"schema":{"@context":"https:\/\/schema.org","@graph":[{"@type":"WebSite","@id":"https:\/\/franciscanos.org.br\/noticias\/#website","url":"https:\/\/franciscanos.org.br\/noticias\/","name":"Not\u00edcias - Franciscanos","description":"Prov\u00edncia Franciscana da Imaculada Concei\u00e7\u00e3o do Brasil - Ordem dos Frades Menores - OFM","potentialAction":[{"@type":"SearchAction","target":{"@type":"EntryPoint","urlTemplate":"https:\/\/franciscanos.org.br\/noticias\/?s={search_term_string}"},"query-input":"required name=search_term_string"}],"inLanguage":"pt-BR"},{"@type":"ImageObject","inLanguage":"pt-BR","@id":"https:\/\/franciscanos.org.br\/noticias\/romaria-de-cachoeiro-do-itapemirim-bispo-denuncia-a-corrupcao-do-poder-e-exploracao-dos-pobres-no-brasil.html#primaryimage","url":"https:\/\/franciscanos.org.br\/noticias\/wp-content\/uploads\/2017\/04\/penha_220417p.jpg","contentUrl":"https:\/\/franciscanos.org.br\/noticias\/wp-content\/uploads\/2017\/04\/penha_220417p.jpg","width":273,"height":181},{"@type":"WebPage","@id":"https:\/\/franciscanos.org.br\/noticias\/romaria-de-cachoeiro-do-itapemirim-bispo-denuncia-a-corrupcao-do-poder-e-exploracao-dos-pobres-no-brasil.html#webpage","url":"https:\/\/franciscanos.org.br\/noticias\/romaria-de-cachoeiro-do-itapemirim-bispo-denuncia-a-corrupcao-do-poder-e-exploracao-dos-pobres-no-brasil.html","name":"Bispo denuncia a corrup\u00e7\u00e3o do poder e explora\u00e7\u00e3o dos pobres - Not\u00edcias - Franciscanos","isPartOf":{"@id":"https:\/\/franciscanos.org.br\/noticias\/#website"},"primaryImageOfPage":{"@id":"https:\/\/franciscanos.org.br\/noticias\/romaria-de-cachoeiro-do-itapemirim-bispo-denuncia-a-corrupcao-do-poder-e-exploracao-dos-pobres-no-brasil.html#primaryimage"},"datePublished":"2017-04-22T20:44:11+00:00","dateModified":"2019-01-24T16:10:55+00:00","author":{"@id":"https:\/\/franciscanos.org.br\/noticias\/#\/schema\/person\/b38fbf43118f02820bd932f2e4b14ad3"},"breadcrumb":{"@id":"https:\/\/franciscanos.org.br\/noticias\/romaria-de-cachoeiro-do-itapemirim-bispo-denuncia-a-corrupcao-do-poder-e-exploracao-dos-pobres-no-brasil.html#breadcrumb"},"inLanguage":"pt-BR","potentialAction":[{"@type":"ReadAction","target":["https:\/\/franciscanos.org.br\/noticias\/romaria-de-cachoeiro-do-itapemirim-bispo-denuncia-a-corrupcao-do-poder-e-exploracao-dos-pobres-no-brasil.html"]}]},{"@type":"BreadcrumbList","@id":"https:\/\/franciscanos.org.br\/noticias\/romaria-de-cachoeiro-do-itapemirim-bispo-denuncia-a-corrupcao-do-poder-e-exploracao-dos-pobres-no-brasil.html#breadcrumb","itemListElement":[{"@type":"ListItem","position":1,"name":"Home","item":"https:\/\/franciscanos.org.br\/noticias"},{"@type":"ListItem","position":2,"name":"Bispo denuncia a corrup\u00e7\u00e3o do poder e explora\u00e7\u00e3o dos pobres"}]},{"@type":"Person","@id":"https:\/\/franciscanos.org.br\/noticias\/#\/schema\/person\/b38fbf43118f02820bd932f2e4b14ad3","name":"admin","image":{"@type":"ImageObject","inLanguage":"pt-BR","@id":"https:\/\/franciscanos.org.br\/noticias\/#\/schema\/person\/image\/","url":"https:\/\/secure.gravatar.com\/avatar\/e8495742d34d0ba6448ea1c628263b3e?s=96&d=mm&r=g","contentUrl":"https:\/\/secure.gravatar.com\/avatar\/e8495742d34d0ba6448ea1c628263b3e?s=96&d=mm&r=g","caption":"admin"},"url":"https:\/\/franciscanos.org.br\/noticias\/author\/admin"}]}},"_links":{"self":[{"href":"https:\/\/franciscanos.org.br\/noticias\/wp-json\/wp\/v2\/posts\/131748"}],"collection":[{"href":"https:\/\/franciscanos.org.br\/noticias\/wp-json\/wp\/v2\/posts"}],"about":[{"href":"https:\/\/franciscanos.org.br\/noticias\/wp-json\/wp\/v2\/types\/post"}],"author":[{"embeddable":true,"href":"https:\/\/franciscanos.org.br\/noticias\/wp-json\/wp\/v2\/users\/1"}],"replies":[{"embeddable":true,"href":"https:\/\/franciscanos.org.br\/noticias\/wp-json\/wp\/v2\/comments?post=131748"}],"version-history":[{"count":0,"href":"https:\/\/franciscanos.org.br\/noticias\/wp-json\/wp\/v2\/posts\/131748\/revisions"}],"wp:featuredmedia":[{"embeddable":true,"href":"https:\/\/franciscanos.org.br\/noticias\/wp-json\/wp\/v2\/media\/196852"}],"wp:attachment":[{"href":"https:\/\/franciscanos.org.br\/noticias\/wp-json\/wp\/v2\/media?parent=131748"}],"wp:term":[{"taxonomy":"category","embeddable":true,"href":"https:\/\/franciscanos.org.br\/noticias\/wp-json\/wp\/v2\/categories?post=131748"},{"taxonomy":"post_tag","embeddable":true,"href":"https:\/\/franciscanos.org.br\/noticias\/wp-json\/wp\/v2\/tags?post=131748"}],"curies":[{"name":"wp","href":"https:\/\/api.w.org\/{rel}","templated":true}]}}