{"id":131680,"date":"2017-04-22T23:07:05","date_gmt":"2017-04-23T02:07:05","guid":{"rendered":"http:\/\/franciscanos.org.br\/?p=131680"},"modified":"2020-03-05T13:14:48","modified_gmt":"2020-03-05T16:14:48","slug":"retiro-termina-com-missa-de-acao-de-gracas-e-festa-junina","status":"publish","type":"post","link":"https:\/\/franciscanos.org.br\/noticias\/retiro-termina-com-missa-de-acao-de-gracas-e-festa-junina.html","title":{"rendered":"Retiro termina com Missa de A\u00e7\u00e3o de Gra\u00e7as e festa junina"},"content":{"rendered":"<p><img loading=\"lazy\" class=\"alignnone size-full wp-image-196452\" src=\"https:\/\/franciscanos.org.br\/noticias\/wp-content\/uploads\/2017\/04\/missa_220417_1.jpg\" alt=\"\" width=\"830\" height=\"623\" srcset=\"https:\/\/franciscanos.org.br\/noticias\/wp-content\/uploads\/2017\/04\/missa_220417_1.jpg 830w, https:\/\/franciscanos.org.br\/noticias\/wp-content\/uploads\/2017\/04\/missa_220417_1-450x338.jpg 450w, https:\/\/franciscanos.org.br\/noticias\/wp-content\/uploads\/2017\/04\/missa_220417_1-768x576.jpg 768w, https:\/\/franciscanos.org.br\/noticias\/wp-content\/uploads\/2017\/04\/missa_220417_1-150x113.jpg 150w\" sizes=\"(max-width: 830px) 100vw, 830px\" \/><\/p>\n<p><strong>Moacir Beggo<\/strong><\/p>\n<p><strong>Agudos (SP)<\/strong> &#8211; O Retiro dos Benfeitores do Pr\u00f3-Voca\u00e7\u00f5es terminou com a Missa em A\u00e7\u00e3o de Gra\u00e7as, \u00e0s 18 horas, e com uma festa junina, que come\u00e7ou \u00e0s 20 horas. Frei Jo\u00e3o Francisco da Silva, o pregador deste encontro, presidiu a Celebra\u00e7\u00e3o Eucar\u00edstica e lembrou que a liturgia deste Domingo da Miseric\u00f3rdia apresenta a nova comunidade que nasce com a f\u00e9 no Ressuscitado.<\/p>\n<p>Segundo o celebrante, do amor pelo Ressuscitado nasce a nova comunidade que \u00e9 a Igreja de Cristo. &#8220;E ela tem justamente a miss\u00e3o de revelar essa novidade trazida pelo Ressuscitado&#8221;. Ao citar o epis\u00f3dio de Tom\u00e9 no Evangelho, Frei Jo\u00e3o recordou que o ap\u00f3stolo estava &#8216;fechado em si&#8217; e n\u00e3o se abriu para o Ressuscitado. Ele relutou em acreditar, mas quando se convenceu, reconheceu Jesus como Senhor e Deus, exclamando: \u201cSenhor meu e Deus meu!\u201d<\/p>\n<p>Segundo o celebrante, naquele ambiente de inseguran\u00e7a, a comunidade n\u00e3o deixou de rezar e celebrar a Eucaristia. Por isso, segundo o frade, quando a dificuldade vier, n\u00e3o devemos nos afastar de nossos irm\u00e3os.<\/p>\n<p>Durante o ofert\u00f3rio, Frei Alvaci promoveu um dos momentos mais emocionantes da celebra\u00e7\u00e3o. Ele revelou que algumas pessoas perguntaram a ele porque n\u00e3o tinha nesta celebra\u00e7\u00e3o as cestinhas para doa\u00e7\u00f5es. Segundo o frade, a maior doa\u00e7\u00e3o era a vida dos benfeitores e convidou a todos a se juntarem ao celebrante no altar, onde permaneceram at\u00e9 a comunh\u00e3o.<\/p>\n<p>No momento de a\u00e7\u00e3o de gra\u00e7as, Frei Alvaci n\u00e3o poupou agradecimentos aos benfeitores pela fidelidade e compromisso com este servi\u00e7o em prol das voca\u00e7\u00f5es na Prov\u00edncia. Para finalizar, leu um acr\u00f3stico em gratid\u00e3o aos benfeitores, escrito por Frei Walter Hugo de Almeida.<\/p>\n<p><img loading=\"lazy\" class=\"alignleft size-full wp-image-131682\" src=\"http:\/\/franciscanos.org.br\/wp-content\/uploads\/2017\/04\/missa_220417_2.jpg\" alt=\"missa_220417_2\" width=\"305\" height=\"500\" \/>Bendito seja Deus que os fez nossos irm\u00e3os,<\/p>\n<p>E pra ajudar a Igreja de nosso Senhor;<\/p>\n<p>Nos deu voc\u00eas e na uni\u00e3o dos cora\u00e7\u00f5es,<\/p>\n<p>fazemos hoje, sim, muitas can\u00e7\u00f5es de amor!&#8230;<\/p>\n<p>E a Prov\u00edncia em sua miss\u00e3o de servi\u00e7o,<\/p>\n<p>iluminada pela sua prece linda,<\/p>\n<p>traz as for\u00e7as e os dons, o vigor e o vi\u00e7o,<\/p>\n<p>o amor de Deus, que nos traduz em Gra\u00e7a infinda&#8230;<\/p>\n<p>Restitui\u00e7\u00e3o s\u00f3 Deus, certo, lhes dar\u00e1,<\/p>\n<p>e em comunh\u00e3o a Prov\u00edncia ora &#8211; Tudo anil!&#8230;<\/p>\n<p>Sempre unido ao Pr\u00f3-Voca\u00e7\u00f5es se alegrar\u00e1,<\/p>\n<p>para o bem do reino, da Igreja e do Brasil.<\/p>\n<p>Recebam nossas b\u00ean\u00e7\u00e3os, nossa gratid\u00e3o,<\/p>\n<p>o amor de todos e de cada um de n\u00f3s,<\/p>\n<p>Voc\u00eas, companheiros desta estrada de irm\u00e3o,<\/p>\n<p>o amor do reino, obedecendo \u00e0 Santa Voz.<\/p>\n<p>Cantem, sim, sempre inventem novas primaveras,<\/p>\n<p>amem sempre, palmo a palmo, o ch\u00e3o da estrada,<\/p>\n<p>cantem, sim, sempre inventem novas primaveras,<\/p>\n<p>Ousem levar sua obla\u00e7\u00e3o, bela e sagrada,<\/p>\n<p>e felizes v\u00e3o, apontando novas eras!&#8230;<\/p>\n<p>Seja o Senhor bendito para sempre! Am\u00e9m!<\/p>\n<p><img loading=\"lazy\" src=\"http:\/\/franciscanos.org.br\/wp-content\/uploads\/2017\/04\/missa_220417_4.jpg\" alt=\"missa_220417_4\" width=\"830\" height=\"372\" \/><\/p>\n<p>Pedro e Elisabeth, o casal que estar\u00e1 completando 50 anos de casamento no dia 13 de maio, dia de Nossa Senhora F\u00e1tima, foi chamado pelo celebrante para receber uma b\u00ean\u00e7\u00e3o especial.<\/p>\n<p>Isabel, pelos benfeitores, agradeceu aos frades pela acolhida e pelos ensinamentos. &#8220;Os frades nos conquistam pelo carinho e n\u00e3o por imposi\u00e7\u00f5es. Levamos muitas li\u00e7\u00f5es deste retiro. Voc\u00eas estar\u00e3o sempre nas nossas ora\u00e7\u00f5es&#8221;, disse, pedindo para rezar uma Ave Maria.<\/p>\n<p><img loading=\"lazy\" src=\"http:\/\/franciscanos.org.br\/wp-content\/uploads\/2017\/04\/missa_220417_5.jpg\" alt=\"missa_220417_5\" width=\"830\" height=\"417\" \/><\/p>\n<p><em>Frei Alexandre e o funcion\u00e1rio Marcelo Miranda explicam as novas regras para o boleto de doa\u00e7\u00f5es.<\/em><\/p>\n<p>O retiro teve na parte da tarde um momento com Frei Alexandre Rohling, que apresentou aos benfeitores a Prov\u00edncia da Imaculada Concei\u00e7\u00e3o, suas fraternidades, par\u00f3quias e casas de forma\u00e7\u00e3o, assim como a Miss\u00e3o de Angola.<\/p>\n<p>O Retiro terminou com uma Festa Junina com direito a fogueira, quent\u00e3o, pipoca, doces&#8230;. Frei Alexandre Rohling n\u00e3o parou um s\u00f3 minuto e garantiu a anima\u00e7\u00e3o dos cerca de cem benfeitores, funcion\u00e1rios e frades que se juntaram para a festa de despedida. Todos receber\u00e3o a b\u00ean\u00e7\u00e3o do envio neste domingo, logo ap\u00f3s o caf\u00e9 da manh\u00e3.<\/p>\n","protected":false},"excerpt":{"rendered":"<p>Retiro dos Benfeitores do PVF<\/p>\n","protected":false},"author":1,"featured_media":196452,"comment_status":"open","ping_status":"open","sticky":false,"template":"","format":"standard","meta":[],"categories":[1],"tags":[1476],"acf":[],"yoast_head":"<!-- This site is optimized with the Yoast SEO plugin v19.2 - https:\/\/yoast.com\/wordpress\/plugins\/seo\/ -->\n<title>Retiro termina com Missa de A\u00e7\u00e3o de Gra\u00e7as e festa junina - Not\u00edcias - Franciscanos<\/title>\n<meta name=\"robots\" content=\"index, follow, max-snippet:-1, max-image-preview:large, max-video-preview:-1\" \/>\n<link rel=\"canonical\" href=\"https:\/\/franciscanos.org.br\/noticias\/retiro-termina-com-missa-de-acao-de-gracas-e-festa-junina.html\" \/>\n<meta property=\"og:locale\" content=\"pt_BR\" \/>\n<meta property=\"og:type\" content=\"article\" \/>\n<meta property=\"og:title\" content=\"Retiro termina com Missa de A\u00e7\u00e3o de Gra\u00e7as e festa junina - Not\u00edcias - Franciscanos\" \/>\n<meta property=\"og:description\" content=\"Retiro dos Benfeitores do PVF\" \/>\n<meta property=\"og:url\" content=\"https:\/\/franciscanos.org.br\/noticias\/retiro-termina-com-missa-de-acao-de-gracas-e-festa-junina.html\" \/>\n<meta property=\"og:site_name\" content=\"Not\u00edcias - Franciscanos\" \/>\n<meta property=\"article:published_time\" content=\"2017-04-23T02:07:05+00:00\" \/>\n<meta property=\"article:modified_time\" content=\"2020-03-05T16:14:48+00:00\" \/>\n<meta property=\"og:image\" content=\"https:\/\/franciscanos.org.br\/noticias\/wp-content\/uploads\/2017\/04\/missa_220417_1.jpg\" \/>\n\t<meta property=\"og:image:width\" content=\"830\" \/>\n\t<meta property=\"og:image:height\" content=\"623\" \/>\n\t<meta property=\"og:image:type\" content=\"image\/jpeg\" \/>\n<meta name=\"author\" content=\"admin\" \/>\n<meta name=\"twitter:card\" content=\"summary_large_image\" \/>\n<meta name=\"twitter:label1\" content=\"Escrito por\" \/>\n\t<meta name=\"twitter:data1\" content=\"admin\" \/>\n\t<meta name=\"twitter:label2\" content=\"Est. tempo de leitura\" \/>\n\t<meta name=\"twitter:data2\" content=\"3 minutos\" \/>\n<script type=\"application\/ld+json\" class=\"yoast-schema-graph\">{\"@context\":\"https:\/\/schema.org\",\"@graph\":[{\"@type\":\"WebSite\",\"@id\":\"https:\/\/franciscanos.org.br\/noticias\/#website\",\"url\":\"https:\/\/franciscanos.org.br\/noticias\/\",\"name\":\"Not\u00edcias - Franciscanos\",\"description\":\"Prov\u00edncia Franciscana da Imaculada Concei\u00e7\u00e3o do Brasil - Ordem dos Frades Menores - OFM\",\"potentialAction\":[{\"@type\":\"SearchAction\",\"target\":{\"@type\":\"EntryPoint\",\"urlTemplate\":\"https:\/\/franciscanos.org.br\/noticias\/?s={search_term_string}\"},\"query-input\":\"required name=search_term_string\"}],\"inLanguage\":\"pt-BR\"},{\"@type\":\"ImageObject\",\"inLanguage\":\"pt-BR\",\"@id\":\"https:\/\/franciscanos.org.br\/noticias\/retiro-termina-com-missa-de-acao-de-gracas-e-festa-junina.html#primaryimage\",\"url\":\"https:\/\/franciscanos.org.br\/noticias\/wp-content\/uploads\/2017\/04\/missa_220417_1.jpg\",\"contentUrl\":\"https:\/\/franciscanos.org.br\/noticias\/wp-content\/uploads\/2017\/04\/missa_220417_1.jpg\",\"width\":830,\"height\":623},{\"@type\":\"WebPage\",\"@id\":\"https:\/\/franciscanos.org.br\/noticias\/retiro-termina-com-missa-de-acao-de-gracas-e-festa-junina.html#webpage\",\"url\":\"https:\/\/franciscanos.org.br\/noticias\/retiro-termina-com-missa-de-acao-de-gracas-e-festa-junina.html\",\"name\":\"Retiro termina com Missa de A\u00e7\u00e3o de Gra\u00e7as e festa junina - Not\u00edcias - Franciscanos\",\"isPartOf\":{\"@id\":\"https:\/\/franciscanos.org.br\/noticias\/#website\"},\"primaryImageOfPage\":{\"@id\":\"https:\/\/franciscanos.org.br\/noticias\/retiro-termina-com-missa-de-acao-de-gracas-e-festa-junina.html#primaryimage\"},\"datePublished\":\"2017-04-23T02:07:05+00:00\",\"dateModified\":\"2020-03-05T16:14:48+00:00\",\"author\":{\"@id\":\"https:\/\/franciscanos.org.br\/noticias\/#\/schema\/person\/b38fbf43118f02820bd932f2e4b14ad3\"},\"breadcrumb\":{\"@id\":\"https:\/\/franciscanos.org.br\/noticias\/retiro-termina-com-missa-de-acao-de-gracas-e-festa-junina.html#breadcrumb\"},\"inLanguage\":\"pt-BR\",\"potentialAction\":[{\"@type\":\"ReadAction\",\"target\":[\"https:\/\/franciscanos.org.br\/noticias\/retiro-termina-com-missa-de-acao-de-gracas-e-festa-junina.html\"]}]},{\"@type\":\"BreadcrumbList\",\"@id\":\"https:\/\/franciscanos.org.br\/noticias\/retiro-termina-com-missa-de-acao-de-gracas-e-festa-junina.html#breadcrumb\",\"itemListElement\":[{\"@type\":\"ListItem\",\"position\":1,\"name\":\"Home\",\"item\":\"https:\/\/franciscanos.org.br\/noticias\"},{\"@type\":\"ListItem\",\"position\":2,\"name\":\"Retiro termina com Missa de A\u00e7\u00e3o de Gra\u00e7as e festa junina\"}]},{\"@type\":\"Person\",\"@id\":\"https:\/\/franciscanos.org.br\/noticias\/#\/schema\/person\/b38fbf43118f02820bd932f2e4b14ad3\",\"name\":\"admin\",\"image\":{\"@type\":\"ImageObject\",\"inLanguage\":\"pt-BR\",\"@id\":\"https:\/\/franciscanos.org.br\/noticias\/#\/schema\/person\/image\/\",\"url\":\"https:\/\/secure.gravatar.com\/avatar\/e8495742d34d0ba6448ea1c628263b3e?s=96&d=mm&r=g\",\"contentUrl\":\"https:\/\/secure.gravatar.com\/avatar\/e8495742d34d0ba6448ea1c628263b3e?s=96&d=mm&r=g\",\"caption\":\"admin\"},\"url\":\"https:\/\/franciscanos.org.br\/noticias\/author\/admin\"}]}<\/script>\n<!-- \/ Yoast SEO plugin. -->","yoast_head_json":{"title":"Retiro termina com Missa de A\u00e7\u00e3o de Gra\u00e7as e festa junina - Not\u00edcias - Franciscanos","robots":{"index":"index","follow":"follow","max-snippet":"max-snippet:-1","max-image-preview":"max-image-preview:large","max-video-preview":"max-video-preview:-1"},"canonical":"https:\/\/franciscanos.org.br\/noticias\/retiro-termina-com-missa-de-acao-de-gracas-e-festa-junina.html","og_locale":"pt_BR","og_type":"article","og_title":"Retiro termina com Missa de A\u00e7\u00e3o de Gra\u00e7as e festa junina - Not\u00edcias - Franciscanos","og_description":"Retiro dos Benfeitores do PVF","og_url":"https:\/\/franciscanos.org.br\/noticias\/retiro-termina-com-missa-de-acao-de-gracas-e-festa-junina.html","og_site_name":"Not\u00edcias - Franciscanos","article_published_time":"2017-04-23T02:07:05+00:00","article_modified_time":"2020-03-05T16:14:48+00:00","og_image":[{"width":830,"height":623,"url":"https:\/\/franciscanos.org.br\/noticias\/wp-content\/uploads\/2017\/04\/missa_220417_1.jpg","type":"image\/jpeg"}],"author":"admin","twitter_card":"summary_large_image","twitter_misc":{"Escrito por":"admin","Est. tempo de leitura":"3 minutos"},"schema":{"@context":"https:\/\/schema.org","@graph":[{"@type":"WebSite","@id":"https:\/\/franciscanos.org.br\/noticias\/#website","url":"https:\/\/franciscanos.org.br\/noticias\/","name":"Not\u00edcias - Franciscanos","description":"Prov\u00edncia Franciscana da Imaculada Concei\u00e7\u00e3o do Brasil - Ordem dos Frades Menores - OFM","potentialAction":[{"@type":"SearchAction","target":{"@type":"EntryPoint","urlTemplate":"https:\/\/franciscanos.org.br\/noticias\/?s={search_term_string}"},"query-input":"required name=search_term_string"}],"inLanguage":"pt-BR"},{"@type":"ImageObject","inLanguage":"pt-BR","@id":"https:\/\/franciscanos.org.br\/noticias\/retiro-termina-com-missa-de-acao-de-gracas-e-festa-junina.html#primaryimage","url":"https:\/\/franciscanos.org.br\/noticias\/wp-content\/uploads\/2017\/04\/missa_220417_1.jpg","contentUrl":"https:\/\/franciscanos.org.br\/noticias\/wp-content\/uploads\/2017\/04\/missa_220417_1.jpg","width":830,"height":623},{"@type":"WebPage","@id":"https:\/\/franciscanos.org.br\/noticias\/retiro-termina-com-missa-de-acao-de-gracas-e-festa-junina.html#webpage","url":"https:\/\/franciscanos.org.br\/noticias\/retiro-termina-com-missa-de-acao-de-gracas-e-festa-junina.html","name":"Retiro termina com Missa de A\u00e7\u00e3o de Gra\u00e7as e festa junina - Not\u00edcias - Franciscanos","isPartOf":{"@id":"https:\/\/franciscanos.org.br\/noticias\/#website"},"primaryImageOfPage":{"@id":"https:\/\/franciscanos.org.br\/noticias\/retiro-termina-com-missa-de-acao-de-gracas-e-festa-junina.html#primaryimage"},"datePublished":"2017-04-23T02:07:05+00:00","dateModified":"2020-03-05T16:14:48+00:00","author":{"@id":"https:\/\/franciscanos.org.br\/noticias\/#\/schema\/person\/b38fbf43118f02820bd932f2e4b14ad3"},"breadcrumb":{"@id":"https:\/\/franciscanos.org.br\/noticias\/retiro-termina-com-missa-de-acao-de-gracas-e-festa-junina.html#breadcrumb"},"inLanguage":"pt-BR","potentialAction":[{"@type":"ReadAction","target":["https:\/\/franciscanos.org.br\/noticias\/retiro-termina-com-missa-de-acao-de-gracas-e-festa-junina.html"]}]},{"@type":"BreadcrumbList","@id":"https:\/\/franciscanos.org.br\/noticias\/retiro-termina-com-missa-de-acao-de-gracas-e-festa-junina.html#breadcrumb","itemListElement":[{"@type":"ListItem","position":1,"name":"Home","item":"https:\/\/franciscanos.org.br\/noticias"},{"@type":"ListItem","position":2,"name":"Retiro termina com Missa de A\u00e7\u00e3o de Gra\u00e7as e festa junina"}]},{"@type":"Person","@id":"https:\/\/franciscanos.org.br\/noticias\/#\/schema\/person\/b38fbf43118f02820bd932f2e4b14ad3","name":"admin","image":{"@type":"ImageObject","inLanguage":"pt-BR","@id":"https:\/\/franciscanos.org.br\/noticias\/#\/schema\/person\/image\/","url":"https:\/\/secure.gravatar.com\/avatar\/e8495742d34d0ba6448ea1c628263b3e?s=96&d=mm&r=g","contentUrl":"https:\/\/secure.gravatar.com\/avatar\/e8495742d34d0ba6448ea1c628263b3e?s=96&d=mm&r=g","caption":"admin"},"url":"https:\/\/franciscanos.org.br\/noticias\/author\/admin"}]}},"_links":{"self":[{"href":"https:\/\/franciscanos.org.br\/noticias\/wp-json\/wp\/v2\/posts\/131680"}],"collection":[{"href":"https:\/\/franciscanos.org.br\/noticias\/wp-json\/wp\/v2\/posts"}],"about":[{"href":"https:\/\/franciscanos.org.br\/noticias\/wp-json\/wp\/v2\/types\/post"}],"author":[{"embeddable":true,"href":"https:\/\/franciscanos.org.br\/noticias\/wp-json\/wp\/v2\/users\/1"}],"replies":[{"embeddable":true,"href":"https:\/\/franciscanos.org.br\/noticias\/wp-json\/wp\/v2\/comments?post=131680"}],"version-history":[{"count":0,"href":"https:\/\/franciscanos.org.br\/noticias\/wp-json\/wp\/v2\/posts\/131680\/revisions"}],"wp:featuredmedia":[{"embeddable":true,"href":"https:\/\/franciscanos.org.br\/noticias\/wp-json\/wp\/v2\/media\/196452"}],"wp:attachment":[{"href":"https:\/\/franciscanos.org.br\/noticias\/wp-json\/wp\/v2\/media?parent=131680"}],"wp:term":[{"taxonomy":"category","embeddable":true,"href":"https:\/\/franciscanos.org.br\/noticias\/wp-json\/wp\/v2\/categories?post=131680"},{"taxonomy":"post_tag","embeddable":true,"href":"https:\/\/franciscanos.org.br\/noticias\/wp-json\/wp\/v2\/tags?post=131680"}],"curies":[{"name":"wp","href":"https:\/\/api.w.org\/{rel}","templated":true}]}}