{"id":131538,"date":"2017-04-22T15:08:59","date_gmt":"2017-04-22T18:08:59","guid":{"rendered":"http:\/\/franciscanos.org.br\/?p=131538"},"modified":"2019-01-24T13:40:02","modified_gmt":"2019-01-24T15:40:02","slug":"comecam-as-grandes-romarias-ao-convento-da-penha","status":"publish","type":"post","link":"https:\/\/franciscanos.org.br\/noticias\/comecam-as-grandes-romarias-ao-convento-da-penha.html","title":{"rendered":"Come\u00e7am as grandes romarias da Penha"},"content":{"rendered":"<p><img loading=\"lazy\" class=\"alignleft size-full wp-image-196831\" src=\"https:\/\/franciscanos.org.br\/noticias\/wp-content\/uploads\/2017\/04\/penhaG_2204171.jpg\" alt=\"\" width=\"830\" height=\"420\" srcset=\"https:\/\/franciscanos.org.br\/noticias\/wp-content\/uploads\/2017\/04\/penhaG_2204171.jpg 830w, https:\/\/franciscanos.org.br\/noticias\/wp-content\/uploads\/2017\/04\/penhaG_2204171-450x228.jpg 450w, https:\/\/franciscanos.org.br\/noticias\/wp-content\/uploads\/2017\/04\/penhaG_2204171-768x389.jpg 768w, https:\/\/franciscanos.org.br\/noticias\/wp-content\/uploads\/2017\/04\/penhaG_2204171-150x76.jpg 150w\" sizes=\"(max-width: 830px) 100vw, 830px\" \/><\/p>\n<p><strong>ROMARIA DA DIOCESE DE S\u00c3O MATEUS RECORDA DESAFIOS E ESPERAN\u00c7A DOS CAPIXABAS<\/strong><\/p>\n<p><strong>Frei Gustavo Medella<\/strong><\/p>\n<p><strong>Vila Velha (ES) <\/strong>&#8211; Na manh\u00e3 deste s\u00e1bado dia 22, foi a vez da Diocese de S\u00e3o Mateus, regi\u00e3o Norte do Esp\u00edrito Santo, subir ao Convento para prestar sua homenagem \u00e0 Virgem da Penha. Liderados pelo Bispo Diocesano, Dom Paulo Bosi Dal\u2019B\u00f3, padres, seminaristas, religiosos e fi\u00e9is das 23 par\u00f3quias que comp\u00f5em a Diocese foram acolhidos pela Fraternidade do Convento e celebraram a Eucaristia a partir das 8h, sob um belo c\u00e9u azul e sol radiante.<\/p>\n<p>Neste ano, algumas motiva\u00e7\u00f5es especiais vieram dar um colorido especial \u00e0 Romaria, entre eles o in\u00edcio dos preparativos para a celebra\u00e7\u00e3o dos 60 anos da diocese, a comemora\u00e7\u00e3o dia 15 anos do novo Semin\u00e1rio S\u00e3o Mateus e, tamb\u00e9m, a admiss\u00e3o como candidato \u00e0s ordens sacras do seminarista Ramon Vila\u00e7a (3\u00ba ano de Teologia) e a institui\u00e7\u00e3o ao minist\u00e9rio de Leitor ao seminarista Edson Delfino (4\u00ba ano de Teologia). Tamb\u00e9m estava presente \u00e0 celebra\u00e7\u00e3o Monsenhor Edvalter Andrade, padre do clero de S\u00e3o Mateus nomeado recentemente pelo Papa Francisco como bispo da Diocese de Floriano, no Piau\u00ed.<\/p>\n<p><img loading=\"lazy\" class=\"alignleft size-medium wp-image-196841\" src=\"https:\/\/franciscanos.org.br\/noticias\/wp-content\/uploads\/2017\/04\/penha1_220417-450x338.jpg\" alt=\"\" width=\"450\" height=\"338\" srcset=\"https:\/\/franciscanos.org.br\/noticias\/wp-content\/uploads\/2017\/04\/penha1_220417-450x338.jpg 450w, https:\/\/franciscanos.org.br\/noticias\/wp-content\/uploads\/2017\/04\/penha1_220417-150x113.jpg 150w, https:\/\/franciscanos.org.br\/noticias\/wp-content\/uploads\/2017\/04\/penha1_220417.jpg 640w\" sizes=\"(max-width: 450px) 100vw, 450px\" \/>Na homilia, Dom Paulo recordou a atualidade do convite e do envio que Jesus apresentou aos primeiros disc\u00edpulos: &#8220;&#8216;Ide ao mundo inteiro e pregai o evangelho a toda criatura&#8217;. Esse an\u00fancio de Jesus \u00e0 comunidade dos ap\u00f3stolos, que representa a comunidade daqueles que creem, hoje n\u00f3s recebemos o mesmo chamado e o mesmo envio. N\u00f3s somos os comunicadores da Palavra hoje&#8221;, disse. O bispo tamb\u00e9m fez men\u00e7\u00e3o aos desafios atualmente enfrentados pelos capixabas: &#8220;Eu acredito que Maria, ao visitar seus filhos e filhas neste estado do Esp\u00edrito Santo, as suas l\u00e1grimas ainda correm, por encontrar ainda em nosso estado muitos \u00f3rf\u00e3os, muitos filhos e filhas se perdendo no mundo das drogas, da prostitui\u00e7\u00e3o, o crime com \u00edndice elevad\u00edssimo. No campo da pol\u00edtica, muitos se perderam. No campo da escolha, n\u00f3s, como eleitores, tamb\u00e9m nos perdemos. Maria, que vem ao encontro deste estado, talvez traga no rosto o semblante da preocupa\u00e7\u00e3o. Mas por outro lado, Maria traz no rosto o sorriso da alegria por ver a esperan\u00e7a e a resist\u00eancia deste povo capixaba&#8221;, declarou.<\/p>\n<p>Antes da b\u00ean\u00e7\u00e3o final, aconteceu uma encena\u00e7\u00e3o em homenagem a Nossa Senhora. Para emo\u00e7\u00e3o do p\u00fablico, os jovens Marcelo Alipio e Larissa, da Par\u00f3quia Bom Jesus, de \u00c1gua Doce do Norte, nos pap\u00e9is de Jesus e Nossa Senhora da Penha, fizeram uma bela apresenta\u00e7\u00e3o acompanhados de outros jovens.<\/p>\n<p>A Diocese de S\u00e3o Mateus \u00e9 dividida em quatro \u00e1reas (foranias): capixaba, mineira, baiana e praiana. A popula\u00e7\u00e3o do territ\u00f3rio da diocese \u00e9 estimada em 400 mil habitantes.<\/p>\n<hr \/>\n<p><strong><big>ROMARIA DAS PESSOAS COM DEFICI\u00caNCIA<\/big><\/strong><\/p>\n<p><img loading=\"lazy\" class=\"alignleft\" src=\"http:\/\/franciscanos.org.br\/wp-content\/uploads\/2017\/04\/penha2_220417.jpg\" alt=\"penha2_220417\" width=\"830\" height=\"400\" \/><strong>\u00c9rika Augusto<\/strong><\/p>\n<p><strong>Vila Velha (ES)<\/strong> &#8211; Enquanto a Diocese de S\u00e3o Mateus celebrava a Eucaristia no Campinho, diversas entidades de apoio \u00e0 pessoa com defici\u00eancia se reuniam na Pra\u00e7a Duque de Caxias, no centro de Vila Velha, para dar in\u00edcio \u00e0 Romaria das pessoas com\u00a0defici\u00eancia.<\/p>\n<p>O evento acontece desde 2006, dentro da programa\u00e7\u00e3o oficial da Festa da Penha. Mesmo com o calor forte, os romeiros n\u00e3o desanimaram. Muitos carregavam faixas representando suas entidades, e outros pedindo melhorias para a pessoa com defici\u00eancia. Frei Paulo Pereira e Frei Gilson Kammer acompanharam os romeiros, que caminharam cerca de 1km at\u00e9 a Igreja Matriz Nossa Senhora do Ros\u00e1rio, na Prainha. Ali aconteceu a missa campal que encerrou a atividade.<\/p>\n<p>Tamb\u00e9m esteve presente Pe. Carlos Pinto Barbosa, que vem do bairro Afonso Cl\u00e1udio, junto com um grupo. Ele participou das 12 edi\u00e7\u00f5es desta romaria e afirma que este \u00e9 um momento onde pais, educadores e pessoas com defici\u00eancia demonstram sua supera\u00e7\u00e3o. \u201cEles tem suas dificuldades, desde o momento em que saem de casa at\u00e9 chegarem aqui, e n\u00e3o h\u00e1 reclama\u00e7\u00e3o, s\u00f3 louvor e a\u00e7\u00e3o de gra\u00e7as. Tem pessoas aqui que sa\u00edram 3h da manh\u00e3 de casa, e n\u00e3o reclamam\u201d, diz o sacerdote. Para ele, estar aqui \u00e9 motivo de grande for\u00e7a para seu minist\u00e9rio ordenado.<\/p>\n<p>A f\u00e9 \u00e9 o principal motivo da romaria, mas n\u00e3o \u00e9 o \u00fanico. Em cartazes e tamb\u00e9m no carro de som, os participantes pediam melhorias na infraestrutura e a amplia\u00e7\u00e3o de pol\u00edticas p\u00fablicas para a pessoa com defici\u00eancia. Eles criticavam tamb\u00e9m a Lei de terceiriza\u00e7\u00e3o, que prejudica as pessoas com defici\u00eancia, reduzindo as vagas para eles nas empresas.<\/p>\n<p>Por volta das 9h30, teve in\u00edcio a Celebra\u00e7\u00e3o Eucar\u00edstica, que foi presidida por Pe. Carlos. Em sua homilia, ele perguntou a alguns pais presentes qual era a motiva\u00e7\u00e3o deles estarem ali. Emocionados, muitos afirmaram que era um momento de agradecer a Deus pelo dom da vida.<\/p>\n<p>O sacerdote tamb\u00e9m criticou o cen\u00e1rio pol\u00edtico atual, que privilegia a economia, em detrimento dos direitos dos cidad\u00e3os. \u201c\u00c9 triste n\u00f3s olharmos as nossas autoridades que em suas decis\u00f5es, beneficiam a economia, buscam a estabilidade econ\u00f4mica do Estado, mas com um pre\u00e7o muito caro pro povo de Deus. Homens e mulheres que est\u00e3o l\u00e1 , decidindo. Pessoas que fazem planos econ\u00f4micos, pol\u00edticos para nosso Estado, mas que com certeza nunca participaram de uma romaria como esta. N\u00e3o enxergam a realidade do povo de Deus, n\u00e3o enxergam a realidade sofrida de nossas fam\u00edlias, seja no interior, na cidade, aonde for. S\u00f3 enxergam n\u00fameros, dinheiro, poder e realiza\u00e7\u00e3o pessoal. A gan\u00e2ncia passa por cima da necessidade do povo\u201d, afirmou Pe. Carlos.<\/p>\n<p>Ele encerrou sua homilia pedindo que os presentes continuem sendo sinal de esperan\u00e7a na sociedade e que n\u00e3o deixem de buscar os seus direitos, com humildade e simplicidade. \u201cIsto que n\u00f3s fazemos nesta romaria \u00e9 an\u00fancio de esperan\u00e7a, an\u00fancio do Ressuscitado. Quando se reivindica o direito, se est\u00e1 falando do Evangelho, porque voc\u00ea acredita e busca. Que esta romaria mantenha viva a chama da esperan\u00e7a. Por mais dif\u00edcil que seja o caminho do Calv\u00e1rio, no final tem vida, salva\u00e7\u00e3o e esperan\u00e7a\u201d, concluiu.<\/p>\n<p>No final da celebra\u00e7\u00e3o, a Banda de Congo da APAE de Cariacica (ES), se apresentou, sob a dire\u00e7\u00e3o do mestre Jefinho.<\/p>\n<hr \/>\n<p><strong><big>NOSSA SENHORA DA PENHA E OS ADOLESCENTES<\/big><\/strong><\/p>\n<p><img loading=\"lazy\" class=\"alignleft\" src=\"http:\/\/franciscanos.org.br\/wp-content\/uploads\/2017\/04\/penha3_220417.jpg\" alt=\"penha3_220417\" width=\"830\" height=\"420\" \/><strong>\u00c9rika Augusto<\/strong><\/p>\n<p><strong>Vila Velha (ES) &#8211;<\/strong> Ap\u00f3s a celebra\u00e7\u00e3o da Romaria dos deficientes, o carro que conduzia a imagem de Nossa Senhora da Penha seguiu para o Campinho, no Convento da Penha, onde j\u00e1 acontecia a Missa dos Adolescentes. Este \u00e9 o 2\u00ba ano desta Romaria, mas \u00e9 o primeiro ano em que eles participam de forma oficial. V\u00e1rios grupos de perseveran\u00e7a e adolescentes se reuniram debaixo do sol forte para marcar presen\u00e7a na Festa da Penha. O local estava repleto de grupos uniformizados, portando bandeiras, camisetas e outros adere\u00e7os.<\/p>\n<p>A Missa foi presidida por Pe. Diego Carvalho, p\u00e1roco da Par\u00f3quia S\u00e3o Francisco de Assis. Frei Diego Melo, coordenador do Servi\u00e7o de Anima\u00e7\u00e3o Vocacional (SAV), fez os coment\u00e1rios. Concelebraram os padres locais e Pe. Ricardo Ventura, Capel\u00e3o Naval. Em sua homilia, Pe. Diego convocou os jovens a n\u00e3o desanimarem de seus sonhos e perseverarem no seguimento a Jesus Cristo. \u201cAinda bem que voc\u00eas s\u00e3o sonhadores. Diante do mundo em que estamos vivendo, n\u00e3o podemos deixar morrer dentro de n\u00f3s os sonhos. Est\u00e3o tentando a todo tempo matar os nossos sonhos, como mataram o Senhor Jesus\u201d, afirmou.<\/p>\n<p>O sacerdote deu o exemplo do ap\u00f3stolo Pedro, que fez a experi\u00eancia de Jesus e saiu para anunciar a Boa Nova. \u201cCada adolescente, cada &#8216;tio&#8217;, cada um de n\u00f3s, \u00e9 convidado a testemunhar atrav\u00e9s de sua vida. Eu olho para minha vida, para as circunst\u00e2ncias que me cercam, mas eu n\u00e3o perco a esperan\u00e7a, porque o Senhor me leva a acreditar no amanh\u00e3 e me encoraja a ir\u00a0em busca dos sonhos\u201d, acrescentou.<\/p>\n<p>No momento de a\u00e7\u00e3o de gra\u00e7as, alguns jovens fizeram uma coreografia, um <em>flashmob<\/em>. Os jovens que estavam no Campinho acompanharam a dan\u00e7a. Seminaristas da Arquidiocese de Vit\u00f3ria, Frei Gabriel Dellandrea e Frei Leandro Costa deram seu testemunho, falando sobre a voca\u00e7\u00e3o \u00e0 vida religiosa.<\/p>\n<p>Ap\u00f3s a missa, os jovens seguiram em prociss\u00e3o at\u00e9 a Escola de Aprendizes Marinheiros do Espirito Santo, na Prainha. L\u00e1 a imagem foi recebida pelos marinheiros, que levam a imagem de barco at\u00e9 a Catedral de Vit\u00f3ria, para a Romaria dos Homens, que tem in\u00edcio \u00e0s 19h de hoje.<\/p>\n","protected":false},"excerpt":{"rendered":"<p>Festa da Penha 2017<\/p>\n","protected":false},"author":1,"featured_media":196836,"comment_status":"open","ping_status":"open","sticky":false,"template":"","format":"standard","meta":[],"categories":[1],"tags":[245],"acf":[],"yoast_head":"<!-- This site is optimized with the Yoast SEO plugin v19.2 - https:\/\/yoast.com\/wordpress\/plugins\/seo\/ -->\n<title>Come\u00e7am as grandes romarias da Penha - Not\u00edcias - Franciscanos<\/title>\n<meta name=\"robots\" content=\"index, follow, max-snippet:-1, max-image-preview:large, max-video-preview:-1\" \/>\n<link rel=\"canonical\" href=\"https:\/\/franciscanos.org.br\/noticias\/comecam-as-grandes-romarias-ao-convento-da-penha.html\" \/>\n<meta property=\"og:locale\" content=\"pt_BR\" \/>\n<meta property=\"og:type\" content=\"article\" \/>\n<meta property=\"og:title\" content=\"Come\u00e7am as grandes romarias da Penha - Not\u00edcias - Franciscanos\" \/>\n<meta property=\"og:description\" content=\"Festa da Penha 2017\" \/>\n<meta property=\"og:url\" content=\"https:\/\/franciscanos.org.br\/noticias\/comecam-as-grandes-romarias-ao-convento-da-penha.html\" \/>\n<meta property=\"og:site_name\" content=\"Not\u00edcias - Franciscanos\" \/>\n<meta property=\"article:published_time\" content=\"2017-04-22T18:08:59+00:00\" \/>\n<meta property=\"article:modified_time\" content=\"2019-01-24T15:40:02+00:00\" \/>\n<meta property=\"og:image\" content=\"https:\/\/franciscanos.org.br\/noticias\/wp-content\/uploads\/2017\/04\/penhaP_220417.jpg\" \/>\n\t<meta property=\"og:image:width\" content=\"273\" \/>\n\t<meta property=\"og:image:height\" content=\"181\" \/>\n\t<meta property=\"og:image:type\" content=\"image\/jpeg\" \/>\n<meta name=\"author\" content=\"admin\" \/>\n<meta name=\"twitter:card\" content=\"summary_large_image\" \/>\n<meta name=\"twitter:label1\" content=\"Escrito por\" \/>\n\t<meta name=\"twitter:data1\" content=\"admin\" \/>\n\t<meta name=\"twitter:label2\" content=\"Est. tempo de leitura\" \/>\n\t<meta name=\"twitter:data2\" content=\"7 minutos\" \/>\n<script type=\"application\/ld+json\" class=\"yoast-schema-graph\">{\"@context\":\"https:\/\/schema.org\",\"@graph\":[{\"@type\":\"WebSite\",\"@id\":\"https:\/\/franciscanos.org.br\/noticias\/#website\",\"url\":\"https:\/\/franciscanos.org.br\/noticias\/\",\"name\":\"Not\u00edcias - Franciscanos\",\"description\":\"Prov\u00edncia Franciscana da Imaculada Concei\u00e7\u00e3o do Brasil - Ordem dos Frades Menores - OFM\",\"potentialAction\":[{\"@type\":\"SearchAction\",\"target\":{\"@type\":\"EntryPoint\",\"urlTemplate\":\"https:\/\/franciscanos.org.br\/noticias\/?s={search_term_string}\"},\"query-input\":\"required name=search_term_string\"}],\"inLanguage\":\"pt-BR\"},{\"@type\":\"ImageObject\",\"inLanguage\":\"pt-BR\",\"@id\":\"https:\/\/franciscanos.org.br\/noticias\/comecam-as-grandes-romarias-ao-convento-da-penha.html#primaryimage\",\"url\":\"https:\/\/franciscanos.org.br\/noticias\/wp-content\/uploads\/2017\/04\/penhaP_220417.jpg\",\"contentUrl\":\"https:\/\/franciscanos.org.br\/noticias\/wp-content\/uploads\/2017\/04\/penhaP_220417.jpg\",\"width\":273,\"height\":181},{\"@type\":\"WebPage\",\"@id\":\"https:\/\/franciscanos.org.br\/noticias\/comecam-as-grandes-romarias-ao-convento-da-penha.html#webpage\",\"url\":\"https:\/\/franciscanos.org.br\/noticias\/comecam-as-grandes-romarias-ao-convento-da-penha.html\",\"name\":\"Come\u00e7am as grandes romarias da Penha - Not\u00edcias - Franciscanos\",\"isPartOf\":{\"@id\":\"https:\/\/franciscanos.org.br\/noticias\/#website\"},\"primaryImageOfPage\":{\"@id\":\"https:\/\/franciscanos.org.br\/noticias\/comecam-as-grandes-romarias-ao-convento-da-penha.html#primaryimage\"},\"datePublished\":\"2017-04-22T18:08:59+00:00\",\"dateModified\":\"2019-01-24T15:40:02+00:00\",\"author\":{\"@id\":\"https:\/\/franciscanos.org.br\/noticias\/#\/schema\/person\/b38fbf43118f02820bd932f2e4b14ad3\"},\"breadcrumb\":{\"@id\":\"https:\/\/franciscanos.org.br\/noticias\/comecam-as-grandes-romarias-ao-convento-da-penha.html#breadcrumb\"},\"inLanguage\":\"pt-BR\",\"potentialAction\":[{\"@type\":\"ReadAction\",\"target\":[\"https:\/\/franciscanos.org.br\/noticias\/comecam-as-grandes-romarias-ao-convento-da-penha.html\"]}]},{\"@type\":\"BreadcrumbList\",\"@id\":\"https:\/\/franciscanos.org.br\/noticias\/comecam-as-grandes-romarias-ao-convento-da-penha.html#breadcrumb\",\"itemListElement\":[{\"@type\":\"ListItem\",\"position\":1,\"name\":\"Home\",\"item\":\"https:\/\/franciscanos.org.br\/noticias\"},{\"@type\":\"ListItem\",\"position\":2,\"name\":\"Come\u00e7am as grandes romarias da Penha\"}]},{\"@type\":\"Person\",\"@id\":\"https:\/\/franciscanos.org.br\/noticias\/#\/schema\/person\/b38fbf43118f02820bd932f2e4b14ad3\",\"name\":\"admin\",\"image\":{\"@type\":\"ImageObject\",\"inLanguage\":\"pt-BR\",\"@id\":\"https:\/\/franciscanos.org.br\/noticias\/#\/schema\/person\/image\/\",\"url\":\"https:\/\/secure.gravatar.com\/avatar\/e8495742d34d0ba6448ea1c628263b3e?s=96&d=mm&r=g\",\"contentUrl\":\"https:\/\/secure.gravatar.com\/avatar\/e8495742d34d0ba6448ea1c628263b3e?s=96&d=mm&r=g\",\"caption\":\"admin\"},\"url\":\"https:\/\/franciscanos.org.br\/noticias\/author\/admin\"}]}<\/script>\n<!-- \/ Yoast SEO plugin. -->","yoast_head_json":{"title":"Come\u00e7am as grandes romarias da Penha - Not\u00edcias - Franciscanos","robots":{"index":"index","follow":"follow","max-snippet":"max-snippet:-1","max-image-preview":"max-image-preview:large","max-video-preview":"max-video-preview:-1"},"canonical":"https:\/\/franciscanos.org.br\/noticias\/comecam-as-grandes-romarias-ao-convento-da-penha.html","og_locale":"pt_BR","og_type":"article","og_title":"Come\u00e7am as grandes romarias da Penha - Not\u00edcias - Franciscanos","og_description":"Festa da Penha 2017","og_url":"https:\/\/franciscanos.org.br\/noticias\/comecam-as-grandes-romarias-ao-convento-da-penha.html","og_site_name":"Not\u00edcias - Franciscanos","article_published_time":"2017-04-22T18:08:59+00:00","article_modified_time":"2019-01-24T15:40:02+00:00","og_image":[{"width":273,"height":181,"url":"https:\/\/franciscanos.org.br\/noticias\/wp-content\/uploads\/2017\/04\/penhaP_220417.jpg","type":"image\/jpeg"}],"author":"admin","twitter_card":"summary_large_image","twitter_misc":{"Escrito por":"admin","Est. tempo de leitura":"7 minutos"},"schema":{"@context":"https:\/\/schema.org","@graph":[{"@type":"WebSite","@id":"https:\/\/franciscanos.org.br\/noticias\/#website","url":"https:\/\/franciscanos.org.br\/noticias\/","name":"Not\u00edcias - Franciscanos","description":"Prov\u00edncia Franciscana da Imaculada Concei\u00e7\u00e3o do Brasil - Ordem dos Frades Menores - OFM","potentialAction":[{"@type":"SearchAction","target":{"@type":"EntryPoint","urlTemplate":"https:\/\/franciscanos.org.br\/noticias\/?s={search_term_string}"},"query-input":"required name=search_term_string"}],"inLanguage":"pt-BR"},{"@type":"ImageObject","inLanguage":"pt-BR","@id":"https:\/\/franciscanos.org.br\/noticias\/comecam-as-grandes-romarias-ao-convento-da-penha.html#primaryimage","url":"https:\/\/franciscanos.org.br\/noticias\/wp-content\/uploads\/2017\/04\/penhaP_220417.jpg","contentUrl":"https:\/\/franciscanos.org.br\/noticias\/wp-content\/uploads\/2017\/04\/penhaP_220417.jpg","width":273,"height":181},{"@type":"WebPage","@id":"https:\/\/franciscanos.org.br\/noticias\/comecam-as-grandes-romarias-ao-convento-da-penha.html#webpage","url":"https:\/\/franciscanos.org.br\/noticias\/comecam-as-grandes-romarias-ao-convento-da-penha.html","name":"Come\u00e7am as grandes romarias da Penha - Not\u00edcias - Franciscanos","isPartOf":{"@id":"https:\/\/franciscanos.org.br\/noticias\/#website"},"primaryImageOfPage":{"@id":"https:\/\/franciscanos.org.br\/noticias\/comecam-as-grandes-romarias-ao-convento-da-penha.html#primaryimage"},"datePublished":"2017-04-22T18:08:59+00:00","dateModified":"2019-01-24T15:40:02+00:00","author":{"@id":"https:\/\/franciscanos.org.br\/noticias\/#\/schema\/person\/b38fbf43118f02820bd932f2e4b14ad3"},"breadcrumb":{"@id":"https:\/\/franciscanos.org.br\/noticias\/comecam-as-grandes-romarias-ao-convento-da-penha.html#breadcrumb"},"inLanguage":"pt-BR","potentialAction":[{"@type":"ReadAction","target":["https:\/\/franciscanos.org.br\/noticias\/comecam-as-grandes-romarias-ao-convento-da-penha.html"]}]},{"@type":"BreadcrumbList","@id":"https:\/\/franciscanos.org.br\/noticias\/comecam-as-grandes-romarias-ao-convento-da-penha.html#breadcrumb","itemListElement":[{"@type":"ListItem","position":1,"name":"Home","item":"https:\/\/franciscanos.org.br\/noticias"},{"@type":"ListItem","position":2,"name":"Come\u00e7am as grandes romarias da Penha"}]},{"@type":"Person","@id":"https:\/\/franciscanos.org.br\/noticias\/#\/schema\/person\/b38fbf43118f02820bd932f2e4b14ad3","name":"admin","image":{"@type":"ImageObject","inLanguage":"pt-BR","@id":"https:\/\/franciscanos.org.br\/noticias\/#\/schema\/person\/image\/","url":"https:\/\/secure.gravatar.com\/avatar\/e8495742d34d0ba6448ea1c628263b3e?s=96&d=mm&r=g","contentUrl":"https:\/\/secure.gravatar.com\/avatar\/e8495742d34d0ba6448ea1c628263b3e?s=96&d=mm&r=g","caption":"admin"},"url":"https:\/\/franciscanos.org.br\/noticias\/author\/admin"}]}},"_links":{"self":[{"href":"https:\/\/franciscanos.org.br\/noticias\/wp-json\/wp\/v2\/posts\/131538"}],"collection":[{"href":"https:\/\/franciscanos.org.br\/noticias\/wp-json\/wp\/v2\/posts"}],"about":[{"href":"https:\/\/franciscanos.org.br\/noticias\/wp-json\/wp\/v2\/types\/post"}],"author":[{"embeddable":true,"href":"https:\/\/franciscanos.org.br\/noticias\/wp-json\/wp\/v2\/users\/1"}],"replies":[{"embeddable":true,"href":"https:\/\/franciscanos.org.br\/noticias\/wp-json\/wp\/v2\/comments?post=131538"}],"version-history":[{"count":0,"href":"https:\/\/franciscanos.org.br\/noticias\/wp-json\/wp\/v2\/posts\/131538\/revisions"}],"wp:featuredmedia":[{"embeddable":true,"href":"https:\/\/franciscanos.org.br\/noticias\/wp-json\/wp\/v2\/media\/196836"}],"wp:attachment":[{"href":"https:\/\/franciscanos.org.br\/noticias\/wp-json\/wp\/v2\/media?parent=131538"}],"wp:term":[{"taxonomy":"category","embeddable":true,"href":"https:\/\/franciscanos.org.br\/noticias\/wp-json\/wp\/v2\/categories?post=131538"},{"taxonomy":"post_tag","embeddable":true,"href":"https:\/\/franciscanos.org.br\/noticias\/wp-json\/wp\/v2\/tags?post=131538"}],"curies":[{"name":"wp","href":"https:\/\/api.w.org\/{rel}","templated":true}]}}