{"id":131503,"date":"2017-04-22T14:39:42","date_gmt":"2017-04-22T17:39:42","guid":{"rendered":"http:\/\/franciscanos.org.br\/?p=131503"},"modified":"2019-01-29T11:00:11","modified_gmt":"2019-01-29T13:00:11","slug":"no-dia-da-terra-o-gesto-concreto-dos-benfeitores","status":"publish","type":"post","link":"https:\/\/franciscanos.org.br\/noticias\/no-dia-da-terra-o-gesto-concreto-dos-benfeitores.html","title":{"rendered":"No Dia da Terra, o gesto concreto dos benfeitores"},"content":{"rendered":"<p><strong><img loading=\"lazy\" class=\"alignleft\" src=\"http:\/\/franciscanos.org.br\/wp-content\/uploads\/2017\/04\/sabado_220417_2.jpg\" alt=\"sabado_220417_2\" width=\"830\" height=\"507\" \/>Moacir Beggo<\/strong><\/p>\n<p><strong>Agudos (SP)<\/strong> &#8211; Os benfeitores do Pr\u00f3-Voca\u00e7\u00f5es e Miss\u00f5es Franciscanas que est\u00e3o em retiro no Semin\u00e1rio Santo Ant\u00f4nio de Agudos (SP) tiveram um dia ecol\u00f3gico. E a data n\u00e3o poderia ser mais prop\u00edcia quando se celebra o Dia da Terra. Os benfeitores participaram da Ora\u00e7\u00e3o da Manh\u00e3 na Capela do Semin\u00e1rio, conduzida por Frei Alexandre Rohling, e depois seguiram em prociss\u00e3o at\u00e9 a lateral do campo de futebol, onde foram plantadas tr\u00eas mudas de cedro como gesto concreto neste dia em defesa da M\u00e3e Terra. O cedro \u00e9 conhecido por ser uma madeira uniforme, lisa e lustrosa, e a casca desta \u00e1rvore tem uso medicinal, pois \u00e9 utilizada em casos de \u00falceras e feridas.<\/p>\n<p>Antes de entrar no tema que iniciou na sexta-feira: &#8220;Francisco, o irm\u00e3o universal&#8221;, Frei Jo\u00e3o Francisco da Silva, apresentou o v\u00eddeo &#8220;A Ilha&#8221;, uma anima\u00e7\u00e3o bem humorada, divertida e cr\u00edtica, que trata de educa\u00e7\u00e3o no tr\u00e2nsito e tamb\u00e9m aborda a quest\u00e3o ambiental, bem como os problemas de uma sociedade moderna. Um homem naufraga na cidade ao atravessar uma avenida e fica preso pelo tr\u00e2nsito. Ele espera para poder atravessar novamente por horas, dias, semanas\u2026<\/p>\n<p>Segundo o frade, no dia do descobrimento do Brasil e no Dia da Terra, &#8220;o nosso gesto de plantar aquelas \u00e1rvores simboliza exatamente isso: \u00e9 poss\u00edvel fazer e tornar as coisas diferentes. Acho que o v\u00eddeo tamb\u00e9m sintetiza um pouco isso&#8221;, disse.<\/p>\n<p>&#8220;As solu\u00e7\u00f5es para enfrentar problem\u00e1ticas ambientais n\u00e3o s\u00e3o t\u00e3o complexas assim, bastam medidas simples e gestos pequenos para colaborar com esse sonho de Francisco, que \u00e9 o nosso sonho, que \u00e9 o sonho de Deus desde o in\u00edcio da cria\u00e7\u00e3o.\u00a0 As futuras gera\u00e7\u00f5es t\u00eam o direito de gozar da natureza e de seus recursos como n\u00f3s estamos fazendo at\u00e9 este momento. Mas tudo depende de nossos gestos e atitudes. Gestos concretos, sobretudo, e n\u00e3o apenas ficarmos em devaneios&#8221;, enfatizou Frei Jo\u00e3o.<\/p>\n<p>Segundo o frade, o apelo de Francisco por uma fraternidade universal \u00e9 urgente. &#8220;Isso me faz lembrar tamb\u00e9m daquela hist\u00f3ria de dois meninos muito pobres. O irm\u00e3o mais velho carregava o menor, pois estavam famintos e viviam na pobreza. Vem algu\u00e9m \u2018l\u00e1 de cima\u2019 e diz para o menino mais velho: &#8216;Ele \u00e9 muito pesado pra voc\u00ea! Largue-o no ch\u00e3o!&#8217; O irm\u00e3o mais velho responde: &#8220;N\u00e3o mo\u00e7o, ele n\u00e3o \u00e9 pesado n\u00e3o. Ele \u00e9 meu irm\u00e3o!&#8221;. Ent\u00e3o, enquanto nossos irm\u00e3os se tornarem pesos ou enxergarmos eles como pesos, n\u00e3o encontraremos solu\u00e7\u00f5es para as problem\u00e1ticas que est\u00e3o a\u00ed e para as novas que est\u00e3o surgindo. Da\u00ed, ent\u00e3o, esse grande apelo da \u2018Carta da Terra\u2019 para nos tornamos respons\u00e1veis por tudo aquilo que est\u00e1 diante de nossos olhos. N\u00f3s temos parte. E como diz a placa de caminh\u00e3o: &#8216;N\u00e3o sou o dono do mundo, mas sou o filho do dono do mundo'&#8221;, ilustrou.<\/p>\n<p><img loading=\"lazy\" class=\"alignleft\" src=\"http:\/\/franciscanos.org.br\/wp-content\/uploads\/2017\/04\/sabado_220417_3.jpg\" alt=\"sabado_220417_3\" width=\"830\" height=\"393\" \/><\/p>\n<p>Devemos recuperar o esp\u00edrito de perten\u00e7a a essa grande Casa Comum. &#8220;Vamos organizar juntos a casa&#8221;. A responsabilidade universal \u00e9 necess\u00e1ria, enfatizou o frade.<\/p>\n<p>Frei Jo\u00e3o lembrou que o Papa Francisco na <em>Laudato S\u00ed<\/em> nos provoca com o seu otimismo: &#8220;A esperan\u00e7a convida-nos a reconhecer que sempre h\u00e1 uma sa\u00edda, sempre podemos mudar de rumo, sempre podemos fazer alguma coisa para resolver os problemas&#8221;, escreve no cap\u00edtulo 61 da Enc\u00edclica. Frei Jo\u00e3o falou ainda da ecologia integrada que o Papa Francisco insiste em sua Enc\u00edclica. &#8220;O testemunho de Francisco mostra-nos tamb\u00e9m que uma ecologia integral requer abertura para categorias que transcendem a linguagem das ci\u00eancias exatas ou da biologia e nos p\u00f5em em contato com a ess\u00eancia do ser humano&#8221;, diz o Papa na <em>Laudato S\u00ed.<\/em><\/p>\n<p>Para Frei Jo\u00e3o, n\u00e3o basta saber o que \u00e9 e como fazer, mas \u00e9 preciso dar passos: 1. Avalia\u00e7\u00e3o de nosso estilo de vida, 2. Discernir um novo estilo de vida, e 3. Viver em novo estilo de vida. &#8220;Francisco de Assis nos inspira na pedagogia do cuidado, coopera\u00e7\u00e3o, responsabilidade coletiva com uma nova vis\u00e3o de mundo e um novo cora\u00e7\u00e3o&#8221;, completou Frei Jo\u00e3o.<\/p>\n<p>Antes do almo\u00e7o, os benfeitores pararam um pouco para a foto oficial.<\/p>\n<p><img loading=\"lazy\" class=\"aligncenter\" src=\"http:\/\/franciscanos.org.br\/wp-content\/uploads\/2017\/04\/sabado_220417_1.jpg\" alt=\"sabado_220417_1\" width=\"830\" height=\"337\" \/><\/p>\n<p>&nbsp;<\/p>\n<p>&nbsp;<\/p>\n","protected":false},"excerpt":{"rendered":"<p>Retiro PVF<\/p>\n","protected":false},"author":1,"featured_media":197828,"comment_status":"open","ping_status":"open","sticky":false,"template":"","format":"standard","meta":[],"categories":[1],"tags":[254],"acf":[],"yoast_head":"<!-- This site is optimized with the Yoast SEO plugin v19.2 - https:\/\/yoast.com\/wordpress\/plugins\/seo\/ -->\n<title>No Dia da Terra, o gesto concreto dos benfeitores - Not\u00edcias - Franciscanos<\/title>\n<meta name=\"robots\" content=\"index, follow, max-snippet:-1, max-image-preview:large, max-video-preview:-1\" \/>\n<link rel=\"canonical\" href=\"https:\/\/franciscanos.org.br\/noticias\/no-dia-da-terra-o-gesto-concreto-dos-benfeitores.html\" \/>\n<meta property=\"og:locale\" content=\"pt_BR\" \/>\n<meta property=\"og:type\" content=\"article\" \/>\n<meta property=\"og:title\" content=\"No Dia da Terra, o gesto concreto dos benfeitores - Not\u00edcias - Franciscanos\" \/>\n<meta property=\"og:description\" content=\"Retiro PVF\" \/>\n<meta property=\"og:url\" content=\"https:\/\/franciscanos.org.br\/noticias\/no-dia-da-terra-o-gesto-concreto-dos-benfeitores.html\" \/>\n<meta property=\"og:site_name\" content=\"Not\u00edcias - Franciscanos\" \/>\n<meta property=\"article:published_time\" content=\"2017-04-22T17:39:42+00:00\" \/>\n<meta property=\"article:modified_time\" content=\"2019-01-29T13:00:11+00:00\" \/>\n<meta property=\"og:image\" content=\"https:\/\/franciscanos.org.br\/noticias\/wp-content\/uploads\/2017\/04\/sabado_220417_3.jpg\" \/>\n\t<meta property=\"og:image:width\" content=\"273\" \/>\n\t<meta property=\"og:image:height\" content=\"181\" \/>\n\t<meta property=\"og:image:type\" content=\"image\/jpeg\" \/>\n<meta name=\"author\" content=\"admin\" \/>\n<meta name=\"twitter:card\" content=\"summary_large_image\" \/>\n<meta name=\"twitter:label1\" content=\"Escrito por\" \/>\n\t<meta name=\"twitter:data1\" content=\"admin\" \/>\n\t<meta name=\"twitter:label2\" content=\"Est. tempo de leitura\" \/>\n\t<meta name=\"twitter:data2\" content=\"4 minutos\" \/>\n<script type=\"application\/ld+json\" class=\"yoast-schema-graph\">{\"@context\":\"https:\/\/schema.org\",\"@graph\":[{\"@type\":\"WebSite\",\"@id\":\"https:\/\/franciscanos.org.br\/noticias\/#website\",\"url\":\"https:\/\/franciscanos.org.br\/noticias\/\",\"name\":\"Not\u00edcias - Franciscanos\",\"description\":\"Prov\u00edncia Franciscana da Imaculada Concei\u00e7\u00e3o do Brasil - Ordem dos Frades Menores - OFM\",\"potentialAction\":[{\"@type\":\"SearchAction\",\"target\":{\"@type\":\"EntryPoint\",\"urlTemplate\":\"https:\/\/franciscanos.org.br\/noticias\/?s={search_term_string}\"},\"query-input\":\"required name=search_term_string\"}],\"inLanguage\":\"pt-BR\"},{\"@type\":\"ImageObject\",\"inLanguage\":\"pt-BR\",\"@id\":\"https:\/\/franciscanos.org.br\/noticias\/no-dia-da-terra-o-gesto-concreto-dos-benfeitores.html#primaryimage\",\"url\":\"https:\/\/franciscanos.org.br\/noticias\/wp-content\/uploads\/2017\/04\/sabado_220417_3.jpg\",\"contentUrl\":\"https:\/\/franciscanos.org.br\/noticias\/wp-content\/uploads\/2017\/04\/sabado_220417_3.jpg\",\"width\":273,\"height\":181},{\"@type\":\"WebPage\",\"@id\":\"https:\/\/franciscanos.org.br\/noticias\/no-dia-da-terra-o-gesto-concreto-dos-benfeitores.html#webpage\",\"url\":\"https:\/\/franciscanos.org.br\/noticias\/no-dia-da-terra-o-gesto-concreto-dos-benfeitores.html\",\"name\":\"No Dia da Terra, o gesto concreto dos benfeitores - Not\u00edcias - Franciscanos\",\"isPartOf\":{\"@id\":\"https:\/\/franciscanos.org.br\/noticias\/#website\"},\"primaryImageOfPage\":{\"@id\":\"https:\/\/franciscanos.org.br\/noticias\/no-dia-da-terra-o-gesto-concreto-dos-benfeitores.html#primaryimage\"},\"datePublished\":\"2017-04-22T17:39:42+00:00\",\"dateModified\":\"2019-01-29T13:00:11+00:00\",\"author\":{\"@id\":\"https:\/\/franciscanos.org.br\/noticias\/#\/schema\/person\/b38fbf43118f02820bd932f2e4b14ad3\"},\"breadcrumb\":{\"@id\":\"https:\/\/franciscanos.org.br\/noticias\/no-dia-da-terra-o-gesto-concreto-dos-benfeitores.html#breadcrumb\"},\"inLanguage\":\"pt-BR\",\"potentialAction\":[{\"@type\":\"ReadAction\",\"target\":[\"https:\/\/franciscanos.org.br\/noticias\/no-dia-da-terra-o-gesto-concreto-dos-benfeitores.html\"]}]},{\"@type\":\"BreadcrumbList\",\"@id\":\"https:\/\/franciscanos.org.br\/noticias\/no-dia-da-terra-o-gesto-concreto-dos-benfeitores.html#breadcrumb\",\"itemListElement\":[{\"@type\":\"ListItem\",\"position\":1,\"name\":\"Home\",\"item\":\"https:\/\/franciscanos.org.br\/noticias\"},{\"@type\":\"ListItem\",\"position\":2,\"name\":\"No Dia da Terra, o gesto concreto dos benfeitores\"}]},{\"@type\":\"Person\",\"@id\":\"https:\/\/franciscanos.org.br\/noticias\/#\/schema\/person\/b38fbf43118f02820bd932f2e4b14ad3\",\"name\":\"admin\",\"image\":{\"@type\":\"ImageObject\",\"inLanguage\":\"pt-BR\",\"@id\":\"https:\/\/franciscanos.org.br\/noticias\/#\/schema\/person\/image\/\",\"url\":\"https:\/\/secure.gravatar.com\/avatar\/e8495742d34d0ba6448ea1c628263b3e?s=96&d=mm&r=g\",\"contentUrl\":\"https:\/\/secure.gravatar.com\/avatar\/e8495742d34d0ba6448ea1c628263b3e?s=96&d=mm&r=g\",\"caption\":\"admin\"},\"url\":\"https:\/\/franciscanos.org.br\/noticias\/author\/admin\"}]}<\/script>\n<!-- \/ Yoast SEO plugin. -->","yoast_head_json":{"title":"No Dia da Terra, o gesto concreto dos benfeitores - Not\u00edcias - Franciscanos","robots":{"index":"index","follow":"follow","max-snippet":"max-snippet:-1","max-image-preview":"max-image-preview:large","max-video-preview":"max-video-preview:-1"},"canonical":"https:\/\/franciscanos.org.br\/noticias\/no-dia-da-terra-o-gesto-concreto-dos-benfeitores.html","og_locale":"pt_BR","og_type":"article","og_title":"No Dia da Terra, o gesto concreto dos benfeitores - Not\u00edcias - Franciscanos","og_description":"Retiro PVF","og_url":"https:\/\/franciscanos.org.br\/noticias\/no-dia-da-terra-o-gesto-concreto-dos-benfeitores.html","og_site_name":"Not\u00edcias - Franciscanos","article_published_time":"2017-04-22T17:39:42+00:00","article_modified_time":"2019-01-29T13:00:11+00:00","og_image":[{"width":273,"height":181,"url":"https:\/\/franciscanos.org.br\/noticias\/wp-content\/uploads\/2017\/04\/sabado_220417_3.jpg","type":"image\/jpeg"}],"author":"admin","twitter_card":"summary_large_image","twitter_misc":{"Escrito por":"admin","Est. tempo de leitura":"4 minutos"},"schema":{"@context":"https:\/\/schema.org","@graph":[{"@type":"WebSite","@id":"https:\/\/franciscanos.org.br\/noticias\/#website","url":"https:\/\/franciscanos.org.br\/noticias\/","name":"Not\u00edcias - Franciscanos","description":"Prov\u00edncia Franciscana da Imaculada Concei\u00e7\u00e3o do Brasil - Ordem dos Frades Menores - OFM","potentialAction":[{"@type":"SearchAction","target":{"@type":"EntryPoint","urlTemplate":"https:\/\/franciscanos.org.br\/noticias\/?s={search_term_string}"},"query-input":"required name=search_term_string"}],"inLanguage":"pt-BR"},{"@type":"ImageObject","inLanguage":"pt-BR","@id":"https:\/\/franciscanos.org.br\/noticias\/no-dia-da-terra-o-gesto-concreto-dos-benfeitores.html#primaryimage","url":"https:\/\/franciscanos.org.br\/noticias\/wp-content\/uploads\/2017\/04\/sabado_220417_3.jpg","contentUrl":"https:\/\/franciscanos.org.br\/noticias\/wp-content\/uploads\/2017\/04\/sabado_220417_3.jpg","width":273,"height":181},{"@type":"WebPage","@id":"https:\/\/franciscanos.org.br\/noticias\/no-dia-da-terra-o-gesto-concreto-dos-benfeitores.html#webpage","url":"https:\/\/franciscanos.org.br\/noticias\/no-dia-da-terra-o-gesto-concreto-dos-benfeitores.html","name":"No Dia da Terra, o gesto concreto dos benfeitores - Not\u00edcias - Franciscanos","isPartOf":{"@id":"https:\/\/franciscanos.org.br\/noticias\/#website"},"primaryImageOfPage":{"@id":"https:\/\/franciscanos.org.br\/noticias\/no-dia-da-terra-o-gesto-concreto-dos-benfeitores.html#primaryimage"},"datePublished":"2017-04-22T17:39:42+00:00","dateModified":"2019-01-29T13:00:11+00:00","author":{"@id":"https:\/\/franciscanos.org.br\/noticias\/#\/schema\/person\/b38fbf43118f02820bd932f2e4b14ad3"},"breadcrumb":{"@id":"https:\/\/franciscanos.org.br\/noticias\/no-dia-da-terra-o-gesto-concreto-dos-benfeitores.html#breadcrumb"},"inLanguage":"pt-BR","potentialAction":[{"@type":"ReadAction","target":["https:\/\/franciscanos.org.br\/noticias\/no-dia-da-terra-o-gesto-concreto-dos-benfeitores.html"]}]},{"@type":"BreadcrumbList","@id":"https:\/\/franciscanos.org.br\/noticias\/no-dia-da-terra-o-gesto-concreto-dos-benfeitores.html#breadcrumb","itemListElement":[{"@type":"ListItem","position":1,"name":"Home","item":"https:\/\/franciscanos.org.br\/noticias"},{"@type":"ListItem","position":2,"name":"No Dia da Terra, o gesto concreto dos benfeitores"}]},{"@type":"Person","@id":"https:\/\/franciscanos.org.br\/noticias\/#\/schema\/person\/b38fbf43118f02820bd932f2e4b14ad3","name":"admin","image":{"@type":"ImageObject","inLanguage":"pt-BR","@id":"https:\/\/franciscanos.org.br\/noticias\/#\/schema\/person\/image\/","url":"https:\/\/secure.gravatar.com\/avatar\/e8495742d34d0ba6448ea1c628263b3e?s=96&d=mm&r=g","contentUrl":"https:\/\/secure.gravatar.com\/avatar\/e8495742d34d0ba6448ea1c628263b3e?s=96&d=mm&r=g","caption":"admin"},"url":"https:\/\/franciscanos.org.br\/noticias\/author\/admin"}]}},"_links":{"self":[{"href":"https:\/\/franciscanos.org.br\/noticias\/wp-json\/wp\/v2\/posts\/131503"}],"collection":[{"href":"https:\/\/franciscanos.org.br\/noticias\/wp-json\/wp\/v2\/posts"}],"about":[{"href":"https:\/\/franciscanos.org.br\/noticias\/wp-json\/wp\/v2\/types\/post"}],"author":[{"embeddable":true,"href":"https:\/\/franciscanos.org.br\/noticias\/wp-json\/wp\/v2\/users\/1"}],"replies":[{"embeddable":true,"href":"https:\/\/franciscanos.org.br\/noticias\/wp-json\/wp\/v2\/comments?post=131503"}],"version-history":[{"count":0,"href":"https:\/\/franciscanos.org.br\/noticias\/wp-json\/wp\/v2\/posts\/131503\/revisions"}],"wp:featuredmedia":[{"embeddable":true,"href":"https:\/\/franciscanos.org.br\/noticias\/wp-json\/wp\/v2\/media\/197828"}],"wp:attachment":[{"href":"https:\/\/franciscanos.org.br\/noticias\/wp-json\/wp\/v2\/media?parent=131503"}],"wp:term":[{"taxonomy":"category","embeddable":true,"href":"https:\/\/franciscanos.org.br\/noticias\/wp-json\/wp\/v2\/categories?post=131503"},{"taxonomy":"post_tag","embeddable":true,"href":"https:\/\/franciscanos.org.br\/noticias\/wp-json\/wp\/v2\/tags?post=131503"}],"curies":[{"name":"wp","href":"https:\/\/api.w.org\/{rel}","templated":true}]}}