{"id":131283,"date":"2017-04-21T22:13:07","date_gmt":"2017-04-22T01:13:07","guid":{"rendered":"http:\/\/franciscanos.org.br\/?p=131283"},"modified":"2019-01-29T11:09:55","modified_gmt":"2019-01-29T13:09:55","slug":"para-frei-joao-a-humanidade-precisa-de-francisco","status":"publish","type":"post","link":"https:\/\/franciscanos.org.br\/noticias\/para-frei-joao-a-humanidade-precisa-de-francisco.html","title":{"rendered":"Para Frei Jo\u00e3o, a humanidade precisa de Francisco"},"content":{"rendered":"<p><strong><img loading=\"lazy\" class=\"alignleft\" src=\"http:\/\/franciscanos.org.br\/wp-content\/uploads\/2017\/04\/pvf_210417_2.jpg\" alt=\"pvf_210417_2\" width=\"830\" height=\"504\" \/>Moacir Beggo<\/strong><\/p>\n<p><strong>Agudos (SP)<\/strong> &#8211; Os mais de 100 benfeitores que participam do Retiro do Pr\u00f3-Voca\u00e7\u00f5es e Miss\u00f5es Franciscanas, que est\u00e1 em andamento no Semin\u00e1rio Santo Ant\u00f4nio, em Agudos (SP), ouviram o Definidor da Prov\u00edncia da Imaculada e guardi\u00e3o da Fraternidade do Postulantado Frei Galv\u00e3o, Frei Jo\u00e3o Francisco da Silva, insistir que Francisco \u00e9 o ideal que n\u00f3s podemos oferecer \u00e0s pessoas como oportunidade de resgate de sua dignidade, de resgate da sua humanidade. Segundo o frade, a humanidade est\u00e1 perdida. &#8220;E n\u00f3s precisamos dar esse sentido humano \u00e0s pessoas. \u00c9 nossa grande contribui\u00e7\u00e3o como franciscanos&#8221;, prop\u00f4s.<\/p>\n<p>Frei Jo\u00e3o Francisco, que deixou tudo para se tornar um seguidor de S\u00e3o Francisco aos 33 anos, abordou o tema &#8220;Francisco, o irm\u00e3o universal&#8221;. O frade, na Ora\u00e7\u00e3o da Manh\u00e3, feita no lado externo do Semin\u00e1rio, falou da import\u00e2ncia da ora\u00e7\u00e3o para Francisco de Assis e de sua necessidade ainda maior num mundo agitado e sem tempo para Deus como o que vivenciamos hoje. Ali mesmo deu in\u00edcio ao tema da fraternidade universal. &#8220;Tudo \u00e9 conclu\u00eddo por Francisco no &#8216;C\u00e2ntico das Criaturas&#8217;. Na verdade n\u00e3o \u00e9 uma conclus\u00e3o, mas um chamado que Francisco nos deixa para colocarmos em pr\u00e1tica nos gestos e atitudes. O &#8216;C\u00e2ntico&#8217; \u00e9 o grande testamento espiritual de Francisco. \u00c9 isso o que ele entende como uma fraternidade universal&#8221;, disse o frade, dizendo que estava muito \u00e0 vontade entre os benfeitores porque sua m\u00e3e, D\u00aa Maria Lenita, que faleceu h\u00e1 pouco tempo, tamb\u00e9m era uma benfeitora fiel do PVF.<\/p>\n<p>Para desenvolver o tema, o frade come\u00e7ou falando quem \u00e9 Francisco de Assis, depois partiu para desdobramentos do tema principal, como &#8220;o louvor em Francisco; a fraternidade universal; Francisco, irm\u00e3o de toda a criatura; a convers\u00e3o do olhar; o irm\u00e3o que cuida dos irm\u00e3os; a Carta da Terra; a situa\u00e7\u00e3o global e responsabilidade universal&#8221;. Neste s\u00e1bado, dia 22, Frei Jo\u00e3o continuar\u00e1 no tema, abordando a ecologia em S\u00e3o Francisco, coincidentemente no dia em que se comemora o Dia da Terra. &#8220;Esta data tamb\u00e9m nos lembra o descobrimento do Brasil, que foi marcado pela presen\u00e7a franciscana&#8221;, recordou.<\/p>\n<p>Segundo o frade, esse sonho de Francisco pela fraternidade universal perpassa nossa vida, deve passar pelo nosso cora\u00e7\u00e3o e chegar \u00e0s nossas m\u00e3os. &#8220;Eu penso que a figura de Francisco, o irm\u00e3o universal, \u00e9 bastante inspiracional para todos n\u00f3s&#8221;, disse, referindo-se \u00e0 grave crise que enfrenta a humanidade hoje.<\/p>\n<p><img loading=\"lazy\" class=\"aligncenter\" src=\"http:\/\/franciscanos.org.br\/wp-content\/uploads\/2017\/04\/pvf_210417_5.jpg\" alt=\"pvf_210417_5\" width=\"830\" height=\"498\" \/><\/p>\n<p><strong>SER PRESEN\u00c7A FRANCISCANA<\/strong><\/p>\n<p>Frei Jo\u00e3o falou da import\u00e2ncia de ser presen\u00e7a franciscana no mundo. E lembrou que uma vez um alde\u00e3o disse a S\u00e3o Francisco: \u201cDiz-me, tu \u00e9s Frei Francisco de Assis?\u201d. S\u00e3o Francisco respondeu que sim. \u201cEnt\u00e3o te esfor\u00e7a, disse o alde\u00e3o, por ser t\u00e3o bom como \u00e9s tido por toda gente, porque muitos t\u00eam grande f\u00e9 em ti. Ent\u00e3o, eu te admoesto que em ti n\u00e3o haja outra coisa sen\u00e3o o que o povo espera\u201d.<\/p>\n<p>Para Frei Jo\u00e3o, j\u00e1 em vida S\u00e3o Francisco demonstrava o que n\u00f3s entendemos como santidade. &#8220;Santo n\u00e3o \u00e9 apenas estarmos nos altares das igrejas, mas a santidade come\u00e7a aqui quando temos esse cuidado e zelo pelos outros. Francisco tinha isso. J\u00e1 em vida ele deixava essa marca de santidade&#8221;, observou.<\/p>\n<p>&#8220;Precisamos recuperar aquilo que o povo espera de n\u00f3s, franciscanos. Mesmo sem estar vestido com o h\u00e1bito marrom, temos de ser reconhecidos pelos gestos e atitudes&#8221;, ensinou. Na mesma linha, o frade lembra que Francisco prop\u00f5e que o nosso modo de ser seja evangelizador. &#8220;\u00c9 o que o Papa Francisco pede quando diz uma &#8216;Igreja em sa\u00edda&#8217;. E Francisco entendeu isso l\u00e1 atr\u00e1s. Ele j\u00e1 entendia o que era &#8216;Igreja em sa\u00edda&#8217; na Idade M\u00e9dia. \u00c9 fazer-se presen\u00e7a na vida das pessoas&#8221;, explicou.<\/p>\n<p><img loading=\"lazy\" class=\"aligncenter\" src=\"http:\/\/franciscanos.org.br\/wp-content\/uploads\/2017\/04\/pvf_210417_1.jpg\" alt=\"pvf_210417_1\" width=\"830\" height=\"312\" \/><\/p>\n<p>&#8220;O primeiro passo de Francisco para entender o Evangelho \u00e9 desapegar-se de tudo aquilo que pode condicionar o modo de ser. O Evangelizar-se de Francisco \u00e9 justamente esse: o desapego. E passa, ent\u00e3o, dialogar com tudo e com todos. Ele n\u00e3o tem nada para chamar &#8216;de seu&#8217; e passa a dialogar com todas as realidades, sobretudo com os pobres. O leproso n\u00e3o tem nada para &#8216;chamar de seu&#8217;. Francisco \u00e9 o homem do di\u00e1logo. Ele n\u00e3o se sente maior do que os outros, mas menor. Por isso ele vai dizer na Regra que se &#8216;chamem menores&#8217;. E devem estar sempre abaixo dos outros. N\u00e3o quer que estejam acima dos demais. Mas que sejamos instrumentos para que todos cheguem a Deus. Por isso, Francisco \u00e9 esse grande irm\u00e3o do di\u00e1logo com todos, com todas as realidades&#8221;, acrescentou o frade.<\/p>\n<p>Francisco sabe dialogar com todas as cren\u00e7as. &#8220;Quando ele vai ao sult\u00e3o pela primeira vez, ele n\u00e3o vai para falar de Deus, mas para ser uma presen\u00e7a simplesmente. Ele n\u00e3o imp\u00f5e uma ideia de Deus. Mas ele acata a ideia que o diferente tem de Deus. Com isso, Francisco oferece o que tem de melhor, a presen\u00e7a, e passa a conviver com o sult\u00e3o por alguns dias. E a\u00ed come\u00e7a o que sonhamos hoje e celebramos muitas vezes: o di\u00e1logo religioso ou inter-religioso&#8221;, destacou.<\/p>\n<p>Segundo o frade, Francisco \u00e9 aquele que abra\u00e7a o mist\u00e9rio da cruz nessa demonstra\u00e7\u00e3o de coragem e de f\u00e9 inabal\u00e1vel. &#8220;Francisco n\u00e3o quer o Cristo doce. Francisco quer abra\u00e7ar o Cristo humano, o Cristo da cruz, que sofre, que padece e ressuscita. Ele abra\u00e7a o mist\u00e9rio da Cruz e chora por isso. Ela sabe\u00a0 que a dor do Cristo \u00e9 a dor do povo dilacerado&#8221;, diz.<\/p>\n<p><img loading=\"lazy\" class=\"aligncenter\" src=\"http:\/\/franciscanos.org.br\/wp-content\/uploads\/2017\/04\/pvf_210417_8.jpg\" alt=\"pvf_210417_8\" width=\"830\" height=\"437\" \/><\/p>\n<p><strong>REN\u00daNCIA HOJE<\/strong><\/p>\n<p>Para Frei Jo\u00e3o, a gra\u00e7a mais preciosa que Francisco recebe \u00e9 a da ren\u00fancia. &#8220;Renunciar \u00e9 uma express\u00e3o que n\u00e3o cabe nos nossos dias. N\u00e3o \u00e9 cab\u00edvel renunciar hoje a nada. Quanto mais pudermos aglomerar, \u00a0ter, possuir, \u00e9 melhor. Criou-se em n\u00f3s a ideia de estarmos seguros por coisas apenas. Renunciar n\u00e3o cabe mais no nosso vocabul\u00e1rio, principalmente dos mais jovens. Jesus vai dizer, e Francisco vai entender muito bem o recado: &#8216;Quem quiser me seguir, renuncie a si mesmo&#8217;. E isso que Francisco faz. Ele escreve uma nova hist\u00f3ria com sua ren\u00fancia&#8221;, ensinou, perguntando: &#8220;E n\u00f3s, que hist\u00f3ria estamos escrevendo?&#8221;.<\/p>\n<p>Muitos gostam de ver a imagem, muitas vezes, rom\u00e2ntica de Francisco com os animais. Mas segundo o frade, Francisco ren\u00fancia ao dom\u00ednio sobre essas criaturas e pede para deixar as criaturas serem simplesmente criaturas. &#8220;A fraternidade universal \u00e9 resultado deste modo de ser pobre de Francisco. Sentia-se irm\u00e3o porque acolhia a todos sem interesse&#8221;, disse o frade, criticando a ind\u00fastria Pet, uma das mais lucrativas, que faz o contr\u00e1rio de Francisco. &#8220;Francisco compreende a cria\u00e7\u00e3o como sacramento da presen\u00e7a de Deus entre os seres humanos. A cria\u00e7\u00e3o \u00e9 o caminho para chegar a Deus, a oportunidade para reverenciar Aquele que nos d\u00e1 tantos bens&#8221;, frisou.<\/p>\n<p>&#8220;A ecologia em Francisco significa reconcilia\u00e7\u00e3o e comunh\u00e3o com as criaturas, consigo mesmo e, por fim, com Deus&#8221;, ressaltou.<\/p>\n<p>Para o frade, Francisco tamb\u00e9m \u00e9 o irm\u00e3o que cuida dos irm\u00e3os. &#8220;O guardi\u00e3o n\u00e3o \u00e9 dono, mas o animador conventual. \u00c9 o que faz o servi\u00e7o do lava-p\u00e9s&#8221;, lembrou.<\/p>\n<p>Frei Jo\u00e3o leu trechos da &#8220;Carta da Terra&#8221; e deixou para a reflex\u00e3o neste s\u00e1bado a pergunta: &#8220;Que gestos n\u00f3s podemos fazer para que a natureza n\u00e3o pere\u00e7a como denuncia a Carta da Terra?&#8221;<\/p>\n<p><strong>MOMENTO MARIANO<\/strong><\/p>\n<p>Frei Alvaci Mendes da Luz, coordenador do Pr\u00f3-Voca\u00e7\u00f5es, conduziu o Momento Mariano com a recita\u00e7\u00e3o da Coroa Franciscana. Devido \u00e0 chuva que caiu durante todo o dia em Agudos, a prociss\u00e3o luminosa acabou sendo feita nos amplos corredores do Semin\u00e1rio. Frei Alvaci lembrou a import\u00e2ncia de Maria no plano de salva\u00e7\u00e3o e recordou que neste ano celebramos os 300 anos da apari\u00e7\u00e3o de Nossa Senhora Aparecida e os 100 anos dos milagres em F\u00e1tima.<\/p>\n<p>Frei Alvaci lembrou de colocar a mem\u00f3ria dos benfeitores falecidos nesta celebra\u00e7\u00e3o, especialmente a m\u00e3e de Frei Jo\u00e3o Francisco e Maria de F\u00e1tima, m\u00e3e de Isabel Silva.<\/p>\n<p>A prociss\u00e3o, que teve sete paradas conforme os mist\u00e9rios rezados, terminou na Capela do Semin\u00e1rio.<\/p>\n<p><img loading=\"lazy\" class=\"aligncenter\" src=\"http:\/\/franciscanos.org.br\/wp-content\/uploads\/2017\/04\/pvf_210417_6.jpg\" alt=\"pvf_210417_6\" width=\"830\" height=\"440\" \/><\/p>\n<p><strong>\u00a0A CELEBRA\u00c7\u00c3O DE DONA ALICE<\/strong><\/p>\n<p>A sorocabana D\u00aa Alice Teixeira Rodrigues viveu um dia de muita alegria ao celebrar 80 anos. &#8220;N\u00e3o tinha ocasi\u00e3o melhor para celebrar meu anivers\u00e1rio&#8221;, disse Alice, que gosta de fazer par\u00f3dias e n\u00e3o se cabia de contentamento de ver suas composi\u00e7\u00f5es mixadas. &#8220;Foi um presente de minhas amigas&#8221;, disse, apontando sua sobrinha e a benfeitora Eunice.<\/p>\n<p>Neste s\u00e1bado, Frei Jo\u00e3o Francisco continua o tema do Retiro dentro da Campanha da Fraternidade. Frei Alexandre Rohring vai falar sobre o servi\u00e7o do Pr\u00f3-Voca\u00e7\u00f5es e Miss\u00f5es Franciscanas e o dia termina com a Missa em A\u00e7\u00e3o de Gra\u00e7as, \u00e0s 18 horas. O encontro termina no domingo, depois do caf\u00e9 da manh\u00e3.<\/p>\n","protected":false},"excerpt":{"rendered":"<p>Retiro PVF<\/p>\n","protected":false},"author":1,"featured_media":197851,"comment_status":"open","ping_status":"open","sticky":false,"template":"","format":"standard","meta":[],"categories":[1],"tags":[254],"acf":[],"yoast_head":"<!-- This site is optimized with the Yoast SEO plugin v19.2 - https:\/\/yoast.com\/wordpress\/plugins\/seo\/ -->\n<title>Para Frei Jo\u00e3o, a humanidade precisa de Francisco - Not\u00edcias - Franciscanos<\/title>\n<meta name=\"robots\" content=\"index, follow, max-snippet:-1, max-image-preview:large, max-video-preview:-1\" \/>\n<link rel=\"canonical\" href=\"https:\/\/franciscanos.org.br\/noticias\/para-frei-joao-a-humanidade-precisa-de-francisco.html\" \/>\n<meta property=\"og:locale\" content=\"pt_BR\" \/>\n<meta property=\"og:type\" content=\"article\" \/>\n<meta property=\"og:title\" content=\"Para Frei Jo\u00e3o, a humanidade precisa de Francisco - Not\u00edcias - Franciscanos\" \/>\n<meta property=\"og:description\" content=\"Retiro PVF\" \/>\n<meta property=\"og:url\" content=\"https:\/\/franciscanos.org.br\/noticias\/para-frei-joao-a-humanidade-precisa-de-francisco.html\" \/>\n<meta property=\"og:site_name\" content=\"Not\u00edcias - Franciscanos\" \/>\n<meta property=\"article:published_time\" content=\"2017-04-22T01:13:07+00:00\" \/>\n<meta property=\"article:modified_time\" content=\"2019-01-29T13:09:55+00:00\" \/>\n<meta property=\"og:image\" content=\"https:\/\/franciscanos.org.br\/noticias\/wp-content\/uploads\/2017\/04\/pvf_210417_8.jpg\" \/>\n\t<meta property=\"og:image:width\" content=\"273\" \/>\n\t<meta property=\"og:image:height\" content=\"181\" \/>\n\t<meta property=\"og:image:type\" content=\"image\/jpeg\" \/>\n<meta name=\"author\" content=\"admin\" \/>\n<meta name=\"twitter:card\" content=\"summary_large_image\" \/>\n<meta name=\"twitter:label1\" content=\"Escrito por\" \/>\n\t<meta name=\"twitter:data1\" content=\"admin\" \/>\n\t<meta name=\"twitter:label2\" content=\"Est. tempo de leitura\" \/>\n\t<meta name=\"twitter:data2\" content=\"8 minutos\" \/>\n<script type=\"application\/ld+json\" class=\"yoast-schema-graph\">{\"@context\":\"https:\/\/schema.org\",\"@graph\":[{\"@type\":\"WebSite\",\"@id\":\"https:\/\/franciscanos.org.br\/noticias\/#website\",\"url\":\"https:\/\/franciscanos.org.br\/noticias\/\",\"name\":\"Not\u00edcias - Franciscanos\",\"description\":\"Prov\u00edncia Franciscana da Imaculada Concei\u00e7\u00e3o do Brasil - Ordem dos Frades Menores - OFM\",\"potentialAction\":[{\"@type\":\"SearchAction\",\"target\":{\"@type\":\"EntryPoint\",\"urlTemplate\":\"https:\/\/franciscanos.org.br\/noticias\/?s={search_term_string}\"},\"query-input\":\"required name=search_term_string\"}],\"inLanguage\":\"pt-BR\"},{\"@type\":\"ImageObject\",\"inLanguage\":\"pt-BR\",\"@id\":\"https:\/\/franciscanos.org.br\/noticias\/para-frei-joao-a-humanidade-precisa-de-francisco.html#primaryimage\",\"url\":\"https:\/\/franciscanos.org.br\/noticias\/wp-content\/uploads\/2017\/04\/pvf_210417_8.jpg\",\"contentUrl\":\"https:\/\/franciscanos.org.br\/noticias\/wp-content\/uploads\/2017\/04\/pvf_210417_8.jpg\",\"width\":273,\"height\":181},{\"@type\":\"WebPage\",\"@id\":\"https:\/\/franciscanos.org.br\/noticias\/para-frei-joao-a-humanidade-precisa-de-francisco.html#webpage\",\"url\":\"https:\/\/franciscanos.org.br\/noticias\/para-frei-joao-a-humanidade-precisa-de-francisco.html\",\"name\":\"Para Frei Jo\u00e3o, a humanidade precisa de Francisco - Not\u00edcias - Franciscanos\",\"isPartOf\":{\"@id\":\"https:\/\/franciscanos.org.br\/noticias\/#website\"},\"primaryImageOfPage\":{\"@id\":\"https:\/\/franciscanos.org.br\/noticias\/para-frei-joao-a-humanidade-precisa-de-francisco.html#primaryimage\"},\"datePublished\":\"2017-04-22T01:13:07+00:00\",\"dateModified\":\"2019-01-29T13:09:55+00:00\",\"author\":{\"@id\":\"https:\/\/franciscanos.org.br\/noticias\/#\/schema\/person\/b38fbf43118f02820bd932f2e4b14ad3\"},\"breadcrumb\":{\"@id\":\"https:\/\/franciscanos.org.br\/noticias\/para-frei-joao-a-humanidade-precisa-de-francisco.html#breadcrumb\"},\"inLanguage\":\"pt-BR\",\"potentialAction\":[{\"@type\":\"ReadAction\",\"target\":[\"https:\/\/franciscanos.org.br\/noticias\/para-frei-joao-a-humanidade-precisa-de-francisco.html\"]}]},{\"@type\":\"BreadcrumbList\",\"@id\":\"https:\/\/franciscanos.org.br\/noticias\/para-frei-joao-a-humanidade-precisa-de-francisco.html#breadcrumb\",\"itemListElement\":[{\"@type\":\"ListItem\",\"position\":1,\"name\":\"Home\",\"item\":\"https:\/\/franciscanos.org.br\/noticias\"},{\"@type\":\"ListItem\",\"position\":2,\"name\":\"Para Frei Jo\u00e3o, a humanidade precisa de Francisco\"}]},{\"@type\":\"Person\",\"@id\":\"https:\/\/franciscanos.org.br\/noticias\/#\/schema\/person\/b38fbf43118f02820bd932f2e4b14ad3\",\"name\":\"admin\",\"image\":{\"@type\":\"ImageObject\",\"inLanguage\":\"pt-BR\",\"@id\":\"https:\/\/franciscanos.org.br\/noticias\/#\/schema\/person\/image\/\",\"url\":\"https:\/\/secure.gravatar.com\/avatar\/e8495742d34d0ba6448ea1c628263b3e?s=96&d=mm&r=g\",\"contentUrl\":\"https:\/\/secure.gravatar.com\/avatar\/e8495742d34d0ba6448ea1c628263b3e?s=96&d=mm&r=g\",\"caption\":\"admin\"},\"url\":\"https:\/\/franciscanos.org.br\/noticias\/author\/admin\"}]}<\/script>\n<!-- \/ Yoast SEO plugin. -->","yoast_head_json":{"title":"Para Frei Jo\u00e3o, a humanidade precisa de Francisco - Not\u00edcias - Franciscanos","robots":{"index":"index","follow":"follow","max-snippet":"max-snippet:-1","max-image-preview":"max-image-preview:large","max-video-preview":"max-video-preview:-1"},"canonical":"https:\/\/franciscanos.org.br\/noticias\/para-frei-joao-a-humanidade-precisa-de-francisco.html","og_locale":"pt_BR","og_type":"article","og_title":"Para Frei Jo\u00e3o, a humanidade precisa de Francisco - Not\u00edcias - Franciscanos","og_description":"Retiro PVF","og_url":"https:\/\/franciscanos.org.br\/noticias\/para-frei-joao-a-humanidade-precisa-de-francisco.html","og_site_name":"Not\u00edcias - Franciscanos","article_published_time":"2017-04-22T01:13:07+00:00","article_modified_time":"2019-01-29T13:09:55+00:00","og_image":[{"width":273,"height":181,"url":"https:\/\/franciscanos.org.br\/noticias\/wp-content\/uploads\/2017\/04\/pvf_210417_8.jpg","type":"image\/jpeg"}],"author":"admin","twitter_card":"summary_large_image","twitter_misc":{"Escrito por":"admin","Est. tempo de leitura":"8 minutos"},"schema":{"@context":"https:\/\/schema.org","@graph":[{"@type":"WebSite","@id":"https:\/\/franciscanos.org.br\/noticias\/#website","url":"https:\/\/franciscanos.org.br\/noticias\/","name":"Not\u00edcias - Franciscanos","description":"Prov\u00edncia Franciscana da Imaculada Concei\u00e7\u00e3o do Brasil - Ordem dos Frades Menores - OFM","potentialAction":[{"@type":"SearchAction","target":{"@type":"EntryPoint","urlTemplate":"https:\/\/franciscanos.org.br\/noticias\/?s={search_term_string}"},"query-input":"required name=search_term_string"}],"inLanguage":"pt-BR"},{"@type":"ImageObject","inLanguage":"pt-BR","@id":"https:\/\/franciscanos.org.br\/noticias\/para-frei-joao-a-humanidade-precisa-de-francisco.html#primaryimage","url":"https:\/\/franciscanos.org.br\/noticias\/wp-content\/uploads\/2017\/04\/pvf_210417_8.jpg","contentUrl":"https:\/\/franciscanos.org.br\/noticias\/wp-content\/uploads\/2017\/04\/pvf_210417_8.jpg","width":273,"height":181},{"@type":"WebPage","@id":"https:\/\/franciscanos.org.br\/noticias\/para-frei-joao-a-humanidade-precisa-de-francisco.html#webpage","url":"https:\/\/franciscanos.org.br\/noticias\/para-frei-joao-a-humanidade-precisa-de-francisco.html","name":"Para Frei Jo\u00e3o, a humanidade precisa de Francisco - Not\u00edcias - Franciscanos","isPartOf":{"@id":"https:\/\/franciscanos.org.br\/noticias\/#website"},"primaryImageOfPage":{"@id":"https:\/\/franciscanos.org.br\/noticias\/para-frei-joao-a-humanidade-precisa-de-francisco.html#primaryimage"},"datePublished":"2017-04-22T01:13:07+00:00","dateModified":"2019-01-29T13:09:55+00:00","author":{"@id":"https:\/\/franciscanos.org.br\/noticias\/#\/schema\/person\/b38fbf43118f02820bd932f2e4b14ad3"},"breadcrumb":{"@id":"https:\/\/franciscanos.org.br\/noticias\/para-frei-joao-a-humanidade-precisa-de-francisco.html#breadcrumb"},"inLanguage":"pt-BR","potentialAction":[{"@type":"ReadAction","target":["https:\/\/franciscanos.org.br\/noticias\/para-frei-joao-a-humanidade-precisa-de-francisco.html"]}]},{"@type":"BreadcrumbList","@id":"https:\/\/franciscanos.org.br\/noticias\/para-frei-joao-a-humanidade-precisa-de-francisco.html#breadcrumb","itemListElement":[{"@type":"ListItem","position":1,"name":"Home","item":"https:\/\/franciscanos.org.br\/noticias"},{"@type":"ListItem","position":2,"name":"Para Frei Jo\u00e3o, a humanidade precisa de Francisco"}]},{"@type":"Person","@id":"https:\/\/franciscanos.org.br\/noticias\/#\/schema\/person\/b38fbf43118f02820bd932f2e4b14ad3","name":"admin","image":{"@type":"ImageObject","inLanguage":"pt-BR","@id":"https:\/\/franciscanos.org.br\/noticias\/#\/schema\/person\/image\/","url":"https:\/\/secure.gravatar.com\/avatar\/e8495742d34d0ba6448ea1c628263b3e?s=96&d=mm&r=g","contentUrl":"https:\/\/secure.gravatar.com\/avatar\/e8495742d34d0ba6448ea1c628263b3e?s=96&d=mm&r=g","caption":"admin"},"url":"https:\/\/franciscanos.org.br\/noticias\/author\/admin"}]}},"_links":{"self":[{"href":"https:\/\/franciscanos.org.br\/noticias\/wp-json\/wp\/v2\/posts\/131283"}],"collection":[{"href":"https:\/\/franciscanos.org.br\/noticias\/wp-json\/wp\/v2\/posts"}],"about":[{"href":"https:\/\/franciscanos.org.br\/noticias\/wp-json\/wp\/v2\/types\/post"}],"author":[{"embeddable":true,"href":"https:\/\/franciscanos.org.br\/noticias\/wp-json\/wp\/v2\/users\/1"}],"replies":[{"embeddable":true,"href":"https:\/\/franciscanos.org.br\/noticias\/wp-json\/wp\/v2\/comments?post=131283"}],"version-history":[{"count":0,"href":"https:\/\/franciscanos.org.br\/noticias\/wp-json\/wp\/v2\/posts\/131283\/revisions"}],"wp:featuredmedia":[{"embeddable":true,"href":"https:\/\/franciscanos.org.br\/noticias\/wp-json\/wp\/v2\/media\/197851"}],"wp:attachment":[{"href":"https:\/\/franciscanos.org.br\/noticias\/wp-json\/wp\/v2\/media?parent=131283"}],"wp:term":[{"taxonomy":"category","embeddable":true,"href":"https:\/\/franciscanos.org.br\/noticias\/wp-json\/wp\/v2\/categories?post=131283"},{"taxonomy":"post_tag","embeddable":true,"href":"https:\/\/franciscanos.org.br\/noticias\/wp-json\/wp\/v2\/tags?post=131283"}],"curies":[{"name":"wp","href":"https:\/\/api.w.org\/{rel}","templated":true}]}}