{"id":131279,"date":"2017-04-21T22:04:43","date_gmt":"2017-04-22T01:04:43","guid":{"rendered":"http:\/\/franciscanos.org.br\/?p=131279"},"modified":"2020-09-08T13:34:28","modified_gmt":"2020-09-08T16:34:28","slug":"devotos-da-penha-alegres-testemunhas-da-esperanca","status":"publish","type":"post","link":"https:\/\/franciscanos.org.br\/noticias\/devotos-da-penha-alegres-testemunhas-da-esperanca.html","title":{"rendered":"Devotos da Penha: alegres testemunhas da esperan\u00e7a"},"content":{"rendered":"<p><b><img loading=\"lazy\" class=\"alignleft size-full wp-image-196812\" src=\"https:\/\/franciscanos.org.br\/noticias\/wp-content\/uploads\/2017\/04\/penhaG_210417.jpg\" alt=\"\" width=\"830\" height=\"400\" srcset=\"https:\/\/franciscanos.org.br\/noticias\/wp-content\/uploads\/2017\/04\/penhaG_210417.jpg 830w, https:\/\/franciscanos.org.br\/noticias\/wp-content\/uploads\/2017\/04\/penhaG_210417-450x217.jpg 450w, https:\/\/franciscanos.org.br\/noticias\/wp-content\/uploads\/2017\/04\/penhaG_210417-768x370.jpg 768w, https:\/\/franciscanos.org.br\/noticias\/wp-content\/uploads\/2017\/04\/penhaG_210417-150x72.jpg 150w\" sizes=\"(max-width: 830px) 100vw, 830px\" \/><\/b><b><\/b><b>Vila Velha (ES) <\/b> &#8211; Nesta sexta-feira, 21, feriado de Tiradentes, a Festa da Penha chegou ao maior n\u00famero de devotos desde a sua abertura, no \u00faltimo domingo. \u00c0s 14h, a fila para subir de van ao Convento da Penha dobrava a esquina. Muitos seguiam a p\u00e9 pela entrada principal e outros pela chamada Ladeira da Penit\u00eancia, uma caminhada de 457 metros, feita de pedras p\u00e9-de-moleque, fruto do trabalho de escravos. Ela data do ano de 1643, e por ela passaram diversas autoridades, como Dom Pedro II e sua comitiva em 1860. Ela tamb\u00e9m \u00e9 conhecida como Ladeira das sete voltas, ou das Sete Alegrias de Nossa Senhora.<\/p>\n<p><img loading=\"lazy\" class=\"alignleft wp-image-196815 size-medium\" src=\"https:\/\/franciscanos.org.br\/noticias\/wp-content\/uploads\/2017\/04\/penhaP_210417-11-450x299.jpg\" alt=\"\" width=\"450\" height=\"299\" srcset=\"https:\/\/franciscanos.org.br\/noticias\/wp-content\/uploads\/2017\/04\/penhaP_210417-11-450x299.jpg 450w, https:\/\/franciscanos.org.br\/noticias\/wp-content\/uploads\/2017\/04\/penhaP_210417-11-768x511.jpg 768w, https:\/\/franciscanos.org.br\/noticias\/wp-content\/uploads\/2017\/04\/penhaP_210417-11-150x100.jpg 150w, https:\/\/franciscanos.org.br\/noticias\/wp-content\/uploads\/2017\/04\/penhaP_210417-11.jpg 800w\" sizes=\"(max-width: 450px) 100vw, 450px\" \/><\/p>\n<p>Foi por l\u00e1 que chegou ao Campinho a fam\u00edlia do \u00cdcaro, de 1 ano e 6 meses. Seus pais, Rosangela e Marco Antonio, trouxeram o menino para agradecer uma gra\u00e7a alcan\u00e7ada por intercess\u00e3o de Nossa Senhora da Penha. A madrinha, que estava com eles, \u00e9 muito devota e prometeu que se ele se curasse do in\u00edcio de pneumonia, ela traria o \u00cdcaro tr\u00eas vezes ao Oitav\u00e1rio. \u201cEu fiz a promessa na Sexta-feira Santa, que se ele ia se curar e gra\u00e7as a Deus hoje ele est\u00e1 aqui\u201d, afirmou emocionada.<\/p>\n<p><b>\u00c1rea Pastoral Vit\u00f3ria encerra a participa\u00e7\u00e3o arquidiocesana<\/b><\/p>\n<p>A Celebra\u00e7\u00e3o Eucar\u00edstica desta sexta-feira foi preparada pela \u00c1rea Pastoral Vit\u00f3ria, encerrando assim a participa\u00e7\u00e3o das seis \u00c1reas Pastorais locais. A Missa foi presidida por Pe. Anderson Teixeira, da Par\u00f3quia Sagrada Fam\u00edlia, do Jardim Camburi.<\/p>\n<p>Em sua homilia, Pe. Anderson destacou o testemunho dos ap\u00f3stolos ap\u00f3s a ressurrei\u00e7\u00e3o de Cristo. \u201cN\u00f3s ficamos admirados com o testemunho dos ap\u00f3stolos que, depois da ressurrei\u00e7\u00e3o de Jesus, continuam a miss\u00e3o do Cristo, mant\u00e9m viva a sua f\u00e9, enfrentam as realidades e as dificuldades e os riscos que a f\u00e9 imp\u00f5e\u201d, afirmou.<\/p>\n<p>\u201cOlhamos este despertar, este nascimento da f\u00e9 crist\u00e3, esta origem da nossa Igreja e olhamos a nossa Igreja hoje. Olhamos para o povo que est\u00e1 aqui, olhamos as comunidades eclesiais de base que vivem dia a dia a f\u00e9, celebrando a Palavra, celebrando a Eucaristia. O que ser\u00e1 que sustenta, o que d\u00e1 for\u00e7a \u00e0 nossa caminhada? O que mant\u00e9m viva e acesa a f\u00e9 em meio \u00e0s dificuldades e inseguran\u00e7as, que parecem pesar em nossa realidade urbana?\u201d, questionou o sacerdote.<\/p>\n<p>E convidou os fi\u00e9is a buscarem a verdadeira alegria da f\u00e9 na escuta da Palavra e na Eucaristia. \u201cCelebrar \u00e9 atualizar o mist\u00e9rio da P\u00e1scoa de Jesus. \u00c9 retornar para nossa casa, para nossa comunidade, com um sorriso no rosto, uma palavra de conforto e esperan\u00e7a. N\u00e3o podemos descer esta montanha da mesma forma que subimos. N\u00e3o podemos olhar a realidade desanimados, pessimistas, mas devemos cultivar a esperan\u00e7a\u201d, pediu Pe. Anderson, afirmando que a f\u00e9 n\u00e3o \u00e9 algo te\u00f3rico ou filos\u00f3fico, mas a presen\u00e7a real, misericordiosa e permanente de Jesus Cristo.<\/p>\n<p>Ao final da celebra\u00e7\u00e3o, membros das par\u00f3quias da \u00c1rea Pastoral Vit\u00f3ria fizeram uma prociss\u00e3o com as imagens dos padroeiros, e alguns s\u00edmbolos.<\/p>\n<p><strong>MOMENTO DEVOCIONAL<\/strong><\/p>\n<p>Na meia hora que precede a Celebra\u00e7\u00e3o Eucar\u00edstica, como de costume, foi realizado o momento devocional a Nossa Senhora da Penha. A ora\u00e7\u00e3o foi conduzida por Frei Florival Mariano de Toledo. Ap\u00f3s a ora\u00e7\u00e3o introdut\u00f3ria, o frade falou sobre Frei Pedro Pal\u00e1cios, afirmando que ele foi um modelo de mission\u00e1rio. \u201cFilho de S\u00e3o Francisco de Assis, veio com toda a humildade e simplicidade de cora\u00e7\u00e3o. N\u00e3o tinha a ci\u00eancia universit\u00e1ria, tinha a sabedoria dos pequeninos. Por isso, ele compreendeu e amou nossos \u00edndios, e os \u00edndios o compreenderam e amaram. Ele amou o povo simples, que plantava para sobreviver. Aqui em Vila Velha, Frei Pedro Pal\u00e1cios se fez tudo para todos\u201d, afirmou.<\/p>\n<p>Em sua reflex\u00e3o, Frei Leandro Costa, do Santu\u00e1rio Divino Esp\u00edrito Santo, em Vila Velha, falou sobre a import\u00e2ncia da alegria. \u201cA alegria deve ser a atitude constante dos que reconhecem em Cristo as suas pr\u00f3prias vidas\u201d, disse, acrescentando que a tristeza n\u00e3o combina com o testemunho dos seguidores de Cristo.<\/p>\n<p>O frade falou ainda de S\u00e3o Francisco de Assis e a alegria franciscana. \u201cA alegria franciscana \u00e9 a nossa forma de compreender a vida. A alegria de S\u00e3o Francisco \u00e9 vibrante\u201d, afirmou. Frei Leandro advertiu, assim como Frei Djalmo Fuck no momento devocional do dia anterior, que os fi\u00e9is presentes no Campinho deveriam sair de l\u00e1 transformados. \u201cAqui, peregrinos de Nossa Senhora da Penha, da Virgem da Alegria, nesta montanha sagrada, queira Deus que n\u00f3s saiamos daqui transformados e carregando uma pura e sincera alegria\u201d, pediu, ressaltando que foi no alto de uma montanha que Jesus proclamou as bem-aventuran\u00e7as.<\/p>\n<p><strong>FREI FLORIVAL, FREI PAULO E OS JOVENS DE TERRA VERMELHA<\/strong><\/p>\n<p>\u00c0s 19h30 aconteceu uma apresenta\u00e7\u00e3o musical no Campinho, com Frei Florival, Frei Paulo C\u00e9sar e teatro com os Jovens de Terra Vermelha.\u00a0Cantando m\u00fasicas populares e religiosas, os dois confrades levaram alegria ao p\u00fablico que subiu ao Campinho para prestigiar o show.<\/p>\n<p>Na apresenta\u00e7\u00e3o, Frei Paulo Pereira, Guardi\u00e3o e Reitor do Convento da Penha, afirmou que cada um evangeliza atrav\u00e9s dos seus dons, e que o dom de seus confrades era a m\u00fasica.<\/p>\n<p>Frei Florival foi o primeiro a se apresentar, cantando can\u00e7\u00f5es do seu \u00e1lbum \u201cPerfeita alegria\u201d, como \u201c\u00c0 procura de Deus\u201d e \u201c\u00c9 isso que queremos\u201d. Em seguida, Frei Paulo C\u00e9sar fez sua estreia nos palcos. Acompanhados da banda, o repert\u00f3rio incluiu can\u00e7\u00f5es de Jota Quest, Beto Guedes, Renato Teixeira e tamb\u00e9m cantos religiosos, como \u201cDoce \u00e9 sentir\u201d e a \u201cOra\u00e7\u00e3o de S\u00e3o Francisco\u201d. No bis, pedido pelo p\u00fablico e por Frei Paulo Pereira, eles cantaram juntos, encerrando a apresenta\u00e7\u00e3o.<\/p>\n","protected":false},"excerpt":{"rendered":"<p>Festa da Penha 2017<\/p>\n","protected":false},"author":1,"featured_media":196819,"comment_status":"open","ping_status":"open","sticky":false,"template":"","format":"standard","meta":[],"categories":[1],"tags":[245],"acf":[],"yoast_head":"<!-- This site is optimized with the Yoast SEO plugin v19.2 - https:\/\/yoast.com\/wordpress\/plugins\/seo\/ -->\n<title>Devotos da Penha: alegres testemunhas da esperan\u00e7a - Not\u00edcias - Franciscanos<\/title>\n<meta name=\"robots\" content=\"index, follow, max-snippet:-1, max-image-preview:large, max-video-preview:-1\" \/>\n<link rel=\"canonical\" href=\"https:\/\/franciscanos.org.br\/noticias\/devotos-da-penha-alegres-testemunhas-da-esperanca.html\" \/>\n<meta property=\"og:locale\" content=\"pt_BR\" \/>\n<meta property=\"og:type\" content=\"article\" \/>\n<meta property=\"og:title\" content=\"Devotos da Penha: alegres testemunhas da esperan\u00e7a - Not\u00edcias - Franciscanos\" \/>\n<meta property=\"og:description\" content=\"Festa da Penha 2017\" \/>\n<meta property=\"og:url\" content=\"https:\/\/franciscanos.org.br\/noticias\/devotos-da-penha-alegres-testemunhas-da-esperanca.html\" \/>\n<meta property=\"og:site_name\" content=\"Not\u00edcias - Franciscanos\" \/>\n<meta property=\"article:published_time\" content=\"2017-04-22T01:04:43+00:00\" \/>\n<meta property=\"article:modified_time\" content=\"2020-09-08T16:34:28+00:00\" \/>\n<meta property=\"og:image\" content=\"https:\/\/franciscanos.org.br\/noticias\/wp-content\/uploads\/2017\/04\/penhaP_210417-56.jpg\" \/>\n\t<meta property=\"og:image:width\" content=\"273\" \/>\n\t<meta property=\"og:image:height\" content=\"181\" \/>\n\t<meta property=\"og:image:type\" content=\"image\/jpeg\" \/>\n<meta name=\"author\" content=\"admin\" \/>\n<meta name=\"twitter:card\" content=\"summary_large_image\" \/>\n<meta name=\"twitter:label1\" content=\"Escrito por\" \/>\n\t<meta name=\"twitter:data1\" content=\"admin\" \/>\n\t<meta name=\"twitter:label2\" content=\"Est. tempo de leitura\" \/>\n\t<meta name=\"twitter:data2\" content=\"5 minutos\" \/>\n<script type=\"application\/ld+json\" class=\"yoast-schema-graph\">{\"@context\":\"https:\/\/schema.org\",\"@graph\":[{\"@type\":\"WebSite\",\"@id\":\"https:\/\/franciscanos.org.br\/noticias\/#website\",\"url\":\"https:\/\/franciscanos.org.br\/noticias\/\",\"name\":\"Not\u00edcias - Franciscanos\",\"description\":\"Prov\u00edncia Franciscana da Imaculada Concei\u00e7\u00e3o do Brasil - Ordem dos Frades Menores - OFM\",\"potentialAction\":[{\"@type\":\"SearchAction\",\"target\":{\"@type\":\"EntryPoint\",\"urlTemplate\":\"https:\/\/franciscanos.org.br\/noticias\/?s={search_term_string}\"},\"query-input\":\"required name=search_term_string\"}],\"inLanguage\":\"pt-BR\"},{\"@type\":\"ImageObject\",\"inLanguage\":\"pt-BR\",\"@id\":\"https:\/\/franciscanos.org.br\/noticias\/devotos-da-penha-alegres-testemunhas-da-esperanca.html#primaryimage\",\"url\":\"https:\/\/franciscanos.org.br\/noticias\/wp-content\/uploads\/2017\/04\/penhaP_210417-56.jpg\",\"contentUrl\":\"https:\/\/franciscanos.org.br\/noticias\/wp-content\/uploads\/2017\/04\/penhaP_210417-56.jpg\",\"width\":273,\"height\":181},{\"@type\":\"WebPage\",\"@id\":\"https:\/\/franciscanos.org.br\/noticias\/devotos-da-penha-alegres-testemunhas-da-esperanca.html#webpage\",\"url\":\"https:\/\/franciscanos.org.br\/noticias\/devotos-da-penha-alegres-testemunhas-da-esperanca.html\",\"name\":\"Devotos da Penha: alegres testemunhas da esperan\u00e7a - Not\u00edcias - Franciscanos\",\"isPartOf\":{\"@id\":\"https:\/\/franciscanos.org.br\/noticias\/#website\"},\"primaryImageOfPage\":{\"@id\":\"https:\/\/franciscanos.org.br\/noticias\/devotos-da-penha-alegres-testemunhas-da-esperanca.html#primaryimage\"},\"datePublished\":\"2017-04-22T01:04:43+00:00\",\"dateModified\":\"2020-09-08T16:34:28+00:00\",\"author\":{\"@id\":\"https:\/\/franciscanos.org.br\/noticias\/#\/schema\/person\/b38fbf43118f02820bd932f2e4b14ad3\"},\"breadcrumb\":{\"@id\":\"https:\/\/franciscanos.org.br\/noticias\/devotos-da-penha-alegres-testemunhas-da-esperanca.html#breadcrumb\"},\"inLanguage\":\"pt-BR\",\"potentialAction\":[{\"@type\":\"ReadAction\",\"target\":[\"https:\/\/franciscanos.org.br\/noticias\/devotos-da-penha-alegres-testemunhas-da-esperanca.html\"]}]},{\"@type\":\"BreadcrumbList\",\"@id\":\"https:\/\/franciscanos.org.br\/noticias\/devotos-da-penha-alegres-testemunhas-da-esperanca.html#breadcrumb\",\"itemListElement\":[{\"@type\":\"ListItem\",\"position\":1,\"name\":\"Home\",\"item\":\"https:\/\/franciscanos.org.br\/noticias\"},{\"@type\":\"ListItem\",\"position\":2,\"name\":\"Devotos da Penha: alegres testemunhas da esperan\u00e7a\"}]},{\"@type\":\"Person\",\"@id\":\"https:\/\/franciscanos.org.br\/noticias\/#\/schema\/person\/b38fbf43118f02820bd932f2e4b14ad3\",\"name\":\"admin\",\"image\":{\"@type\":\"ImageObject\",\"inLanguage\":\"pt-BR\",\"@id\":\"https:\/\/franciscanos.org.br\/noticias\/#\/schema\/person\/image\/\",\"url\":\"https:\/\/secure.gravatar.com\/avatar\/e8495742d34d0ba6448ea1c628263b3e?s=96&d=mm&r=g\",\"contentUrl\":\"https:\/\/secure.gravatar.com\/avatar\/e8495742d34d0ba6448ea1c628263b3e?s=96&d=mm&r=g\",\"caption\":\"admin\"},\"url\":\"https:\/\/franciscanos.org.br\/noticias\/author\/admin\"}]}<\/script>\n<!-- \/ Yoast SEO plugin. -->","yoast_head_json":{"title":"Devotos da Penha: alegres testemunhas da esperan\u00e7a - Not\u00edcias - Franciscanos","robots":{"index":"index","follow":"follow","max-snippet":"max-snippet:-1","max-image-preview":"max-image-preview:large","max-video-preview":"max-video-preview:-1"},"canonical":"https:\/\/franciscanos.org.br\/noticias\/devotos-da-penha-alegres-testemunhas-da-esperanca.html","og_locale":"pt_BR","og_type":"article","og_title":"Devotos da Penha: alegres testemunhas da esperan\u00e7a - Not\u00edcias - Franciscanos","og_description":"Festa da Penha 2017","og_url":"https:\/\/franciscanos.org.br\/noticias\/devotos-da-penha-alegres-testemunhas-da-esperanca.html","og_site_name":"Not\u00edcias - Franciscanos","article_published_time":"2017-04-22T01:04:43+00:00","article_modified_time":"2020-09-08T16:34:28+00:00","og_image":[{"width":273,"height":181,"url":"https:\/\/franciscanos.org.br\/noticias\/wp-content\/uploads\/2017\/04\/penhaP_210417-56.jpg","type":"image\/jpeg"}],"author":"admin","twitter_card":"summary_large_image","twitter_misc":{"Escrito por":"admin","Est. tempo de leitura":"5 minutos"},"schema":{"@context":"https:\/\/schema.org","@graph":[{"@type":"WebSite","@id":"https:\/\/franciscanos.org.br\/noticias\/#website","url":"https:\/\/franciscanos.org.br\/noticias\/","name":"Not\u00edcias - Franciscanos","description":"Prov\u00edncia Franciscana da Imaculada Concei\u00e7\u00e3o do Brasil - Ordem dos Frades Menores - OFM","potentialAction":[{"@type":"SearchAction","target":{"@type":"EntryPoint","urlTemplate":"https:\/\/franciscanos.org.br\/noticias\/?s={search_term_string}"},"query-input":"required name=search_term_string"}],"inLanguage":"pt-BR"},{"@type":"ImageObject","inLanguage":"pt-BR","@id":"https:\/\/franciscanos.org.br\/noticias\/devotos-da-penha-alegres-testemunhas-da-esperanca.html#primaryimage","url":"https:\/\/franciscanos.org.br\/noticias\/wp-content\/uploads\/2017\/04\/penhaP_210417-56.jpg","contentUrl":"https:\/\/franciscanos.org.br\/noticias\/wp-content\/uploads\/2017\/04\/penhaP_210417-56.jpg","width":273,"height":181},{"@type":"WebPage","@id":"https:\/\/franciscanos.org.br\/noticias\/devotos-da-penha-alegres-testemunhas-da-esperanca.html#webpage","url":"https:\/\/franciscanos.org.br\/noticias\/devotos-da-penha-alegres-testemunhas-da-esperanca.html","name":"Devotos da Penha: alegres testemunhas da esperan\u00e7a - Not\u00edcias - Franciscanos","isPartOf":{"@id":"https:\/\/franciscanos.org.br\/noticias\/#website"},"primaryImageOfPage":{"@id":"https:\/\/franciscanos.org.br\/noticias\/devotos-da-penha-alegres-testemunhas-da-esperanca.html#primaryimage"},"datePublished":"2017-04-22T01:04:43+00:00","dateModified":"2020-09-08T16:34:28+00:00","author":{"@id":"https:\/\/franciscanos.org.br\/noticias\/#\/schema\/person\/b38fbf43118f02820bd932f2e4b14ad3"},"breadcrumb":{"@id":"https:\/\/franciscanos.org.br\/noticias\/devotos-da-penha-alegres-testemunhas-da-esperanca.html#breadcrumb"},"inLanguage":"pt-BR","potentialAction":[{"@type":"ReadAction","target":["https:\/\/franciscanos.org.br\/noticias\/devotos-da-penha-alegres-testemunhas-da-esperanca.html"]}]},{"@type":"BreadcrumbList","@id":"https:\/\/franciscanos.org.br\/noticias\/devotos-da-penha-alegres-testemunhas-da-esperanca.html#breadcrumb","itemListElement":[{"@type":"ListItem","position":1,"name":"Home","item":"https:\/\/franciscanos.org.br\/noticias"},{"@type":"ListItem","position":2,"name":"Devotos da Penha: alegres testemunhas da esperan\u00e7a"}]},{"@type":"Person","@id":"https:\/\/franciscanos.org.br\/noticias\/#\/schema\/person\/b38fbf43118f02820bd932f2e4b14ad3","name":"admin","image":{"@type":"ImageObject","inLanguage":"pt-BR","@id":"https:\/\/franciscanos.org.br\/noticias\/#\/schema\/person\/image\/","url":"https:\/\/secure.gravatar.com\/avatar\/e8495742d34d0ba6448ea1c628263b3e?s=96&d=mm&r=g","contentUrl":"https:\/\/secure.gravatar.com\/avatar\/e8495742d34d0ba6448ea1c628263b3e?s=96&d=mm&r=g","caption":"admin"},"url":"https:\/\/franciscanos.org.br\/noticias\/author\/admin"}]}},"_links":{"self":[{"href":"https:\/\/franciscanos.org.br\/noticias\/wp-json\/wp\/v2\/posts\/131279"}],"collection":[{"href":"https:\/\/franciscanos.org.br\/noticias\/wp-json\/wp\/v2\/posts"}],"about":[{"href":"https:\/\/franciscanos.org.br\/noticias\/wp-json\/wp\/v2\/types\/post"}],"author":[{"embeddable":true,"href":"https:\/\/franciscanos.org.br\/noticias\/wp-json\/wp\/v2\/users\/1"}],"replies":[{"embeddable":true,"href":"https:\/\/franciscanos.org.br\/noticias\/wp-json\/wp\/v2\/comments?post=131279"}],"version-history":[{"count":1,"href":"https:\/\/franciscanos.org.br\/noticias\/wp-json\/wp\/v2\/posts\/131279\/revisions"}],"predecessor-version":[{"id":228214,"href":"https:\/\/franciscanos.org.br\/noticias\/wp-json\/wp\/v2\/posts\/131279\/revisions\/228214"}],"wp:featuredmedia":[{"embeddable":true,"href":"https:\/\/franciscanos.org.br\/noticias\/wp-json\/wp\/v2\/media\/196819"}],"wp:attachment":[{"href":"https:\/\/franciscanos.org.br\/noticias\/wp-json\/wp\/v2\/media?parent=131279"}],"wp:term":[{"taxonomy":"category","embeddable":true,"href":"https:\/\/franciscanos.org.br\/noticias\/wp-json\/wp\/v2\/categories?post=131279"},{"taxonomy":"post_tag","embeddable":true,"href":"https:\/\/franciscanos.org.br\/noticias\/wp-json\/wp\/v2\/tags?post=131279"}],"curies":[{"name":"wp","href":"https:\/\/api.w.org\/{rel}","templated":true}]}}