{"id":131139,"date":"2017-04-20T17:27:55","date_gmt":"2017-04-20T20:27:55","guid":{"rendered":"http:\/\/franciscanos.org.br\/?p=131139"},"modified":"2019-01-29T11:11:11","modified_gmt":"2019-01-29T13:11:11","slug":"benfeitores-chegam-para-o-encontro-do-pvf-em-agudos","status":"publish","type":"post","link":"https:\/\/franciscanos.org.br\/noticias\/benfeitores-chegam-para-o-encontro-do-pvf-em-agudos.html","title":{"rendered":"Benfeitores do PVF chegam para o Encontro em Agudos"},"content":{"rendered":"<p><img loading=\"lazy\" class=\"alignleft\" src=\"http:\/\/franciscanos.org.br\/wp-content\/uploads\/2017\/04\/pvf_200417_1.jpg\" alt=\"pvf_200417_1\" width=\"830\" height=\"492\" \/><\/p>\n<p><strong>Moacir Beggo<\/strong><\/p>\n<p><strong>Agudos (SP)<\/strong> &#8211; Cerca de cem benfeitores do Pr\u00f3-Voca\u00e7\u00f5es e Miss\u00f5es Franciscanas j\u00e1 est\u00e3o no Semin\u00e1rio Santo Ant\u00f4nio de Agudos (SP). Dois \u00f4nibus vindos de S\u00e3o Paulo trouxeram a grande maioria dos participantes para o encontro anual que come\u00e7a hoje e termina no domingo, 23 de abril. Eles foram recebidos por Frei Alvaci Mendes da Luz, o coordenador do PVF, e Frei Alexandre Rohling, o conhecido Frei Xand\u00e3o, que garantiu a anima\u00e7\u00e3o na recep\u00e7\u00e3o com Lucas Vieira.<\/p>\n<p>Os benfeitores est\u00e3o em Agudos para um momento de confraterniza\u00e7\u00e3o, partilha e forma\u00e7\u00e3o franciscana. Este encontro \u00e9 tamb\u00e9m uma oportunidade \u00fanica de se retirarem da vida agitada nas grandes cidades e repetirem uma experi\u00eancia que acontece desde 1999, quando foi realizado o primeiro encontro. \u201cHoje, o esp\u00edrito continua o mesmo. Os benfeitores se alegram, rezam, partilham experi\u00eancias e momentos de vida. No fundo \u00e9 uma grande confraterniza\u00e7\u00e3o, e espero que este ano seja de igual modo para todos os participantes\u201d, aposta Frei Alvaci Mendes da Luz, coordenador do PVF.<\/p>\n<p>Este encontro anual re\u00fane participantes, em sua maioria, da cidade de S\u00e3o Paulo, mas tamb\u00e9m de estados como Esp\u00edrito Santo, Rio de Janeiro, Paran\u00e1 e Santa Catarina, onde a Prov\u00edncia se faz presente. S\u00e3o esperadas mais de 100 pessoas, al\u00e9m dos frades que trabalham diretamente no Pr\u00f3-voca\u00e7\u00f5es e na anima\u00e7\u00e3o vocacional. O palestrante ser\u00e1 Frei Jo\u00e3o Francisco da Silva (foto ao lado), Definidor da Prov\u00edncia e guardi\u00e3o da Fraternidade do Semin\u00e1rio Frei Galv\u00e3o de Guaratinguet\u00e1 (SP).<\/p>\n<p>\u201cFrei Jo\u00e3o Francisco dar\u00e1 o norte das reflex\u00f5es e ajudar\u00e1 os benfeitores a pensarem no seu papel como crist\u00e3os e franciscanos. O tema sempre tem a ver com a espiritualidade franciscana e, desta vez, falaremos de \u2018Francisco, o irm\u00e3o universal\u2019, tendo como pano de fundo a Campanha da Fraternidade e o olhar da Igreja para a quest\u00e3o ecol\u00f3gica\u201d, explica Frei Alvaci.<\/p>\n<p>Os benfeitores do Pr\u00f3-Voca\u00e7\u00f5es ajudam com doa\u00e7\u00f5es na forma\u00e7\u00e3o dos futuros frades franciscanos da Prov\u00edncia da Imaculada Concei\u00e7\u00e3o. \u201cPara a Prov\u00edncia, \u00e9 muito valioso saber que por tr\u00e1s de uma doa\u00e7\u00e3o existe um franciscano, uma franciscana de cora\u00e7\u00e3o, que nos quer bem e se motiva a nos ajudar\u201d, acrescenta Frei Alvaci, explicando que tamb\u00e9m \u00e9 o momento de agradecer pela generosidade e compartilhar os dons e gra\u00e7as recebidos.<\/p>\n<p>O frade conta que os benfeitores t\u00eam a op\u00e7\u00e3o de fazer os encontros regionais. \u201cEles s\u00e3o organizados a partir de nossas par\u00f3quias e conventos. Trata-se de um dia de espiritualidade e f\u00e9, de ora\u00e7\u00e3o e confraterniza\u00e7\u00e3o, em uma das regi\u00f5es da Prov\u00edncia. Essa modalidade facilita o deslocamento dos benfeitores, que podem conhecer o trabalho do Pr\u00f3-Voca\u00e7\u00f5es e de nossas casas de forma\u00e7\u00e3o\u201d, refor\u00e7a o coordenador do PVF. Atualmente, as casas de forma\u00e7\u00e3o franciscana na etapa inicial est\u00e3o em Ituporanga (Aspirantado e Ensino M\u00e9dio), Guaratinguet\u00e1 (Postulantado) e Rodeio (Noviciado).<\/p>\n<p>Os benfeitores ter\u00e3o oportunidade de passar tr\u00eas dias no belo pr\u00e9dio constru\u00eddo em estilo neocolonial h\u00e1 67 anos e que foi casa de forma\u00e7\u00e3o da Prov\u00edncia at\u00e9 2010. Agora, a tradicional arquitetura, em meio a uma grande \u00e1rea arborizada com bosques e belos jardins, tem como miss\u00e3o exclusivamente ser Casa de Encontros.<\/p>\n","protected":false},"excerpt":{"rendered":"<p>Pr\u00f3-Voca\u00e7\u00f5es<\/p>\n","protected":false},"author":1,"featured_media":197859,"comment_status":"open","ping_status":"open","sticky":false,"template":"","format":"standard","meta":[],"categories":[1],"tags":[254],"acf":[],"yoast_head":"<!-- This site is optimized with the Yoast SEO plugin v19.2 - https:\/\/yoast.com\/wordpress\/plugins\/seo\/ -->\n<title>Benfeitores do PVF chegam para o Encontro em Agudos - Not\u00edcias - Franciscanos<\/title>\n<meta name=\"robots\" content=\"index, follow, max-snippet:-1, max-image-preview:large, max-video-preview:-1\" \/>\n<link rel=\"canonical\" href=\"https:\/\/franciscanos.org.br\/noticias\/benfeitores-chegam-para-o-encontro-do-pvf-em-agudos.html\" \/>\n<meta property=\"og:locale\" content=\"pt_BR\" \/>\n<meta property=\"og:type\" content=\"article\" \/>\n<meta property=\"og:title\" content=\"Benfeitores do PVF chegam para o Encontro em Agudos - Not\u00edcias - Franciscanos\" \/>\n<meta property=\"og:description\" content=\"Pr\u00f3-Voca\u00e7\u00f5es\" \/>\n<meta property=\"og:url\" content=\"https:\/\/franciscanos.org.br\/noticias\/benfeitores-chegam-para-o-encontro-do-pvf-em-agudos.html\" \/>\n<meta property=\"og:site_name\" content=\"Not\u00edcias - Franciscanos\" \/>\n<meta property=\"article:published_time\" content=\"2017-04-20T20:27:55+00:00\" \/>\n<meta property=\"article:modified_time\" content=\"2019-01-29T13:11:11+00:00\" \/>\n<meta property=\"og:image\" content=\"https:\/\/franciscanos.org.br\/noticias\/wp-content\/uploads\/2017\/04\/pvf_200417_1.jpg\" \/>\n\t<meta property=\"og:image:width\" content=\"273\" \/>\n\t<meta property=\"og:image:height\" content=\"181\" \/>\n\t<meta property=\"og:image:type\" content=\"image\/jpeg\" \/>\n<meta name=\"author\" content=\"admin\" \/>\n<meta name=\"twitter:card\" content=\"summary_large_image\" \/>\n<meta name=\"twitter:label1\" content=\"Escrito por\" \/>\n\t<meta name=\"twitter:data1\" content=\"admin\" \/>\n\t<meta name=\"twitter:label2\" content=\"Est. tempo de leitura\" \/>\n\t<meta name=\"twitter:data2\" content=\"3 minutos\" \/>\n<script type=\"application\/ld+json\" class=\"yoast-schema-graph\">{\"@context\":\"https:\/\/schema.org\",\"@graph\":[{\"@type\":\"WebSite\",\"@id\":\"https:\/\/franciscanos.org.br\/noticias\/#website\",\"url\":\"https:\/\/franciscanos.org.br\/noticias\/\",\"name\":\"Not\u00edcias - Franciscanos\",\"description\":\"Prov\u00edncia Franciscana da Imaculada Concei\u00e7\u00e3o do Brasil - Ordem dos Frades Menores - OFM\",\"potentialAction\":[{\"@type\":\"SearchAction\",\"target\":{\"@type\":\"EntryPoint\",\"urlTemplate\":\"https:\/\/franciscanos.org.br\/noticias\/?s={search_term_string}\"},\"query-input\":\"required name=search_term_string\"}],\"inLanguage\":\"pt-BR\"},{\"@type\":\"ImageObject\",\"inLanguage\":\"pt-BR\",\"@id\":\"https:\/\/franciscanos.org.br\/noticias\/benfeitores-chegam-para-o-encontro-do-pvf-em-agudos.html#primaryimage\",\"url\":\"https:\/\/franciscanos.org.br\/noticias\/wp-content\/uploads\/2017\/04\/pvf_200417_1.jpg\",\"contentUrl\":\"https:\/\/franciscanos.org.br\/noticias\/wp-content\/uploads\/2017\/04\/pvf_200417_1.jpg\",\"width\":273,\"height\":181},{\"@type\":\"WebPage\",\"@id\":\"https:\/\/franciscanos.org.br\/noticias\/benfeitores-chegam-para-o-encontro-do-pvf-em-agudos.html#webpage\",\"url\":\"https:\/\/franciscanos.org.br\/noticias\/benfeitores-chegam-para-o-encontro-do-pvf-em-agudos.html\",\"name\":\"Benfeitores do PVF chegam para o Encontro em Agudos - Not\u00edcias - Franciscanos\",\"isPartOf\":{\"@id\":\"https:\/\/franciscanos.org.br\/noticias\/#website\"},\"primaryImageOfPage\":{\"@id\":\"https:\/\/franciscanos.org.br\/noticias\/benfeitores-chegam-para-o-encontro-do-pvf-em-agudos.html#primaryimage\"},\"datePublished\":\"2017-04-20T20:27:55+00:00\",\"dateModified\":\"2019-01-29T13:11:11+00:00\",\"author\":{\"@id\":\"https:\/\/franciscanos.org.br\/noticias\/#\/schema\/person\/b38fbf43118f02820bd932f2e4b14ad3\"},\"breadcrumb\":{\"@id\":\"https:\/\/franciscanos.org.br\/noticias\/benfeitores-chegam-para-o-encontro-do-pvf-em-agudos.html#breadcrumb\"},\"inLanguage\":\"pt-BR\",\"potentialAction\":[{\"@type\":\"ReadAction\",\"target\":[\"https:\/\/franciscanos.org.br\/noticias\/benfeitores-chegam-para-o-encontro-do-pvf-em-agudos.html\"]}]},{\"@type\":\"BreadcrumbList\",\"@id\":\"https:\/\/franciscanos.org.br\/noticias\/benfeitores-chegam-para-o-encontro-do-pvf-em-agudos.html#breadcrumb\",\"itemListElement\":[{\"@type\":\"ListItem\",\"position\":1,\"name\":\"Home\",\"item\":\"https:\/\/franciscanos.org.br\/noticias\"},{\"@type\":\"ListItem\",\"position\":2,\"name\":\"Benfeitores do PVF chegam para o Encontro em Agudos\"}]},{\"@type\":\"Person\",\"@id\":\"https:\/\/franciscanos.org.br\/noticias\/#\/schema\/person\/b38fbf43118f02820bd932f2e4b14ad3\",\"name\":\"admin\",\"image\":{\"@type\":\"ImageObject\",\"inLanguage\":\"pt-BR\",\"@id\":\"https:\/\/franciscanos.org.br\/noticias\/#\/schema\/person\/image\/\",\"url\":\"https:\/\/secure.gravatar.com\/avatar\/e8495742d34d0ba6448ea1c628263b3e?s=96&d=mm&r=g\",\"contentUrl\":\"https:\/\/secure.gravatar.com\/avatar\/e8495742d34d0ba6448ea1c628263b3e?s=96&d=mm&r=g\",\"caption\":\"admin\"},\"url\":\"https:\/\/franciscanos.org.br\/noticias\/author\/admin\"}]}<\/script>\n<!-- \/ Yoast SEO plugin. -->","yoast_head_json":{"title":"Benfeitores do PVF chegam para o Encontro em Agudos - Not\u00edcias - Franciscanos","robots":{"index":"index","follow":"follow","max-snippet":"max-snippet:-1","max-image-preview":"max-image-preview:large","max-video-preview":"max-video-preview:-1"},"canonical":"https:\/\/franciscanos.org.br\/noticias\/benfeitores-chegam-para-o-encontro-do-pvf-em-agudos.html","og_locale":"pt_BR","og_type":"article","og_title":"Benfeitores do PVF chegam para o Encontro em Agudos - Not\u00edcias - Franciscanos","og_description":"Pr\u00f3-Voca\u00e7\u00f5es","og_url":"https:\/\/franciscanos.org.br\/noticias\/benfeitores-chegam-para-o-encontro-do-pvf-em-agudos.html","og_site_name":"Not\u00edcias - Franciscanos","article_published_time":"2017-04-20T20:27:55+00:00","article_modified_time":"2019-01-29T13:11:11+00:00","og_image":[{"width":273,"height":181,"url":"https:\/\/franciscanos.org.br\/noticias\/wp-content\/uploads\/2017\/04\/pvf_200417_1.jpg","type":"image\/jpeg"}],"author":"admin","twitter_card":"summary_large_image","twitter_misc":{"Escrito por":"admin","Est. tempo de leitura":"3 minutos"},"schema":{"@context":"https:\/\/schema.org","@graph":[{"@type":"WebSite","@id":"https:\/\/franciscanos.org.br\/noticias\/#website","url":"https:\/\/franciscanos.org.br\/noticias\/","name":"Not\u00edcias - Franciscanos","description":"Prov\u00edncia Franciscana da Imaculada Concei\u00e7\u00e3o do Brasil - Ordem dos Frades Menores - OFM","potentialAction":[{"@type":"SearchAction","target":{"@type":"EntryPoint","urlTemplate":"https:\/\/franciscanos.org.br\/noticias\/?s={search_term_string}"},"query-input":"required name=search_term_string"}],"inLanguage":"pt-BR"},{"@type":"ImageObject","inLanguage":"pt-BR","@id":"https:\/\/franciscanos.org.br\/noticias\/benfeitores-chegam-para-o-encontro-do-pvf-em-agudos.html#primaryimage","url":"https:\/\/franciscanos.org.br\/noticias\/wp-content\/uploads\/2017\/04\/pvf_200417_1.jpg","contentUrl":"https:\/\/franciscanos.org.br\/noticias\/wp-content\/uploads\/2017\/04\/pvf_200417_1.jpg","width":273,"height":181},{"@type":"WebPage","@id":"https:\/\/franciscanos.org.br\/noticias\/benfeitores-chegam-para-o-encontro-do-pvf-em-agudos.html#webpage","url":"https:\/\/franciscanos.org.br\/noticias\/benfeitores-chegam-para-o-encontro-do-pvf-em-agudos.html","name":"Benfeitores do PVF chegam para o Encontro em Agudos - Not\u00edcias - Franciscanos","isPartOf":{"@id":"https:\/\/franciscanos.org.br\/noticias\/#website"},"primaryImageOfPage":{"@id":"https:\/\/franciscanos.org.br\/noticias\/benfeitores-chegam-para-o-encontro-do-pvf-em-agudos.html#primaryimage"},"datePublished":"2017-04-20T20:27:55+00:00","dateModified":"2019-01-29T13:11:11+00:00","author":{"@id":"https:\/\/franciscanos.org.br\/noticias\/#\/schema\/person\/b38fbf43118f02820bd932f2e4b14ad3"},"breadcrumb":{"@id":"https:\/\/franciscanos.org.br\/noticias\/benfeitores-chegam-para-o-encontro-do-pvf-em-agudos.html#breadcrumb"},"inLanguage":"pt-BR","potentialAction":[{"@type":"ReadAction","target":["https:\/\/franciscanos.org.br\/noticias\/benfeitores-chegam-para-o-encontro-do-pvf-em-agudos.html"]}]},{"@type":"BreadcrumbList","@id":"https:\/\/franciscanos.org.br\/noticias\/benfeitores-chegam-para-o-encontro-do-pvf-em-agudos.html#breadcrumb","itemListElement":[{"@type":"ListItem","position":1,"name":"Home","item":"https:\/\/franciscanos.org.br\/noticias"},{"@type":"ListItem","position":2,"name":"Benfeitores do PVF chegam para o Encontro em Agudos"}]},{"@type":"Person","@id":"https:\/\/franciscanos.org.br\/noticias\/#\/schema\/person\/b38fbf43118f02820bd932f2e4b14ad3","name":"admin","image":{"@type":"ImageObject","inLanguage":"pt-BR","@id":"https:\/\/franciscanos.org.br\/noticias\/#\/schema\/person\/image\/","url":"https:\/\/secure.gravatar.com\/avatar\/e8495742d34d0ba6448ea1c628263b3e?s=96&d=mm&r=g","contentUrl":"https:\/\/secure.gravatar.com\/avatar\/e8495742d34d0ba6448ea1c628263b3e?s=96&d=mm&r=g","caption":"admin"},"url":"https:\/\/franciscanos.org.br\/noticias\/author\/admin"}]}},"_links":{"self":[{"href":"https:\/\/franciscanos.org.br\/noticias\/wp-json\/wp\/v2\/posts\/131139"}],"collection":[{"href":"https:\/\/franciscanos.org.br\/noticias\/wp-json\/wp\/v2\/posts"}],"about":[{"href":"https:\/\/franciscanos.org.br\/noticias\/wp-json\/wp\/v2\/types\/post"}],"author":[{"embeddable":true,"href":"https:\/\/franciscanos.org.br\/noticias\/wp-json\/wp\/v2\/users\/1"}],"replies":[{"embeddable":true,"href":"https:\/\/franciscanos.org.br\/noticias\/wp-json\/wp\/v2\/comments?post=131139"}],"version-history":[{"count":0,"href":"https:\/\/franciscanos.org.br\/noticias\/wp-json\/wp\/v2\/posts\/131139\/revisions"}],"wp:featuredmedia":[{"embeddable":true,"href":"https:\/\/franciscanos.org.br\/noticias\/wp-json\/wp\/v2\/media\/197859"}],"wp:attachment":[{"href":"https:\/\/franciscanos.org.br\/noticias\/wp-json\/wp\/v2\/media?parent=131139"}],"wp:term":[{"taxonomy":"category","embeddable":true,"href":"https:\/\/franciscanos.org.br\/noticias\/wp-json\/wp\/v2\/categories?post=131139"},{"taxonomy":"post_tag","embeddable":true,"href":"https:\/\/franciscanos.org.br\/noticias\/wp-json\/wp\/v2\/tags?post=131139"}],"curies":[{"name":"wp","href":"https:\/\/api.w.org\/{rel}","templated":true}]}}