{"id":131079,"date":"2017-04-20T09:17:11","date_gmt":"2017-04-20T12:17:11","guid":{"rendered":"http:\/\/franciscanos.org.br\/?p=131079"},"modified":"2019-01-29T11:12:09","modified_gmt":"2019-01-29T13:12:09","slug":"protomartires-do-brasil-serao-canonizados-em-outubro","status":"publish","type":"post","link":"https:\/\/franciscanos.org.br\/noticias\/protomartires-do-brasil-serao-canonizados-em-outubro.html","title":{"rendered":"Protom\u00e1rtires: canoniza\u00e7\u00e3o ser\u00e1 em outubro"},"content":{"rendered":"<p><strong><img loading=\"lazy\" class=\"size-full wp-image-131081 alignleft\" src=\"http:\/\/franciscanos.org.br\/wp-content\/uploads\/2017\/04\/proto_200417.jpg\" alt=\"proto_200417\" width=\"433\" height=\"558\" \/>Cidade do Vaticano<\/strong> &#8211; O Papa Francisco presidiu, nesta quinta-feira (20\/04), o Consist\u00f3rio Ordin\u00e1rio P\u00fablico realizado na Sala do Consist\u00f3rio, no Vaticano, em que foram definidas as datas de novas canoniza\u00e7\u00f5es.<\/p>\n<p>Os protom\u00e1rtires do Brasil ser\u00e3o canonizados pelo Papa Francisco, em 15 de outubro pr\u00f3ximo, na Bas\u00edlica de S\u00e3o Pedro.<\/p>\n<p>Os futuros santos s\u00e3o: Andr\u00e9 de Soveral e Ambr\u00f3sio Francisco Ferro, sacerdotes diocesanos, e Mateus Moreira e seus vinte e sete companheiros leigos, que em 1645, no Rio Grande do Norte, derramaram seu sangue por amor a Cristo. \u00a0Conhecidos como m\u00e1rtires de Cunha\u00fa e Urua\u00e7u foram beatificados no ano 2000.<\/p>\n<p>Dentro da conturbada invas\u00e3o dos holandeses no nordeste do Brasil, encontram-se os dois mart\u00edrios coletivos: o de Cunha\u00fa e o de Urua\u00e7u. Estes mart\u00edrios aconteceram no ano de 1645, sendo que o Pe. Andr\u00e9 de Soveral e Domingos de Carvalho foram m\u00e1rtires em Cunha\u00fa e o Pe. Ambr\u00f3sio Francisco Ferro e Mateus Moreira em Urua\u00e7u; dentre outros.<\/p>\n<p>No Engenho de Cunha\u00fa, principal p\u00f3lo econ\u00f4mico da Capitania do Rio Grande (atual estado do Rio Grande do Norte), existia uma pequena e fervorosa comunidade composta por 70 pessoas sob os cuidados do Pe. Andr\u00e9 de Soveral. No dia 15 de julho chegou em Cunha\u00fa Jac\u00f3 Rabe, trazendo consigo seus liderados, os ferozes tapuias, e, al\u00e9m deles, alguns potiguares com o chefe Jerera e soldados holandeses. Jac\u00f3 Rabe era conhecido por seus saques e desmandos, feitos com a coniv\u00eancia dos holandeses, deixando um rastro de destrui\u00e7\u00e3o por onde passava.<\/p>\n<p>Dizendo-se em miss\u00e3o oficial pelo Supremo Conselho Holand\u00eas do Recife, convoca a popula\u00e7\u00e3o para ouvir as ordens do Conselho ap\u00f3s a missa dominical no dia seguinte. Durante a Santa Missa, ap\u00f3s a eleva\u00e7\u00e3o da h\u00f3stia e do c\u00e1lice, a um sinal de Jac\u00f3 Rabe, foram fechadas todas as portas da igreja e se deu in\u00edcio \u00e0 terr\u00edvel carnificina: os fi\u00e9is em ora\u00e7\u00e3o, tomados de surpresa e completamente indefesos, foram covardemente atacados e mortos pelos flamengos com a ajuda dos tapuias e dos potiguares.<\/p>\n<p>A not\u00edcia do massacre de Cunha\u00fa espalhou-se por todo o Rio Grande e capitanias vizinhas, mesmo suspeitando dessa coniv\u00eancia do governo holand\u00eas, alguns moradores influentes pediram asilo ao comandante da Fortaleza dos Reis Magos. Assim, foram recebidos como h\u00f3spedes o vig\u00e1rio Pe. Ambr\u00f3sio Francisco Ferro, Ant\u00f4nio Vilela, o Mo\u00e7o, Francisco de Bastos, Diogo Pereira e Jos\u00e9 do Porto. Os outros moradores, a grande maioria, n\u00e3o podendo ficar no Forte, assumiram a sua pr\u00f3pria defesa, construindo uma fortifica\u00e7\u00e3o na pequena cidade de Potengi, a 25 km de Fortaleza.<\/p>\n<p>Enquanto isso, Jac\u00f3 Rabe prosseguia com seus crimes. Ap\u00f3s passar por v\u00e1rias localidades do Rio Grande e da Para\u00edba, Rabe foi ent\u00e3o \u00e0 Potengi, e encontrou her\u00f3ica resist\u00eancia armada dos fortificados. Como sabiam que ele mandara matar os inocentes de Cunha\u00fa, resistiram o mais que puderam, por 16 dias, at\u00e9 que chegaram duas pe\u00e7as de artilharia vindas da Fortaleza dos Reis Magos. N\u00e3o tinham como enfrent\u00e1-las. Depuseram as armas e entregaram-se nas m\u00e3os de Deus.<\/p>\n<p>Cinco ref\u00e9ns foram levados \u00e0 Fortaleza: Est\u00eav\u00e3o Machado de Miranda, Francisco Mendes Pereira, Vicente de Souza Pereira, Jo\u00e3o da Silveira e Sim\u00e3o Correia. Desse modo, os moradores do Rio Grande ficaram em dois grupos: 12 na Fortaleza e o restante sob cust\u00f3dia em Potengi.<\/p>\n<p>Dia 2 de outubro chegaram ordens de Recife mandando matar todos os moradores, o que foi feito no dia seguinte, 3 de outubro. Os holandeses decidiram eliminar primeiro os 12 da Fortaleza, por serem pessoas influentes, servindo de exemplo: o vig\u00e1rio, um escabino, um rico propriet\u00e1rio.<\/p>\n<p>Foram embarcados e levados rio acima para o porto de Urua\u00e7u. L\u00e1 os esperava o chefe ind\u00edgena potiguar Ant\u00f4nio Paraopaba e um pelot\u00e3o armado de duzentos \u00edndios seus comandados. Repetiram-se ent\u00e3o as piores atrocidades e barb\u00e1ries, que os pr\u00f3prios cronistas da \u00e9poca sentiam pejo em cont\u00e1-las, porque atentavam \u00e0s leis da moral e mod\u00e9stia.<\/p>\n<p>Um deles, Mateus Moreira, estando ainda vivo, foi-lhe arrancado o cora\u00e7\u00e3o das costas, mas ele ainda teve for\u00e7as para proclamar a sua f\u00e9 na Eucaristia, dizendo: \u201cLouvado seja o Sant\u00edssimo Sacramento\u201d.<\/p>\n<p>A 5 de mar\u00e7o de 2000, na Pra\u00e7a de S\u00e3o Pedro, no Vaticano, o Papa Jo\u00e3o Paulo II beatificou os 30 protom\u00e1rtires brasileiros, sendo 2 sacerdotes e 28 leigos beatificados.<\/p>\n<h2>Jacinta e Francisco ser\u00e3o canonizados em 13 de maio em F\u00e1tima<\/h2>\n<p>Jacinta e Francisco Marto, os dois pastorzinhos que tiveram vis\u00f5es de Nossa Senhora, ser\u00e3o canonizados pelo Papa Francisco em F\u00e1tima, em 13 de maio.<\/p>\n<p>A confirma\u00e7\u00e3o deu-se na manh\u00e3 desta quinta-feira (20\/04) durante o Consist\u00f3rio Ordin\u00e1rio P\u00fablico, presidido pelo Santo Padre no Vaticano. Ser\u00e3o as primeiras crian\u00e7as n\u00e3o-m\u00e1rtires a serem proclamadas Santas. Na mesma data, h\u00e1 17 anos, os dois irm\u00e3os eram beatificados por Jo\u00e3o Paulo II.<\/p>\n<p>Jacinta e Francisco Marto, os dois irm\u00e3os de apenas nove e dez anos, junto com a prima L\u00facia dos Santos, tiveram vis\u00f5es de Nossa Senhora. A primeira vez em 13 de maio de 1917, seguindo-se em todos os dias 13 de cada m\u00eas, at\u00e9 chegar ao m\u00eas de outubro. Nos &#8220;encontros celestiais&#8221; Maria deixou mensagens sobre acontecimentos futuros e recomenda\u00e7\u00f5es aos pequenos, entre estas, a de rezar o Ros\u00e1rio diariamente.<\/p>\n<p>A fama de santidade dos dois pastorzinhos logo ap\u00f3s as suas mortes j\u00e1 havia se difundido por todo o mundo. Francisco morreu em 4 de abril de 1919, de febre espanhola. Jacinta, dez meses mais tarde, em 20 de fevereiro de 1920.<\/p>\n<p>Jacinta, ap\u00f3s muitos sofrimentos oferecidos pela convers\u00e3o dos pecadores, morreu sozinha em um hospital de Lisboa, sendo sepultada em Vila Nova de Our\u00e9m, o munic\u00edpio ao qual pertence o Santu\u00e1rio de F\u00e1tima.<\/p>\n<p>De Francisco &#8211; chamado de &#8220;o consolador&#8221; pelo seu desejo de consolar com a ora\u00e7\u00e3o Nossa Senhora &#8211; perdeu-se o local preciso de seu sepultamento. Somente anos mais tarde seus restos mortais foram reconhecidos pelo pai, por um detalhe muito particular, o ter\u00e7o que ele tinha nas m\u00e3os.<\/p>\n<p>Em setembro de 1935, o corpo incorrupto de Jacinta foi traslado de Vila Nova de Our\u00e9m a F\u00e1tima. O corpo foi fotografado e o Bispo de Leiria-F\u00e1tima, Jos\u00e9 Alvez Correia da Silva, enviou uma c\u00f3pia \u00e0 L\u00facia, que havia se tornado uma Irm\u00e3 dorot\u00e9ia. Na ocasi\u00e3o, o prelado pediu a L\u00facia que escrevesse tudo o que sabia sobre a vida de Jacinta. Nascia assim a Primeira mem\u00f3ria, que ficou pronta no Natal de 1935.<\/p>\n<p>Sucessivamente o bispo pediu que L\u00facia escrevesse tamb\u00e9m suas recorda\u00e7\u00f5es a respeito de Francisco e os fatos ocorridos em F\u00e1tima.<\/p>\n<p>N\u00e3o fossem estes relatos deixados sobre a breve vida dos dois irm\u00e3os, talvez ningu\u00e9m poderia ter pensado em abrir uma Causa de canoniza\u00e7\u00e3o, mesmo porque naquele tempo ainda n\u00e3o havia sido decretado o reconhecimento de &#8220;exerc\u00edcio das virtudes em grau her\u00f3ico&#8221; tamb\u00e9m para os pequenos.<\/p>\n<p>O pedido para investigar a santidade dos dois foi iniciado pela Diocese de Leiria somente em 1952 e conclu\u00edda em 1989, com o decreto sobre a pr\u00e1tica das virtudes, em considera\u00e7\u00e3o \u00e0 idade das crian\u00e7as.<\/p>\n<p>O obst\u00e1culo, era ainda uma uma quest\u00e3o de fundo debatida no decorrer do s\u00e9culo XX, em rela\u00e7\u00e3o \u00e0 possibilidade ou n\u00e3o de levar em considera\u00e7\u00e3o duas crian\u00e7as como candidatos \u00e0 canoniza\u00e7\u00e3o. Quest\u00e3o que foi resolvida em 1981 por meio de um um documento emitido com este prop\u00f3sito pela Congrega\u00e7\u00e3o da Causa dos Santos.<\/p>\n<p>O milagre atribu\u00eddo \u00e0 intercess\u00e3o das duas crian\u00e7as, e que levou \u00e0 beatifica\u00e7\u00e3o, foi reconhecido em 1999. J\u00e1 o que abriu o caminho para a canoniza\u00e7\u00e3o, foi reconhecido em 23 de mar\u00e7o passado, e diz respeito a uma crian\u00e7a brasileira, que na \u00e9poca tinha seis anos.<\/p>\n<p>Esta crian\u00e7a estava na casa do av\u00f4, brincando com a irm\u00e3zinha, quando caiu por acidente de uma janela de cerca sete metros de altura, sofrendo um grave traumatismo cr\u00e2nio-encef\u00e1lico, com a perda de material cerebral.<\/p>\n<p>Levada ao hospital em coma, foi operada. Caso sobrevivesse, viveria em estado vegetativo ou, no m\u00e1ximo, com graves defici\u00eancias cognitivas. Milagrosamente, ap\u00f3s tr\u00eas dias, a crian\u00e7a recebeu alta, n\u00e3o sendo constatado nenhum dano neurol\u00f3gico ou cognitivo.<\/p>\n<p>Em 2 de fevereiro de 2007, uma equipe m\u00e9dica deu parecer positivo un\u00e2nime sobre o caso, como &#8220;cura inexplic\u00e1vel do ponto de vista cient\u00edfico&#8221;. No momento do incidente, o pai da crian\u00e7a havia invocado Nossa Senhora de F\u00e1tima e os dois pequenos beatos. Na mesma noite, os familiares e uma comunidade de irm\u00e3s de clausura haviam rezado com insist\u00eancia, pedindo a intercess\u00e3o dos pastorzinhos de F\u00e1tima.<\/p>\n","protected":false},"excerpt":{"rendered":"<p>Novos santos do Brasil<\/p>\n","protected":false},"author":1,"featured_media":197207,"comment_status":"open","ping_status":"open","sticky":false,"template":"","format":"standard","meta":[],"categories":[1],"tags":[216],"acf":[],"yoast_head":"<!-- This site is optimized with the Yoast SEO plugin v19.2 - https:\/\/yoast.com\/wordpress\/plugins\/seo\/ -->\n<title>Protom\u00e1rtires: canoniza\u00e7\u00e3o ser\u00e1 em outubro - Not\u00edcias - Franciscanos<\/title>\n<meta name=\"robots\" content=\"index, follow, max-snippet:-1, max-image-preview:large, max-video-preview:-1\" \/>\n<link rel=\"canonical\" href=\"https:\/\/franciscanos.org.br\/noticias\/protomartires-do-brasil-serao-canonizados-em-outubro.html\" \/>\n<meta property=\"og:locale\" content=\"pt_BR\" \/>\n<meta property=\"og:type\" content=\"article\" \/>\n<meta property=\"og:title\" content=\"Protom\u00e1rtires: canoniza\u00e7\u00e3o ser\u00e1 em outubro - Not\u00edcias - Franciscanos\" \/>\n<meta property=\"og:description\" content=\"Novos santos do Brasil\" \/>\n<meta property=\"og:url\" content=\"https:\/\/franciscanos.org.br\/noticias\/protomartires-do-brasil-serao-canonizados-em-outubro.html\" \/>\n<meta property=\"og:site_name\" content=\"Not\u00edcias - Franciscanos\" \/>\n<meta property=\"article:published_time\" content=\"2017-04-20T12:17:11+00:00\" \/>\n<meta property=\"article:modified_time\" content=\"2019-01-29T13:12:09+00:00\" \/>\n<meta property=\"og:image\" content=\"https:\/\/franciscanos.org.br\/noticias\/wp-content\/uploads\/2017\/03\/proto_240317.jpg\" \/>\n\t<meta property=\"og:image:width\" content=\"273\" \/>\n\t<meta property=\"og:image:height\" content=\"181\" \/>\n\t<meta property=\"og:image:type\" content=\"image\/jpeg\" \/>\n<meta name=\"author\" content=\"admin\" \/>\n<meta name=\"twitter:card\" content=\"summary_large_image\" \/>\n<meta name=\"twitter:label1\" content=\"Escrito por\" \/>\n\t<meta name=\"twitter:data1\" content=\"admin\" \/>\n\t<meta name=\"twitter:label2\" content=\"Est. tempo de leitura\" \/>\n\t<meta name=\"twitter:data2\" content=\"8 minutos\" \/>\n<script type=\"application\/ld+json\" class=\"yoast-schema-graph\">{\"@context\":\"https:\/\/schema.org\",\"@graph\":[{\"@type\":\"WebSite\",\"@id\":\"https:\/\/franciscanos.org.br\/noticias\/#website\",\"url\":\"https:\/\/franciscanos.org.br\/noticias\/\",\"name\":\"Not\u00edcias - Franciscanos\",\"description\":\"Prov\u00edncia Franciscana da Imaculada Concei\u00e7\u00e3o do Brasil - Ordem dos Frades Menores - OFM\",\"potentialAction\":[{\"@type\":\"SearchAction\",\"target\":{\"@type\":\"EntryPoint\",\"urlTemplate\":\"https:\/\/franciscanos.org.br\/noticias\/?s={search_term_string}\"},\"query-input\":\"required name=search_term_string\"}],\"inLanguage\":\"pt-BR\"},{\"@type\":\"ImageObject\",\"inLanguage\":\"pt-BR\",\"@id\":\"https:\/\/franciscanos.org.br\/noticias\/protomartires-do-brasil-serao-canonizados-em-outubro.html#primaryimage\",\"url\":\"https:\/\/franciscanos.org.br\/noticias\/wp-content\/uploads\/2017\/03\/proto_240317.jpg\",\"contentUrl\":\"https:\/\/franciscanos.org.br\/noticias\/wp-content\/uploads\/2017\/03\/proto_240317.jpg\",\"width\":273,\"height\":181},{\"@type\":\"WebPage\",\"@id\":\"https:\/\/franciscanos.org.br\/noticias\/protomartires-do-brasil-serao-canonizados-em-outubro.html#webpage\",\"url\":\"https:\/\/franciscanos.org.br\/noticias\/protomartires-do-brasil-serao-canonizados-em-outubro.html\",\"name\":\"Protom\u00e1rtires: canoniza\u00e7\u00e3o ser\u00e1 em outubro - Not\u00edcias - Franciscanos\",\"isPartOf\":{\"@id\":\"https:\/\/franciscanos.org.br\/noticias\/#website\"},\"primaryImageOfPage\":{\"@id\":\"https:\/\/franciscanos.org.br\/noticias\/protomartires-do-brasil-serao-canonizados-em-outubro.html#primaryimage\"},\"datePublished\":\"2017-04-20T12:17:11+00:00\",\"dateModified\":\"2019-01-29T13:12:09+00:00\",\"author\":{\"@id\":\"https:\/\/franciscanos.org.br\/noticias\/#\/schema\/person\/b38fbf43118f02820bd932f2e4b14ad3\"},\"breadcrumb\":{\"@id\":\"https:\/\/franciscanos.org.br\/noticias\/protomartires-do-brasil-serao-canonizados-em-outubro.html#breadcrumb\"},\"inLanguage\":\"pt-BR\",\"potentialAction\":[{\"@type\":\"ReadAction\",\"target\":[\"https:\/\/franciscanos.org.br\/noticias\/protomartires-do-brasil-serao-canonizados-em-outubro.html\"]}]},{\"@type\":\"BreadcrumbList\",\"@id\":\"https:\/\/franciscanos.org.br\/noticias\/protomartires-do-brasil-serao-canonizados-em-outubro.html#breadcrumb\",\"itemListElement\":[{\"@type\":\"ListItem\",\"position\":1,\"name\":\"Home\",\"item\":\"https:\/\/franciscanos.org.br\/noticias\"},{\"@type\":\"ListItem\",\"position\":2,\"name\":\"Protom\u00e1rtires: canoniza\u00e7\u00e3o ser\u00e1 em outubro\"}]},{\"@type\":\"Person\",\"@id\":\"https:\/\/franciscanos.org.br\/noticias\/#\/schema\/person\/b38fbf43118f02820bd932f2e4b14ad3\",\"name\":\"admin\",\"image\":{\"@type\":\"ImageObject\",\"inLanguage\":\"pt-BR\",\"@id\":\"https:\/\/franciscanos.org.br\/noticias\/#\/schema\/person\/image\/\",\"url\":\"https:\/\/secure.gravatar.com\/avatar\/e8495742d34d0ba6448ea1c628263b3e?s=96&d=mm&r=g\",\"contentUrl\":\"https:\/\/secure.gravatar.com\/avatar\/e8495742d34d0ba6448ea1c628263b3e?s=96&d=mm&r=g\",\"caption\":\"admin\"},\"url\":\"https:\/\/franciscanos.org.br\/noticias\/author\/admin\"}]}<\/script>\n<!-- \/ Yoast SEO plugin. -->","yoast_head_json":{"title":"Protom\u00e1rtires: canoniza\u00e7\u00e3o ser\u00e1 em outubro - Not\u00edcias - Franciscanos","robots":{"index":"index","follow":"follow","max-snippet":"max-snippet:-1","max-image-preview":"max-image-preview:large","max-video-preview":"max-video-preview:-1"},"canonical":"https:\/\/franciscanos.org.br\/noticias\/protomartires-do-brasil-serao-canonizados-em-outubro.html","og_locale":"pt_BR","og_type":"article","og_title":"Protom\u00e1rtires: canoniza\u00e7\u00e3o ser\u00e1 em outubro - Not\u00edcias - Franciscanos","og_description":"Novos santos do Brasil","og_url":"https:\/\/franciscanos.org.br\/noticias\/protomartires-do-brasil-serao-canonizados-em-outubro.html","og_site_name":"Not\u00edcias - Franciscanos","article_published_time":"2017-04-20T12:17:11+00:00","article_modified_time":"2019-01-29T13:12:09+00:00","og_image":[{"width":273,"height":181,"url":"https:\/\/franciscanos.org.br\/noticias\/wp-content\/uploads\/2017\/03\/proto_240317.jpg","type":"image\/jpeg"}],"author":"admin","twitter_card":"summary_large_image","twitter_misc":{"Escrito por":"admin","Est. tempo de leitura":"8 minutos"},"schema":{"@context":"https:\/\/schema.org","@graph":[{"@type":"WebSite","@id":"https:\/\/franciscanos.org.br\/noticias\/#website","url":"https:\/\/franciscanos.org.br\/noticias\/","name":"Not\u00edcias - Franciscanos","description":"Prov\u00edncia Franciscana da Imaculada Concei\u00e7\u00e3o do Brasil - Ordem dos Frades Menores - OFM","potentialAction":[{"@type":"SearchAction","target":{"@type":"EntryPoint","urlTemplate":"https:\/\/franciscanos.org.br\/noticias\/?s={search_term_string}"},"query-input":"required name=search_term_string"}],"inLanguage":"pt-BR"},{"@type":"ImageObject","inLanguage":"pt-BR","@id":"https:\/\/franciscanos.org.br\/noticias\/protomartires-do-brasil-serao-canonizados-em-outubro.html#primaryimage","url":"https:\/\/franciscanos.org.br\/noticias\/wp-content\/uploads\/2017\/03\/proto_240317.jpg","contentUrl":"https:\/\/franciscanos.org.br\/noticias\/wp-content\/uploads\/2017\/03\/proto_240317.jpg","width":273,"height":181},{"@type":"WebPage","@id":"https:\/\/franciscanos.org.br\/noticias\/protomartires-do-brasil-serao-canonizados-em-outubro.html#webpage","url":"https:\/\/franciscanos.org.br\/noticias\/protomartires-do-brasil-serao-canonizados-em-outubro.html","name":"Protom\u00e1rtires: canoniza\u00e7\u00e3o ser\u00e1 em outubro - Not\u00edcias - Franciscanos","isPartOf":{"@id":"https:\/\/franciscanos.org.br\/noticias\/#website"},"primaryImageOfPage":{"@id":"https:\/\/franciscanos.org.br\/noticias\/protomartires-do-brasil-serao-canonizados-em-outubro.html#primaryimage"},"datePublished":"2017-04-20T12:17:11+00:00","dateModified":"2019-01-29T13:12:09+00:00","author":{"@id":"https:\/\/franciscanos.org.br\/noticias\/#\/schema\/person\/b38fbf43118f02820bd932f2e4b14ad3"},"breadcrumb":{"@id":"https:\/\/franciscanos.org.br\/noticias\/protomartires-do-brasil-serao-canonizados-em-outubro.html#breadcrumb"},"inLanguage":"pt-BR","potentialAction":[{"@type":"ReadAction","target":["https:\/\/franciscanos.org.br\/noticias\/protomartires-do-brasil-serao-canonizados-em-outubro.html"]}]},{"@type":"BreadcrumbList","@id":"https:\/\/franciscanos.org.br\/noticias\/protomartires-do-brasil-serao-canonizados-em-outubro.html#breadcrumb","itemListElement":[{"@type":"ListItem","position":1,"name":"Home","item":"https:\/\/franciscanos.org.br\/noticias"},{"@type":"ListItem","position":2,"name":"Protom\u00e1rtires: canoniza\u00e7\u00e3o ser\u00e1 em outubro"}]},{"@type":"Person","@id":"https:\/\/franciscanos.org.br\/noticias\/#\/schema\/person\/b38fbf43118f02820bd932f2e4b14ad3","name":"admin","image":{"@type":"ImageObject","inLanguage":"pt-BR","@id":"https:\/\/franciscanos.org.br\/noticias\/#\/schema\/person\/image\/","url":"https:\/\/secure.gravatar.com\/avatar\/e8495742d34d0ba6448ea1c628263b3e?s=96&d=mm&r=g","contentUrl":"https:\/\/secure.gravatar.com\/avatar\/e8495742d34d0ba6448ea1c628263b3e?s=96&d=mm&r=g","caption":"admin"},"url":"https:\/\/franciscanos.org.br\/noticias\/author\/admin"}]}},"_links":{"self":[{"href":"https:\/\/franciscanos.org.br\/noticias\/wp-json\/wp\/v2\/posts\/131079"}],"collection":[{"href":"https:\/\/franciscanos.org.br\/noticias\/wp-json\/wp\/v2\/posts"}],"about":[{"href":"https:\/\/franciscanos.org.br\/noticias\/wp-json\/wp\/v2\/types\/post"}],"author":[{"embeddable":true,"href":"https:\/\/franciscanos.org.br\/noticias\/wp-json\/wp\/v2\/users\/1"}],"replies":[{"embeddable":true,"href":"https:\/\/franciscanos.org.br\/noticias\/wp-json\/wp\/v2\/comments?post=131079"}],"version-history":[{"count":0,"href":"https:\/\/franciscanos.org.br\/noticias\/wp-json\/wp\/v2\/posts\/131079\/revisions"}],"wp:featuredmedia":[{"embeddable":true,"href":"https:\/\/franciscanos.org.br\/noticias\/wp-json\/wp\/v2\/media\/197207"}],"wp:attachment":[{"href":"https:\/\/franciscanos.org.br\/noticias\/wp-json\/wp\/v2\/media?parent=131079"}],"wp:term":[{"taxonomy":"category","embeddable":true,"href":"https:\/\/franciscanos.org.br\/noticias\/wp-json\/wp\/v2\/categories?post=131079"},{"taxonomy":"post_tag","embeddable":true,"href":"https:\/\/franciscanos.org.br\/noticias\/wp-json\/wp\/v2\/tags?post=131079"}],"curies":[{"name":"wp","href":"https:\/\/api.w.org\/{rel}","templated":true}]}}