{"id":130979,"date":"2017-04-19T18:48:00","date_gmt":"2017-04-19T21:48:00","guid":{"rendered":"http:\/\/franciscanos.org.br\/?p=130979"},"modified":"2019-01-24T11:47:16","modified_gmt":"2019-01-24T13:47:16","slug":"area-benevente-cobre-o-campinho-de-bencaos","status":"publish","type":"post","link":"https:\/\/franciscanos.org.br\/noticias\/area-benevente-cobre-o-campinho-de-bencaos.html","title":{"rendered":"\u00c1rea Benevente cobre o Campinho de b\u00ean\u00e7\u00e3os"},"content":{"rendered":"<p><img loading=\"lazy\" class=\"alignleft size-full wp-image-196739\" src=\"https:\/\/franciscanos.org.br\/noticias\/wp-content\/uploads\/2017\/04\/penhaG_190417.jpg\" alt=\"\" width=\"830\" height=\"420\" srcset=\"https:\/\/franciscanos.org.br\/noticias\/wp-content\/uploads\/2017\/04\/penhaG_190417.jpg 830w, https:\/\/franciscanos.org.br\/noticias\/wp-content\/uploads\/2017\/04\/penhaG_190417-450x228.jpg 450w, https:\/\/franciscanos.org.br\/noticias\/wp-content\/uploads\/2017\/04\/penhaG_190417-768x389.jpg 768w, https:\/\/franciscanos.org.br\/noticias\/wp-content\/uploads\/2017\/04\/penhaG_190417-150x76.jpg 150w\" sizes=\"(max-width: 830px) 100vw, 830px\" \/><\/p>\n<p><strong>\u00c9rika Augusto<\/strong><\/p>\n<p><strong>Vila Velha (ES) &#8211;\u00a0<\/strong>Foi assim, cobrindo com um grande manto de Nossa Senhora da Penha, que a \u00c1rea Pastoral Benevente, respons\u00e1vel pelo quarto dia do Oitav\u00e1rio, concluiu a Celebra\u00e7\u00e3o Eucar\u00edstica nesta quarta-feira, 19.<\/p>\n<p>O clima em Vila Velha hoje estava fechado, com chuva em boa parte da manh\u00e3, o que fez com que os fi\u00e9is fossem preparados para o Campinho, munidos de sombrinha e capa de chuva. Mas S\u00e3o Pedro colaborou e a chuva s\u00f3 veio no final da celebra\u00e7\u00e3o, e de forma muito fraca. Antes da Eucaristia e do Momento devocional, os presentes acompanharam uma apresenta\u00e7\u00e3o da banda dos alunos do Col\u00e9gio Marista, de Vila Velha.<\/p>\n<p>A Missa foi presidida pelo Pe. Gudialace Oliveira, da Par\u00f3quia Nossa Senhora da Concei\u00e7\u00e3o, de Guarapari, tendo como concelebrantes os padres e di\u00e1conos da \u00c1rea Benevente e os frades do Convento da Penha, do Santu\u00e1rio Divino Esp\u00edrito Santo e de outras fraternidades.<\/p>\n<p><strong>TESTEMUNHAR JESUS RESSUSCITADO NO MUNDO<\/strong><\/p>\n<p>Este foi o pedido de Pe. Jacqueson Pimentel na homilia deste quarto dia do Oitav\u00e1rio em honra a Nossa Senhora da Penha. O evangelho do dia, extra\u00eddo de Lc 24, 13-35, fala do encontro de Jesus Ressuscitado com os Disc\u00edpulos de Ema\u00fas. Em sua prega\u00e7\u00e3o, o sacerdote encorajou os fi\u00e9is a n\u00e3o serem temerosos, como os disc\u00edpulos do evangelho, que desanimaram diante da dificuldade. \u201cTodos n\u00f3s enfrentamos em algum momento de nossas vidas uma cruz. Muitos de n\u00f3s n\u00e3o queremos assumir a responsabilidade que temos de dar testemunho de f\u00e9 diante das situa\u00e7\u00f5es. A Ressurrei\u00e7\u00e3o de Jesus vem trazer esperan\u00e7a ao nosso cora\u00e7\u00e3o. O Senhor n\u00e3o quer que n\u00f3s fujamos das situa\u00e7\u00f5es de morte que existem em nossas vidas\u201d, afirmou o pregador.<\/p>\n<p>A partir do exemplo dos disc\u00edpulos de Ema\u00fas, o religioso deu duas pistas para os fi\u00e9is persistirem na caminhada: a Palavra e a Eucaristia. Ele afirmou que \u00e9 a partir da viv\u00eancia da Palavra e da for\u00e7a da Eucaristia que os crist\u00e3os podem viver plenamente sua f\u00e9. \u201cA experi\u00eancia do Ressuscitado \u00e9 voltar para encarar os desafios\u201d, concluiu, dizendo que o testemunho deve ser vivido em todos os lugares, n\u00e3o somente na comunidade de f\u00e9, transformando a sociedade num lugar melhor e mais humano.<\/p>\n<p><strong>MOMENTO DEVOCIONAL<\/strong><\/p>\n<p>Na meia hora que precede a Celebra\u00e7\u00e3o Eucar\u00edstica, os fi\u00e9is s\u00e3o convidados a rezarem com os frades o Momento Devocional, um tempo de ora\u00e7\u00e3o a Nossa Senhora da Penha, recordando Frei Pedro Pal\u00e1cios. A ora\u00e7\u00e3o de hoje foi conduzida pelo Definidor Provincial, Frei Gustavo Medella e por Frei Gabriel Dellandrea, do Servi\u00e7o de Anima\u00e7\u00e3o Vocacional (SAV).<\/p>\n<p>Na ora\u00e7\u00e3o, os frades falaram sobre a perda, recordando a passagem em que Maria e Jos\u00e9 perdem Jesus no Templo, Frei Pedro Pal\u00e1cios, quando perde a estampa de Nossa Senhora das Alegrias e Nossa Senhora das Dores, quando perde Seu Filho na Cruz, para encontr\u00e1-lo em seguida ressuscitado. Em sua reflex\u00e3o, Frei Gustavo Medella falou aos fi\u00e9is que no momento de perda, \u00e9 preciso se manter firme na esperan\u00e7a para procurar aquilo que foi perdido.<\/p>\n<p>Em seguida, o religioso recordou a situa\u00e7\u00e3o pol\u00edtica e social do pa\u00eds. \u201cE se falarmos no nosso Brasil? O que o nosso povo tem perdido nos \u00faltimos tempos? Quem vai pagar este preju\u00edzo, quando n\u00f3s vemos um projeto de reforma da previd\u00eancia que quer tirar do aposentado o pouco que ele j\u00e1 tem?\u201d, questionou o frade, que provocou os presentes a irem atr\u00e1s daquilo que est\u00e1 sendo tirado do povo brasileiro. Ao final, ele comentou a carta do Papa Francisco, enviada ao Presidente Michel Temer, onde ele expressa sua preocupa\u00e7\u00e3o com o pa\u00eds e com os brasileiros, afirmando que teme que recaia sobre os pobres a solu\u00e7\u00e3o de um problema que tem ra\u00edzes muito mais profundas.<br \/>\nNa noite desta quarta-feira, o Campinho receber\u00e1 uma apresenta\u00e7\u00e3o do Grupo de Teatro Shalom, a partir das 19h30.<\/p>\n","protected":false},"excerpt":{"rendered":"<p>Festa da Penha 2017<\/p>\n","protected":false},"author":1,"featured_media":196741,"comment_status":"open","ping_status":"open","sticky":false,"template":"","format":"standard","meta":[],"categories":[1],"tags":[245],"acf":[],"yoast_head":"<!-- This site is optimized with the Yoast SEO plugin v19.2 - https:\/\/yoast.com\/wordpress\/plugins\/seo\/ -->\n<title>\u00c1rea Benevente cobre o Campinho de b\u00ean\u00e7\u00e3os - Not\u00edcias - Franciscanos<\/title>\n<meta name=\"robots\" content=\"index, follow, max-snippet:-1, max-image-preview:large, max-video-preview:-1\" \/>\n<link rel=\"canonical\" href=\"https:\/\/franciscanos.org.br\/noticias\/area-benevente-cobre-o-campinho-de-bencaos.html\" \/>\n<meta property=\"og:locale\" content=\"pt_BR\" \/>\n<meta property=\"og:type\" content=\"article\" \/>\n<meta property=\"og:title\" content=\"\u00c1rea Benevente cobre o Campinho de b\u00ean\u00e7\u00e3os - Not\u00edcias - Franciscanos\" \/>\n<meta property=\"og:description\" content=\"Festa da Penha 2017\" \/>\n<meta property=\"og:url\" content=\"https:\/\/franciscanos.org.br\/noticias\/area-benevente-cobre-o-campinho-de-bencaos.html\" \/>\n<meta property=\"og:site_name\" content=\"Not\u00edcias - Franciscanos\" \/>\n<meta property=\"article:published_time\" content=\"2017-04-19T21:48:00+00:00\" \/>\n<meta property=\"article:modified_time\" content=\"2019-01-24T13:47:16+00:00\" \/>\n<meta property=\"og:image\" content=\"https:\/\/franciscanos.org.br\/noticias\/wp-content\/uploads\/2017\/04\/penhaP_190417-70b.jpg\" \/>\n\t<meta property=\"og:image:width\" content=\"273\" \/>\n\t<meta property=\"og:image:height\" content=\"181\" \/>\n\t<meta property=\"og:image:type\" content=\"image\/jpeg\" \/>\n<meta name=\"author\" content=\"admin\" \/>\n<meta name=\"twitter:card\" content=\"summary_large_image\" \/>\n<meta name=\"twitter:label1\" content=\"Escrito por\" \/>\n\t<meta name=\"twitter:data1\" content=\"admin\" \/>\n\t<meta name=\"twitter:label2\" content=\"Est. tempo de leitura\" \/>\n\t<meta name=\"twitter:data2\" content=\"3 minutos\" \/>\n<script type=\"application\/ld+json\" class=\"yoast-schema-graph\">{\"@context\":\"https:\/\/schema.org\",\"@graph\":[{\"@type\":\"WebSite\",\"@id\":\"https:\/\/franciscanos.org.br\/noticias\/#website\",\"url\":\"https:\/\/franciscanos.org.br\/noticias\/\",\"name\":\"Not\u00edcias - Franciscanos\",\"description\":\"Prov\u00edncia Franciscana da Imaculada Concei\u00e7\u00e3o do Brasil - Ordem dos Frades Menores - OFM\",\"potentialAction\":[{\"@type\":\"SearchAction\",\"target\":{\"@type\":\"EntryPoint\",\"urlTemplate\":\"https:\/\/franciscanos.org.br\/noticias\/?s={search_term_string}\"},\"query-input\":\"required name=search_term_string\"}],\"inLanguage\":\"pt-BR\"},{\"@type\":\"ImageObject\",\"inLanguage\":\"pt-BR\",\"@id\":\"https:\/\/franciscanos.org.br\/noticias\/area-benevente-cobre-o-campinho-de-bencaos.html#primaryimage\",\"url\":\"https:\/\/franciscanos.org.br\/noticias\/wp-content\/uploads\/2017\/04\/penhaP_190417-70b.jpg\",\"contentUrl\":\"https:\/\/franciscanos.org.br\/noticias\/wp-content\/uploads\/2017\/04\/penhaP_190417-70b.jpg\",\"width\":273,\"height\":181},{\"@type\":\"WebPage\",\"@id\":\"https:\/\/franciscanos.org.br\/noticias\/area-benevente-cobre-o-campinho-de-bencaos.html#webpage\",\"url\":\"https:\/\/franciscanos.org.br\/noticias\/area-benevente-cobre-o-campinho-de-bencaos.html\",\"name\":\"\u00c1rea Benevente cobre o Campinho de b\u00ean\u00e7\u00e3os - Not\u00edcias - Franciscanos\",\"isPartOf\":{\"@id\":\"https:\/\/franciscanos.org.br\/noticias\/#website\"},\"primaryImageOfPage\":{\"@id\":\"https:\/\/franciscanos.org.br\/noticias\/area-benevente-cobre-o-campinho-de-bencaos.html#primaryimage\"},\"datePublished\":\"2017-04-19T21:48:00+00:00\",\"dateModified\":\"2019-01-24T13:47:16+00:00\",\"author\":{\"@id\":\"https:\/\/franciscanos.org.br\/noticias\/#\/schema\/person\/b38fbf43118f02820bd932f2e4b14ad3\"},\"breadcrumb\":{\"@id\":\"https:\/\/franciscanos.org.br\/noticias\/area-benevente-cobre-o-campinho-de-bencaos.html#breadcrumb\"},\"inLanguage\":\"pt-BR\",\"potentialAction\":[{\"@type\":\"ReadAction\",\"target\":[\"https:\/\/franciscanos.org.br\/noticias\/area-benevente-cobre-o-campinho-de-bencaos.html\"]}]},{\"@type\":\"BreadcrumbList\",\"@id\":\"https:\/\/franciscanos.org.br\/noticias\/area-benevente-cobre-o-campinho-de-bencaos.html#breadcrumb\",\"itemListElement\":[{\"@type\":\"ListItem\",\"position\":1,\"name\":\"Home\",\"item\":\"https:\/\/franciscanos.org.br\/noticias\"},{\"@type\":\"ListItem\",\"position\":2,\"name\":\"\u00c1rea Benevente cobre o Campinho de b\u00ean\u00e7\u00e3os\"}]},{\"@type\":\"Person\",\"@id\":\"https:\/\/franciscanos.org.br\/noticias\/#\/schema\/person\/b38fbf43118f02820bd932f2e4b14ad3\",\"name\":\"admin\",\"image\":{\"@type\":\"ImageObject\",\"inLanguage\":\"pt-BR\",\"@id\":\"https:\/\/franciscanos.org.br\/noticias\/#\/schema\/person\/image\/\",\"url\":\"https:\/\/secure.gravatar.com\/avatar\/e8495742d34d0ba6448ea1c628263b3e?s=96&d=mm&r=g\",\"contentUrl\":\"https:\/\/secure.gravatar.com\/avatar\/e8495742d34d0ba6448ea1c628263b3e?s=96&d=mm&r=g\",\"caption\":\"admin\"},\"url\":\"https:\/\/franciscanos.org.br\/noticias\/author\/admin\"}]}<\/script>\n<!-- \/ Yoast SEO plugin. -->","yoast_head_json":{"title":"\u00c1rea Benevente cobre o Campinho de b\u00ean\u00e7\u00e3os - Not\u00edcias - Franciscanos","robots":{"index":"index","follow":"follow","max-snippet":"max-snippet:-1","max-image-preview":"max-image-preview:large","max-video-preview":"max-video-preview:-1"},"canonical":"https:\/\/franciscanos.org.br\/noticias\/area-benevente-cobre-o-campinho-de-bencaos.html","og_locale":"pt_BR","og_type":"article","og_title":"\u00c1rea Benevente cobre o Campinho de b\u00ean\u00e7\u00e3os - Not\u00edcias - Franciscanos","og_description":"Festa da Penha 2017","og_url":"https:\/\/franciscanos.org.br\/noticias\/area-benevente-cobre-o-campinho-de-bencaos.html","og_site_name":"Not\u00edcias - Franciscanos","article_published_time":"2017-04-19T21:48:00+00:00","article_modified_time":"2019-01-24T13:47:16+00:00","og_image":[{"width":273,"height":181,"url":"https:\/\/franciscanos.org.br\/noticias\/wp-content\/uploads\/2017\/04\/penhaP_190417-70b.jpg","type":"image\/jpeg"}],"author":"admin","twitter_card":"summary_large_image","twitter_misc":{"Escrito por":"admin","Est. tempo de leitura":"3 minutos"},"schema":{"@context":"https:\/\/schema.org","@graph":[{"@type":"WebSite","@id":"https:\/\/franciscanos.org.br\/noticias\/#website","url":"https:\/\/franciscanos.org.br\/noticias\/","name":"Not\u00edcias - Franciscanos","description":"Prov\u00edncia Franciscana da Imaculada Concei\u00e7\u00e3o do Brasil - Ordem dos Frades Menores - OFM","potentialAction":[{"@type":"SearchAction","target":{"@type":"EntryPoint","urlTemplate":"https:\/\/franciscanos.org.br\/noticias\/?s={search_term_string}"},"query-input":"required name=search_term_string"}],"inLanguage":"pt-BR"},{"@type":"ImageObject","inLanguage":"pt-BR","@id":"https:\/\/franciscanos.org.br\/noticias\/area-benevente-cobre-o-campinho-de-bencaos.html#primaryimage","url":"https:\/\/franciscanos.org.br\/noticias\/wp-content\/uploads\/2017\/04\/penhaP_190417-70b.jpg","contentUrl":"https:\/\/franciscanos.org.br\/noticias\/wp-content\/uploads\/2017\/04\/penhaP_190417-70b.jpg","width":273,"height":181},{"@type":"WebPage","@id":"https:\/\/franciscanos.org.br\/noticias\/area-benevente-cobre-o-campinho-de-bencaos.html#webpage","url":"https:\/\/franciscanos.org.br\/noticias\/area-benevente-cobre-o-campinho-de-bencaos.html","name":"\u00c1rea Benevente cobre o Campinho de b\u00ean\u00e7\u00e3os - Not\u00edcias - Franciscanos","isPartOf":{"@id":"https:\/\/franciscanos.org.br\/noticias\/#website"},"primaryImageOfPage":{"@id":"https:\/\/franciscanos.org.br\/noticias\/area-benevente-cobre-o-campinho-de-bencaos.html#primaryimage"},"datePublished":"2017-04-19T21:48:00+00:00","dateModified":"2019-01-24T13:47:16+00:00","author":{"@id":"https:\/\/franciscanos.org.br\/noticias\/#\/schema\/person\/b38fbf43118f02820bd932f2e4b14ad3"},"breadcrumb":{"@id":"https:\/\/franciscanos.org.br\/noticias\/area-benevente-cobre-o-campinho-de-bencaos.html#breadcrumb"},"inLanguage":"pt-BR","potentialAction":[{"@type":"ReadAction","target":["https:\/\/franciscanos.org.br\/noticias\/area-benevente-cobre-o-campinho-de-bencaos.html"]}]},{"@type":"BreadcrumbList","@id":"https:\/\/franciscanos.org.br\/noticias\/area-benevente-cobre-o-campinho-de-bencaos.html#breadcrumb","itemListElement":[{"@type":"ListItem","position":1,"name":"Home","item":"https:\/\/franciscanos.org.br\/noticias"},{"@type":"ListItem","position":2,"name":"\u00c1rea Benevente cobre o Campinho de b\u00ean\u00e7\u00e3os"}]},{"@type":"Person","@id":"https:\/\/franciscanos.org.br\/noticias\/#\/schema\/person\/b38fbf43118f02820bd932f2e4b14ad3","name":"admin","image":{"@type":"ImageObject","inLanguage":"pt-BR","@id":"https:\/\/franciscanos.org.br\/noticias\/#\/schema\/person\/image\/","url":"https:\/\/secure.gravatar.com\/avatar\/e8495742d34d0ba6448ea1c628263b3e?s=96&d=mm&r=g","contentUrl":"https:\/\/secure.gravatar.com\/avatar\/e8495742d34d0ba6448ea1c628263b3e?s=96&d=mm&r=g","caption":"admin"},"url":"https:\/\/franciscanos.org.br\/noticias\/author\/admin"}]}},"_links":{"self":[{"href":"https:\/\/franciscanos.org.br\/noticias\/wp-json\/wp\/v2\/posts\/130979"}],"collection":[{"href":"https:\/\/franciscanos.org.br\/noticias\/wp-json\/wp\/v2\/posts"}],"about":[{"href":"https:\/\/franciscanos.org.br\/noticias\/wp-json\/wp\/v2\/types\/post"}],"author":[{"embeddable":true,"href":"https:\/\/franciscanos.org.br\/noticias\/wp-json\/wp\/v2\/users\/1"}],"replies":[{"embeddable":true,"href":"https:\/\/franciscanos.org.br\/noticias\/wp-json\/wp\/v2\/comments?post=130979"}],"version-history":[{"count":0,"href":"https:\/\/franciscanos.org.br\/noticias\/wp-json\/wp\/v2\/posts\/130979\/revisions"}],"wp:featuredmedia":[{"embeddable":true,"href":"https:\/\/franciscanos.org.br\/noticias\/wp-json\/wp\/v2\/media\/196741"}],"wp:attachment":[{"href":"https:\/\/franciscanos.org.br\/noticias\/wp-json\/wp\/v2\/media?parent=130979"}],"wp:term":[{"taxonomy":"category","embeddable":true,"href":"https:\/\/franciscanos.org.br\/noticias\/wp-json\/wp\/v2\/categories?post=130979"},{"taxonomy":"post_tag","embeddable":true,"href":"https:\/\/franciscanos.org.br\/noticias\/wp-json\/wp\/v2\/tags?post=130979"}],"curies":[{"name":"wp","href":"https:\/\/api.w.org\/{rel}","templated":true}]}}