{"id":130549,"date":"2017-04-17T19:13:48","date_gmt":"2017-04-17T22:13:48","guid":{"rendered":"http:\/\/franciscanos.org.br\/?p=130549"},"modified":"2019-01-24T11:26:25","modified_gmt":"2019-01-24T13:26:25","slug":"maria-modelo-de-vida-para-todas-as-mulheres","status":"publish","type":"post","link":"https:\/\/franciscanos.org.br\/noticias\/maria-modelo-de-vida-para-todas-as-mulheres.html","title":{"rendered":"Maria, modelo de vida para todas as mulheres"},"content":{"rendered":"<p><strong><img loading=\"lazy\" class=\"alignleft size-full wp-image-196713\" src=\"https:\/\/franciscanos.org.br\/noticias\/wp-content\/uploads\/2017\/04\/penhaG_170417.jpg\" alt=\"\" width=\"830\" height=\"450\" srcset=\"https:\/\/franciscanos.org.br\/noticias\/wp-content\/uploads\/2017\/04\/penhaG_170417.jpg 830w, https:\/\/franciscanos.org.br\/noticias\/wp-content\/uploads\/2017\/04\/penhaG_170417-450x244.jpg 450w, https:\/\/franciscanos.org.br\/noticias\/wp-content\/uploads\/2017\/04\/penhaG_170417-768x416.jpg 768w, https:\/\/franciscanos.org.br\/noticias\/wp-content\/uploads\/2017\/04\/penhaG_170417-150x81.jpg 150w\" sizes=\"(max-width: 830px) 100vw, 830px\" \/>\u00c9rika Augusto\u00a0<\/strong><\/p>\n<p><strong>Vila Velha (ES) &#8211;<\/strong> Nesta segunda-feira da Oitava da P\u00e1scoa, o Convento da Penha voltou a receber os devotos para o segundo dia do Oitav\u00e1rio. Ainda pela manh\u00e3, muitas pessoas j\u00e1 subiam ao Convento para guardar seu lugar diante do presbit\u00e9rio, no Campinho. Por volta das 14h, um grupo de volunt\u00e1rios estava no final da subida para acolher os peregrinos com cantos e muita alegria. E assim, aos poucos, a multid\u00e3o se juntou sob o sol forte para celebrar mais um dia de festa.<\/p>\n<p>A Celebra\u00e7\u00e3o Eucar\u00edstica de hoje foi preparada pela \u00c1rea Pastoral Serrana, da Arquidiocese de Vit\u00f3ria, e foi presidida por Pe. Paulo Santhosh, da Par\u00f3quia Santa Isabel. Os frades do Convento da Penha e do Santu\u00e1rio Divino Esp\u00edrito Santo concelebraram, juntamente a Frei Fid\u00eancio Vanboemmel, Ministro Provincial, Frei Gustavo Medella, Definidor Provincial, Frei Atamil Vicente de Campos, de Cuiab\u00e1 e os padres respons\u00e1veis pelas par\u00f3quias da \u00c1rea Pastoral.<\/p>\n<p>Como no dia anterior, a imagem de Nossa Senhora da Penha, vinda da capela S\u00e3o Francisco, entrou numa prociss\u00e3o solene, com crian\u00e7as vestidas de anjos na frente, seguida do andor com a imagem, trazida por homens.<\/p>\n<p>A homilia deste segundo dia do Oitav\u00e1rio ficou sob a responsabilidade do Pe. H\u00e9lcio Grespan, religioso da Congrega\u00e7\u00e3o do Verbo Divino, que assumiu a tarefa com muito bom humor e espiritualidade. O tema, como n\u00e3o podia deixar de ser, foi Nossa Senhora. \u201cMaria quis ser a escrava do \u00fanico Senhor que liberta\u201d, afirmou o padre.<\/p>\n<p>Padre H\u00e9lcio destacou ainda que Maria foi a \u00fanica pessoa capaz de levar Jesus no ventre, mas que cada um, hoje, tem uma miss\u00e3o muito importante. \u201cQuem leva Jesus no cora\u00e7\u00e3o estremece o mundo, \u00e9 capaz de transformar o mundo\u201d, acrescentou.<\/p>\n<p>O pregador recordou que antigamente as m\u00e3es batizavam suas filhas em homenagem a Maria, mas que hoje muito desta tradi\u00e7\u00e3o se perdeu, o que reflete tamb\u00e9m nos exemplos que as meninas passam a seguir como modelo de vida. \u201cQue tipo de mulher voc\u00ea quer ser? Em que tipo de mulher voc\u00ea se\u00a0espelha?\u201d, questionou o religioso, acrescentando que Maria \u00e9 o exemplo de amor a Deus que deve ser seguido.<\/p>\n<p><strong>Frei Pedro Pal\u00e1cios<\/strong><\/p>\n<p>No momento de a\u00e7\u00e3o de gra\u00e7as, membros da Par\u00f3quia Divino Esp\u00edrito Santo prestaram uma homenagem a Frei Pedro Pal\u00e1cios, o fundador do Convento da Penha e s\u00edmbolo de f\u00e9 do povo capixaba. Crian\u00e7as, jovens e adultos encenaram momentos importantes da vida do religioso, como a constru\u00e7\u00e3o da gruta e o Convento da Penha, e a devo\u00e7\u00e3o do frade por Nossa Senhora da Penha.<\/p>\n<p>Ao final da missa, Frei Pedro Engel aspergiu o povo reunido com \u00e1gua benta.<\/p>\n<h2><strong>MOMENTO DEVOCIONAL<\/strong><\/h2>\n<p>Antes da Celebra\u00e7\u00e3o Eucar\u00edstica, aconteceu o Momento Devocional. Frei Florival Mariano de Toledo, Frei Paulo C\u00e9sar e a equipe de m\u00fasica acolheram os presentes, que j\u00e1 estavam reunidos para mais um dia de festa.<\/p>\n<p>Frei Pedro Rodrigues, do Convento da Penha, conduziu a ora\u00e7\u00e3o desta segunda-feira. Logo no in\u00edcio, ele colocou nas inten\u00e7\u00f5es todos os enfermos, os jovens e as fam\u00edlias que sofrem com o problema das drogas, e rezou:<\/p>\n<p>\u201cN\u00f3s vos saudamos, Senhora da Penha, Rainha do C\u00e9u e da Terra, M\u00e3e de Deus e M\u00e3e nossa. V\u00f3s revelastes ao vosso servo, Frei Pedro Pal\u00e1cios, a do\u00e7ura do vosso cora\u00e7\u00e3o de M\u00e3e, e o vosso grande desejo de aliviar os sofrimentos dos vossos filhos e vossas filhas. Aqui estamos, diante de vossa milagrosa imagem, para receber vossa b\u00ean\u00e7\u00e3o, para sermos aliviados de nossas afli\u00e7\u00f5es, para sermos socorridos nas nossas dificuldades. Sabemos que sois M\u00e3e compassiva, sobretudo com os que sofrem do corpo e da alma. Estamos necessitados de V\u00f3s. Estendei vossa m\u00e3o protetora sobre n\u00f3s e nossas fam\u00edlias. Mostrai-nos o caminho seguro que nos leva a Jesus, Vosso Filho e Nosso Senhor. V\u00f3s sois chamada de Senhora das Alegrias, concedei-nos a alegria de vos servir como filhos e filhas ao longo de nossa vida e um dia estar convosco na felicidade do c\u00e9u. Am\u00e9m\u201d.<\/p>\n<p>O primeiro tema abordado no momento devocional de hoje foi a humildade. Frei Pedro recordou a vida humilde de Frei Pedro Pal\u00e1cios e pediu para que Nossa Senhora ajudasse cada um a ter um cora\u00e7\u00e3o humilde. \u201cVosso Filho, Jesus, quis nascer numa gruta. Vosso servo, Frei Pedro Pal\u00e1cios, quis morar numa gruta, aqui junto de n\u00f3s. E com toda a certeza, o grande desejo de Frei Pedro Pal\u00e1cios \u00e9 que n\u00f3s, devotos da M\u00e3e, tamb\u00e9m fiz\u00e9ssemos do nosso cora\u00e7\u00e3o esta gruta, para acolher o amor maternal de Maria\u201d, acrescentou.<\/p>\n<p><strong>ANUNCIAR JESUS CRISTO \u00c9 ANUNCIAR A PAZ<\/strong><\/p>\n<p>Ap\u00f3s as ora\u00e7\u00f5es, Frei Clar\u00eancio Neotti, do Santu\u00e1rio Divino Esp\u00edrito Santo, falou aos presentes sobre a paz. Ele afirmou que n\u00e3o gostaria de falar de uma paz distante, recordando os conflitos vividos na S\u00edria, no Egito e em outros lugares, mas da paz dos cora\u00e7\u00f5es. \u201cEnquanto eu n\u00e3o tenho um cora\u00e7\u00e3o pacificado, eu n\u00e3o posso dizer: creio em Deus\u201d, acrescentando que aquele que n\u00e3o tem um cora\u00e7\u00e3o pacificado n\u00e3o deveria receber a Eucaristia.<\/p>\n<p><img loading=\"lazy\" class=\"alignleft wp-image-196719\" src=\"https:\/\/franciscanos.org.br\/noticias\/wp-content\/uploads\/2017\/04\/penha_170417-12.jpg\" alt=\"\" width=\"860\" height=\"572\" srcset=\"https:\/\/franciscanos.org.br\/noticias\/wp-content\/uploads\/2017\/04\/penha_170417-12.jpg 800w, https:\/\/franciscanos.org.br\/noticias\/wp-content\/uploads\/2017\/04\/penha_170417-12-450x299.jpg 450w, https:\/\/franciscanos.org.br\/noticias\/wp-content\/uploads\/2017\/04\/penha_170417-12-768x511.jpg 768w, https:\/\/franciscanos.org.br\/noticias\/wp-content\/uploads\/2017\/04\/penha_170417-12-150x100.jpg 150w\" sizes=\"(max-width: 860px) 100vw, 860px\" \/>O frade recordou os diversos epis\u00f3dios de viol\u00eancia vividos nas cidades do Brasil, relembrando tamb\u00e9m o assassinato do l\u00edder da juventude do Santu\u00e1rio Divino Esp\u00edrito Santo. Frei Clar\u00eancio sinalizou que a corrup\u00e7\u00e3o tamb\u00e9m \u00e9 uma viol\u00eancia. \u201cN\u00f3s estamos vivendo dias de vergonha diante de todos os povos do mundo, atrav\u00e9s dessa corrup\u00e7\u00e3o p\u00fablica, que tira de n\u00f3s, pessoas humildes, a anima\u00e7\u00e3o e a esperan\u00e7a\u201d, afirmou, seguido de uma salva de palmas dos presentes.<\/p>\n<p>Para encerrar, o frade recordou uma frase de S\u00e3o Jo\u00e3o Paulo II sobre a paz. \u201cA paz \u00e9 a plenitude da alegria\u201d. E finalizou pedindo a intercess\u00e3o de Nossa Senhora das Alegrias, a Virgem da Penha.<\/p>\n","protected":false},"excerpt":{"rendered":"<p>Festa da Penha 2017<\/p>\n","protected":false},"author":1,"featured_media":196716,"comment_status":"open","ping_status":"open","sticky":false,"template":"","format":"standard","meta":[],"categories":[1],"tags":[245],"acf":[],"yoast_head":"<!-- This site is optimized with the Yoast SEO plugin v19.2 - https:\/\/yoast.com\/wordpress\/plugins\/seo\/ -->\n<title>Maria, modelo de vida para todas as mulheres - Not\u00edcias - Franciscanos<\/title>\n<meta name=\"robots\" content=\"index, follow, max-snippet:-1, max-image-preview:large, max-video-preview:-1\" \/>\n<link rel=\"canonical\" href=\"https:\/\/franciscanos.org.br\/noticias\/maria-modelo-de-vida-para-todas-as-mulheres.html\" \/>\n<meta property=\"og:locale\" content=\"pt_BR\" \/>\n<meta property=\"og:type\" content=\"article\" \/>\n<meta property=\"og:title\" content=\"Maria, modelo de vida para todas as mulheres - Not\u00edcias - Franciscanos\" \/>\n<meta property=\"og:description\" content=\"Festa da Penha 2017\" \/>\n<meta property=\"og:url\" content=\"https:\/\/franciscanos.org.br\/noticias\/maria-modelo-de-vida-para-todas-as-mulheres.html\" \/>\n<meta property=\"og:site_name\" content=\"Not\u00edcias - Franciscanos\" \/>\n<meta property=\"article:published_time\" content=\"2017-04-17T22:13:48+00:00\" \/>\n<meta property=\"article:modified_time\" content=\"2019-01-24T13:26:25+00:00\" \/>\n<meta property=\"og:image\" content=\"https:\/\/franciscanos.org.br\/noticias\/wp-content\/uploads\/2017\/04\/penha_170417-31.jpg\" \/>\n\t<meta property=\"og:image:width\" content=\"273\" \/>\n\t<meta property=\"og:image:height\" content=\"181\" \/>\n\t<meta property=\"og:image:type\" content=\"image\/jpeg\" \/>\n<meta name=\"author\" content=\"admin\" \/>\n<meta name=\"twitter:card\" content=\"summary_large_image\" \/>\n<meta name=\"twitter:label1\" content=\"Escrito por\" \/>\n\t<meta name=\"twitter:data1\" content=\"admin\" \/>\n\t<meta name=\"twitter:label2\" content=\"Est. tempo de leitura\" \/>\n\t<meta name=\"twitter:data2\" content=\"5 minutos\" \/>\n<script type=\"application\/ld+json\" class=\"yoast-schema-graph\">{\"@context\":\"https:\/\/schema.org\",\"@graph\":[{\"@type\":\"WebSite\",\"@id\":\"https:\/\/franciscanos.org.br\/noticias\/#website\",\"url\":\"https:\/\/franciscanos.org.br\/noticias\/\",\"name\":\"Not\u00edcias - Franciscanos\",\"description\":\"Prov\u00edncia Franciscana da Imaculada Concei\u00e7\u00e3o do Brasil - Ordem dos Frades Menores - OFM\",\"potentialAction\":[{\"@type\":\"SearchAction\",\"target\":{\"@type\":\"EntryPoint\",\"urlTemplate\":\"https:\/\/franciscanos.org.br\/noticias\/?s={search_term_string}\"},\"query-input\":\"required name=search_term_string\"}],\"inLanguage\":\"pt-BR\"},{\"@type\":\"ImageObject\",\"inLanguage\":\"pt-BR\",\"@id\":\"https:\/\/franciscanos.org.br\/noticias\/maria-modelo-de-vida-para-todas-as-mulheres.html#primaryimage\",\"url\":\"https:\/\/franciscanos.org.br\/noticias\/wp-content\/uploads\/2017\/04\/penha_170417-31.jpg\",\"contentUrl\":\"https:\/\/franciscanos.org.br\/noticias\/wp-content\/uploads\/2017\/04\/penha_170417-31.jpg\",\"width\":273,\"height\":181},{\"@type\":\"WebPage\",\"@id\":\"https:\/\/franciscanos.org.br\/noticias\/maria-modelo-de-vida-para-todas-as-mulheres.html#webpage\",\"url\":\"https:\/\/franciscanos.org.br\/noticias\/maria-modelo-de-vida-para-todas-as-mulheres.html\",\"name\":\"Maria, modelo de vida para todas as mulheres - Not\u00edcias - Franciscanos\",\"isPartOf\":{\"@id\":\"https:\/\/franciscanos.org.br\/noticias\/#website\"},\"primaryImageOfPage\":{\"@id\":\"https:\/\/franciscanos.org.br\/noticias\/maria-modelo-de-vida-para-todas-as-mulheres.html#primaryimage\"},\"datePublished\":\"2017-04-17T22:13:48+00:00\",\"dateModified\":\"2019-01-24T13:26:25+00:00\",\"author\":{\"@id\":\"https:\/\/franciscanos.org.br\/noticias\/#\/schema\/person\/b38fbf43118f02820bd932f2e4b14ad3\"},\"breadcrumb\":{\"@id\":\"https:\/\/franciscanos.org.br\/noticias\/maria-modelo-de-vida-para-todas-as-mulheres.html#breadcrumb\"},\"inLanguage\":\"pt-BR\",\"potentialAction\":[{\"@type\":\"ReadAction\",\"target\":[\"https:\/\/franciscanos.org.br\/noticias\/maria-modelo-de-vida-para-todas-as-mulheres.html\"]}]},{\"@type\":\"BreadcrumbList\",\"@id\":\"https:\/\/franciscanos.org.br\/noticias\/maria-modelo-de-vida-para-todas-as-mulheres.html#breadcrumb\",\"itemListElement\":[{\"@type\":\"ListItem\",\"position\":1,\"name\":\"Home\",\"item\":\"https:\/\/franciscanos.org.br\/noticias\"},{\"@type\":\"ListItem\",\"position\":2,\"name\":\"Maria, modelo de vida para todas as mulheres\"}]},{\"@type\":\"Person\",\"@id\":\"https:\/\/franciscanos.org.br\/noticias\/#\/schema\/person\/b38fbf43118f02820bd932f2e4b14ad3\",\"name\":\"admin\",\"image\":{\"@type\":\"ImageObject\",\"inLanguage\":\"pt-BR\",\"@id\":\"https:\/\/franciscanos.org.br\/noticias\/#\/schema\/person\/image\/\",\"url\":\"https:\/\/secure.gravatar.com\/avatar\/e8495742d34d0ba6448ea1c628263b3e?s=96&d=mm&r=g\",\"contentUrl\":\"https:\/\/secure.gravatar.com\/avatar\/e8495742d34d0ba6448ea1c628263b3e?s=96&d=mm&r=g\",\"caption\":\"admin\"},\"url\":\"https:\/\/franciscanos.org.br\/noticias\/author\/admin\"}]}<\/script>\n<!-- \/ Yoast SEO plugin. -->","yoast_head_json":{"title":"Maria, modelo de vida para todas as mulheres - Not\u00edcias - Franciscanos","robots":{"index":"index","follow":"follow","max-snippet":"max-snippet:-1","max-image-preview":"max-image-preview:large","max-video-preview":"max-video-preview:-1"},"canonical":"https:\/\/franciscanos.org.br\/noticias\/maria-modelo-de-vida-para-todas-as-mulheres.html","og_locale":"pt_BR","og_type":"article","og_title":"Maria, modelo de vida para todas as mulheres - Not\u00edcias - Franciscanos","og_description":"Festa da Penha 2017","og_url":"https:\/\/franciscanos.org.br\/noticias\/maria-modelo-de-vida-para-todas-as-mulheres.html","og_site_name":"Not\u00edcias - Franciscanos","article_published_time":"2017-04-17T22:13:48+00:00","article_modified_time":"2019-01-24T13:26:25+00:00","og_image":[{"width":273,"height":181,"url":"https:\/\/franciscanos.org.br\/noticias\/wp-content\/uploads\/2017\/04\/penha_170417-31.jpg","type":"image\/jpeg"}],"author":"admin","twitter_card":"summary_large_image","twitter_misc":{"Escrito por":"admin","Est. tempo de leitura":"5 minutos"},"schema":{"@context":"https:\/\/schema.org","@graph":[{"@type":"WebSite","@id":"https:\/\/franciscanos.org.br\/noticias\/#website","url":"https:\/\/franciscanos.org.br\/noticias\/","name":"Not\u00edcias - Franciscanos","description":"Prov\u00edncia Franciscana da Imaculada Concei\u00e7\u00e3o do Brasil - Ordem dos Frades Menores - OFM","potentialAction":[{"@type":"SearchAction","target":{"@type":"EntryPoint","urlTemplate":"https:\/\/franciscanos.org.br\/noticias\/?s={search_term_string}"},"query-input":"required name=search_term_string"}],"inLanguage":"pt-BR"},{"@type":"ImageObject","inLanguage":"pt-BR","@id":"https:\/\/franciscanos.org.br\/noticias\/maria-modelo-de-vida-para-todas-as-mulheres.html#primaryimage","url":"https:\/\/franciscanos.org.br\/noticias\/wp-content\/uploads\/2017\/04\/penha_170417-31.jpg","contentUrl":"https:\/\/franciscanos.org.br\/noticias\/wp-content\/uploads\/2017\/04\/penha_170417-31.jpg","width":273,"height":181},{"@type":"WebPage","@id":"https:\/\/franciscanos.org.br\/noticias\/maria-modelo-de-vida-para-todas-as-mulheres.html#webpage","url":"https:\/\/franciscanos.org.br\/noticias\/maria-modelo-de-vida-para-todas-as-mulheres.html","name":"Maria, modelo de vida para todas as mulheres - Not\u00edcias - Franciscanos","isPartOf":{"@id":"https:\/\/franciscanos.org.br\/noticias\/#website"},"primaryImageOfPage":{"@id":"https:\/\/franciscanos.org.br\/noticias\/maria-modelo-de-vida-para-todas-as-mulheres.html#primaryimage"},"datePublished":"2017-04-17T22:13:48+00:00","dateModified":"2019-01-24T13:26:25+00:00","author":{"@id":"https:\/\/franciscanos.org.br\/noticias\/#\/schema\/person\/b38fbf43118f02820bd932f2e4b14ad3"},"breadcrumb":{"@id":"https:\/\/franciscanos.org.br\/noticias\/maria-modelo-de-vida-para-todas-as-mulheres.html#breadcrumb"},"inLanguage":"pt-BR","potentialAction":[{"@type":"ReadAction","target":["https:\/\/franciscanos.org.br\/noticias\/maria-modelo-de-vida-para-todas-as-mulheres.html"]}]},{"@type":"BreadcrumbList","@id":"https:\/\/franciscanos.org.br\/noticias\/maria-modelo-de-vida-para-todas-as-mulheres.html#breadcrumb","itemListElement":[{"@type":"ListItem","position":1,"name":"Home","item":"https:\/\/franciscanos.org.br\/noticias"},{"@type":"ListItem","position":2,"name":"Maria, modelo de vida para todas as mulheres"}]},{"@type":"Person","@id":"https:\/\/franciscanos.org.br\/noticias\/#\/schema\/person\/b38fbf43118f02820bd932f2e4b14ad3","name":"admin","image":{"@type":"ImageObject","inLanguage":"pt-BR","@id":"https:\/\/franciscanos.org.br\/noticias\/#\/schema\/person\/image\/","url":"https:\/\/secure.gravatar.com\/avatar\/e8495742d34d0ba6448ea1c628263b3e?s=96&d=mm&r=g","contentUrl":"https:\/\/secure.gravatar.com\/avatar\/e8495742d34d0ba6448ea1c628263b3e?s=96&d=mm&r=g","caption":"admin"},"url":"https:\/\/franciscanos.org.br\/noticias\/author\/admin"}]}},"_links":{"self":[{"href":"https:\/\/franciscanos.org.br\/noticias\/wp-json\/wp\/v2\/posts\/130549"}],"collection":[{"href":"https:\/\/franciscanos.org.br\/noticias\/wp-json\/wp\/v2\/posts"}],"about":[{"href":"https:\/\/franciscanos.org.br\/noticias\/wp-json\/wp\/v2\/types\/post"}],"author":[{"embeddable":true,"href":"https:\/\/franciscanos.org.br\/noticias\/wp-json\/wp\/v2\/users\/1"}],"replies":[{"embeddable":true,"href":"https:\/\/franciscanos.org.br\/noticias\/wp-json\/wp\/v2\/comments?post=130549"}],"version-history":[{"count":0,"href":"https:\/\/franciscanos.org.br\/noticias\/wp-json\/wp\/v2\/posts\/130549\/revisions"}],"wp:featuredmedia":[{"embeddable":true,"href":"https:\/\/franciscanos.org.br\/noticias\/wp-json\/wp\/v2\/media\/196716"}],"wp:attachment":[{"href":"https:\/\/franciscanos.org.br\/noticias\/wp-json\/wp\/v2\/media?parent=130549"}],"wp:term":[{"taxonomy":"category","embeddable":true,"href":"https:\/\/franciscanos.org.br\/noticias\/wp-json\/wp\/v2\/categories?post=130549"},{"taxonomy":"post_tag","embeddable":true,"href":"https:\/\/franciscanos.org.br\/noticias\/wp-json\/wp\/v2\/tags?post=130549"}],"curies":[{"name":"wp","href":"https:\/\/api.w.org\/{rel}","templated":true}]}}