{"id":130519,"date":"2017-04-17T09:53:43","date_gmt":"2017-04-17T12:53:43","guid":{"rendered":"http:\/\/franciscanos.org.br\/?p=130519"},"modified":"2019-01-29T11:26:46","modified_gmt":"2019-01-29T13:26:46","slug":"fae-celebra-60-anos-em-clima-de-pascoa","status":"publish","type":"post","link":"https:\/\/franciscanos.org.br\/noticias\/fae-celebra-60-anos-em-clima-de-pascoa.html","title":{"rendered":"Curitiba: FAE celebra 60 anos em clima de P\u00e1scoa"},"content":{"rendered":"<p><a href=\"http:\/\/franciscanos.org.br\/wp-content\/uploads\/2017\/04\/fae_170417-830.jpg\"><img loading=\"lazy\" class=\"alignleft\" src=\"http:\/\/franciscanos.org.br\/wp-content\/uploads\/2017\/04\/fae_170417-830.jpg\" alt=\"fae_170417-830\" width=\"830\" height=\"351\" \/><\/a><\/p>\n<p>Anualmente, a FAE realiza diferentes a\u00e7\u00f5es de P\u00e1scoa para compartilhar com a sociedade uma mensagem de fraternidade. Na \u00faltima ter\u00e7a-feira, dia 11, um desses momentos foi propiciado pelo tradicional almo\u00e7o corporativo, que tamb\u00e9m marcou as comemora\u00e7\u00f5es dos 60 anos da Institui\u00e7\u00e3o, para executivos de empresas parceiras, coordenadores de cursos e autoridades pol\u00edticas e religiosas, na FAE Business School, em Curitiba.<\/p>\n<p>Nesta edi\u00e7\u00e3o, o evento contou com a participa\u00e7\u00e3o especial do presidente do Grupo Volvo na Am\u00e9rica Latina, Wilson Lirmann, que compartilhou experi\u00eancias de sucesso da companhia frente aos atuais desafios da economia mundial.<\/p>\n<p>Outro convidado de destaque foi o arcebispo de Curitiba, <strong>Dom Jos\u00e9 Ant\u00f4nio Peruzzo<\/strong>, que proferiu uma mensagem de esperan\u00e7a e a b\u00ean\u00e7\u00e3o final antes do almo\u00e7o de P\u00e1scoa. \u201cPrecisamos sempre lembrar dos mais fracos e dos necessitados, sendo conscientes da nossa responsabilidade social com toda a sociedade\u201d, disse.<\/p>\n<p>Nesse sentido, o presidente do Grupo Educacional Bom Jesus, <strong>Frei Jo\u00e3o Mannes<\/strong>, lembrou da miss\u00e3o primordial da FAE na educa\u00e7\u00e3o. \u201cS\u00e3o 60 anos de amor e servi\u00e7o ao ensino e \u00e0 forma\u00e7\u00e3o humana de profissionais que se tornam l\u00edderes e bons exemplos, tanto em suas \u00e1reas de atua\u00e7\u00e3o como na comunidade onde vivem\u201d, comemorou.<\/p>\n<p>Para o diretor-geral do Grupo e reitor da FAE Centro Universit\u00e1rio, <strong>Jorge Ap\u00f3stolos Siarcos<\/strong>, a forma\u00e7\u00e3o humana como prioridade da Institui\u00e7\u00e3o \u00e9 um dos principais diferenciais e contribui diretamente para os \u00f3timos resultados acad\u00eamicos.<\/p>\n<p>\u201cCelebramos muitas conquistas nas \u00faltimas seis d\u00e9cadas e, neste ano, n\u00e3o foi diferente. Recentemente, o MEC concedeu excelentes avalia\u00e7\u00f5es em rela\u00e7\u00e3o \u00e0 qualidade de ensino da FAE e, al\u00e9m disso, a Institui\u00e7\u00e3o tem conquistado cada vez mais prest\u00edgio e confian\u00e7a do mercado e da sociedade em geral\u201d, celebra Siarcos.<\/p>\n<p>A FAE agradece a presen\u00e7a de cada um dos mais de 200 convidados que compareceram ao almo\u00e7o corporativo e <strong>deseja uma aben\u00e7oada e feliz P\u00e1scoa <\/strong>a todas as suas fam\u00edlias.<\/p>\n","protected":false},"excerpt":{"rendered":"<p>Educa\u00e7\u00e3o Franciscana<\/p>\n","protected":false},"author":1,"featured_media":197910,"comment_status":"open","ping_status":"open","sticky":false,"template":"","format":"standard","meta":[],"categories":[1],"tags":[548],"acf":[],"yoast_head":"<!-- This site is optimized with the Yoast SEO plugin v19.2 - https:\/\/yoast.com\/wordpress\/plugins\/seo\/ -->\n<title>Curitiba: FAE celebra 60 anos em clima de P\u00e1scoa - Not\u00edcias - Franciscanos<\/title>\n<meta name=\"robots\" content=\"index, follow, max-snippet:-1, max-image-preview:large, max-video-preview:-1\" \/>\n<link rel=\"canonical\" href=\"https:\/\/franciscanos.org.br\/noticias\/fae-celebra-60-anos-em-clima-de-pascoa.html\" \/>\n<meta property=\"og:locale\" content=\"pt_BR\" \/>\n<meta property=\"og:type\" content=\"article\" \/>\n<meta property=\"og:title\" content=\"Curitiba: FAE celebra 60 anos em clima de P\u00e1scoa - Not\u00edcias - Franciscanos\" \/>\n<meta property=\"og:description\" content=\"Educa\u00e7\u00e3o Franciscana\" \/>\n<meta property=\"og:url\" content=\"https:\/\/franciscanos.org.br\/noticias\/fae-celebra-60-anos-em-clima-de-pascoa.html\" \/>\n<meta property=\"og:site_name\" content=\"Not\u00edcias - Franciscanos\" \/>\n<meta property=\"article:published_time\" content=\"2017-04-17T12:53:43+00:00\" \/>\n<meta property=\"article:modified_time\" content=\"2019-01-29T13:26:46+00:00\" \/>\n<meta property=\"og:image\" content=\"https:\/\/franciscanos.org.br\/noticias\/wp-content\/uploads\/2017\/04\/fae_170417-830.jpg\" \/>\n\t<meta property=\"og:image:width\" content=\"273\" \/>\n\t<meta property=\"og:image:height\" content=\"181\" \/>\n\t<meta property=\"og:image:type\" content=\"image\/jpeg\" \/>\n<meta name=\"author\" content=\"admin\" \/>\n<meta name=\"twitter:card\" content=\"summary_large_image\" \/>\n<meta name=\"twitter:label1\" content=\"Escrito por\" \/>\n\t<meta name=\"twitter:data1\" content=\"admin\" \/>\n\t<meta name=\"twitter:label2\" content=\"Est. tempo de leitura\" \/>\n\t<meta name=\"twitter:data2\" content=\"2 minutos\" \/>\n<script type=\"application\/ld+json\" class=\"yoast-schema-graph\">{\"@context\":\"https:\/\/schema.org\",\"@graph\":[{\"@type\":\"WebSite\",\"@id\":\"https:\/\/franciscanos.org.br\/noticias\/#website\",\"url\":\"https:\/\/franciscanos.org.br\/noticias\/\",\"name\":\"Not\u00edcias - Franciscanos\",\"description\":\"Prov\u00edncia Franciscana da Imaculada Concei\u00e7\u00e3o do Brasil - Ordem dos Frades Menores - OFM\",\"potentialAction\":[{\"@type\":\"SearchAction\",\"target\":{\"@type\":\"EntryPoint\",\"urlTemplate\":\"https:\/\/franciscanos.org.br\/noticias\/?s={search_term_string}\"},\"query-input\":\"required name=search_term_string\"}],\"inLanguage\":\"pt-BR\"},{\"@type\":\"ImageObject\",\"inLanguage\":\"pt-BR\",\"@id\":\"https:\/\/franciscanos.org.br\/noticias\/fae-celebra-60-anos-em-clima-de-pascoa.html#primaryimage\",\"url\":\"https:\/\/franciscanos.org.br\/noticias\/wp-content\/uploads\/2017\/04\/fae_170417-830.jpg\",\"contentUrl\":\"https:\/\/franciscanos.org.br\/noticias\/wp-content\/uploads\/2017\/04\/fae_170417-830.jpg\",\"width\":273,\"height\":181},{\"@type\":\"WebPage\",\"@id\":\"https:\/\/franciscanos.org.br\/noticias\/fae-celebra-60-anos-em-clima-de-pascoa.html#webpage\",\"url\":\"https:\/\/franciscanos.org.br\/noticias\/fae-celebra-60-anos-em-clima-de-pascoa.html\",\"name\":\"Curitiba: FAE celebra 60 anos em clima de P\u00e1scoa - Not\u00edcias - Franciscanos\",\"isPartOf\":{\"@id\":\"https:\/\/franciscanos.org.br\/noticias\/#website\"},\"primaryImageOfPage\":{\"@id\":\"https:\/\/franciscanos.org.br\/noticias\/fae-celebra-60-anos-em-clima-de-pascoa.html#primaryimage\"},\"datePublished\":\"2017-04-17T12:53:43+00:00\",\"dateModified\":\"2019-01-29T13:26:46+00:00\",\"author\":{\"@id\":\"https:\/\/franciscanos.org.br\/noticias\/#\/schema\/person\/b38fbf43118f02820bd932f2e4b14ad3\"},\"breadcrumb\":{\"@id\":\"https:\/\/franciscanos.org.br\/noticias\/fae-celebra-60-anos-em-clima-de-pascoa.html#breadcrumb\"},\"inLanguage\":\"pt-BR\",\"potentialAction\":[{\"@type\":\"ReadAction\",\"target\":[\"https:\/\/franciscanos.org.br\/noticias\/fae-celebra-60-anos-em-clima-de-pascoa.html\"]}]},{\"@type\":\"BreadcrumbList\",\"@id\":\"https:\/\/franciscanos.org.br\/noticias\/fae-celebra-60-anos-em-clima-de-pascoa.html#breadcrumb\",\"itemListElement\":[{\"@type\":\"ListItem\",\"position\":1,\"name\":\"Home\",\"item\":\"https:\/\/franciscanos.org.br\/noticias\"},{\"@type\":\"ListItem\",\"position\":2,\"name\":\"Curitiba: FAE celebra 60 anos em clima de P\u00e1scoa\"}]},{\"@type\":\"Person\",\"@id\":\"https:\/\/franciscanos.org.br\/noticias\/#\/schema\/person\/b38fbf43118f02820bd932f2e4b14ad3\",\"name\":\"admin\",\"image\":{\"@type\":\"ImageObject\",\"inLanguage\":\"pt-BR\",\"@id\":\"https:\/\/franciscanos.org.br\/noticias\/#\/schema\/person\/image\/\",\"url\":\"https:\/\/secure.gravatar.com\/avatar\/e8495742d34d0ba6448ea1c628263b3e?s=96&d=mm&r=g\",\"contentUrl\":\"https:\/\/secure.gravatar.com\/avatar\/e8495742d34d0ba6448ea1c628263b3e?s=96&d=mm&r=g\",\"caption\":\"admin\"},\"url\":\"https:\/\/franciscanos.org.br\/noticias\/author\/admin\"}]}<\/script>\n<!-- \/ Yoast SEO plugin. -->","yoast_head_json":{"title":"Curitiba: FAE celebra 60 anos em clima de P\u00e1scoa - Not\u00edcias - Franciscanos","robots":{"index":"index","follow":"follow","max-snippet":"max-snippet:-1","max-image-preview":"max-image-preview:large","max-video-preview":"max-video-preview:-1"},"canonical":"https:\/\/franciscanos.org.br\/noticias\/fae-celebra-60-anos-em-clima-de-pascoa.html","og_locale":"pt_BR","og_type":"article","og_title":"Curitiba: FAE celebra 60 anos em clima de P\u00e1scoa - Not\u00edcias - Franciscanos","og_description":"Educa\u00e7\u00e3o Franciscana","og_url":"https:\/\/franciscanos.org.br\/noticias\/fae-celebra-60-anos-em-clima-de-pascoa.html","og_site_name":"Not\u00edcias - Franciscanos","article_published_time":"2017-04-17T12:53:43+00:00","article_modified_time":"2019-01-29T13:26:46+00:00","og_image":[{"width":273,"height":181,"url":"https:\/\/franciscanos.org.br\/noticias\/wp-content\/uploads\/2017\/04\/fae_170417-830.jpg","type":"image\/jpeg"}],"author":"admin","twitter_card":"summary_large_image","twitter_misc":{"Escrito por":"admin","Est. tempo de leitura":"2 minutos"},"schema":{"@context":"https:\/\/schema.org","@graph":[{"@type":"WebSite","@id":"https:\/\/franciscanos.org.br\/noticias\/#website","url":"https:\/\/franciscanos.org.br\/noticias\/","name":"Not\u00edcias - Franciscanos","description":"Prov\u00edncia Franciscana da Imaculada Concei\u00e7\u00e3o do Brasil - Ordem dos Frades Menores - OFM","potentialAction":[{"@type":"SearchAction","target":{"@type":"EntryPoint","urlTemplate":"https:\/\/franciscanos.org.br\/noticias\/?s={search_term_string}"},"query-input":"required name=search_term_string"}],"inLanguage":"pt-BR"},{"@type":"ImageObject","inLanguage":"pt-BR","@id":"https:\/\/franciscanos.org.br\/noticias\/fae-celebra-60-anos-em-clima-de-pascoa.html#primaryimage","url":"https:\/\/franciscanos.org.br\/noticias\/wp-content\/uploads\/2017\/04\/fae_170417-830.jpg","contentUrl":"https:\/\/franciscanos.org.br\/noticias\/wp-content\/uploads\/2017\/04\/fae_170417-830.jpg","width":273,"height":181},{"@type":"WebPage","@id":"https:\/\/franciscanos.org.br\/noticias\/fae-celebra-60-anos-em-clima-de-pascoa.html#webpage","url":"https:\/\/franciscanos.org.br\/noticias\/fae-celebra-60-anos-em-clima-de-pascoa.html","name":"Curitiba: FAE celebra 60 anos em clima de P\u00e1scoa - Not\u00edcias - Franciscanos","isPartOf":{"@id":"https:\/\/franciscanos.org.br\/noticias\/#website"},"primaryImageOfPage":{"@id":"https:\/\/franciscanos.org.br\/noticias\/fae-celebra-60-anos-em-clima-de-pascoa.html#primaryimage"},"datePublished":"2017-04-17T12:53:43+00:00","dateModified":"2019-01-29T13:26:46+00:00","author":{"@id":"https:\/\/franciscanos.org.br\/noticias\/#\/schema\/person\/b38fbf43118f02820bd932f2e4b14ad3"},"breadcrumb":{"@id":"https:\/\/franciscanos.org.br\/noticias\/fae-celebra-60-anos-em-clima-de-pascoa.html#breadcrumb"},"inLanguage":"pt-BR","potentialAction":[{"@type":"ReadAction","target":["https:\/\/franciscanos.org.br\/noticias\/fae-celebra-60-anos-em-clima-de-pascoa.html"]}]},{"@type":"BreadcrumbList","@id":"https:\/\/franciscanos.org.br\/noticias\/fae-celebra-60-anos-em-clima-de-pascoa.html#breadcrumb","itemListElement":[{"@type":"ListItem","position":1,"name":"Home","item":"https:\/\/franciscanos.org.br\/noticias"},{"@type":"ListItem","position":2,"name":"Curitiba: FAE celebra 60 anos em clima de P\u00e1scoa"}]},{"@type":"Person","@id":"https:\/\/franciscanos.org.br\/noticias\/#\/schema\/person\/b38fbf43118f02820bd932f2e4b14ad3","name":"admin","image":{"@type":"ImageObject","inLanguage":"pt-BR","@id":"https:\/\/franciscanos.org.br\/noticias\/#\/schema\/person\/image\/","url":"https:\/\/secure.gravatar.com\/avatar\/e8495742d34d0ba6448ea1c628263b3e?s=96&d=mm&r=g","contentUrl":"https:\/\/secure.gravatar.com\/avatar\/e8495742d34d0ba6448ea1c628263b3e?s=96&d=mm&r=g","caption":"admin"},"url":"https:\/\/franciscanos.org.br\/noticias\/author\/admin"}]}},"_links":{"self":[{"href":"https:\/\/franciscanos.org.br\/noticias\/wp-json\/wp\/v2\/posts\/130519"}],"collection":[{"href":"https:\/\/franciscanos.org.br\/noticias\/wp-json\/wp\/v2\/posts"}],"about":[{"href":"https:\/\/franciscanos.org.br\/noticias\/wp-json\/wp\/v2\/types\/post"}],"author":[{"embeddable":true,"href":"https:\/\/franciscanos.org.br\/noticias\/wp-json\/wp\/v2\/users\/1"}],"replies":[{"embeddable":true,"href":"https:\/\/franciscanos.org.br\/noticias\/wp-json\/wp\/v2\/comments?post=130519"}],"version-history":[{"count":0,"href":"https:\/\/franciscanos.org.br\/noticias\/wp-json\/wp\/v2\/posts\/130519\/revisions"}],"wp:featuredmedia":[{"embeddable":true,"href":"https:\/\/franciscanos.org.br\/noticias\/wp-json\/wp\/v2\/media\/197910"}],"wp:attachment":[{"href":"https:\/\/franciscanos.org.br\/noticias\/wp-json\/wp\/v2\/media?parent=130519"}],"wp:term":[{"taxonomy":"category","embeddable":true,"href":"https:\/\/franciscanos.org.br\/noticias\/wp-json\/wp\/v2\/categories?post=130519"},{"taxonomy":"post_tag","embeddable":true,"href":"https:\/\/franciscanos.org.br\/noticias\/wp-json\/wp\/v2\/tags?post=130519"}],"curies":[{"name":"wp","href":"https:\/\/api.w.org\/{rel}","templated":true}]}}