{"id":130486,"date":"2017-04-17T08:29:32","date_gmt":"2017-04-17T11:29:32","guid":{"rendered":"http:\/\/franciscanos.org.br\/?p=130486"},"modified":"2019-01-29T11:28:20","modified_gmt":"2019-01-29T13:28:20","slug":"frei-vanderlei-sera-ordenado-diacono-no-dia-23","status":"publish","type":"post","link":"https:\/\/franciscanos.org.br\/noticias\/frei-vanderlei-sera-ordenado-diacono-no-dia-23.html","title":{"rendered":"Frei Vanderlei ser\u00e1 ordenado di\u00e1cono neste domingo"},"content":{"rendered":"<p><strong><a href=\"http:\/\/franciscanos.org.br\/wp-content\/uploads\/2017\/04\/vanderlei_170417-450.jpg\"><img loading=\"lazy\" class=\"alignright wp-image-130489 \" src=\"http:\/\/franciscanos.org.br\/wp-content\/uploads\/2017\/04\/vanderlei_170417-450.jpg\" alt=\"vanderlei_170417-450\" width=\"331\" height=\"459\" \/><\/a>Moacir Beggo<\/strong><\/p>\n<p>Com o lema \u201cDei-vos o exemplo para que fa\u00e7ais o mesmo que eu vos fiz\u201d, Frei Vanderlei da Silva Neves ser\u00e1 ordenado di\u00e1cono no pr\u00f3ximo dia 23 de abril, na Matriz S\u00e3o Luiz Gonzaga, em Xaxim. Ele ser\u00e1 ordenado pelo bispo diocesano de Chapec\u00f3 Dom Odelir Jos\u00e9 Magri.<\/p>\n<p>Frei Vanderlei \u00e9 natural de S\u00e3o Paulo (SP), onde nasceu em 20 de agosto de 1982, tendo agora 34 anos. \u00c9 filho de Maria do Socorro e Valdecy Pereira Neve, pais tamb\u00e9m de Wagner da Silva Neves. \u201cNa minha inf\u00e2ncia sempre fui incentivado, sobretudo pela minha m\u00e3e, a participar das missas. Na \u00e9poca t\u00ednhamos um padre que se destacava pelo seu jeito simples e acolhedor (Padre Nicolau), o que despertou minha admira\u00e7\u00e3o. Tamb\u00e9m tive a gra\u00e7a de ter dois catequistas que marcaram minha vida &#8211; sr. Geraldo e sr. Rafael -, que trabalhavam em equipe e falavam da Igreja e de Cristo de uma maneira que despertava o interesse dos catequizandos. Lembro-me que era muito dif\u00edcil algu\u00e9m faltar tamanha a capacidade destes dois de fomentar a f\u00e9\u201d, explica Frei Vanderlei.<\/p>\n<p>S\u00e3o Francisco, contudo, entrou em sua vida pela fibra \u00f3tica. \u201cPesquisava na Internet livros e artigos, e, quanto mais eu lia, mais queria conhecer a vida deste santo\u201d, conta, at\u00e9 que h\u00e1 dez anos tomou a decis\u00e3o de ingressar na vida religiosa franciscana: \u201cLembro-me de que senti muito medo em abra\u00e7ar definitivamente esta nova forma de vida. Tinha meu trabalho, que eu gostava muito\u201d, confessa.<\/p>\n<p>E foi pela Internet que conseguiu o telefone do Convento S\u00e3o Francisco, em S\u00e3o Paulo, e p\u00f4de marcar uma conversa com o Frei Nazareno L\u00fcdtke, promotor vocacional do Convento. \u201cAp\u00f3s alguns dias, me atendeu alegremente. Conversamos por mais de uma hora\u201d, recorda, iniciando o acompanhamento vocacional em 2006.<\/p>\n<p>\u201cEm 14 de fevereiro de 2007 estava prevista a minha chegada ao semin\u00e1rio de Ituporanga, mas n\u00e3o consegui chegar nesta data por conta de forte dor gerada por um c\u00e1lculo renal. Mas, uma semana depois l\u00e1 estava\u201d, revelou.<br \/>\nEm 2008, Frei Vanderlei fez o Postulantado, em 2009, o Noviciado, fazendo os primeiros votos em 3 de janeiro de 2010. De 2010 a 2012 morou em Rondinha para cursar Filosofia. A Teologia cursou-a em Petr\u00f3polis, onde morou de 2013 a 2015 no Convento do Sagrado. Em 2016 foi transferido para Fraternidade S\u00e3o Francisco, em Campos El\u00edseos e professou solenemente na Ordem dos Frades Menores em 6 de dezembro de 2014. Ap\u00f3s a conclus\u00e3o do curso de Teologia, foi transferido para a Fraternidade S\u00e3o Lu\u00eds Gonzaga, em Xaxim, SC, onde ser\u00e1 ordenado di\u00e1cono, um servi\u00e7o de que ele fala, a seguir, como vai exerc\u00ea-lo.<\/p>\n<p><strong>Site Franciscanos<\/strong>\u00a0<em>\u2013 Como voc\u00ea v\u00ea esse novo passo na sua vida religiosa?<\/em><\/p>\n<p><strong>Frei Vanderlei<\/strong> &#8211; Estou muito feliz por dar este novo passo. Agrade\u00e7o a Deus, \u00e0 Prov\u00edncia, a todos os meus formadores e a todos os frades que tive a oportunidade de conhecer. Com certeza neste novo passo somos chamados a servir de maneira muito mais profunda \u00e0 Igreja, \u00e0 Prov\u00edncia e a todo Povo de Deus. Neste pouco tempo que estou morando na Fraternidade S\u00e3o Luiz Gonzaga, percebo que os frades s\u00e3o procurados diariamente por muitas pessoas para aben\u00e7o\u00e1-las, mas sobretudo para ouvi-las contar seus sofrimentos e seus dramas existenciais. Por isso, vejo que este novo passo deve ser marcado pela disponibilidade e pela compaix\u00e3o.<\/p>\n<p><strong>Site Franciscanos<\/strong><em>\u00a0\u2013 O que significa para voc\u00ea ser di\u00e1cono da Igreja?<\/em><\/p>\n<p><strong>Frei Vanderlei &#8211;<\/strong> Creio que ser um di\u00e1cono da Igreja \u00e9 assumir de maneira gratuita a postura de Jesus: \u201c&#8230; O Filho do Homem n\u00e3o veio para ser servido, mas para servir\u201d (Mt 20, 28). Da\u00ed podemos compreender que o minist\u00e9rio do Di\u00e1cono \u00e9 o chamado ao servi\u00e7o a Deus, \u00e0 Igreja e ao pr\u00f3ximo.<\/p>\n<p>Tomar a postura daquele que serve \u00e9 assumir a miss\u00e3o de cuidar: cuidar para que os servi\u00e7os na celebra\u00e7\u00e3o dos divinos mist\u00e9rios sejam desempenhados da melhor maneira poss\u00edvel, mas sobretudo cuidar para que a Palavra de Deus possa sempre estar presente naquele que livremente assume a miss\u00e3o de di\u00e1cono. A miss\u00e3o do di\u00e1cono na Igreja \u00e9 fazer com que as pessoas sintam o abra\u00e7o acolhedor da Igreja e de Cristo.<\/p>\n<p><a href=\"http:\/\/franciscanos.org.br\/wp-content\/uploads\/2017\/04\/vanderlei_170417-convite.jpg\"><img loading=\"lazy\" class=\"aligncenter\" src=\"http:\/\/franciscanos.org.br\/wp-content\/uploads\/2017\/04\/vanderlei_170417-convite.jpg\" alt=\"vanderlei_170417-convite\" width=\"830\" height=\"489\" \/><\/a><\/p>\n","protected":false},"excerpt":{"rendered":"<p>Em Xaxim<\/p>\n","protected":false},"author":1,"featured_media":197914,"comment_status":"open","ping_status":"open","sticky":false,"template":"","format":"standard","meta":[],"categories":[1],"tags":[275,552],"acf":[],"yoast_head":"<!-- This site is optimized with the Yoast SEO plugin v19.2 - https:\/\/yoast.com\/wordpress\/plugins\/seo\/ -->\n<title>Frei Vanderlei ser\u00e1 ordenado di\u00e1cono neste domingo - Not\u00edcias - Franciscanos<\/title>\n<meta name=\"robots\" content=\"index, follow, max-snippet:-1, max-image-preview:large, max-video-preview:-1\" \/>\n<link rel=\"canonical\" href=\"https:\/\/franciscanos.org.br\/noticias\/frei-vanderlei-sera-ordenado-diacono-no-dia-23.html\" \/>\n<meta property=\"og:locale\" content=\"pt_BR\" \/>\n<meta property=\"og:type\" content=\"article\" \/>\n<meta property=\"og:title\" content=\"Frei Vanderlei ser\u00e1 ordenado di\u00e1cono neste domingo - Not\u00edcias - Franciscanos\" \/>\n<meta property=\"og:description\" content=\"Em Xaxim\" \/>\n<meta property=\"og:url\" content=\"https:\/\/franciscanos.org.br\/noticias\/frei-vanderlei-sera-ordenado-diacono-no-dia-23.html\" \/>\n<meta property=\"og:site_name\" content=\"Not\u00edcias - Franciscanos\" \/>\n<meta property=\"article:published_time\" content=\"2017-04-17T11:29:32+00:00\" \/>\n<meta property=\"article:modified_time\" content=\"2019-01-29T13:28:20+00:00\" \/>\n<meta property=\"og:image\" content=\"https:\/\/franciscanos.org.br\/noticias\/wp-content\/uploads\/2017\/04\/vanderlei_170417-450.jpg\" \/>\n\t<meta property=\"og:image:width\" content=\"273\" \/>\n\t<meta property=\"og:image:height\" content=\"181\" \/>\n\t<meta property=\"og:image:type\" content=\"image\/jpeg\" \/>\n<meta name=\"author\" content=\"admin\" \/>\n<meta name=\"twitter:card\" content=\"summary_large_image\" \/>\n<meta name=\"twitter:label1\" content=\"Escrito por\" \/>\n\t<meta name=\"twitter:data1\" content=\"admin\" \/>\n\t<meta name=\"twitter:label2\" content=\"Est. tempo de leitura\" \/>\n\t<meta name=\"twitter:data2\" content=\"4 minutos\" \/>\n<script type=\"application\/ld+json\" class=\"yoast-schema-graph\">{\"@context\":\"https:\/\/schema.org\",\"@graph\":[{\"@type\":\"WebSite\",\"@id\":\"https:\/\/franciscanos.org.br\/noticias\/#website\",\"url\":\"https:\/\/franciscanos.org.br\/noticias\/\",\"name\":\"Not\u00edcias - Franciscanos\",\"description\":\"Prov\u00edncia Franciscana da Imaculada Concei\u00e7\u00e3o do Brasil - Ordem dos Frades Menores - OFM\",\"potentialAction\":[{\"@type\":\"SearchAction\",\"target\":{\"@type\":\"EntryPoint\",\"urlTemplate\":\"https:\/\/franciscanos.org.br\/noticias\/?s={search_term_string}\"},\"query-input\":\"required name=search_term_string\"}],\"inLanguage\":\"pt-BR\"},{\"@type\":\"ImageObject\",\"inLanguage\":\"pt-BR\",\"@id\":\"https:\/\/franciscanos.org.br\/noticias\/frei-vanderlei-sera-ordenado-diacono-no-dia-23.html#primaryimage\",\"url\":\"https:\/\/franciscanos.org.br\/noticias\/wp-content\/uploads\/2017\/04\/vanderlei_170417-450.jpg\",\"contentUrl\":\"https:\/\/franciscanos.org.br\/noticias\/wp-content\/uploads\/2017\/04\/vanderlei_170417-450.jpg\",\"width\":273,\"height\":181},{\"@type\":\"WebPage\",\"@id\":\"https:\/\/franciscanos.org.br\/noticias\/frei-vanderlei-sera-ordenado-diacono-no-dia-23.html#webpage\",\"url\":\"https:\/\/franciscanos.org.br\/noticias\/frei-vanderlei-sera-ordenado-diacono-no-dia-23.html\",\"name\":\"Frei Vanderlei ser\u00e1 ordenado di\u00e1cono neste domingo - Not\u00edcias - Franciscanos\",\"isPartOf\":{\"@id\":\"https:\/\/franciscanos.org.br\/noticias\/#website\"},\"primaryImageOfPage\":{\"@id\":\"https:\/\/franciscanos.org.br\/noticias\/frei-vanderlei-sera-ordenado-diacono-no-dia-23.html#primaryimage\"},\"datePublished\":\"2017-04-17T11:29:32+00:00\",\"dateModified\":\"2019-01-29T13:28:20+00:00\",\"author\":{\"@id\":\"https:\/\/franciscanos.org.br\/noticias\/#\/schema\/person\/b38fbf43118f02820bd932f2e4b14ad3\"},\"breadcrumb\":{\"@id\":\"https:\/\/franciscanos.org.br\/noticias\/frei-vanderlei-sera-ordenado-diacono-no-dia-23.html#breadcrumb\"},\"inLanguage\":\"pt-BR\",\"potentialAction\":[{\"@type\":\"ReadAction\",\"target\":[\"https:\/\/franciscanos.org.br\/noticias\/frei-vanderlei-sera-ordenado-diacono-no-dia-23.html\"]}]},{\"@type\":\"BreadcrumbList\",\"@id\":\"https:\/\/franciscanos.org.br\/noticias\/frei-vanderlei-sera-ordenado-diacono-no-dia-23.html#breadcrumb\",\"itemListElement\":[{\"@type\":\"ListItem\",\"position\":1,\"name\":\"Home\",\"item\":\"https:\/\/franciscanos.org.br\/noticias\"},{\"@type\":\"ListItem\",\"position\":2,\"name\":\"Frei Vanderlei ser\u00e1 ordenado di\u00e1cono neste domingo\"}]},{\"@type\":\"Person\",\"@id\":\"https:\/\/franciscanos.org.br\/noticias\/#\/schema\/person\/b38fbf43118f02820bd932f2e4b14ad3\",\"name\":\"admin\",\"image\":{\"@type\":\"ImageObject\",\"inLanguage\":\"pt-BR\",\"@id\":\"https:\/\/franciscanos.org.br\/noticias\/#\/schema\/person\/image\/\",\"url\":\"https:\/\/secure.gravatar.com\/avatar\/e8495742d34d0ba6448ea1c628263b3e?s=96&d=mm&r=g\",\"contentUrl\":\"https:\/\/secure.gravatar.com\/avatar\/e8495742d34d0ba6448ea1c628263b3e?s=96&d=mm&r=g\",\"caption\":\"admin\"},\"url\":\"https:\/\/franciscanos.org.br\/noticias\/author\/admin\"}]}<\/script>\n<!-- \/ Yoast SEO plugin. -->","yoast_head_json":{"title":"Frei Vanderlei ser\u00e1 ordenado di\u00e1cono neste domingo - Not\u00edcias - Franciscanos","robots":{"index":"index","follow":"follow","max-snippet":"max-snippet:-1","max-image-preview":"max-image-preview:large","max-video-preview":"max-video-preview:-1"},"canonical":"https:\/\/franciscanos.org.br\/noticias\/frei-vanderlei-sera-ordenado-diacono-no-dia-23.html","og_locale":"pt_BR","og_type":"article","og_title":"Frei Vanderlei ser\u00e1 ordenado di\u00e1cono neste domingo - Not\u00edcias - Franciscanos","og_description":"Em Xaxim","og_url":"https:\/\/franciscanos.org.br\/noticias\/frei-vanderlei-sera-ordenado-diacono-no-dia-23.html","og_site_name":"Not\u00edcias - Franciscanos","article_published_time":"2017-04-17T11:29:32+00:00","article_modified_time":"2019-01-29T13:28:20+00:00","og_image":[{"width":273,"height":181,"url":"https:\/\/franciscanos.org.br\/noticias\/wp-content\/uploads\/2017\/04\/vanderlei_170417-450.jpg","type":"image\/jpeg"}],"author":"admin","twitter_card":"summary_large_image","twitter_misc":{"Escrito por":"admin","Est. tempo de leitura":"4 minutos"},"schema":{"@context":"https:\/\/schema.org","@graph":[{"@type":"WebSite","@id":"https:\/\/franciscanos.org.br\/noticias\/#website","url":"https:\/\/franciscanos.org.br\/noticias\/","name":"Not\u00edcias - Franciscanos","description":"Prov\u00edncia Franciscana da Imaculada Concei\u00e7\u00e3o do Brasil - Ordem dos Frades Menores - OFM","potentialAction":[{"@type":"SearchAction","target":{"@type":"EntryPoint","urlTemplate":"https:\/\/franciscanos.org.br\/noticias\/?s={search_term_string}"},"query-input":"required name=search_term_string"}],"inLanguage":"pt-BR"},{"@type":"ImageObject","inLanguage":"pt-BR","@id":"https:\/\/franciscanos.org.br\/noticias\/frei-vanderlei-sera-ordenado-diacono-no-dia-23.html#primaryimage","url":"https:\/\/franciscanos.org.br\/noticias\/wp-content\/uploads\/2017\/04\/vanderlei_170417-450.jpg","contentUrl":"https:\/\/franciscanos.org.br\/noticias\/wp-content\/uploads\/2017\/04\/vanderlei_170417-450.jpg","width":273,"height":181},{"@type":"WebPage","@id":"https:\/\/franciscanos.org.br\/noticias\/frei-vanderlei-sera-ordenado-diacono-no-dia-23.html#webpage","url":"https:\/\/franciscanos.org.br\/noticias\/frei-vanderlei-sera-ordenado-diacono-no-dia-23.html","name":"Frei Vanderlei ser\u00e1 ordenado di\u00e1cono neste domingo - Not\u00edcias - Franciscanos","isPartOf":{"@id":"https:\/\/franciscanos.org.br\/noticias\/#website"},"primaryImageOfPage":{"@id":"https:\/\/franciscanos.org.br\/noticias\/frei-vanderlei-sera-ordenado-diacono-no-dia-23.html#primaryimage"},"datePublished":"2017-04-17T11:29:32+00:00","dateModified":"2019-01-29T13:28:20+00:00","author":{"@id":"https:\/\/franciscanos.org.br\/noticias\/#\/schema\/person\/b38fbf43118f02820bd932f2e4b14ad3"},"breadcrumb":{"@id":"https:\/\/franciscanos.org.br\/noticias\/frei-vanderlei-sera-ordenado-diacono-no-dia-23.html#breadcrumb"},"inLanguage":"pt-BR","potentialAction":[{"@type":"ReadAction","target":["https:\/\/franciscanos.org.br\/noticias\/frei-vanderlei-sera-ordenado-diacono-no-dia-23.html"]}]},{"@type":"BreadcrumbList","@id":"https:\/\/franciscanos.org.br\/noticias\/frei-vanderlei-sera-ordenado-diacono-no-dia-23.html#breadcrumb","itemListElement":[{"@type":"ListItem","position":1,"name":"Home","item":"https:\/\/franciscanos.org.br\/noticias"},{"@type":"ListItem","position":2,"name":"Frei Vanderlei ser\u00e1 ordenado di\u00e1cono neste domingo"}]},{"@type":"Person","@id":"https:\/\/franciscanos.org.br\/noticias\/#\/schema\/person\/b38fbf43118f02820bd932f2e4b14ad3","name":"admin","image":{"@type":"ImageObject","inLanguage":"pt-BR","@id":"https:\/\/franciscanos.org.br\/noticias\/#\/schema\/person\/image\/","url":"https:\/\/secure.gravatar.com\/avatar\/e8495742d34d0ba6448ea1c628263b3e?s=96&d=mm&r=g","contentUrl":"https:\/\/secure.gravatar.com\/avatar\/e8495742d34d0ba6448ea1c628263b3e?s=96&d=mm&r=g","caption":"admin"},"url":"https:\/\/franciscanos.org.br\/noticias\/author\/admin"}]}},"_links":{"self":[{"href":"https:\/\/franciscanos.org.br\/noticias\/wp-json\/wp\/v2\/posts\/130486"}],"collection":[{"href":"https:\/\/franciscanos.org.br\/noticias\/wp-json\/wp\/v2\/posts"}],"about":[{"href":"https:\/\/franciscanos.org.br\/noticias\/wp-json\/wp\/v2\/types\/post"}],"author":[{"embeddable":true,"href":"https:\/\/franciscanos.org.br\/noticias\/wp-json\/wp\/v2\/users\/1"}],"replies":[{"embeddable":true,"href":"https:\/\/franciscanos.org.br\/noticias\/wp-json\/wp\/v2\/comments?post=130486"}],"version-history":[{"count":0,"href":"https:\/\/franciscanos.org.br\/noticias\/wp-json\/wp\/v2\/posts\/130486\/revisions"}],"wp:featuredmedia":[{"embeddable":true,"href":"https:\/\/franciscanos.org.br\/noticias\/wp-json\/wp\/v2\/media\/197914"}],"wp:attachment":[{"href":"https:\/\/franciscanos.org.br\/noticias\/wp-json\/wp\/v2\/media?parent=130486"}],"wp:term":[{"taxonomy":"category","embeddable":true,"href":"https:\/\/franciscanos.org.br\/noticias\/wp-json\/wp\/v2\/categories?post=130486"},{"taxonomy":"post_tag","embeddable":true,"href":"https:\/\/franciscanos.org.br\/noticias\/wp-json\/wp\/v2\/tags?post=130486"}],"curies":[{"name":"wp","href":"https:\/\/api.w.org\/{rel}","templated":true}]}}