{"id":130315,"date":"2017-04-16T19:45:04","date_gmt":"2017-04-16T22:45:04","guid":{"rendered":"http:\/\/franciscanos.org.br\/?p=130315"},"modified":"2019-01-24T13:44:37","modified_gmt":"2019-01-24T15:44:37","slug":"na-alegria-do-ressuscitado-fieis-celebram-primeiro-dia-do-oitavario","status":"publish","type":"post","link":"https:\/\/franciscanos.org.br\/noticias\/na-alegria-do-ressuscitado-fieis-celebram-primeiro-dia-do-oitavario.html","title":{"rendered":"Na alegria do Ressuscitado, fi\u00e9is celebram o primeiro dia do Oitav\u00e1rio"},"content":{"rendered":"<p><img loading=\"lazy\" class=\"alignleft size-full wp-image-196692\" src=\"https:\/\/franciscanos.org.br\/noticias\/wp-content\/uploads\/2017\/04\/penhag_160417-1.jpg\" alt=\"\" width=\"830\" height=\"450\" srcset=\"https:\/\/franciscanos.org.br\/noticias\/wp-content\/uploads\/2017\/04\/penhag_160417-1.jpg 830w, https:\/\/franciscanos.org.br\/noticias\/wp-content\/uploads\/2017\/04\/penhag_160417-1-450x244.jpg 450w, https:\/\/franciscanos.org.br\/noticias\/wp-content\/uploads\/2017\/04\/penhag_160417-1-768x416.jpg 768w, https:\/\/franciscanos.org.br\/noticias\/wp-content\/uploads\/2017\/04\/penhag_160417-1-150x81.jpg 150w\" sizes=\"(max-width: 830px) 100vw, 830px\" \/><\/p>\n<p><strong>\u00c9rika Augusto (texto e fotos)<\/strong><\/p>\n<p><strong>Vila Velha (ES) &#8211;<\/strong> Neste domingo de P\u00e1scoa, 16 de abril, os devotos de Nossa Senhora da Penha abriram pela 446\u00aa vez, com muita emo\u00e7\u00e3o, mais um Oitav\u00e1rio. Nem o sol forte foi capaz de desanimar os fi\u00e9is, que desde as primeiras horas da tarde estavam em frente ao presbit\u00e9rio, montado no Campinho, aos p\u00e9s do Convento da Penha.<\/p>\n<p>Pouco antes das 14h30, Frei Paulo C\u00e9sar, Frei Florival e os m\u00fasicos acolheram os devotos com muita alegria. Frei Paulo Pereira deu as boas vindas aos fi\u00e9is, neste que \u00e9 o seu primeiro ano como Guardi\u00e3o e Reitor do Convento da Penha. O Momento Devocional que precede \u00e0\u00a0Missa foi conduzido pelo Ministro Provincial, Frei Fid\u00eancio Vanboemmel. Ele destacou a devo\u00e7\u00e3o de Frei Pedro Pal\u00e1cios a Nossa Senhora, e recordou que esta n\u00e3o \u00e9 uma devo\u00e7\u00e3o pessoal, mas uma devo\u00e7\u00e3o extremamente franciscana. &#8220;Olhando para a M\u00e3e, podemos nos tornar pessoas contemplativas e, atrav\u00e9s da ora\u00e7\u00e3o, ser uma Igreja mission\u00e1ria&#8221;, afirmou o frade.<\/p>\n<p><img loading=\"lazy\" class=\"alignleft wp-image-130424\" src=\"http:\/\/franciscanos.org.br\/wp-content\/uploads\/2017\/04\/penha_160417-371.jpg\" alt=\"penha_160417-37\" width=\"320\" height=\"481\" \/>O ter\u00e7o gigante, instalado entre as palmeiras, homenageia Nossa Senhora Aparecida, neste Ano Mariano celebrado pela Igreja no Brasil, recordando os 300 anos de sua apari\u00e7\u00e3o e, em sua fala, Frei Fid\u00eancio destacou a rela\u00e7\u00e3o entre as duas invoca\u00e7\u00f5es de Nossa Senhora. &#8220;Quando n\u00f3s invocamos a M\u00e3e das Alegrias, tamb\u00e9m esta M\u00e3e Aparecida traz para todos n\u00f3s a esperan\u00e7a, a alegria de algo novo, de um Brasil renovado e prof\u00e9tico&#8221;, concluiu, pedindo que Maria aben\u00e7oasse todos os dias do Oitav\u00e1rio.<\/p>\n<p>Ap\u00f3s o momento devocional, teve in\u00edcio a Celebra\u00e7\u00e3o Eucar\u00edstica, presidida por Dom Luiz Mancilha Vilela, Arcebispo de Vit\u00f3ria, e concelebrada por Dom Rubens Sevilha, Bispo Auxiliar, por Frei Fid\u00eancio Vanboemmel, Frei Paulo Pereira, Frei Djalmo Fuck, P\u00e1roco do Santu\u00e1rio Divino Esp\u00edrito Santo, pelos frades e padres diocesanos.<\/p>\n<p>A multid\u00e3o presente se protegia do sol como podia. Muitos buscaram uma sombra na lateral do presbit\u00e9rio, embaixo das palmeiras e das barracas instaladas no Campinho e muitos de sombrinha em punho, colorindo a assembleia.<\/p>\n<p>Logo ap\u00f3s a prociss\u00e3o de entrada, o momento mais aguardado por todos: a chegada da imagem de Nossa Senhora da Penha, trazida pelo grupo do Ter\u00e7o dos Homens. Duas jovens, vestidas de anjos, abriam caminho para a prociss\u00e3o. A imagem foi colocada no lado esquerdo do presbit\u00e9rio, onde permanecer\u00e1 nos pr\u00f3ximos dias do Oitav\u00e1rio.<\/p>\n<p>Em sua homilia, Dom Luiz recordou a grande festa celebrada neste domingo, a P\u00e1scoa do Senhor, e afirmou que o Tr\u00edduo Pascal \u00e9 um grande retiro celebrado pela Igreja. O Arcebispo destacou os gestos de Jesus, que mostram aos seus seguidores um itiner\u00e1rio a ser seguido. &#8220;Jesus ensina um jeito novo de ser, lavadores de p\u00e9s dos nossos irm\u00e3os, servos uns dos outros&#8221;, afirmou, referindo-se \u00e0 Quinta-feira Santa. Ele falou ainda da Crucifica\u00e7\u00e3o de Jesus e da Adora\u00e7\u00e3o \u00e0 Cruz, feita na Sexta-feira Santa. &#8220;Se voc\u00ea foi beijar os p\u00e9s de Jesus naquela imagem, arrependido do seu pecado, foi um beijo pascal, de vida nova&#8221;, e alertou que ao beijar a Cruz sem estar arrependido, \u00e9 dar um beijo como o beijo de Judas.<\/p>\n<p>Dom Luiz falou ainda de Nossa Senhora das Dores, recordada ao longo de toda a Semana Santa. &#8220;Maria, que foi a primeira disc\u00edpula, nos ensina a assumir a dor na Cruz de Jesus&#8221;, afirmou, pedindo por todas as m\u00e3es que sofrem. &#8220;Qual m\u00e3e n\u00e3o sente ao ver o seu filho sofrendo?&#8221;, questionou o Arcebispo. &#8220;Nossa Senhora das Dores nos ensina a unir a nossa dor, os nossos sofrimentos, ao sofrimento de Jesus, e ter muita certeza de que a Cruz \u00e9 sinal de esperan\u00e7a. Cristo crucificado \u00e9 sinal de esperan\u00e7a&#8221;, afirmou, recordando as palavras do Papa Francisco nas celebra\u00e7\u00f5es do Tr\u00edduo Pascal deste ano.<\/p>\n<p>Ao final de sua homilia, o Arcebispo recordou ainda Maria sob o t\u00edtulo de Nossa Senhora das Vit\u00f3rias, e pediu que durante os dias do Oitav\u00e1rio, os fi\u00e9is tivessem esperan\u00e7a, olhando para o sofrimento e a vit\u00f3ria de Cristo e tamb\u00e9m de Sua M\u00e3e.<\/p>\n<div id=\"attachment_130324\" style=\"width: 400px\" class=\"wp-caption alignright\"><img aria-describedby=\"caption-attachment-130324\" loading=\"lazy\" class=\"wp-image-130324\" src=\"http:\/\/franciscanos.org.br\/wp-content\/uploads\/2017\/04\/casal.jpg\" alt=\"casal\" width=\"390\" height=\"259\" \/><p id=\"caption-attachment-130324\" class=\"wp-caption-text\">Sara e Leonardo estiveram no 1\u00ba dia do Oitav\u00e1rio<\/p><\/div>\n<p>Conforme o sol ia se pondo, os fi\u00e9is se animavam a ficar mais ao centro do Campinho, que estava quase lotado no primeiro dia do Oitav\u00e1rio. Muitas senhoras, mas tamb\u00e9m muitos homens, jovens e crian\u00e7as. Entre os jovens presentes, estava o casal de namorados Leonardo (28) e Sara (25), na foto. \u00a0Ele \u00e9 de Vila Velha e ela de Vit\u00f3ria, e vieram acompanhando os pais de Leonardo. Era a primeira vez de Sara na Festa da Penha. Ela afirma que a fam\u00edlia \u00e9 muito cat\u00f3lica e que participa sempre da Igreja, mas que veio pela primeira vez acompanhando os sogros, que s\u00e3o muito devotos.<\/p>\n<p>O Oitav\u00e1rio foi a \u00faltima atividade neste primeiro dia de festa, que continua at\u00e9 a pr\u00f3xima segunda-feira, 24 de abril.<\/p>\n<h2><strong>ROMARIA DOS CAVALEIROS ABRE AS FESTIVIDADES<\/strong><\/h2>\n<p>Nas primeiras horas da manh\u00e3 deste domingo, O Parque\u00a0da Prainha, em Vila Velha (ES), recebeu a primeira atividade da Festa da Penha, a Romaria dos Cavaleiros.<\/p>\n<p>Passava das 10 horas da manh\u00e3 quando o carro de som, com a imagem de Nossa Senhora da Penha, apareceu, seguida de uma centena de cavaleiros, vindo de Cobil\u00e2ndia e de diversas cidades capixabas. Saudando a m\u00e3e de Deus, os cavaleiros foram se aproximando do palco, montado no centro da pra\u00e7a, para rezar e agradecer a Deus por mais um ano de romaria.<\/p>\n<p>Na chegada, Frei Paulo Pereira acolheu os cavaleiros. Frei Paulo ressaltou\u00a0a import\u00e2ncia do cuidado com os animais e o meio ambiente, destacando a Campanha da Fraternidade deste ano, que tem como tema: Biomas brasileiros e a defesa da vida. O frade destacou\u00a0a import\u00e2ncia do cuidado com estes animais antes do regresso para as cidades de origem, deixando-os descansar antes do retorno.<br \/>\nHomens, mulheres e crian\u00e7as estiveram presentes, demonstrando grande respeito e devo\u00e7\u00e3o \u00e0 Virgem da Penha. Ap\u00f3s a ora\u00e7\u00e3o, os cavaleiros foram aben\u00e7oados com a \u00e1gua benta.<\/p>\n<p>Este \u00e9 o 30\u00ba ano da Romaria dos Cavaleiros. H\u00e1 9 anos a atividade passou a integrar o calend\u00e1rio oficial da Festa da Penha.<\/p>\n","protected":false},"excerpt":{"rendered":"<p>Festa da Penha 2017<\/p>\n","protected":false},"author":1,"featured_media":196697,"comment_status":"open","ping_status":"open","sticky":false,"template":"","format":"standard","meta":[],"categories":[1],"tags":[245],"acf":[],"yoast_head":"<!-- This site is optimized with the Yoast SEO plugin v19.2 - https:\/\/yoast.com\/wordpress\/plugins\/seo\/ -->\n<title>Na alegria do Ressuscitado, fi\u00e9is celebram o primeiro dia do Oitav\u00e1rio - Not\u00edcias - Franciscanos<\/title>\n<meta name=\"robots\" content=\"index, follow, max-snippet:-1, max-image-preview:large, max-video-preview:-1\" \/>\n<link rel=\"canonical\" href=\"https:\/\/franciscanos.org.br\/noticias\/na-alegria-do-ressuscitado-fieis-celebram-primeiro-dia-do-oitavario.html\" \/>\n<meta property=\"og:locale\" content=\"pt_BR\" \/>\n<meta property=\"og:type\" content=\"article\" \/>\n<meta property=\"og:title\" content=\"Na alegria do Ressuscitado, fi\u00e9is celebram o primeiro dia do Oitav\u00e1rio - Not\u00edcias - Franciscanos\" \/>\n<meta property=\"og:description\" content=\"Festa da Penha 2017\" \/>\n<meta property=\"og:url\" content=\"https:\/\/franciscanos.org.br\/noticias\/na-alegria-do-ressuscitado-fieis-celebram-primeiro-dia-do-oitavario.html\" \/>\n<meta property=\"og:site_name\" content=\"Not\u00edcias - Franciscanos\" \/>\n<meta property=\"article:published_time\" content=\"2017-04-16T22:45:04+00:00\" \/>\n<meta property=\"article:modified_time\" content=\"2019-01-24T15:44:37+00:00\" \/>\n<meta property=\"og:image\" content=\"https:\/\/franciscanos.org.br\/noticias\/wp-content\/uploads\/2017\/04\/penhap_160417-1.jpg\" \/>\n\t<meta property=\"og:image:width\" content=\"273\" \/>\n\t<meta property=\"og:image:height\" content=\"181\" \/>\n\t<meta property=\"og:image:type\" content=\"image\/jpeg\" \/>\n<meta name=\"author\" content=\"admin\" \/>\n<meta name=\"twitter:card\" content=\"summary_large_image\" \/>\n<meta name=\"twitter:label1\" content=\"Escrito por\" \/>\n\t<meta name=\"twitter:data1\" content=\"admin\" \/>\n\t<meta name=\"twitter:label2\" content=\"Est. tempo de leitura\" \/>\n\t<meta name=\"twitter:data2\" content=\"5 minutos\" \/>\n<script type=\"application\/ld+json\" class=\"yoast-schema-graph\">{\"@context\":\"https:\/\/schema.org\",\"@graph\":[{\"@type\":\"WebSite\",\"@id\":\"https:\/\/franciscanos.org.br\/noticias\/#website\",\"url\":\"https:\/\/franciscanos.org.br\/noticias\/\",\"name\":\"Not\u00edcias - Franciscanos\",\"description\":\"Prov\u00edncia Franciscana da Imaculada Concei\u00e7\u00e3o do Brasil - Ordem dos Frades Menores - OFM\",\"potentialAction\":[{\"@type\":\"SearchAction\",\"target\":{\"@type\":\"EntryPoint\",\"urlTemplate\":\"https:\/\/franciscanos.org.br\/noticias\/?s={search_term_string}\"},\"query-input\":\"required name=search_term_string\"}],\"inLanguage\":\"pt-BR\"},{\"@type\":\"ImageObject\",\"inLanguage\":\"pt-BR\",\"@id\":\"https:\/\/franciscanos.org.br\/noticias\/na-alegria-do-ressuscitado-fieis-celebram-primeiro-dia-do-oitavario.html#primaryimage\",\"url\":\"https:\/\/franciscanos.org.br\/noticias\/wp-content\/uploads\/2017\/04\/penhap_160417-1.jpg\",\"contentUrl\":\"https:\/\/franciscanos.org.br\/noticias\/wp-content\/uploads\/2017\/04\/penhap_160417-1.jpg\",\"width\":273,\"height\":181},{\"@type\":\"WebPage\",\"@id\":\"https:\/\/franciscanos.org.br\/noticias\/na-alegria-do-ressuscitado-fieis-celebram-primeiro-dia-do-oitavario.html#webpage\",\"url\":\"https:\/\/franciscanos.org.br\/noticias\/na-alegria-do-ressuscitado-fieis-celebram-primeiro-dia-do-oitavario.html\",\"name\":\"Na alegria do Ressuscitado, fi\u00e9is celebram o primeiro dia do Oitav\u00e1rio - Not\u00edcias - Franciscanos\",\"isPartOf\":{\"@id\":\"https:\/\/franciscanos.org.br\/noticias\/#website\"},\"primaryImageOfPage\":{\"@id\":\"https:\/\/franciscanos.org.br\/noticias\/na-alegria-do-ressuscitado-fieis-celebram-primeiro-dia-do-oitavario.html#primaryimage\"},\"datePublished\":\"2017-04-16T22:45:04+00:00\",\"dateModified\":\"2019-01-24T15:44:37+00:00\",\"author\":{\"@id\":\"https:\/\/franciscanos.org.br\/noticias\/#\/schema\/person\/b38fbf43118f02820bd932f2e4b14ad3\"},\"breadcrumb\":{\"@id\":\"https:\/\/franciscanos.org.br\/noticias\/na-alegria-do-ressuscitado-fieis-celebram-primeiro-dia-do-oitavario.html#breadcrumb\"},\"inLanguage\":\"pt-BR\",\"potentialAction\":[{\"@type\":\"ReadAction\",\"target\":[\"https:\/\/franciscanos.org.br\/noticias\/na-alegria-do-ressuscitado-fieis-celebram-primeiro-dia-do-oitavario.html\"]}]},{\"@type\":\"BreadcrumbList\",\"@id\":\"https:\/\/franciscanos.org.br\/noticias\/na-alegria-do-ressuscitado-fieis-celebram-primeiro-dia-do-oitavario.html#breadcrumb\",\"itemListElement\":[{\"@type\":\"ListItem\",\"position\":1,\"name\":\"Home\",\"item\":\"https:\/\/franciscanos.org.br\/noticias\"},{\"@type\":\"ListItem\",\"position\":2,\"name\":\"Na alegria do Ressuscitado, fi\u00e9is celebram o primeiro dia do Oitav\u00e1rio\"}]},{\"@type\":\"Person\",\"@id\":\"https:\/\/franciscanos.org.br\/noticias\/#\/schema\/person\/b38fbf43118f02820bd932f2e4b14ad3\",\"name\":\"admin\",\"image\":{\"@type\":\"ImageObject\",\"inLanguage\":\"pt-BR\",\"@id\":\"https:\/\/franciscanos.org.br\/noticias\/#\/schema\/person\/image\/\",\"url\":\"https:\/\/secure.gravatar.com\/avatar\/e8495742d34d0ba6448ea1c628263b3e?s=96&d=mm&r=g\",\"contentUrl\":\"https:\/\/secure.gravatar.com\/avatar\/e8495742d34d0ba6448ea1c628263b3e?s=96&d=mm&r=g\",\"caption\":\"admin\"},\"url\":\"https:\/\/franciscanos.org.br\/noticias\/author\/admin\"}]}<\/script>\n<!-- \/ Yoast SEO plugin. -->","yoast_head_json":{"title":"Na alegria do Ressuscitado, fi\u00e9is celebram o primeiro dia do Oitav\u00e1rio - Not\u00edcias - Franciscanos","robots":{"index":"index","follow":"follow","max-snippet":"max-snippet:-1","max-image-preview":"max-image-preview:large","max-video-preview":"max-video-preview:-1"},"canonical":"https:\/\/franciscanos.org.br\/noticias\/na-alegria-do-ressuscitado-fieis-celebram-primeiro-dia-do-oitavario.html","og_locale":"pt_BR","og_type":"article","og_title":"Na alegria do Ressuscitado, fi\u00e9is celebram o primeiro dia do Oitav\u00e1rio - Not\u00edcias - Franciscanos","og_description":"Festa da Penha 2017","og_url":"https:\/\/franciscanos.org.br\/noticias\/na-alegria-do-ressuscitado-fieis-celebram-primeiro-dia-do-oitavario.html","og_site_name":"Not\u00edcias - Franciscanos","article_published_time":"2017-04-16T22:45:04+00:00","article_modified_time":"2019-01-24T15:44:37+00:00","og_image":[{"width":273,"height":181,"url":"https:\/\/franciscanos.org.br\/noticias\/wp-content\/uploads\/2017\/04\/penhap_160417-1.jpg","type":"image\/jpeg"}],"author":"admin","twitter_card":"summary_large_image","twitter_misc":{"Escrito por":"admin","Est. tempo de leitura":"5 minutos"},"schema":{"@context":"https:\/\/schema.org","@graph":[{"@type":"WebSite","@id":"https:\/\/franciscanos.org.br\/noticias\/#website","url":"https:\/\/franciscanos.org.br\/noticias\/","name":"Not\u00edcias - Franciscanos","description":"Prov\u00edncia Franciscana da Imaculada Concei\u00e7\u00e3o do Brasil - Ordem dos Frades Menores - OFM","potentialAction":[{"@type":"SearchAction","target":{"@type":"EntryPoint","urlTemplate":"https:\/\/franciscanos.org.br\/noticias\/?s={search_term_string}"},"query-input":"required name=search_term_string"}],"inLanguage":"pt-BR"},{"@type":"ImageObject","inLanguage":"pt-BR","@id":"https:\/\/franciscanos.org.br\/noticias\/na-alegria-do-ressuscitado-fieis-celebram-primeiro-dia-do-oitavario.html#primaryimage","url":"https:\/\/franciscanos.org.br\/noticias\/wp-content\/uploads\/2017\/04\/penhap_160417-1.jpg","contentUrl":"https:\/\/franciscanos.org.br\/noticias\/wp-content\/uploads\/2017\/04\/penhap_160417-1.jpg","width":273,"height":181},{"@type":"WebPage","@id":"https:\/\/franciscanos.org.br\/noticias\/na-alegria-do-ressuscitado-fieis-celebram-primeiro-dia-do-oitavario.html#webpage","url":"https:\/\/franciscanos.org.br\/noticias\/na-alegria-do-ressuscitado-fieis-celebram-primeiro-dia-do-oitavario.html","name":"Na alegria do Ressuscitado, fi\u00e9is celebram o primeiro dia do Oitav\u00e1rio - Not\u00edcias - Franciscanos","isPartOf":{"@id":"https:\/\/franciscanos.org.br\/noticias\/#website"},"primaryImageOfPage":{"@id":"https:\/\/franciscanos.org.br\/noticias\/na-alegria-do-ressuscitado-fieis-celebram-primeiro-dia-do-oitavario.html#primaryimage"},"datePublished":"2017-04-16T22:45:04+00:00","dateModified":"2019-01-24T15:44:37+00:00","author":{"@id":"https:\/\/franciscanos.org.br\/noticias\/#\/schema\/person\/b38fbf43118f02820bd932f2e4b14ad3"},"breadcrumb":{"@id":"https:\/\/franciscanos.org.br\/noticias\/na-alegria-do-ressuscitado-fieis-celebram-primeiro-dia-do-oitavario.html#breadcrumb"},"inLanguage":"pt-BR","potentialAction":[{"@type":"ReadAction","target":["https:\/\/franciscanos.org.br\/noticias\/na-alegria-do-ressuscitado-fieis-celebram-primeiro-dia-do-oitavario.html"]}]},{"@type":"BreadcrumbList","@id":"https:\/\/franciscanos.org.br\/noticias\/na-alegria-do-ressuscitado-fieis-celebram-primeiro-dia-do-oitavario.html#breadcrumb","itemListElement":[{"@type":"ListItem","position":1,"name":"Home","item":"https:\/\/franciscanos.org.br\/noticias"},{"@type":"ListItem","position":2,"name":"Na alegria do Ressuscitado, fi\u00e9is celebram o primeiro dia do Oitav\u00e1rio"}]},{"@type":"Person","@id":"https:\/\/franciscanos.org.br\/noticias\/#\/schema\/person\/b38fbf43118f02820bd932f2e4b14ad3","name":"admin","image":{"@type":"ImageObject","inLanguage":"pt-BR","@id":"https:\/\/franciscanos.org.br\/noticias\/#\/schema\/person\/image\/","url":"https:\/\/secure.gravatar.com\/avatar\/e8495742d34d0ba6448ea1c628263b3e?s=96&d=mm&r=g","contentUrl":"https:\/\/secure.gravatar.com\/avatar\/e8495742d34d0ba6448ea1c628263b3e?s=96&d=mm&r=g","caption":"admin"},"url":"https:\/\/franciscanos.org.br\/noticias\/author\/admin"}]}},"_links":{"self":[{"href":"https:\/\/franciscanos.org.br\/noticias\/wp-json\/wp\/v2\/posts\/130315"}],"collection":[{"href":"https:\/\/franciscanos.org.br\/noticias\/wp-json\/wp\/v2\/posts"}],"about":[{"href":"https:\/\/franciscanos.org.br\/noticias\/wp-json\/wp\/v2\/types\/post"}],"author":[{"embeddable":true,"href":"https:\/\/franciscanos.org.br\/noticias\/wp-json\/wp\/v2\/users\/1"}],"replies":[{"embeddable":true,"href":"https:\/\/franciscanos.org.br\/noticias\/wp-json\/wp\/v2\/comments?post=130315"}],"version-history":[{"count":0,"href":"https:\/\/franciscanos.org.br\/noticias\/wp-json\/wp\/v2\/posts\/130315\/revisions"}],"wp:featuredmedia":[{"embeddable":true,"href":"https:\/\/franciscanos.org.br\/noticias\/wp-json\/wp\/v2\/media\/196697"}],"wp:attachment":[{"href":"https:\/\/franciscanos.org.br\/noticias\/wp-json\/wp\/v2\/media?parent=130315"}],"wp:term":[{"taxonomy":"category","embeddable":true,"href":"https:\/\/franciscanos.org.br\/noticias\/wp-json\/wp\/v2\/categories?post=130315"},{"taxonomy":"post_tag","embeddable":true,"href":"https:\/\/franciscanos.org.br\/noticias\/wp-json\/wp\/v2\/tags?post=130315"}],"curies":[{"name":"wp","href":"https:\/\/api.w.org\/{rel}","templated":true}]}}