{"id":130292,"date":"2017-04-15T21:02:35","date_gmt":"2017-04-16T00:02:35","guid":{"rendered":"http:\/\/franciscanos.org.br\/?p=130292"},"modified":"2020-06-09T09:21:47","modified_gmt":"2020-06-09T12:21:47","slug":"jesus-quer-ressurgir-nos-rostos-que-sepultaram-a-esperanca-e-os-sonhos","status":"publish","type":"post","link":"https:\/\/franciscanos.org.br\/noticias\/jesus-quer-ressurgir-nos-rostos-que-sepultaram-a-esperanca-e-os-sonhos.html","title":{"rendered":"Jesus quer ressurgir nos rostos sem esperan\u00e7a"},"content":{"rendered":"<p><img loading=\"lazy\" class=\"alignleft\" src=\"http:\/\/franciscanos.org.br\/wp-content\/uploads\/2017\/04\/vigilia_150417.jpg\" alt=\"vigilia_150417\" width=\"830\" height=\"416\" \/><\/p>\n<p><strong>Cidade do Vaticano<\/strong> \u2013 O Senhor \u201cest\u00e1 vivo e quer ressurgir em tantos rostos que sepultaram a esperan\u00e7a, sepultaram os sonhos, sepultaram a dignidade. E, se n\u00e3o somos capazes de deixar que o Esp\u00edrito nos conduza por esta estrada, ent\u00e3o n\u00e3o somos crist\u00e3os. Vamos e deixemo-nos surpreender por esta alvorada diferente, deixemo-nos surpreender pela novidade que s\u00f3 Cristo pode dar\u201d. Na noite do S\u00e1bado Santo o Papa Francisco presidiu a celebra\u00e7\u00e3o da Vig\u00edlia Pascal na Bas\u00edlica de S\u00e3o Pedro.<\/p>\n<p><strong>Eis sua homilia na \u00edntegra:<\/strong><\/p>\n<p>\u201cTerminado o s\u00e1bado, ao romper do primeiro dia da semana, Maria Madalena e a outra Maria foram visitar o sepulcro\u00bb (Mt 28, 1). Podemos imaginar aqueles passos: o passo t\u00edpico de quem vai ao cemit\u00e9rio, passo cansado da confus\u00e3o, passo debilitado de quem n\u00e3o se convence que tudo tenha acabado assim. Podemos imaginar os seus rostos p\u00e1lidos, banhados pelas l\u00e1grimas. E a pergunta: Como \u00e9 poss\u00edvel que o Amor tenha morrido?<\/p>\n<p>Ao contr\u00e1rio dos disc\u00edpulos, elas ali v\u00e3o, como j\u00e1 acompanharam o \u00faltimo respiro do Mestre na cruz e, depois, a sepultura que Lhe deu Jos\u00e9 de Arimateia; duas mulheres capazes de n\u00e3o fugir, capazes de resistir, de enfrentar a vida tal como se apresenta e suportar o sabor amargo das injusti\u00e7as. Ei-las chegar diante do sepulcro, divididas entre a tristeza e a incapacidade de se resignarem, de aceitarem que tudo tenha sempre de acabar assim.<\/p>\n<p><img loading=\"lazy\" class=\"aligncenter\" src=\"http:\/\/franciscanos.org.br\/wp-content\/uploads\/2017\/04\/vigilia_150417_2.jpg\" alt=\"vigilia_150417_2\" width=\"820\" height=\"487\" \/><\/p>\n<p>E, se fizermos um esfor\u00e7o de imagina\u00e7\u00e3o, no rosto destas mulheres podemos encontrar os rostos de tantas m\u00e3es e av\u00f3s, os rostos de crian\u00e7as e jovens que suportam o peso e o sofrimento de tanta desumana injusti\u00e7a. Nos seus rostos, vemos refletidos os rostos de todos aqueles que, caminhando pela cidade, sentem a tribula\u00e7\u00e3o da mis\u00e9ria, a tribula\u00e7\u00e3o causada pela explora\u00e7\u00e3o e o tr\u00e1fico humano. Neles, vemos tamb\u00e9m os rostos daqueles que experimentam o desprezo, porque s\u00e3o imigrantes, \u00f3rf\u00e3os de p\u00e1tria, de casa, de fam\u00edlia; os rostos daqueles cujo olhar revela solid\u00e3o e abandono, porque t\u00eam m\u00e3os com demasiadas rugas.<\/p>\n<p>Refletem o rosto de mulheres, de m\u00e3es que choram ao ver que a vida dos seus filhos fica sepultada sob o peso da corrup\u00e7\u00e3o que subtrai direitos e quebra tantas aspira\u00e7\u00f5es, sob o ego\u00edsmo di\u00e1rio que crucifica e sepulta a esperan\u00e7a de muitos, sob a burocracia paralisadora e est\u00e9ril que n\u00e3o permite que as coisas mudem. Na sua tristeza, elas t\u00eam o rosto de todos aqueles que, ao caminhar pela cidade, v\u00eaem a dignidade crucificada.<\/p>\n<p>No rosto destas mulheres, h\u00e1 muitos rostos; talvez encontremos o teu rosto e o meu. Como elas, podemos sentir-nos impelidos a caminhar, n\u00e3o nos resignando com o fato de que as coisas devem acabar assim. \u00c9 verdade que trazemos dentro uma promessa e a certeza da fidelidade de Deus. Mas tamb\u00e9m os nossos rostos falam de feridas, falam de muitas infidelidades \u2013 nossas e dos outros \u2013, falam de tentativas e de batalhas perdidas. O nosso cora\u00e7\u00e3o sabe que as coisas podem ser diferentes; mas, quase sem nos apercebermos, podemos habituar-nos a conviver com o sepulcro, a conviver com a frustra\u00e7\u00e3o. Mais ainda, podemos chegar a convencer-nos de que esta seja a lei da vida anestesiando-nos com evas\u00f5es que nada mais fazem que apagar a esperan\u00e7a colocada por Deus nas nossas m\u00e3os. Muitas vezes, s\u00e3o assim os nossos passos, \u00e9 assim o nosso caminhar, como o destas mulheres, um caminhar por entre o desejo de Deus e uma triste resigna\u00e7\u00e3o. N\u00e3o morre s\u00f3 o Mestre; com Ele, morre a nossa esperan\u00e7a.<\/p>\n<p><img loading=\"lazy\" class=\"aligncenter\" src=\"http:\/\/franciscanos.org.br\/wp-content\/uploads\/2017\/04\/vigilia_150417_3.jpg\" alt=\"vigilia_150417_3\" width=\"820\" height=\"404\" \/><\/p>\n<p>\u00abNisto, houve um grande terremoto\u00bb (Mt 28, 2). De improviso, aquelas mulheres receberam um forte tremor, algo e algu\u00e9m fez tremer o solo sob os seus p\u00e9s. Mais uma vez, algu\u00e9m vem ao encontro delas dizendo: \u00abN\u00e3o tenhais medo\u00bb, mas desta vez acrescentando: \u00abRessuscitou, como tinha dito\u00bb. E tal \u00e9 o an\u00fancio com que nos presenteia, de gera\u00e7\u00e3o em gera\u00e7\u00e3o, esta Noite Santa: N\u00e3o tenhamos medo, irm\u00e3os! Ressuscitou como tinha dito. A vida arrancada, destru\u00edda, aniquilada na cruz despertou e volta a palpitar de novo (cf. R. GUARDINI, Il Signore, Mil\u00e3o 1984, 501). O palpitar do Ressuscitado \u00e9-nos oferecido como dom, como presente, como horizonte. O palpitar do Ressuscitado \u00e9 aquilo que nos foi dado, sendo-nos pedido para, por nossa vez, o darmos como for\u00e7a transformadora, como fermento de nova humanidade. Com a Ressurrei\u00e7\u00e3o, Cristo n\u00e3o deitou por terra apenas a pedra do sepulcro, mas quer fazer saltar tamb\u00e9m todas as barreiras que nos fecham nos nossos pessimismos est\u00e9reis, nos nossos mundos conceptuais bem calculados que nos afastam da vida, nas nossas obcecadas buscas de seguran\u00e7a e nas ambi\u00e7\u00f5es desmesuradas capazes de jogar com a dignidade alheia.<\/p>\n<p>Quando o sumo sacerdote, os chefes religiosos em coniv\u00eancia com os romanos pensaram poder calcular tudo, quando pensaram que estava dita a \u00faltima palavra e que competia a eles estabelec\u00ea-la, irrompe Deus para transtornar todos os crit\u00e9rios e, assim, oferecer uma nova oportunidade. Uma vez mais, Deus vem ao nosso encontro para estabelecer e consolidar um tempo novo: o tempo da miseric\u00f3rdia. Esta \u00e9 a promessa desde sempre reservada, esta \u00e9 a surpresa de Deus para o seu povo fiel: alegra-te, porque a tua vida esconde um germe de ressurrei\u00e7\u00e3o, uma oferta de vida que aguarda o despertar.<\/p>\n<p>Eis o que esta noite nos chama a anunciar: o palpitar do Ressuscitado, Cristo vive! E foi isto que mudou o passo de Maria de Magdala e da outra Maria: \u00e9 o que as faz regressar \u00e0s pressas e correr para dar a not\u00edcia (Mt 28, 8); \u00e9 o que as faz voltar sobre os seus passos e sobre os seus olhares; regressam \u00e0 cidade para se encontrar com os outros.<\/p>\n<p>Como entramos com elas no sepulcro, assim vos convido a irmos tamb\u00e9m com elas, a regressarmos \u00e0 cidade, a voltarmos sobre os nossos passos, sobre os nossos olhares. Vamos com elas comunicar a not\u00edcia, vamos\u2026 a todos aqueles lugares onde pare\u00e7a que o sepulcro tenha a \u00faltima palavra e onde pare\u00e7a que a morte tenha sido a \u00fanica solu\u00e7\u00e3o. Vamos anunciar, partilhar, revelar que \u00e9 verdade: o Senhor est\u00e1 Vivo. Est\u00e1 vivo e quer ressurgir em tantos rostos que sepultaram a esperan\u00e7a, sepultaram os sonhos, sepultaram a dignidade. E, se n\u00e3o somos capazes de deixar que o Esp\u00edrito nos conduza por esta estrada, ent\u00e3o n\u00e3o somos crist\u00e3os.<\/p>\n<p>Vamos e deixemo-nos surpreender por esta alvorada diferente, deixemo-nos surpreender pela novidade que s\u00f3 Cristo pode dar. Deixemos que a sua ternura e o seu amor movam os nossos passos, deixemos que o pulsar do seu cora\u00e7\u00e3o transforme o nosso t\u00e9nue palpitar\u201d.<\/p>\n<hr \/>\n<p><em>Fonte: R\u00e1dio Vaticano<\/em><\/p>\n","protected":false},"excerpt":{"rendered":"<p>Papa na Vig\u00edlia Pascal<\/p>\n","protected":false},"author":1,"featured_media":197930,"comment_status":"open","ping_status":"open","sticky":false,"template":"","format":"standard","meta":[],"categories":[1428],"tags":[1191],"acf":[],"yoast_head":"<!-- This site is optimized with the Yoast SEO plugin v19.2 - https:\/\/yoast.com\/wordpress\/plugins\/seo\/ -->\n<title>Jesus quer ressurgir nos rostos sem esperan\u00e7a - Not\u00edcias - Franciscanos<\/title>\n<meta name=\"robots\" content=\"index, follow, max-snippet:-1, max-image-preview:large, max-video-preview:-1\" \/>\n<link rel=\"canonical\" href=\"https:\/\/franciscanos.org.br\/noticias\/jesus-quer-ressurgir-nos-rostos-que-sepultaram-a-esperanca-e-os-sonhos.html\" \/>\n<meta property=\"og:locale\" content=\"pt_BR\" \/>\n<meta property=\"og:type\" content=\"article\" \/>\n<meta property=\"og:title\" content=\"Jesus quer ressurgir nos rostos sem esperan\u00e7a - Not\u00edcias - Franciscanos\" \/>\n<meta property=\"og:description\" content=\"Papa na Vig\u00edlia Pascal\" \/>\n<meta property=\"og:url\" content=\"https:\/\/franciscanos.org.br\/noticias\/jesus-quer-ressurgir-nos-rostos-que-sepultaram-a-esperanca-e-os-sonhos.html\" \/>\n<meta property=\"og:site_name\" content=\"Not\u00edcias - Franciscanos\" \/>\n<meta property=\"article:published_time\" content=\"2017-04-16T00:02:35+00:00\" \/>\n<meta property=\"article:modified_time\" content=\"2020-06-09T12:21:47+00:00\" \/>\n<meta property=\"og:image\" content=\"https:\/\/franciscanos.org.br\/noticias\/wp-content\/uploads\/2017\/04\/vigilia_150417.jpg\" \/>\n\t<meta property=\"og:image:width\" content=\"273\" \/>\n\t<meta property=\"og:image:height\" content=\"181\" \/>\n\t<meta property=\"og:image:type\" content=\"image\/jpeg\" \/>\n<meta name=\"author\" content=\"admin\" \/>\n<meta name=\"twitter:card\" content=\"summary_large_image\" \/>\n<meta name=\"twitter:label1\" content=\"Escrito por\" \/>\n\t<meta name=\"twitter:data1\" content=\"admin\" \/>\n\t<meta name=\"twitter:label2\" content=\"Est. tempo de leitura\" \/>\n\t<meta name=\"twitter:data2\" content=\"6 minutos\" \/>\n<script type=\"application\/ld+json\" class=\"yoast-schema-graph\">{\"@context\":\"https:\/\/schema.org\",\"@graph\":[{\"@type\":\"WebSite\",\"@id\":\"https:\/\/franciscanos.org.br\/noticias\/#website\",\"url\":\"https:\/\/franciscanos.org.br\/noticias\/\",\"name\":\"Not\u00edcias - Franciscanos\",\"description\":\"Prov\u00edncia Franciscana da Imaculada Concei\u00e7\u00e3o do Brasil - Ordem dos Frades Menores - OFM\",\"potentialAction\":[{\"@type\":\"SearchAction\",\"target\":{\"@type\":\"EntryPoint\",\"urlTemplate\":\"https:\/\/franciscanos.org.br\/noticias\/?s={search_term_string}\"},\"query-input\":\"required name=search_term_string\"}],\"inLanguage\":\"pt-BR\"},{\"@type\":\"ImageObject\",\"inLanguage\":\"pt-BR\",\"@id\":\"https:\/\/franciscanos.org.br\/noticias\/jesus-quer-ressurgir-nos-rostos-que-sepultaram-a-esperanca-e-os-sonhos.html#primaryimage\",\"url\":\"https:\/\/franciscanos.org.br\/noticias\/wp-content\/uploads\/2017\/04\/vigilia_150417.jpg\",\"contentUrl\":\"https:\/\/franciscanos.org.br\/noticias\/wp-content\/uploads\/2017\/04\/vigilia_150417.jpg\",\"width\":273,\"height\":181},{\"@type\":\"WebPage\",\"@id\":\"https:\/\/franciscanos.org.br\/noticias\/jesus-quer-ressurgir-nos-rostos-que-sepultaram-a-esperanca-e-os-sonhos.html#webpage\",\"url\":\"https:\/\/franciscanos.org.br\/noticias\/jesus-quer-ressurgir-nos-rostos-que-sepultaram-a-esperanca-e-os-sonhos.html\",\"name\":\"Jesus quer ressurgir nos rostos sem esperan\u00e7a - Not\u00edcias - Franciscanos\",\"isPartOf\":{\"@id\":\"https:\/\/franciscanos.org.br\/noticias\/#website\"},\"primaryImageOfPage\":{\"@id\":\"https:\/\/franciscanos.org.br\/noticias\/jesus-quer-ressurgir-nos-rostos-que-sepultaram-a-esperanca-e-os-sonhos.html#primaryimage\"},\"datePublished\":\"2017-04-16T00:02:35+00:00\",\"dateModified\":\"2020-06-09T12:21:47+00:00\",\"author\":{\"@id\":\"https:\/\/franciscanos.org.br\/noticias\/#\/schema\/person\/b38fbf43118f02820bd932f2e4b14ad3\"},\"breadcrumb\":{\"@id\":\"https:\/\/franciscanos.org.br\/noticias\/jesus-quer-ressurgir-nos-rostos-que-sepultaram-a-esperanca-e-os-sonhos.html#breadcrumb\"},\"inLanguage\":\"pt-BR\",\"potentialAction\":[{\"@type\":\"ReadAction\",\"target\":[\"https:\/\/franciscanos.org.br\/noticias\/jesus-quer-ressurgir-nos-rostos-que-sepultaram-a-esperanca-e-os-sonhos.html\"]}]},{\"@type\":\"BreadcrumbList\",\"@id\":\"https:\/\/franciscanos.org.br\/noticias\/jesus-quer-ressurgir-nos-rostos-que-sepultaram-a-esperanca-e-os-sonhos.html#breadcrumb\",\"itemListElement\":[{\"@type\":\"ListItem\",\"position\":1,\"name\":\"Home\",\"item\":\"https:\/\/franciscanos.org.br\/noticias\"},{\"@type\":\"ListItem\",\"position\":2,\"name\":\"Jesus quer ressurgir nos rostos sem esperan\u00e7a\"}]},{\"@type\":\"Person\",\"@id\":\"https:\/\/franciscanos.org.br\/noticias\/#\/schema\/person\/b38fbf43118f02820bd932f2e4b14ad3\",\"name\":\"admin\",\"image\":{\"@type\":\"ImageObject\",\"inLanguage\":\"pt-BR\",\"@id\":\"https:\/\/franciscanos.org.br\/noticias\/#\/schema\/person\/image\/\",\"url\":\"https:\/\/secure.gravatar.com\/avatar\/e8495742d34d0ba6448ea1c628263b3e?s=96&d=mm&r=g\",\"contentUrl\":\"https:\/\/secure.gravatar.com\/avatar\/e8495742d34d0ba6448ea1c628263b3e?s=96&d=mm&r=g\",\"caption\":\"admin\"},\"url\":\"https:\/\/franciscanos.org.br\/noticias\/author\/admin\"}]}<\/script>\n<!-- \/ Yoast SEO plugin. -->","yoast_head_json":{"title":"Jesus quer ressurgir nos rostos sem esperan\u00e7a - Not\u00edcias - Franciscanos","robots":{"index":"index","follow":"follow","max-snippet":"max-snippet:-1","max-image-preview":"max-image-preview:large","max-video-preview":"max-video-preview:-1"},"canonical":"https:\/\/franciscanos.org.br\/noticias\/jesus-quer-ressurgir-nos-rostos-que-sepultaram-a-esperanca-e-os-sonhos.html","og_locale":"pt_BR","og_type":"article","og_title":"Jesus quer ressurgir nos rostos sem esperan\u00e7a - Not\u00edcias - Franciscanos","og_description":"Papa na Vig\u00edlia Pascal","og_url":"https:\/\/franciscanos.org.br\/noticias\/jesus-quer-ressurgir-nos-rostos-que-sepultaram-a-esperanca-e-os-sonhos.html","og_site_name":"Not\u00edcias - Franciscanos","article_published_time":"2017-04-16T00:02:35+00:00","article_modified_time":"2020-06-09T12:21:47+00:00","og_image":[{"width":273,"height":181,"url":"https:\/\/franciscanos.org.br\/noticias\/wp-content\/uploads\/2017\/04\/vigilia_150417.jpg","type":"image\/jpeg"}],"author":"admin","twitter_card":"summary_large_image","twitter_misc":{"Escrito por":"admin","Est. tempo de leitura":"6 minutos"},"schema":{"@context":"https:\/\/schema.org","@graph":[{"@type":"WebSite","@id":"https:\/\/franciscanos.org.br\/noticias\/#website","url":"https:\/\/franciscanos.org.br\/noticias\/","name":"Not\u00edcias - Franciscanos","description":"Prov\u00edncia Franciscana da Imaculada Concei\u00e7\u00e3o do Brasil - Ordem dos Frades Menores - OFM","potentialAction":[{"@type":"SearchAction","target":{"@type":"EntryPoint","urlTemplate":"https:\/\/franciscanos.org.br\/noticias\/?s={search_term_string}"},"query-input":"required name=search_term_string"}],"inLanguage":"pt-BR"},{"@type":"ImageObject","inLanguage":"pt-BR","@id":"https:\/\/franciscanos.org.br\/noticias\/jesus-quer-ressurgir-nos-rostos-que-sepultaram-a-esperanca-e-os-sonhos.html#primaryimage","url":"https:\/\/franciscanos.org.br\/noticias\/wp-content\/uploads\/2017\/04\/vigilia_150417.jpg","contentUrl":"https:\/\/franciscanos.org.br\/noticias\/wp-content\/uploads\/2017\/04\/vigilia_150417.jpg","width":273,"height":181},{"@type":"WebPage","@id":"https:\/\/franciscanos.org.br\/noticias\/jesus-quer-ressurgir-nos-rostos-que-sepultaram-a-esperanca-e-os-sonhos.html#webpage","url":"https:\/\/franciscanos.org.br\/noticias\/jesus-quer-ressurgir-nos-rostos-que-sepultaram-a-esperanca-e-os-sonhos.html","name":"Jesus quer ressurgir nos rostos sem esperan\u00e7a - Not\u00edcias - Franciscanos","isPartOf":{"@id":"https:\/\/franciscanos.org.br\/noticias\/#website"},"primaryImageOfPage":{"@id":"https:\/\/franciscanos.org.br\/noticias\/jesus-quer-ressurgir-nos-rostos-que-sepultaram-a-esperanca-e-os-sonhos.html#primaryimage"},"datePublished":"2017-04-16T00:02:35+00:00","dateModified":"2020-06-09T12:21:47+00:00","author":{"@id":"https:\/\/franciscanos.org.br\/noticias\/#\/schema\/person\/b38fbf43118f02820bd932f2e4b14ad3"},"breadcrumb":{"@id":"https:\/\/franciscanos.org.br\/noticias\/jesus-quer-ressurgir-nos-rostos-que-sepultaram-a-esperanca-e-os-sonhos.html#breadcrumb"},"inLanguage":"pt-BR","potentialAction":[{"@type":"ReadAction","target":["https:\/\/franciscanos.org.br\/noticias\/jesus-quer-ressurgir-nos-rostos-que-sepultaram-a-esperanca-e-os-sonhos.html"]}]},{"@type":"BreadcrumbList","@id":"https:\/\/franciscanos.org.br\/noticias\/jesus-quer-ressurgir-nos-rostos-que-sepultaram-a-esperanca-e-os-sonhos.html#breadcrumb","itemListElement":[{"@type":"ListItem","position":1,"name":"Home","item":"https:\/\/franciscanos.org.br\/noticias"},{"@type":"ListItem","position":2,"name":"Jesus quer ressurgir nos rostos sem esperan\u00e7a"}]},{"@type":"Person","@id":"https:\/\/franciscanos.org.br\/noticias\/#\/schema\/person\/b38fbf43118f02820bd932f2e4b14ad3","name":"admin","image":{"@type":"ImageObject","inLanguage":"pt-BR","@id":"https:\/\/franciscanos.org.br\/noticias\/#\/schema\/person\/image\/","url":"https:\/\/secure.gravatar.com\/avatar\/e8495742d34d0ba6448ea1c628263b3e?s=96&d=mm&r=g","contentUrl":"https:\/\/secure.gravatar.com\/avatar\/e8495742d34d0ba6448ea1c628263b3e?s=96&d=mm&r=g","caption":"admin"},"url":"https:\/\/franciscanos.org.br\/noticias\/author\/admin"}]}},"_links":{"self":[{"href":"https:\/\/franciscanos.org.br\/noticias\/wp-json\/wp\/v2\/posts\/130292"}],"collection":[{"href":"https:\/\/franciscanos.org.br\/noticias\/wp-json\/wp\/v2\/posts"}],"about":[{"href":"https:\/\/franciscanos.org.br\/noticias\/wp-json\/wp\/v2\/types\/post"}],"author":[{"embeddable":true,"href":"https:\/\/franciscanos.org.br\/noticias\/wp-json\/wp\/v2\/users\/1"}],"replies":[{"embeddable":true,"href":"https:\/\/franciscanos.org.br\/noticias\/wp-json\/wp\/v2\/comments?post=130292"}],"version-history":[{"count":2,"href":"https:\/\/franciscanos.org.br\/noticias\/wp-json\/wp\/v2\/posts\/130292\/revisions"}],"predecessor-version":[{"id":225387,"href":"https:\/\/franciscanos.org.br\/noticias\/wp-json\/wp\/v2\/posts\/130292\/revisions\/225387"}],"wp:featuredmedia":[{"embeddable":true,"href":"https:\/\/franciscanos.org.br\/noticias\/wp-json\/wp\/v2\/media\/197930"}],"wp:attachment":[{"href":"https:\/\/franciscanos.org.br\/noticias\/wp-json\/wp\/v2\/media?parent=130292"}],"wp:term":[{"taxonomy":"category","embeddable":true,"href":"https:\/\/franciscanos.org.br\/noticias\/wp-json\/wp\/v2\/categories?post=130292"},{"taxonomy":"post_tag","embeddable":true,"href":"https:\/\/franciscanos.org.br\/noticias\/wp-json\/wp\/v2\/tags?post=130292"}],"curies":[{"name":"wp","href":"https:\/\/api.w.org\/{rel}","templated":true}]}}