{"id":130271,"date":"2017-04-15T08:11:35","date_gmt":"2017-04-15T11:11:35","guid":{"rendered":"http:\/\/franciscanos.org.br\/?p=130271"},"modified":"2020-03-05T13:20:22","modified_gmt":"2020-03-05T16:20:22","slug":"na-ressureicao-o-poder-do-amor-supera-e-vence-o-mal","status":"publish","type":"post","link":"https:\/\/franciscanos.org.br\/noticias\/na-ressureicao-o-poder-do-amor-supera-e-vence-o-mal.html","title":{"rendered":"Na Ressurrei\u00e7\u00e3o, o poder do amor supera e vence todo mal"},"content":{"rendered":"<p><img loading=\"lazy\" class=\"alignleft\" src=\"http:\/\/franciscanos.org.br\/wp-content\/uploads\/2017\/04\/geral_150417_1.jpg\" alt=\"geral_150417_1\" width=\"833\" height=\"630\" \/><\/p>\n<blockquote><p>\u00a0\u201cMas se morremos com Cristo, temos f\u00e9 que tamb\u00e9m viveremos com ele, sabendo que Cristo, uma vez ressuscitado dentre os mortos, j\u00e1 n\u00e3o morre, a morte n\u00e3o tem mais dom\u00ednio sobre ele.\u201d (Rm 6,8-9)<\/p><\/blockquote>\n<p><strong>Queridos Irm\u00e3os e Amigos: Aleluia!<\/strong><\/p>\n<p>No memorial da P\u00e1scoa celebramos os acontecimentos de vida, paix\u00e3o, morte e ressurrei\u00e7\u00e3o de Nosso Senhor Jesus Cristo. Como as mulheres piedosas, pr\u00f3ximas de Jesus agonizante e primeiras testemunhas de sua ressurrei\u00e7\u00e3o, n\u00f3s tamb\u00e9m entrevemos nos acontecimentos pascais uma nova esperan\u00e7a de vida que surge para o mundo, para este nosso mundo dilacerado pelas divis\u00f5es e pelos conflitos, para este mundo que Deus escolheu amar incondicionalmente (cf. Jo 3,16). Na ressurrei\u00e7\u00e3o, o poder do amor supera e vence todo mal.<\/p>\n<p>N\u00f3s somos e permanecemos fi\u00e9is e seguidores de Jesus e buscamos oferecer uma vis\u00e3o alternativa da vida, um modo alternativo de viver neste mundo, guiados pelo Esp\u00edrito de Deus. E recordamos que o mesmo Esp\u00edrito estava presente no momento em que Deus criou o mundo, assim como na anuncia\u00e7\u00e3o a Maria, a M\u00e3e de Jesus, do nascimento do Messias.<\/p>\n<p>\u00c9 o Esp\u00edrito de Deus que acompanha Jesus durante toda a sua exist\u00eancia sobre esta terra, inspirando a sua prega\u00e7\u00e3o e o seu ensinamento, al\u00e9m de cada ato seu de gentileza e de amor.<\/p>\n<p>\u00c9 o Esp\u00edrito de Deus que acompanha Jesus tamb\u00e9m no seu caminho rumo ao G\u00f3lgota e serve de testemunho da paix\u00e3o e morte humilhante de Jesus sobre a cruz. \u00c9 o Esp\u00edrito de Deus que permanece com Jesus na morte e na sepultura, demonstrando um amor indestrut\u00edvel pelo Unig\u00eanito Filho predileto, que oferece a sua vida para que o mundo possa reconciliar-se com Deus. \u00c9 o Esp\u00edrito de Deus que ressuscita o Filho \u00e0 vida nova (cf. Rm 8,11).<\/p>\n<p>O Esp\u00edrito Santo, presente em todos os momentos da vida de Jesus, desde o nascimento at\u00e9 a morte e ressurrei\u00e7\u00e3o, est\u00e1 presente tamb\u00e9m hoje em nosso mundo. A ressurrei\u00e7\u00e3o \u00e9 o sinal definitivo da fidelidade de Deus ao Filho, a cada um de n\u00f3s e a toda a cria\u00e7\u00e3o. Hoje, mais que nunca, precisamos escutar esta mensagem: Deus nos ama, caminha conosco, cura nossas feridas, convida-nos a viver de maneira reconciliada com todos e nos chama para sermos mensageiros de amor, de miseric\u00f3rdia e de paz.<\/p>\n<p>O Esp\u00edrito de Deus, que ressuscitou Jesus dos mortos, continua cumprindo a obra do Pai e do Filho, recordando-nos que as divis\u00f5es, a viol\u00eancia, o \u00f3dio, a destrui\u00e7\u00e3o e a morte n\u00e3o t\u00eam a \u00faltima palavra e n\u00e3o s\u00e3o os \u00faltimos vencedores. Na ressurrei\u00e7\u00e3o de Jesus recebemos a confirma\u00e7\u00e3o definitiva de que o amor, e somente o amor, \u00e9 o vencedor supremo, al\u00e9m de ser a voca\u00e7\u00e3o principal \u00e0 qual todos n\u00f3s somos chamados.<\/p>\n<p>Isto eu toquei com as pr\u00f3prias m\u00e3os nestes \u00faltimos dias, gra\u00e7as ao testemunho de vida dos nossos Irm\u00e3os e Irm\u00e3s de Damasco, Alepo e Latakia, na S\u00edria. Mesmo no meio da morte e da destrui\u00e7\u00e3o devastadora, os crist\u00e3os da S\u00edria, que perderam os seus entes queridos, as pr\u00f3prias casas e todo meio de sustento, negam-se a ceder \u00e0 tenta\u00e7\u00e3o de abandonar a Deus, a f\u00e9 e o empenho em dedicar-se no caminho da reconcilia\u00e7\u00e3o e da reconstru\u00e7\u00e3o.<\/p>\n<p>Como Maria Madalena, eles tamb\u00e9m est\u00e3o do lado de fora do sepulcro em busca de um significado \u00e0quilo que parece n\u00e3o ter uma l\u00f3gica racional nem humana. Eles tamb\u00e9m correm rumo aos outros fi\u00e9is, ou seja, rumo \u00e0 comunidade, onde possam partilhar n\u00e3o apenas a pr\u00f3pria hist\u00f3ria de des\u00e2nimo e desespero, mas tamb\u00e9m a esperan\u00e7a e o amor; juntos com a comunidade podem redescobrir na Eucaristia, como aconteceu com os dois disc\u00edpulos de Ema\u00fas, a presen\u00e7a do Senhor Jesus ressuscitado que nunca os abandona, que nunca abandona nenhum daqueles que acolheram o chamado para viver unidos a Ele.<\/p>\n<p>Queridos Irm\u00e3os e Amigos, aceitemos, ent\u00e3o de cora\u00e7\u00e3o, a mensagem da Sequ\u00eancia Pascal, <em>Victimae paschali laudes<\/em>:<\/p>\n<blockquote><p>\u201c\u00c0 V\u00edtima pascal ofere\u00e7am os crist\u00e3os sacrif\u00edcios de louvor.<br \/>\nO Cordeiro resgatou as ovelhas: Cristo, o Inocente reconciliou com o Pai os pecadores.<br \/>\nA morte e a vida travaram um admir\u00e1vel combate: depois de morto, vive e reina o Autor da vida.<br \/>\nDiz-nos, Maria, que viste no caminho?<br \/>\nVi o sepulcro de Cristo vivo e a gl\u00f3ria do Ressuscitado.<br \/>\nVi suas testemunhas os Anjos, vi o sud\u00e1rio e a mortalha.<br \/>\nRessuscitou Cristo, minha esperan\u00e7a: preceder\u00e1 os seus disc\u00edpulos na Galileia.<br \/>\nSabemos e acreditamos que Cristo ressuscitou dos mortos: \u00d3 Rei vitorioso, tende piedade de n\u00f3s.<br \/>\nAm\u00e9m. Aleluia.\u201d<\/p><\/blockquote>\n<p>O Senhor ressuscitou verdadeiramente! O seu amor e a sua miseric\u00f3rdia s\u00e3o vitoriosos para sempre!<\/p>\n<h3>O Senhor lhes conceda celebrar uma P\u00e1scoa com alegria: Feliz P\u00e1scoa a todos!<\/h3>\n<p><em>Roma, 15 de abril de 2017<br \/>\n<\/em><em>Vig\u00edlia Pascal<\/em><\/p>\n<p><strong>Frei Michael Anthony Perry, OFM<\/strong><br \/>\n<strong>Ministro Geral<\/strong><\/p>\n","protected":false},"excerpt":{"rendered":"<p>Mensagem do Ministro Geral para a P\u00e1scoa<\/p>\n","protected":false},"author":1,"featured_media":197938,"comment_status":"open","ping_status":"open","sticky":false,"template":"","format":"standard","meta":[],"categories":[1],"tags":[344],"acf":[],"yoast_head":"<!-- This site is optimized with the Yoast SEO plugin v19.2 - https:\/\/yoast.com\/wordpress\/plugins\/seo\/ -->\n<title>Na Ressurrei\u00e7\u00e3o, o poder do amor supera e vence todo mal - Not\u00edcias - Franciscanos<\/title>\n<meta name=\"robots\" content=\"index, follow, max-snippet:-1, max-image-preview:large, max-video-preview:-1\" \/>\n<link rel=\"canonical\" href=\"https:\/\/franciscanos.org.br\/noticias\/na-ressureicao-o-poder-do-amor-supera-e-vence-o-mal.html\" \/>\n<meta property=\"og:locale\" content=\"pt_BR\" \/>\n<meta property=\"og:type\" content=\"article\" \/>\n<meta property=\"og:title\" content=\"Na Ressurrei\u00e7\u00e3o, o poder do amor supera e vence todo mal - Not\u00edcias - Franciscanos\" \/>\n<meta property=\"og:description\" content=\"Mensagem do Ministro Geral para a P\u00e1scoa\" \/>\n<meta property=\"og:url\" content=\"https:\/\/franciscanos.org.br\/noticias\/na-ressureicao-o-poder-do-amor-supera-e-vence-o-mal.html\" \/>\n<meta property=\"og:site_name\" content=\"Not\u00edcias - Franciscanos\" \/>\n<meta property=\"article:published_time\" content=\"2017-04-15T11:11:35+00:00\" \/>\n<meta property=\"article:modified_time\" content=\"2020-03-05T16:20:22+00:00\" \/>\n<meta property=\"og:image\" content=\"https:\/\/franciscanos.org.br\/noticias\/wp-content\/uploads\/2017\/04\/geral_150417_1.jpg\" \/>\n\t<meta property=\"og:image:width\" content=\"273\" \/>\n\t<meta property=\"og:image:height\" content=\"181\" \/>\n\t<meta property=\"og:image:type\" content=\"image\/jpeg\" \/>\n<meta name=\"author\" content=\"admin\" \/>\n<meta name=\"twitter:card\" content=\"summary_large_image\" \/>\n<meta name=\"twitter:label1\" content=\"Escrito por\" \/>\n\t<meta name=\"twitter:data1\" content=\"admin\" \/>\n\t<meta name=\"twitter:label2\" content=\"Est. tempo de leitura\" \/>\n\t<meta name=\"twitter:data2\" content=\"4 minutos\" \/>\n<script type=\"application\/ld+json\" class=\"yoast-schema-graph\">{\"@context\":\"https:\/\/schema.org\",\"@graph\":[{\"@type\":\"WebSite\",\"@id\":\"https:\/\/franciscanos.org.br\/noticias\/#website\",\"url\":\"https:\/\/franciscanos.org.br\/noticias\/\",\"name\":\"Not\u00edcias - Franciscanos\",\"description\":\"Prov\u00edncia Franciscana da Imaculada Concei\u00e7\u00e3o do Brasil - Ordem dos Frades Menores - OFM\",\"potentialAction\":[{\"@type\":\"SearchAction\",\"target\":{\"@type\":\"EntryPoint\",\"urlTemplate\":\"https:\/\/franciscanos.org.br\/noticias\/?s={search_term_string}\"},\"query-input\":\"required name=search_term_string\"}],\"inLanguage\":\"pt-BR\"},{\"@type\":\"ImageObject\",\"inLanguage\":\"pt-BR\",\"@id\":\"https:\/\/franciscanos.org.br\/noticias\/na-ressureicao-o-poder-do-amor-supera-e-vence-o-mal.html#primaryimage\",\"url\":\"https:\/\/franciscanos.org.br\/noticias\/wp-content\/uploads\/2017\/04\/geral_150417_1.jpg\",\"contentUrl\":\"https:\/\/franciscanos.org.br\/noticias\/wp-content\/uploads\/2017\/04\/geral_150417_1.jpg\",\"width\":273,\"height\":181},{\"@type\":\"WebPage\",\"@id\":\"https:\/\/franciscanos.org.br\/noticias\/na-ressureicao-o-poder-do-amor-supera-e-vence-o-mal.html#webpage\",\"url\":\"https:\/\/franciscanos.org.br\/noticias\/na-ressureicao-o-poder-do-amor-supera-e-vence-o-mal.html\",\"name\":\"Na Ressurrei\u00e7\u00e3o, o poder do amor supera e vence todo mal - Not\u00edcias - Franciscanos\",\"isPartOf\":{\"@id\":\"https:\/\/franciscanos.org.br\/noticias\/#website\"},\"primaryImageOfPage\":{\"@id\":\"https:\/\/franciscanos.org.br\/noticias\/na-ressureicao-o-poder-do-amor-supera-e-vence-o-mal.html#primaryimage\"},\"datePublished\":\"2017-04-15T11:11:35+00:00\",\"dateModified\":\"2020-03-05T16:20:22+00:00\",\"author\":{\"@id\":\"https:\/\/franciscanos.org.br\/noticias\/#\/schema\/person\/b38fbf43118f02820bd932f2e4b14ad3\"},\"breadcrumb\":{\"@id\":\"https:\/\/franciscanos.org.br\/noticias\/na-ressureicao-o-poder-do-amor-supera-e-vence-o-mal.html#breadcrumb\"},\"inLanguage\":\"pt-BR\",\"potentialAction\":[{\"@type\":\"ReadAction\",\"target\":[\"https:\/\/franciscanos.org.br\/noticias\/na-ressureicao-o-poder-do-amor-supera-e-vence-o-mal.html\"]}]},{\"@type\":\"BreadcrumbList\",\"@id\":\"https:\/\/franciscanos.org.br\/noticias\/na-ressureicao-o-poder-do-amor-supera-e-vence-o-mal.html#breadcrumb\",\"itemListElement\":[{\"@type\":\"ListItem\",\"position\":1,\"name\":\"Home\",\"item\":\"https:\/\/franciscanos.org.br\/noticias\"},{\"@type\":\"ListItem\",\"position\":2,\"name\":\"Na Ressurrei\u00e7\u00e3o, o poder do amor supera e vence todo mal\"}]},{\"@type\":\"Person\",\"@id\":\"https:\/\/franciscanos.org.br\/noticias\/#\/schema\/person\/b38fbf43118f02820bd932f2e4b14ad3\",\"name\":\"admin\",\"image\":{\"@type\":\"ImageObject\",\"inLanguage\":\"pt-BR\",\"@id\":\"https:\/\/franciscanos.org.br\/noticias\/#\/schema\/person\/image\/\",\"url\":\"https:\/\/secure.gravatar.com\/avatar\/e8495742d34d0ba6448ea1c628263b3e?s=96&d=mm&r=g\",\"contentUrl\":\"https:\/\/secure.gravatar.com\/avatar\/e8495742d34d0ba6448ea1c628263b3e?s=96&d=mm&r=g\",\"caption\":\"admin\"},\"url\":\"https:\/\/franciscanos.org.br\/noticias\/author\/admin\"}]}<\/script>\n<!-- \/ Yoast SEO plugin. -->","yoast_head_json":{"title":"Na Ressurrei\u00e7\u00e3o, o poder do amor supera e vence todo mal - Not\u00edcias - Franciscanos","robots":{"index":"index","follow":"follow","max-snippet":"max-snippet:-1","max-image-preview":"max-image-preview:large","max-video-preview":"max-video-preview:-1"},"canonical":"https:\/\/franciscanos.org.br\/noticias\/na-ressureicao-o-poder-do-amor-supera-e-vence-o-mal.html","og_locale":"pt_BR","og_type":"article","og_title":"Na Ressurrei\u00e7\u00e3o, o poder do amor supera e vence todo mal - Not\u00edcias - Franciscanos","og_description":"Mensagem do Ministro Geral para a P\u00e1scoa","og_url":"https:\/\/franciscanos.org.br\/noticias\/na-ressureicao-o-poder-do-amor-supera-e-vence-o-mal.html","og_site_name":"Not\u00edcias - Franciscanos","article_published_time":"2017-04-15T11:11:35+00:00","article_modified_time":"2020-03-05T16:20:22+00:00","og_image":[{"width":273,"height":181,"url":"https:\/\/franciscanos.org.br\/noticias\/wp-content\/uploads\/2017\/04\/geral_150417_1.jpg","type":"image\/jpeg"}],"author":"admin","twitter_card":"summary_large_image","twitter_misc":{"Escrito por":"admin","Est. tempo de leitura":"4 minutos"},"schema":{"@context":"https:\/\/schema.org","@graph":[{"@type":"WebSite","@id":"https:\/\/franciscanos.org.br\/noticias\/#website","url":"https:\/\/franciscanos.org.br\/noticias\/","name":"Not\u00edcias - Franciscanos","description":"Prov\u00edncia Franciscana da Imaculada Concei\u00e7\u00e3o do Brasil - Ordem dos Frades Menores - OFM","potentialAction":[{"@type":"SearchAction","target":{"@type":"EntryPoint","urlTemplate":"https:\/\/franciscanos.org.br\/noticias\/?s={search_term_string}"},"query-input":"required name=search_term_string"}],"inLanguage":"pt-BR"},{"@type":"ImageObject","inLanguage":"pt-BR","@id":"https:\/\/franciscanos.org.br\/noticias\/na-ressureicao-o-poder-do-amor-supera-e-vence-o-mal.html#primaryimage","url":"https:\/\/franciscanos.org.br\/noticias\/wp-content\/uploads\/2017\/04\/geral_150417_1.jpg","contentUrl":"https:\/\/franciscanos.org.br\/noticias\/wp-content\/uploads\/2017\/04\/geral_150417_1.jpg","width":273,"height":181},{"@type":"WebPage","@id":"https:\/\/franciscanos.org.br\/noticias\/na-ressureicao-o-poder-do-amor-supera-e-vence-o-mal.html#webpage","url":"https:\/\/franciscanos.org.br\/noticias\/na-ressureicao-o-poder-do-amor-supera-e-vence-o-mal.html","name":"Na Ressurrei\u00e7\u00e3o, o poder do amor supera e vence todo mal - Not\u00edcias - Franciscanos","isPartOf":{"@id":"https:\/\/franciscanos.org.br\/noticias\/#website"},"primaryImageOfPage":{"@id":"https:\/\/franciscanos.org.br\/noticias\/na-ressureicao-o-poder-do-amor-supera-e-vence-o-mal.html#primaryimage"},"datePublished":"2017-04-15T11:11:35+00:00","dateModified":"2020-03-05T16:20:22+00:00","author":{"@id":"https:\/\/franciscanos.org.br\/noticias\/#\/schema\/person\/b38fbf43118f02820bd932f2e4b14ad3"},"breadcrumb":{"@id":"https:\/\/franciscanos.org.br\/noticias\/na-ressureicao-o-poder-do-amor-supera-e-vence-o-mal.html#breadcrumb"},"inLanguage":"pt-BR","potentialAction":[{"@type":"ReadAction","target":["https:\/\/franciscanos.org.br\/noticias\/na-ressureicao-o-poder-do-amor-supera-e-vence-o-mal.html"]}]},{"@type":"BreadcrumbList","@id":"https:\/\/franciscanos.org.br\/noticias\/na-ressureicao-o-poder-do-amor-supera-e-vence-o-mal.html#breadcrumb","itemListElement":[{"@type":"ListItem","position":1,"name":"Home","item":"https:\/\/franciscanos.org.br\/noticias"},{"@type":"ListItem","position":2,"name":"Na Ressurrei\u00e7\u00e3o, o poder do amor supera e vence todo mal"}]},{"@type":"Person","@id":"https:\/\/franciscanos.org.br\/noticias\/#\/schema\/person\/b38fbf43118f02820bd932f2e4b14ad3","name":"admin","image":{"@type":"ImageObject","inLanguage":"pt-BR","@id":"https:\/\/franciscanos.org.br\/noticias\/#\/schema\/person\/image\/","url":"https:\/\/secure.gravatar.com\/avatar\/e8495742d34d0ba6448ea1c628263b3e?s=96&d=mm&r=g","contentUrl":"https:\/\/secure.gravatar.com\/avatar\/e8495742d34d0ba6448ea1c628263b3e?s=96&d=mm&r=g","caption":"admin"},"url":"https:\/\/franciscanos.org.br\/noticias\/author\/admin"}]}},"_links":{"self":[{"href":"https:\/\/franciscanos.org.br\/noticias\/wp-json\/wp\/v2\/posts\/130271"}],"collection":[{"href":"https:\/\/franciscanos.org.br\/noticias\/wp-json\/wp\/v2\/posts"}],"about":[{"href":"https:\/\/franciscanos.org.br\/noticias\/wp-json\/wp\/v2\/types\/post"}],"author":[{"embeddable":true,"href":"https:\/\/franciscanos.org.br\/noticias\/wp-json\/wp\/v2\/users\/1"}],"replies":[{"embeddable":true,"href":"https:\/\/franciscanos.org.br\/noticias\/wp-json\/wp\/v2\/comments?post=130271"}],"version-history":[{"count":0,"href":"https:\/\/franciscanos.org.br\/noticias\/wp-json\/wp\/v2\/posts\/130271\/revisions"}],"wp:featuredmedia":[{"embeddable":true,"href":"https:\/\/franciscanos.org.br\/noticias\/wp-json\/wp\/v2\/media\/197938"}],"wp:attachment":[{"href":"https:\/\/franciscanos.org.br\/noticias\/wp-json\/wp\/v2\/media?parent=130271"}],"wp:term":[{"taxonomy":"category","embeddable":true,"href":"https:\/\/franciscanos.org.br\/noticias\/wp-json\/wp\/v2\/categories?post=130271"},{"taxonomy":"post_tag","embeddable":true,"href":"https:\/\/franciscanos.org.br\/noticias\/wp-json\/wp\/v2\/tags?post=130271"}],"curies":[{"name":"wp","href":"https:\/\/api.w.org\/{rel}","templated":true}]}}