{"id":130229,"date":"2017-04-14T19:19:26","date_gmt":"2017-04-14T22:19:26","guid":{"rendered":"http:\/\/franciscanos.org.br\/?p=130229"},"modified":"2020-06-09T09:41:39","modified_gmt":"2020-06-09T12:41:39","slug":"a-emocionante-oracao-do-papa-na-via-crucis","status":"publish","type":"post","link":"https:\/\/franciscanos.org.br\/noticias\/a-emocionante-oracao-do-papa-na-via-crucis.html","title":{"rendered":"A emocionante ora\u00e7\u00e3o do Papa Francisco na Via Cr\u00facis do Coliseu"},"content":{"rendered":"<p><img loading=\"lazy\" class=\"alignnone wp-image-225016 size-full\" src=\"https:\/\/franciscanos.org.br\/noticias\/wp-content\/uploads\/2018\/03\/coliseu.jpg\" alt=\"\" width=\"1366\" height=\"768\" srcset=\"https:\/\/franciscanos.org.br\/noticias\/wp-content\/uploads\/2018\/03\/coliseu.jpg 1366w, https:\/\/franciscanos.org.br\/noticias\/wp-content\/uploads\/2018\/03\/coliseu-450x253.jpg 450w, https:\/\/franciscanos.org.br\/noticias\/wp-content\/uploads\/2018\/03\/coliseu-1024x576.jpg 1024w, https:\/\/franciscanos.org.br\/noticias\/wp-content\/uploads\/2018\/03\/coliseu-768x432.jpg 768w, https:\/\/franciscanos.org.br\/noticias\/wp-content\/uploads\/2018\/03\/coliseu-150x84.jpg 150w\" sizes=\"(max-width: 1366px) 100vw, 1366px\" \/><\/p>\n<p><strong>Cidade do Vaticano &#8211;<\/strong> O Coliseu de Roma foi novamente o cen\u00e1rio para a Via-Sacra nesta Sexta-feira Santa. O Papa Francisco presidiu a Via Sacra, \u00e0s 21h15 (16h15 em Bras\u00edlia), que foi escrita pela te\u00f3loga francesa Anne-Marie Pelletier. As Esta\u00e7\u00f5es espelharam os momentos que a autora considerou como os mais significativos no caminho de Jesus ao G\u00f3lgota, como a nega\u00e7\u00e3o de Pedro, o sofrimento de Cristo no qual s\u00e3o reconhecidos homens, mulheres e at\u00e9 mesmo &#8220;crian\u00e7as violentadas, humilhadas, torturadas, assassinadas&#8221;, o sil\u00eancio do s\u00e1bado.<\/p>\n<p>Nas reflex\u00f5es, Anne-Marie Pelletier quis dar um espa\u00e7o particular \u00e0s mulheres. Cita, por exemplo, Santa Catarina de Sena e Etty Hillesum e, entre as testemunhas de nosso tempo, recorda os monjes trapistas de Tibhirine, Arg\u00e9lia, assassinados em 1998.<\/p>\n<p>Ao final das 14 esta\u00e7\u00f5es, em que foi recordado o drama das guerras, dos migrantes, das fam\u00edlias dilaceradas e das crian\u00e7as violadas, o Papa Francisco fez uma ora\u00e7\u00e3o em que denunciou a \u201cvergonha\u201d e anunciou a \u201cesperan\u00e7a\u201d.<\/p>\n<p>&nbsp;<\/p>\n<p><em>&#8220;\u00d3\u00a0Cristo, deixado sozinho e at\u00e9 mesmo tra\u00eddo pelos seus e vendido a pre\u00e7os baixos.<\/em><\/p>\n<p><em>\u00d3 Cristo, julgado por pecadores, entregues pelos patr\u00f5es.<\/em><\/p>\n<p><em>\u00d3 Cristo, dilacerado na carne, coroado de espinhos e vestido de p\u00farpura. O Cristo flagelado e pregado cruelmente.<\/em><\/p>\n<p><em>\u00d3 Cristo, trespassado pela lan\u00e7a que perfurou seu cora\u00e7\u00e3o.<\/em><\/p>\n<p><em>\u00d3 Cristo, morto e sepultado, tu que \u00e9s o Deus da vida e da exist\u00eancia.<\/em><\/p>\n<p><em>\u00d3 Cristo, nosso \u00fanico Salvador, n\u00f3s voltamos a voc\u00ea novamente este ano com os olhos baixos de vergonha e com o cora\u00e7\u00e3o cheio de esperan\u00e7a;<\/em><\/p>\n<p><em>De vergonha por todas as imagens de devasta\u00e7\u00e3o, destrui\u00e7\u00e3o e naufr\u00e1gio que tornaram-se comuns em nossas vidas;<\/em><\/p>\n<p><em>Vergonha pelo sangue inocente que diariamente \u00e9 derramado de mulheres, crian\u00e7as e migrantes, de pessoas perseguidas pela cor de sua pele ou perten\u00e7a \u00e9tnica e social e por sua f\u00e9 no Senhor.<\/em><\/p>\n<p><em>Vergonha pelas muitas vezes que, como Judas e Pedro, O vendemos e tra\u00edmos e O deixamos s\u00f3 a morrer pelos nossos pecados, fugindo como covardes da nossa responsabilidade.<\/em><\/p>\n<p><em>Vergonha pelo nosso sil\u00eancio diante da injusti\u00e7a, pelas m\u00e3os pregui\u00e7osas em dar e \u00e1vidas em tirar e em conquistar, pelo nossa voz forte em defender os nossos interesses e t\u00edmida em falar dos interesses dos demais. Pelos nossos p\u00e9s velozes no caminho do mal e paralisados no caminho do bem.<\/em><\/p>\n<p><em>Vergonha por todas as vezes que n\u00f3s bispos, sacerdotes, consagrados e consagradas escandalizamos e ferimos o Seu corpo, a Igreja, e esquecemos o nosso primeiro amor, o primeiro entusiasmo e nossa total disponibilidade, deixando enferrujar o nosso cora\u00e7\u00e3o e a nossa consagra\u00e7\u00e3o.\u201d<\/em><\/p>\n<p><em>\u201cTanta vergonha, Senhor\u201d, mas tamb\u00e9m tanta esperan\u00e7a, confiante de que Jesus n\u00e3o nos trata pelos nossos m\u00e9ritos, mas unicamente segundo a abund\u00e2ncia da sua miseric\u00f3rdia.<\/em><\/p>\n<p><em>\u201cA esperan\u00e7a de que a sua Cruz transforma nossos cora\u00e7\u00f5es endurecidos em cora\u00e7\u00f5es de carne, capaz de sonhar, de perdoar e de amar. Transforma essa noite tenebrosa de Sua cruz em alvorecer da Sua ressurrei\u00e7\u00e3o.<\/em><\/p>\n<p><em>A esperan\u00e7a de que a Sua fidelidade n\u00e3o se baseia na nossa.<\/em><\/p>\n<p><em>A esperan\u00e7a de que a fileira de homens e mulheres fi\u00e9is \u00e0 Sua cruz continua e continuar\u00e1 a viver fiel como o fermento que d\u00e1 sabor e como a luz que abre novos horizontes no corpo da nossa humanidade ferida.<\/em><\/p>\n<p><em>Esperan\u00e7a de que sua Igreja tentar\u00e1 ser a voz que grita no deserto da humanidade para preparar a estrada do Seu retorno triunfal quando vir\u00e1 julgar os vivos e os mortos.<\/em><\/p>\n<p><em>A esperan\u00e7a que o bem vencer\u00e1 n\u00e3o obstante a sua aparente derrota. N\u00e3o se envergonhar nem instrumentalizar a cruz.<\/em><\/p>\n<p><em>\u00d3 Senhor Jesus, filho de Deus, diante do Seu pat\u00edbulo nos ajoelhamos envergonhados e esperan\u00e7osos e pedimos que perdoe os nossos pecados e nossas culpas. Pedimos que se lembre de nossos irm\u00e3os que sucumbiram pela viol\u00eancia, pela indiferen\u00e7a e pela guerra.<\/em><\/p>\n<p><em>Pedimos que rompa as correntes que nos mant\u00eam presos no nosso ego\u00edsmo, na nossa cegueira volunt\u00e1ria e na vaidade dos nossos c\u00e1lculos mundanos.<\/em><\/p>\n<p><em>\u00d3 Cristo, n\u00f3s Lhe pedimos que nos ensine a jamais nos envergonhar da Sua cruz, a n\u00e3o instrumentaliz\u00e1-la, mas honr\u00e1-la e ador\u00e1-la, porque com ela nos manifestou a monstruosidade dos nossos pecados, a grandeza do seu amor, a injusti\u00e7a dos nossos ju\u00edzos e a pot\u00eancia da sua miseric\u00f3rdia. Am\u00e9m!&#8221;.<\/em><\/p>\n<hr \/>\n<p><em>Fonte: R\u00e1dio Vaticano<\/em><\/p>\n","protected":false},"excerpt":{"rendered":"<p>Sexta-feira Santa<\/p>\n","protected":false},"author":1,"featured_media":225018,"comment_status":"open","ping_status":"open","sticky":false,"template":"","format":"standard","meta":[],"categories":[1428],"tags":[1475],"acf":[],"yoast_head":"<!-- This site is optimized with the Yoast SEO plugin v19.2 - https:\/\/yoast.com\/wordpress\/plugins\/seo\/ -->\n<title>A emocionante ora\u00e7\u00e3o do Papa Francisco na Via Cr\u00facis do Coliseu - Not\u00edcias - Franciscanos<\/title>\n<meta name=\"robots\" content=\"index, follow, max-snippet:-1, max-image-preview:large, max-video-preview:-1\" \/>\n<link rel=\"canonical\" href=\"https:\/\/franciscanos.org.br\/noticias\/a-emocionante-oracao-do-papa-na-via-crucis.html\" \/>\n<meta property=\"og:locale\" content=\"pt_BR\" \/>\n<meta property=\"og:type\" content=\"article\" \/>\n<meta property=\"og:title\" content=\"A emocionante ora\u00e7\u00e3o do Papa Francisco na Via Cr\u00facis do Coliseu - Not\u00edcias - Franciscanos\" \/>\n<meta property=\"og:description\" content=\"Sexta-feira Santa\" \/>\n<meta property=\"og:url\" content=\"https:\/\/franciscanos.org.br\/noticias\/a-emocionante-oracao-do-papa-na-via-crucis.html\" \/>\n<meta property=\"og:site_name\" content=\"Not\u00edcias - Franciscanos\" \/>\n<meta property=\"article:published_time\" content=\"2017-04-14T22:19:26+00:00\" \/>\n<meta property=\"article:modified_time\" content=\"2020-06-09T12:41:39+00:00\" \/>\n<meta property=\"og:image\" content=\"https:\/\/franciscanos.org.br\/noticias\/wp-content\/uploads\/2018\/03\/coliseu_d.jpg\" \/>\n\t<meta property=\"og:image:width\" content=\"800\" \/>\n\t<meta property=\"og:image:height\" content=\"600\" \/>\n\t<meta property=\"og:image:type\" content=\"image\/jpeg\" \/>\n<meta name=\"author\" content=\"admin\" \/>\n<meta name=\"twitter:card\" content=\"summary_large_image\" \/>\n<meta name=\"twitter:label1\" content=\"Escrito por\" \/>\n\t<meta name=\"twitter:data1\" content=\"admin\" \/>\n\t<meta name=\"twitter:label2\" content=\"Est. tempo de leitura\" \/>\n\t<meta name=\"twitter:data2\" content=\"4 minutos\" \/>\n<script type=\"application\/ld+json\" class=\"yoast-schema-graph\">{\"@context\":\"https:\/\/schema.org\",\"@graph\":[{\"@type\":\"WebSite\",\"@id\":\"https:\/\/franciscanos.org.br\/noticias\/#website\",\"url\":\"https:\/\/franciscanos.org.br\/noticias\/\",\"name\":\"Not\u00edcias - Franciscanos\",\"description\":\"Prov\u00edncia Franciscana da Imaculada Concei\u00e7\u00e3o do Brasil - Ordem dos Frades Menores - OFM\",\"potentialAction\":[{\"@type\":\"SearchAction\",\"target\":{\"@type\":\"EntryPoint\",\"urlTemplate\":\"https:\/\/franciscanos.org.br\/noticias\/?s={search_term_string}\"},\"query-input\":\"required name=search_term_string\"}],\"inLanguage\":\"pt-BR\"},{\"@type\":\"ImageObject\",\"inLanguage\":\"pt-BR\",\"@id\":\"https:\/\/franciscanos.org.br\/noticias\/a-emocionante-oracao-do-papa-na-via-crucis.html#primaryimage\",\"url\":\"https:\/\/franciscanos.org.br\/noticias\/wp-content\/uploads\/2018\/03\/coliseu_d.jpg\",\"contentUrl\":\"https:\/\/franciscanos.org.br\/noticias\/wp-content\/uploads\/2018\/03\/coliseu_d.jpg\",\"width\":800,\"height\":600},{\"@type\":\"WebPage\",\"@id\":\"https:\/\/franciscanos.org.br\/noticias\/a-emocionante-oracao-do-papa-na-via-crucis.html#webpage\",\"url\":\"https:\/\/franciscanos.org.br\/noticias\/a-emocionante-oracao-do-papa-na-via-crucis.html\",\"name\":\"A emocionante ora\u00e7\u00e3o do Papa Francisco na Via Cr\u00facis do Coliseu - Not\u00edcias - Franciscanos\",\"isPartOf\":{\"@id\":\"https:\/\/franciscanos.org.br\/noticias\/#website\"},\"primaryImageOfPage\":{\"@id\":\"https:\/\/franciscanos.org.br\/noticias\/a-emocionante-oracao-do-papa-na-via-crucis.html#primaryimage\"},\"datePublished\":\"2017-04-14T22:19:26+00:00\",\"dateModified\":\"2020-06-09T12:41:39+00:00\",\"author\":{\"@id\":\"https:\/\/franciscanos.org.br\/noticias\/#\/schema\/person\/b38fbf43118f02820bd932f2e4b14ad3\"},\"breadcrumb\":{\"@id\":\"https:\/\/franciscanos.org.br\/noticias\/a-emocionante-oracao-do-papa-na-via-crucis.html#breadcrumb\"},\"inLanguage\":\"pt-BR\",\"potentialAction\":[{\"@type\":\"ReadAction\",\"target\":[\"https:\/\/franciscanos.org.br\/noticias\/a-emocionante-oracao-do-papa-na-via-crucis.html\"]}]},{\"@type\":\"BreadcrumbList\",\"@id\":\"https:\/\/franciscanos.org.br\/noticias\/a-emocionante-oracao-do-papa-na-via-crucis.html#breadcrumb\",\"itemListElement\":[{\"@type\":\"ListItem\",\"position\":1,\"name\":\"Home\",\"item\":\"https:\/\/franciscanos.org.br\/noticias\"},{\"@type\":\"ListItem\",\"position\":2,\"name\":\"A emocionante ora\u00e7\u00e3o do Papa Francisco na Via Cr\u00facis do Coliseu\"}]},{\"@type\":\"Person\",\"@id\":\"https:\/\/franciscanos.org.br\/noticias\/#\/schema\/person\/b38fbf43118f02820bd932f2e4b14ad3\",\"name\":\"admin\",\"image\":{\"@type\":\"ImageObject\",\"inLanguage\":\"pt-BR\",\"@id\":\"https:\/\/franciscanos.org.br\/noticias\/#\/schema\/person\/image\/\",\"url\":\"https:\/\/secure.gravatar.com\/avatar\/e8495742d34d0ba6448ea1c628263b3e?s=96&d=mm&r=g\",\"contentUrl\":\"https:\/\/secure.gravatar.com\/avatar\/e8495742d34d0ba6448ea1c628263b3e?s=96&d=mm&r=g\",\"caption\":\"admin\"},\"url\":\"https:\/\/franciscanos.org.br\/noticias\/author\/admin\"}]}<\/script>\n<!-- \/ Yoast SEO plugin. -->","yoast_head_json":{"title":"A emocionante ora\u00e7\u00e3o do Papa Francisco na Via Cr\u00facis do Coliseu - Not\u00edcias - Franciscanos","robots":{"index":"index","follow":"follow","max-snippet":"max-snippet:-1","max-image-preview":"max-image-preview:large","max-video-preview":"max-video-preview:-1"},"canonical":"https:\/\/franciscanos.org.br\/noticias\/a-emocionante-oracao-do-papa-na-via-crucis.html","og_locale":"pt_BR","og_type":"article","og_title":"A emocionante ora\u00e7\u00e3o do Papa Francisco na Via Cr\u00facis do Coliseu - Not\u00edcias - Franciscanos","og_description":"Sexta-feira Santa","og_url":"https:\/\/franciscanos.org.br\/noticias\/a-emocionante-oracao-do-papa-na-via-crucis.html","og_site_name":"Not\u00edcias - Franciscanos","article_published_time":"2017-04-14T22:19:26+00:00","article_modified_time":"2020-06-09T12:41:39+00:00","og_image":[{"width":800,"height":600,"url":"https:\/\/franciscanos.org.br\/noticias\/wp-content\/uploads\/2018\/03\/coliseu_d.jpg","type":"image\/jpeg"}],"author":"admin","twitter_card":"summary_large_image","twitter_misc":{"Escrito por":"admin","Est. tempo de leitura":"4 minutos"},"schema":{"@context":"https:\/\/schema.org","@graph":[{"@type":"WebSite","@id":"https:\/\/franciscanos.org.br\/noticias\/#website","url":"https:\/\/franciscanos.org.br\/noticias\/","name":"Not\u00edcias - Franciscanos","description":"Prov\u00edncia Franciscana da Imaculada Concei\u00e7\u00e3o do Brasil - Ordem dos Frades Menores - OFM","potentialAction":[{"@type":"SearchAction","target":{"@type":"EntryPoint","urlTemplate":"https:\/\/franciscanos.org.br\/noticias\/?s={search_term_string}"},"query-input":"required name=search_term_string"}],"inLanguage":"pt-BR"},{"@type":"ImageObject","inLanguage":"pt-BR","@id":"https:\/\/franciscanos.org.br\/noticias\/a-emocionante-oracao-do-papa-na-via-crucis.html#primaryimage","url":"https:\/\/franciscanos.org.br\/noticias\/wp-content\/uploads\/2018\/03\/coliseu_d.jpg","contentUrl":"https:\/\/franciscanos.org.br\/noticias\/wp-content\/uploads\/2018\/03\/coliseu_d.jpg","width":800,"height":600},{"@type":"WebPage","@id":"https:\/\/franciscanos.org.br\/noticias\/a-emocionante-oracao-do-papa-na-via-crucis.html#webpage","url":"https:\/\/franciscanos.org.br\/noticias\/a-emocionante-oracao-do-papa-na-via-crucis.html","name":"A emocionante ora\u00e7\u00e3o do Papa Francisco na Via Cr\u00facis do Coliseu - Not\u00edcias - Franciscanos","isPartOf":{"@id":"https:\/\/franciscanos.org.br\/noticias\/#website"},"primaryImageOfPage":{"@id":"https:\/\/franciscanos.org.br\/noticias\/a-emocionante-oracao-do-papa-na-via-crucis.html#primaryimage"},"datePublished":"2017-04-14T22:19:26+00:00","dateModified":"2020-06-09T12:41:39+00:00","author":{"@id":"https:\/\/franciscanos.org.br\/noticias\/#\/schema\/person\/b38fbf43118f02820bd932f2e4b14ad3"},"breadcrumb":{"@id":"https:\/\/franciscanos.org.br\/noticias\/a-emocionante-oracao-do-papa-na-via-crucis.html#breadcrumb"},"inLanguage":"pt-BR","potentialAction":[{"@type":"ReadAction","target":["https:\/\/franciscanos.org.br\/noticias\/a-emocionante-oracao-do-papa-na-via-crucis.html"]}]},{"@type":"BreadcrumbList","@id":"https:\/\/franciscanos.org.br\/noticias\/a-emocionante-oracao-do-papa-na-via-crucis.html#breadcrumb","itemListElement":[{"@type":"ListItem","position":1,"name":"Home","item":"https:\/\/franciscanos.org.br\/noticias"},{"@type":"ListItem","position":2,"name":"A emocionante ora\u00e7\u00e3o do Papa Francisco na Via Cr\u00facis do Coliseu"}]},{"@type":"Person","@id":"https:\/\/franciscanos.org.br\/noticias\/#\/schema\/person\/b38fbf43118f02820bd932f2e4b14ad3","name":"admin","image":{"@type":"ImageObject","inLanguage":"pt-BR","@id":"https:\/\/franciscanos.org.br\/noticias\/#\/schema\/person\/image\/","url":"https:\/\/secure.gravatar.com\/avatar\/e8495742d34d0ba6448ea1c628263b3e?s=96&d=mm&r=g","contentUrl":"https:\/\/secure.gravatar.com\/avatar\/e8495742d34d0ba6448ea1c628263b3e?s=96&d=mm&r=g","caption":"admin"},"url":"https:\/\/franciscanos.org.br\/noticias\/author\/admin"}]}},"_links":{"self":[{"href":"https:\/\/franciscanos.org.br\/noticias\/wp-json\/wp\/v2\/posts\/130229"}],"collection":[{"href":"https:\/\/franciscanos.org.br\/noticias\/wp-json\/wp\/v2\/posts"}],"about":[{"href":"https:\/\/franciscanos.org.br\/noticias\/wp-json\/wp\/v2\/types\/post"}],"author":[{"embeddable":true,"href":"https:\/\/franciscanos.org.br\/noticias\/wp-json\/wp\/v2\/users\/1"}],"replies":[{"embeddable":true,"href":"https:\/\/franciscanos.org.br\/noticias\/wp-json\/wp\/v2\/comments?post=130229"}],"version-history":[{"count":2,"href":"https:\/\/franciscanos.org.br\/noticias\/wp-json\/wp\/v2\/posts\/130229\/revisions"}],"predecessor-version":[{"id":225389,"href":"https:\/\/franciscanos.org.br\/noticias\/wp-json\/wp\/v2\/posts\/130229\/revisions\/225389"}],"wp:featuredmedia":[{"embeddable":true,"href":"https:\/\/franciscanos.org.br\/noticias\/wp-json\/wp\/v2\/media\/225018"}],"wp:attachment":[{"href":"https:\/\/franciscanos.org.br\/noticias\/wp-json\/wp\/v2\/media?parent=130229"}],"wp:term":[{"taxonomy":"category","embeddable":true,"href":"https:\/\/franciscanos.org.br\/noticias\/wp-json\/wp\/v2\/categories?post=130229"},{"taxonomy":"post_tag","embeddable":true,"href":"https:\/\/franciscanos.org.br\/noticias\/wp-json\/wp\/v2\/tags?post=130229"}],"curies":[{"name":"wp","href":"https:\/\/api.w.org\/{rel}","templated":true}]}}