{"id":130204,"date":"2017-04-14T09:13:31","date_gmt":"2017-04-14T12:13:31","guid":{"rendered":"http:\/\/franciscanos.org.br\/?p=130204"},"modified":"2020-06-09T09:46:48","modified_gmt":"2020-06-09T12:46:48","slug":"sabemos-amar-mas-nao-somos-como-deus-que-ama-sem-olhar-as-consequencias-ate-o-fim","status":"publish","type":"post","link":"https:\/\/franciscanos.org.br\/noticias\/sabemos-amar-mas-nao-somos-como-deus-que-ama-sem-olhar-as-consequencias-ate-o-fim.html","title":{"rendered":"Deus ama at\u00e9 o fim, sem olhar as consequ\u00eancias"},"content":{"rendered":"<p><img loading=\"lazy\" class=\"alignleft\" src=\"http:\/\/franciscanos.org.br\/wp-content\/uploads\/2017\/04\/ceia_140417_1.jpg\" alt=\"ceia_140417_1\" width=\"830\" height=\"444\" \/><strong>Cidade do Vaticano &#8211;<\/strong> O Papa Francisco celebrou a missa da Ceia do Senhor, nesta Quinta-feira Santa (13\/04), na Casa de Reclus\u00e3o de Paliano, localidade ao sul de Roma. \u00a0A cerim\u00f4nia, com o tradicional rito do lava-p\u00e9s, n\u00e3o foi transmitida ao vivo \u2013 a pedido do pr\u00f3prio Pont\u00edfice e pela falta de condi\u00e7\u00f5es t\u00e9cnicas do pres\u00eddio. A visita de Francisco teve um car\u00e1ter \u201cestritamente privado\u201d.<\/p>\n<p>O Papa lavou os p\u00e9s a 12 detentos (10 italianos, 1 argentino e 1 alban\u00eas). Entre eles, 3 eram mulheres e 1 mu\u00e7ulmano que receber\u00e1 o sacramento do Batismo no m\u00eas de junho. Al\u00e9m disso, dois deles foram condenados \u00e0 pris\u00e3o perp\u00e9tua, enquanto para os demais a conclus\u00e3o da pena est\u00e1 prevista entre 2019 e 2073.<\/p>\n<p>\u201cJesus estava na ceia, com eles. A \u00faltima ceia e diz o Evangelho que Ele sabia \u2018que tinha chegado a sua hora de passar deste mundo ao Pai\u2019. Sabia que tinha sido tra\u00eddo e que seria entregue por Judas naquela noite\u201d.<\/p>\n<p>\u201cTendo amado os seus que estavam no mundo, amou-os at\u00e9 o fim\u2019. Mas Deus ama assim! At\u00e9 o fim e d\u00e1 a vida por todos n\u00f3s e se orgulha disso. Deus quer isto porque Ele tem amor: ama at\u00e9 o fim. N\u00e3o \u00e9 f\u00e1cil, porque todos n\u00f3s somos pecadores, todos temos limites, defeitos, muitas coisas. Sabemos amar, mas n\u00e3o somos como Deus que ama sem olhar as consequ\u00eancias, at\u00e9 o fim. \u00c9 um exemplo. Para mostrar isso, Ele que era o chefe, que era Deus, lava os p\u00e9s de seus disc\u00edpulos\u201d, disse o Papa em sua homilia.<\/p>\n<p><img loading=\"lazy\" class=\"alignleft\" src=\"http:\/\/franciscanos.org.br\/wp-content\/uploads\/2017\/04\/ceia_140417_3.jpg\" alt=\"ceia_140417_3\" width=\"820\" height=\"370\" \/><\/p>\n<p>Francisco explicou que o gesto de lavar os p\u00e9s era um costume que se fazia na \u00e9poca antes do almo\u00e7o e do jantar, porque n\u00e3o tinha asfalto e as pessoas caminhavam na terra e ficavam com os p\u00e9s cheios de poeira. \u201cUm dos gestos para receber uma pessoa em casa, al\u00e9m de oferecer alimento, era tamb\u00e9m o de lavar os p\u00e9s da pessoa. Isso era feito pelos escravos. Mas Jesus inverte isso e realiza Ele mesmo esse gesto. Sim\u00e3o Pedro n\u00e3o queria que Jesus lavasse os seus p\u00e9s, mas Jesus lhe respondeu que Ele tinha vindo ao mundo para servir, para nos servir, para se fazer servo por n\u00f3s, para dar a vida por n\u00f3s, para nos amar at\u00e9 o fim.\u201d<\/p>\n<p>Francisco disse que quando chegou a Paliano, v\u00e1rias pessoas o saudaram. \u201cChegou o Papa, o chefe. O chefe da Igreja&#8230;\u201d. O chefe da Igreja \u00e9 Jesus. O Papa \u00e9 a figura de Jesus e eu gostaria de fazer o mesmo que Ele fez. Nesta cerim\u00f4nia, o p\u00e1roco lava os p\u00e9s dos fi\u00e9is: se inverte. O que parece o maior deve fazer o trabalho do escravo. Para semear amor, para semear amor entre n\u00f3s, lhes digo: \u201cSe voc\u00eas puderem ajudem, fa\u00e7am um servi\u00e7o ao companheiro aqui, no c\u00e1rcere, \u00e0 tua companheira. Fa\u00e7am, porque isso \u00e9 amor, isso \u00e9 como lavar os p\u00e9s. \u00c9 ser servo dos outros. Uma vez os disc\u00edpulos brigavam entre eles sobre quem fosse o maior, o mais importante. E Jesus lhes disse: \u2018Quem quiser ser importante, deve se fazer pequeno e servo dos todos. Foi o que Ele fez. \u00c9 o que Deus faz com a gente. Quem serve \u00e9 o servo. Somos pobrezinhos. Ele \u00e9 grande. Ele \u00e9 bom. Ele nos ama como somos. Durante esta cerim\u00f4nia pensemos em Deus, em Jesus. N\u00e3o \u00e9 uma cerim\u00f4nia de folclore: \u00e9 um gesto para recordar o que Jesus nos deu. Depois disso, pegou o p\u00e3o e nos deu o Seu corpo. Pegou o vinho e nos deu o Seu sangue. Assim \u00e9 o amor. Pensemos, hoje, somente no amor de Deus.\u201d<\/p>\n<p>A Casa de Reclus\u00e3o de Paliano \u00e9 dedicada aos colaboradores da Justi\u00e7a &#8211; a \u00fanico do g\u00eanero na It\u00e1lia. H\u00e1 duas sess\u00f5es &#8211; masculina e feminina \u2013 e outra sess\u00e3o para os doentes de tuberculose. Tem uma capacidade para 140 reclusos.<\/p>\n<p><img loading=\"lazy\" class=\"alignleft\" src=\"http:\/\/franciscanos.org.br\/wp-content\/uploads\/2017\/04\/ceia_140417_2.jpg\" alt=\"ceia_140417_2\" width=\"820\" height=\"440\" \/><\/p>\n<p>Trata-se da terceira vez que Francisco celebra este rito numa pris\u00e3o. Em 2015, a missa foi realizada no Pres\u00eddio de Rebibbia, em Roma. Em 2013, o local foi o C\u00e1rcere para Menores &#8220;Casal del Marmo&#8221;, tamb\u00e9m em Roma.<\/p>\n<p>No ano passado, o Papa lavou os p\u00e9s dos refugiados no centro de acolhimento de Castelnuovo, munic\u00edpio ao norte de Roma. Em 2014, a cerim\u00f4nia foi no Centro Santa Maria da Provid\u00eancia, na periferia romana, que acolhe pessoas com defici\u00eancias.<\/p>\n<hr \/>\n<p><em>Fonte: R\u00e1dio Vaticano<\/em><\/p>\n","protected":false},"excerpt":{"rendered":"<p>Lava-p\u00e9s<\/p>\n","protected":false},"author":1,"featured_media":197949,"comment_status":"open","ping_status":"open","sticky":false,"template":"","format":"standard","meta":[],"categories":[1428],"tags":[1436],"acf":[],"yoast_head":"<!-- This site is optimized with the Yoast SEO plugin v19.2 - https:\/\/yoast.com\/wordpress\/plugins\/seo\/ -->\n<title>Deus ama at\u00e9 o fim, sem olhar as consequ\u00eancias - Not\u00edcias - Franciscanos<\/title>\n<meta name=\"robots\" content=\"index, follow, max-snippet:-1, max-image-preview:large, max-video-preview:-1\" \/>\n<link rel=\"canonical\" href=\"https:\/\/franciscanos.org.br\/noticias\/sabemos-amar-mas-nao-somos-como-deus-que-ama-sem-olhar-as-consequencias-ate-o-fim.html\" \/>\n<meta property=\"og:locale\" content=\"pt_BR\" \/>\n<meta property=\"og:type\" content=\"article\" \/>\n<meta property=\"og:title\" content=\"Deus ama at\u00e9 o fim, sem olhar as consequ\u00eancias - Not\u00edcias - Franciscanos\" \/>\n<meta property=\"og:description\" content=\"Lava-p\u00e9s\" \/>\n<meta property=\"og:url\" content=\"https:\/\/franciscanos.org.br\/noticias\/sabemos-amar-mas-nao-somos-como-deus-que-ama-sem-olhar-as-consequencias-ate-o-fim.html\" \/>\n<meta property=\"og:site_name\" content=\"Not\u00edcias - Franciscanos\" \/>\n<meta property=\"article:published_time\" content=\"2017-04-14T12:13:31+00:00\" \/>\n<meta property=\"article:modified_time\" content=\"2020-06-09T12:46:48+00:00\" \/>\n<meta property=\"og:image\" content=\"https:\/\/franciscanos.org.br\/noticias\/wp-content\/uploads\/2017\/04\/ceia_140417_1.jpg\" \/>\n\t<meta property=\"og:image:width\" content=\"273\" \/>\n\t<meta property=\"og:image:height\" content=\"181\" \/>\n\t<meta property=\"og:image:type\" content=\"image\/jpeg\" \/>\n<meta name=\"author\" content=\"admin\" \/>\n<meta name=\"twitter:card\" content=\"summary_large_image\" \/>\n<meta name=\"twitter:label1\" content=\"Escrito por\" \/>\n\t<meta name=\"twitter:data1\" content=\"admin\" \/>\n\t<meta name=\"twitter:label2\" content=\"Est. tempo de leitura\" \/>\n\t<meta name=\"twitter:data2\" content=\"4 minutos\" \/>\n<script type=\"application\/ld+json\" class=\"yoast-schema-graph\">{\"@context\":\"https:\/\/schema.org\",\"@graph\":[{\"@type\":\"WebSite\",\"@id\":\"https:\/\/franciscanos.org.br\/noticias\/#website\",\"url\":\"https:\/\/franciscanos.org.br\/noticias\/\",\"name\":\"Not\u00edcias - Franciscanos\",\"description\":\"Prov\u00edncia Franciscana da Imaculada Concei\u00e7\u00e3o do Brasil - Ordem dos Frades Menores - OFM\",\"potentialAction\":[{\"@type\":\"SearchAction\",\"target\":{\"@type\":\"EntryPoint\",\"urlTemplate\":\"https:\/\/franciscanos.org.br\/noticias\/?s={search_term_string}\"},\"query-input\":\"required name=search_term_string\"}],\"inLanguage\":\"pt-BR\"},{\"@type\":\"ImageObject\",\"inLanguage\":\"pt-BR\",\"@id\":\"https:\/\/franciscanos.org.br\/noticias\/sabemos-amar-mas-nao-somos-como-deus-que-ama-sem-olhar-as-consequencias-ate-o-fim.html#primaryimage\",\"url\":\"https:\/\/franciscanos.org.br\/noticias\/wp-content\/uploads\/2017\/04\/ceia_140417_1.jpg\",\"contentUrl\":\"https:\/\/franciscanos.org.br\/noticias\/wp-content\/uploads\/2017\/04\/ceia_140417_1.jpg\",\"width\":273,\"height\":181},{\"@type\":\"WebPage\",\"@id\":\"https:\/\/franciscanos.org.br\/noticias\/sabemos-amar-mas-nao-somos-como-deus-que-ama-sem-olhar-as-consequencias-ate-o-fim.html#webpage\",\"url\":\"https:\/\/franciscanos.org.br\/noticias\/sabemos-amar-mas-nao-somos-como-deus-que-ama-sem-olhar-as-consequencias-ate-o-fim.html\",\"name\":\"Deus ama at\u00e9 o fim, sem olhar as consequ\u00eancias - Not\u00edcias - Franciscanos\",\"isPartOf\":{\"@id\":\"https:\/\/franciscanos.org.br\/noticias\/#website\"},\"primaryImageOfPage\":{\"@id\":\"https:\/\/franciscanos.org.br\/noticias\/sabemos-amar-mas-nao-somos-como-deus-que-ama-sem-olhar-as-consequencias-ate-o-fim.html#primaryimage\"},\"datePublished\":\"2017-04-14T12:13:31+00:00\",\"dateModified\":\"2020-06-09T12:46:48+00:00\",\"author\":{\"@id\":\"https:\/\/franciscanos.org.br\/noticias\/#\/schema\/person\/b38fbf43118f02820bd932f2e4b14ad3\"},\"breadcrumb\":{\"@id\":\"https:\/\/franciscanos.org.br\/noticias\/sabemos-amar-mas-nao-somos-como-deus-que-ama-sem-olhar-as-consequencias-ate-o-fim.html#breadcrumb\"},\"inLanguage\":\"pt-BR\",\"potentialAction\":[{\"@type\":\"ReadAction\",\"target\":[\"https:\/\/franciscanos.org.br\/noticias\/sabemos-amar-mas-nao-somos-como-deus-que-ama-sem-olhar-as-consequencias-ate-o-fim.html\"]}]},{\"@type\":\"BreadcrumbList\",\"@id\":\"https:\/\/franciscanos.org.br\/noticias\/sabemos-amar-mas-nao-somos-como-deus-que-ama-sem-olhar-as-consequencias-ate-o-fim.html#breadcrumb\",\"itemListElement\":[{\"@type\":\"ListItem\",\"position\":1,\"name\":\"Home\",\"item\":\"https:\/\/franciscanos.org.br\/noticias\"},{\"@type\":\"ListItem\",\"position\":2,\"name\":\"Deus ama at\u00e9 o fim, sem olhar as consequ\u00eancias\"}]},{\"@type\":\"Person\",\"@id\":\"https:\/\/franciscanos.org.br\/noticias\/#\/schema\/person\/b38fbf43118f02820bd932f2e4b14ad3\",\"name\":\"admin\",\"image\":{\"@type\":\"ImageObject\",\"inLanguage\":\"pt-BR\",\"@id\":\"https:\/\/franciscanos.org.br\/noticias\/#\/schema\/person\/image\/\",\"url\":\"https:\/\/secure.gravatar.com\/avatar\/e8495742d34d0ba6448ea1c628263b3e?s=96&d=mm&r=g\",\"contentUrl\":\"https:\/\/secure.gravatar.com\/avatar\/e8495742d34d0ba6448ea1c628263b3e?s=96&d=mm&r=g\",\"caption\":\"admin\"},\"url\":\"https:\/\/franciscanos.org.br\/noticias\/author\/admin\"}]}<\/script>\n<!-- \/ Yoast SEO plugin. -->","yoast_head_json":{"title":"Deus ama at\u00e9 o fim, sem olhar as consequ\u00eancias - Not\u00edcias - Franciscanos","robots":{"index":"index","follow":"follow","max-snippet":"max-snippet:-1","max-image-preview":"max-image-preview:large","max-video-preview":"max-video-preview:-1"},"canonical":"https:\/\/franciscanos.org.br\/noticias\/sabemos-amar-mas-nao-somos-como-deus-que-ama-sem-olhar-as-consequencias-ate-o-fim.html","og_locale":"pt_BR","og_type":"article","og_title":"Deus ama at\u00e9 o fim, sem olhar as consequ\u00eancias - Not\u00edcias - Franciscanos","og_description":"Lava-p\u00e9s","og_url":"https:\/\/franciscanos.org.br\/noticias\/sabemos-amar-mas-nao-somos-como-deus-que-ama-sem-olhar-as-consequencias-ate-o-fim.html","og_site_name":"Not\u00edcias - Franciscanos","article_published_time":"2017-04-14T12:13:31+00:00","article_modified_time":"2020-06-09T12:46:48+00:00","og_image":[{"width":273,"height":181,"url":"https:\/\/franciscanos.org.br\/noticias\/wp-content\/uploads\/2017\/04\/ceia_140417_1.jpg","type":"image\/jpeg"}],"author":"admin","twitter_card":"summary_large_image","twitter_misc":{"Escrito por":"admin","Est. tempo de leitura":"4 minutos"},"schema":{"@context":"https:\/\/schema.org","@graph":[{"@type":"WebSite","@id":"https:\/\/franciscanos.org.br\/noticias\/#website","url":"https:\/\/franciscanos.org.br\/noticias\/","name":"Not\u00edcias - Franciscanos","description":"Prov\u00edncia Franciscana da Imaculada Concei\u00e7\u00e3o do Brasil - Ordem dos Frades Menores - OFM","potentialAction":[{"@type":"SearchAction","target":{"@type":"EntryPoint","urlTemplate":"https:\/\/franciscanos.org.br\/noticias\/?s={search_term_string}"},"query-input":"required name=search_term_string"}],"inLanguage":"pt-BR"},{"@type":"ImageObject","inLanguage":"pt-BR","@id":"https:\/\/franciscanos.org.br\/noticias\/sabemos-amar-mas-nao-somos-como-deus-que-ama-sem-olhar-as-consequencias-ate-o-fim.html#primaryimage","url":"https:\/\/franciscanos.org.br\/noticias\/wp-content\/uploads\/2017\/04\/ceia_140417_1.jpg","contentUrl":"https:\/\/franciscanos.org.br\/noticias\/wp-content\/uploads\/2017\/04\/ceia_140417_1.jpg","width":273,"height":181},{"@type":"WebPage","@id":"https:\/\/franciscanos.org.br\/noticias\/sabemos-amar-mas-nao-somos-como-deus-que-ama-sem-olhar-as-consequencias-ate-o-fim.html#webpage","url":"https:\/\/franciscanos.org.br\/noticias\/sabemos-amar-mas-nao-somos-como-deus-que-ama-sem-olhar-as-consequencias-ate-o-fim.html","name":"Deus ama at\u00e9 o fim, sem olhar as consequ\u00eancias - Not\u00edcias - Franciscanos","isPartOf":{"@id":"https:\/\/franciscanos.org.br\/noticias\/#website"},"primaryImageOfPage":{"@id":"https:\/\/franciscanos.org.br\/noticias\/sabemos-amar-mas-nao-somos-como-deus-que-ama-sem-olhar-as-consequencias-ate-o-fim.html#primaryimage"},"datePublished":"2017-04-14T12:13:31+00:00","dateModified":"2020-06-09T12:46:48+00:00","author":{"@id":"https:\/\/franciscanos.org.br\/noticias\/#\/schema\/person\/b38fbf43118f02820bd932f2e4b14ad3"},"breadcrumb":{"@id":"https:\/\/franciscanos.org.br\/noticias\/sabemos-amar-mas-nao-somos-como-deus-que-ama-sem-olhar-as-consequencias-ate-o-fim.html#breadcrumb"},"inLanguage":"pt-BR","potentialAction":[{"@type":"ReadAction","target":["https:\/\/franciscanos.org.br\/noticias\/sabemos-amar-mas-nao-somos-como-deus-que-ama-sem-olhar-as-consequencias-ate-o-fim.html"]}]},{"@type":"BreadcrumbList","@id":"https:\/\/franciscanos.org.br\/noticias\/sabemos-amar-mas-nao-somos-como-deus-que-ama-sem-olhar-as-consequencias-ate-o-fim.html#breadcrumb","itemListElement":[{"@type":"ListItem","position":1,"name":"Home","item":"https:\/\/franciscanos.org.br\/noticias"},{"@type":"ListItem","position":2,"name":"Deus ama at\u00e9 o fim, sem olhar as consequ\u00eancias"}]},{"@type":"Person","@id":"https:\/\/franciscanos.org.br\/noticias\/#\/schema\/person\/b38fbf43118f02820bd932f2e4b14ad3","name":"admin","image":{"@type":"ImageObject","inLanguage":"pt-BR","@id":"https:\/\/franciscanos.org.br\/noticias\/#\/schema\/person\/image\/","url":"https:\/\/secure.gravatar.com\/avatar\/e8495742d34d0ba6448ea1c628263b3e?s=96&d=mm&r=g","contentUrl":"https:\/\/secure.gravatar.com\/avatar\/e8495742d34d0ba6448ea1c628263b3e?s=96&d=mm&r=g","caption":"admin"},"url":"https:\/\/franciscanos.org.br\/noticias\/author\/admin"}]}},"_links":{"self":[{"href":"https:\/\/franciscanos.org.br\/noticias\/wp-json\/wp\/v2\/posts\/130204"}],"collection":[{"href":"https:\/\/franciscanos.org.br\/noticias\/wp-json\/wp\/v2\/posts"}],"about":[{"href":"https:\/\/franciscanos.org.br\/noticias\/wp-json\/wp\/v2\/types\/post"}],"author":[{"embeddable":true,"href":"https:\/\/franciscanos.org.br\/noticias\/wp-json\/wp\/v2\/users\/1"}],"replies":[{"embeddable":true,"href":"https:\/\/franciscanos.org.br\/noticias\/wp-json\/wp\/v2\/comments?post=130204"}],"version-history":[{"count":1,"href":"https:\/\/franciscanos.org.br\/noticias\/wp-json\/wp\/v2\/posts\/130204\/revisions"}],"predecessor-version":[{"id":225392,"href":"https:\/\/franciscanos.org.br\/noticias\/wp-json\/wp\/v2\/posts\/130204\/revisions\/225392"}],"wp:featuredmedia":[{"embeddable":true,"href":"https:\/\/franciscanos.org.br\/noticias\/wp-json\/wp\/v2\/media\/197949"}],"wp:attachment":[{"href":"https:\/\/franciscanos.org.br\/noticias\/wp-json\/wp\/v2\/media?parent=130204"}],"wp:term":[{"taxonomy":"category","embeddable":true,"href":"https:\/\/franciscanos.org.br\/noticias\/wp-json\/wp\/v2\/categories?post=130204"},{"taxonomy":"post_tag","embeddable":true,"href":"https:\/\/franciscanos.org.br\/noticias\/wp-json\/wp\/v2\/tags?post=130204"}],"curies":[{"name":"wp","href":"https:\/\/api.w.org\/{rel}","templated":true}]}}