{"id":130172,"date":"2017-04-12T13:27:24","date_gmt":"2017-04-12T16:27:24","guid":{"rendered":"http:\/\/franciscanos.org.br\/?p=130172"},"modified":"2021-07-05T20:14:12","modified_gmt":"2021-07-05T23:14:12","slug":"pascoa-e-celebrada-pelos-canarinhos-de-petropolis","status":"publish","type":"post","link":"https:\/\/franciscanos.org.br\/noticias\/pascoa-e-celebrada-pelos-canarinhos-de-petropolis.html","title":{"rendered":"P\u00e1scoa \u00e9 celebrada pelos Canarinhos de Petr\u00f3polis"},"content":{"rendered":"<h3><img loading=\"lazy\" class=\"alignleft\" src=\"http:\/\/franciscanos.org.br\/wp-content\/uploads\/2017\/04\/canarinhos_120417.jpg\" alt=\"canarinhos_120417\" width=\"830\" height=\"405\" \/><\/h3>\n<h3>Cerim\u00f4nias ser\u00e3o na Igreja do Sagrado Cora\u00e7\u00e3o de Jesus<\/h3>\n<p>A P\u00e1scoa \u00e9 a principal e mais antiga celebra\u00e7\u00e3o do ano lit\u00fargico crist\u00e3o. A festividade marca a ressurrei\u00e7\u00e3o de Jesus Cristo, que ocorreu tr\u00eas dias ap\u00f3s sua crucifica\u00e7\u00e3o no Calv\u00e1rio. Neste ano, a data ser\u00e1 celebrada pelos corais do Instituto dos Meninos Cantores de Petr\u00f3polis (IMCP), que participar\u00e3o de cerim\u00f4nias tradicionais entre os dias 13 e 16 de abril, na Igreja do Sagrado Cora\u00e7\u00e3o de Jesus.<\/p>\n<p>Na quinta-feira (13), o Coral dos Canarinhos de Petr\u00f3polis canta na Missa do Lava-P\u00e9s, a partir das 19h30. O rito religioso lembra o gesto feito por Jesus durante a \u00daltima Ceia, quando lavou os p\u00e9s de seus ap\u00f3stolos, em um gesto de purifica\u00e7\u00e3o e humildade.<\/p>\n<p>J\u00e1 na sexta-feira santa (14), \u00e0s 15h, o Coral das Meninas dos Canarinhos de Petr\u00f3polis participa da Celebra\u00e7\u00e3o da Paix\u00e3o de Nosso Senhor, que relembra o momento da crucifica\u00e7\u00e3o e da morte de Cristo.<\/p>\n<p>No domingo (16), \u00e0s 10h, o Coral dos Canarinhos acompanha a Missa de P\u00e1scoa, marcando a ressurrei\u00e7\u00e3o de Jesus para a vida eterna. \u201cAs apresenta\u00e7\u00f5es dos coros durante o per\u00edodo pascal fazem parte da nossa hist\u00f3ria e tradi\u00e7\u00e3o. Al\u00e9m de celebrarmos todo o significado que essa data tem para os cat\u00f3licos, tamb\u00e9m aproveitamos esse momento para dar mensagens de paz e esperan\u00e7a ao p\u00fablico\u201d, convidou o maestro do Coral dos Canarinhos e diretor art\u00edstico do IMCP, Marco Aur\u00e9lio Lischt.<\/p>\n<p>A Igreja do Sagrado Cora\u00e7\u00e3o de Jesus est\u00e1 localizada na Rua Montecaseros, n\u00famero 95, no Centro de Petr\u00f3polis. Mais informa\u00e7\u00f5es sobre as atividades do Instituto dos Meninos Cantores de Petr\u00f3polis podem ser consultadas pelo telefone (24) 2104-4141, pelo Facebook <a href=\"http:\/\/fb.com\/canarinhosdepetropolis\">http:\/\/fb.com\/canarinhosdepetropolis<\/a> ou pelo site <a href=\"http:\/\/www.canarinhos.com.br\">www.canarinhos.com.br<\/a>.<\/p>\n","protected":false},"excerpt":{"rendered":"<p>Coral<\/p>\n","protected":false},"author":1,"featured_media":197957,"comment_status":"open","ping_status":"open","sticky":false,"template":"","format":"standard","meta":[],"categories":[1],"tags":[1378,1531],"acf":[],"yoast_head":"<!-- This site is optimized with the Yoast SEO plugin v19.2 - https:\/\/yoast.com\/wordpress\/plugins\/seo\/ -->\n<title>P\u00e1scoa \u00e9 celebrada pelos Canarinhos de Petr\u00f3polis - Not\u00edcias - Franciscanos<\/title>\n<meta name=\"robots\" content=\"index, follow, max-snippet:-1, max-image-preview:large, max-video-preview:-1\" \/>\n<link rel=\"canonical\" href=\"https:\/\/franciscanos.org.br\/noticias\/pascoa-e-celebrada-pelos-canarinhos-de-petropolis.html\" \/>\n<meta property=\"og:locale\" content=\"pt_BR\" \/>\n<meta property=\"og:type\" content=\"article\" \/>\n<meta property=\"og:title\" content=\"P\u00e1scoa \u00e9 celebrada pelos Canarinhos de Petr\u00f3polis - Not\u00edcias - Franciscanos\" \/>\n<meta property=\"og:description\" content=\"Coral\" \/>\n<meta property=\"og:url\" content=\"https:\/\/franciscanos.org.br\/noticias\/pascoa-e-celebrada-pelos-canarinhos-de-petropolis.html\" \/>\n<meta property=\"og:site_name\" content=\"Not\u00edcias - Franciscanos\" \/>\n<meta property=\"article:published_time\" content=\"2017-04-12T16:27:24+00:00\" \/>\n<meta property=\"article:modified_time\" content=\"2021-07-05T23:14:12+00:00\" \/>\n<meta property=\"og:image\" content=\"https:\/\/franciscanos.org.br\/noticias\/wp-content\/uploads\/2017\/04\/canarinhos_120417.jpg\" \/>\n\t<meta property=\"og:image:width\" content=\"273\" \/>\n\t<meta property=\"og:image:height\" content=\"181\" \/>\n\t<meta property=\"og:image:type\" content=\"image\/jpeg\" \/>\n<meta name=\"author\" content=\"admin\" \/>\n<meta name=\"twitter:card\" content=\"summary_large_image\" \/>\n<meta name=\"twitter:label1\" content=\"Escrito por\" \/>\n\t<meta name=\"twitter:data1\" content=\"admin\" \/>\n\t<meta name=\"twitter:label2\" content=\"Est. tempo de leitura\" \/>\n\t<meta name=\"twitter:data2\" content=\"2 minutos\" \/>\n<script type=\"application\/ld+json\" class=\"yoast-schema-graph\">{\"@context\":\"https:\/\/schema.org\",\"@graph\":[{\"@type\":\"WebSite\",\"@id\":\"https:\/\/franciscanos.org.br\/noticias\/#website\",\"url\":\"https:\/\/franciscanos.org.br\/noticias\/\",\"name\":\"Not\u00edcias - Franciscanos\",\"description\":\"Prov\u00edncia Franciscana da Imaculada Concei\u00e7\u00e3o do Brasil - Ordem dos Frades Menores - OFM\",\"potentialAction\":[{\"@type\":\"SearchAction\",\"target\":{\"@type\":\"EntryPoint\",\"urlTemplate\":\"https:\/\/franciscanos.org.br\/noticias\/?s={search_term_string}\"},\"query-input\":\"required name=search_term_string\"}],\"inLanguage\":\"pt-BR\"},{\"@type\":\"ImageObject\",\"inLanguage\":\"pt-BR\",\"@id\":\"https:\/\/franciscanos.org.br\/noticias\/pascoa-e-celebrada-pelos-canarinhos-de-petropolis.html#primaryimage\",\"url\":\"https:\/\/franciscanos.org.br\/noticias\/wp-content\/uploads\/2017\/04\/canarinhos_120417.jpg\",\"contentUrl\":\"https:\/\/franciscanos.org.br\/noticias\/wp-content\/uploads\/2017\/04\/canarinhos_120417.jpg\",\"width\":273,\"height\":181},{\"@type\":\"WebPage\",\"@id\":\"https:\/\/franciscanos.org.br\/noticias\/pascoa-e-celebrada-pelos-canarinhos-de-petropolis.html#webpage\",\"url\":\"https:\/\/franciscanos.org.br\/noticias\/pascoa-e-celebrada-pelos-canarinhos-de-petropolis.html\",\"name\":\"P\u00e1scoa \u00e9 celebrada pelos Canarinhos de Petr\u00f3polis - Not\u00edcias - Franciscanos\",\"isPartOf\":{\"@id\":\"https:\/\/franciscanos.org.br\/noticias\/#website\"},\"primaryImageOfPage\":{\"@id\":\"https:\/\/franciscanos.org.br\/noticias\/pascoa-e-celebrada-pelos-canarinhos-de-petropolis.html#primaryimage\"},\"datePublished\":\"2017-04-12T16:27:24+00:00\",\"dateModified\":\"2021-07-05T23:14:12+00:00\",\"author\":{\"@id\":\"https:\/\/franciscanos.org.br\/noticias\/#\/schema\/person\/b38fbf43118f02820bd932f2e4b14ad3\"},\"breadcrumb\":{\"@id\":\"https:\/\/franciscanos.org.br\/noticias\/pascoa-e-celebrada-pelos-canarinhos-de-petropolis.html#breadcrumb\"},\"inLanguage\":\"pt-BR\",\"potentialAction\":[{\"@type\":\"ReadAction\",\"target\":[\"https:\/\/franciscanos.org.br\/noticias\/pascoa-e-celebrada-pelos-canarinhos-de-petropolis.html\"]}]},{\"@type\":\"BreadcrumbList\",\"@id\":\"https:\/\/franciscanos.org.br\/noticias\/pascoa-e-celebrada-pelos-canarinhos-de-petropolis.html#breadcrumb\",\"itemListElement\":[{\"@type\":\"ListItem\",\"position\":1,\"name\":\"Home\",\"item\":\"https:\/\/franciscanos.org.br\/noticias\"},{\"@type\":\"ListItem\",\"position\":2,\"name\":\"P\u00e1scoa \u00e9 celebrada pelos Canarinhos de Petr\u00f3polis\"}]},{\"@type\":\"Person\",\"@id\":\"https:\/\/franciscanos.org.br\/noticias\/#\/schema\/person\/b38fbf43118f02820bd932f2e4b14ad3\",\"name\":\"admin\",\"image\":{\"@type\":\"ImageObject\",\"inLanguage\":\"pt-BR\",\"@id\":\"https:\/\/franciscanos.org.br\/noticias\/#\/schema\/person\/image\/\",\"url\":\"https:\/\/secure.gravatar.com\/avatar\/e8495742d34d0ba6448ea1c628263b3e?s=96&d=mm&r=g\",\"contentUrl\":\"https:\/\/secure.gravatar.com\/avatar\/e8495742d34d0ba6448ea1c628263b3e?s=96&d=mm&r=g\",\"caption\":\"admin\"},\"url\":\"https:\/\/franciscanos.org.br\/noticias\/author\/admin\"}]}<\/script>\n<!-- \/ Yoast SEO plugin. -->","yoast_head_json":{"title":"P\u00e1scoa \u00e9 celebrada pelos Canarinhos de Petr\u00f3polis - Not\u00edcias - Franciscanos","robots":{"index":"index","follow":"follow","max-snippet":"max-snippet:-1","max-image-preview":"max-image-preview:large","max-video-preview":"max-video-preview:-1"},"canonical":"https:\/\/franciscanos.org.br\/noticias\/pascoa-e-celebrada-pelos-canarinhos-de-petropolis.html","og_locale":"pt_BR","og_type":"article","og_title":"P\u00e1scoa \u00e9 celebrada pelos Canarinhos de Petr\u00f3polis - Not\u00edcias - Franciscanos","og_description":"Coral","og_url":"https:\/\/franciscanos.org.br\/noticias\/pascoa-e-celebrada-pelos-canarinhos-de-petropolis.html","og_site_name":"Not\u00edcias - Franciscanos","article_published_time":"2017-04-12T16:27:24+00:00","article_modified_time":"2021-07-05T23:14:12+00:00","og_image":[{"width":273,"height":181,"url":"https:\/\/franciscanos.org.br\/noticias\/wp-content\/uploads\/2017\/04\/canarinhos_120417.jpg","type":"image\/jpeg"}],"author":"admin","twitter_card":"summary_large_image","twitter_misc":{"Escrito por":"admin","Est. tempo de leitura":"2 minutos"},"schema":{"@context":"https:\/\/schema.org","@graph":[{"@type":"WebSite","@id":"https:\/\/franciscanos.org.br\/noticias\/#website","url":"https:\/\/franciscanos.org.br\/noticias\/","name":"Not\u00edcias - Franciscanos","description":"Prov\u00edncia Franciscana da Imaculada Concei\u00e7\u00e3o do Brasil - Ordem dos Frades Menores - OFM","potentialAction":[{"@type":"SearchAction","target":{"@type":"EntryPoint","urlTemplate":"https:\/\/franciscanos.org.br\/noticias\/?s={search_term_string}"},"query-input":"required name=search_term_string"}],"inLanguage":"pt-BR"},{"@type":"ImageObject","inLanguage":"pt-BR","@id":"https:\/\/franciscanos.org.br\/noticias\/pascoa-e-celebrada-pelos-canarinhos-de-petropolis.html#primaryimage","url":"https:\/\/franciscanos.org.br\/noticias\/wp-content\/uploads\/2017\/04\/canarinhos_120417.jpg","contentUrl":"https:\/\/franciscanos.org.br\/noticias\/wp-content\/uploads\/2017\/04\/canarinhos_120417.jpg","width":273,"height":181},{"@type":"WebPage","@id":"https:\/\/franciscanos.org.br\/noticias\/pascoa-e-celebrada-pelos-canarinhos-de-petropolis.html#webpage","url":"https:\/\/franciscanos.org.br\/noticias\/pascoa-e-celebrada-pelos-canarinhos-de-petropolis.html","name":"P\u00e1scoa \u00e9 celebrada pelos Canarinhos de Petr\u00f3polis - Not\u00edcias - Franciscanos","isPartOf":{"@id":"https:\/\/franciscanos.org.br\/noticias\/#website"},"primaryImageOfPage":{"@id":"https:\/\/franciscanos.org.br\/noticias\/pascoa-e-celebrada-pelos-canarinhos-de-petropolis.html#primaryimage"},"datePublished":"2017-04-12T16:27:24+00:00","dateModified":"2021-07-05T23:14:12+00:00","author":{"@id":"https:\/\/franciscanos.org.br\/noticias\/#\/schema\/person\/b38fbf43118f02820bd932f2e4b14ad3"},"breadcrumb":{"@id":"https:\/\/franciscanos.org.br\/noticias\/pascoa-e-celebrada-pelos-canarinhos-de-petropolis.html#breadcrumb"},"inLanguage":"pt-BR","potentialAction":[{"@type":"ReadAction","target":["https:\/\/franciscanos.org.br\/noticias\/pascoa-e-celebrada-pelos-canarinhos-de-petropolis.html"]}]},{"@type":"BreadcrumbList","@id":"https:\/\/franciscanos.org.br\/noticias\/pascoa-e-celebrada-pelos-canarinhos-de-petropolis.html#breadcrumb","itemListElement":[{"@type":"ListItem","position":1,"name":"Home","item":"https:\/\/franciscanos.org.br\/noticias"},{"@type":"ListItem","position":2,"name":"P\u00e1scoa \u00e9 celebrada pelos Canarinhos de Petr\u00f3polis"}]},{"@type":"Person","@id":"https:\/\/franciscanos.org.br\/noticias\/#\/schema\/person\/b38fbf43118f02820bd932f2e4b14ad3","name":"admin","image":{"@type":"ImageObject","inLanguage":"pt-BR","@id":"https:\/\/franciscanos.org.br\/noticias\/#\/schema\/person\/image\/","url":"https:\/\/secure.gravatar.com\/avatar\/e8495742d34d0ba6448ea1c628263b3e?s=96&d=mm&r=g","contentUrl":"https:\/\/secure.gravatar.com\/avatar\/e8495742d34d0ba6448ea1c628263b3e?s=96&d=mm&r=g","caption":"admin"},"url":"https:\/\/franciscanos.org.br\/noticias\/author\/admin"}]}},"_links":{"self":[{"href":"https:\/\/franciscanos.org.br\/noticias\/wp-json\/wp\/v2\/posts\/130172"}],"collection":[{"href":"https:\/\/franciscanos.org.br\/noticias\/wp-json\/wp\/v2\/posts"}],"about":[{"href":"https:\/\/franciscanos.org.br\/noticias\/wp-json\/wp\/v2\/types\/post"}],"author":[{"embeddable":true,"href":"https:\/\/franciscanos.org.br\/noticias\/wp-json\/wp\/v2\/users\/1"}],"replies":[{"embeddable":true,"href":"https:\/\/franciscanos.org.br\/noticias\/wp-json\/wp\/v2\/comments?post=130172"}],"version-history":[{"count":2,"href":"https:\/\/franciscanos.org.br\/noticias\/wp-json\/wp\/v2\/posts\/130172\/revisions"}],"predecessor-version":[{"id":232903,"href":"https:\/\/franciscanos.org.br\/noticias\/wp-json\/wp\/v2\/posts\/130172\/revisions\/232903"}],"wp:featuredmedia":[{"embeddable":true,"href":"https:\/\/franciscanos.org.br\/noticias\/wp-json\/wp\/v2\/media\/197957"}],"wp:attachment":[{"href":"https:\/\/franciscanos.org.br\/noticias\/wp-json\/wp\/v2\/media?parent=130172"}],"wp:term":[{"taxonomy":"category","embeddable":true,"href":"https:\/\/franciscanos.org.br\/noticias\/wp-json\/wp\/v2\/categories?post=130172"},{"taxonomy":"post_tag","embeddable":true,"href":"https:\/\/franciscanos.org.br\/noticias\/wp-json\/wp\/v2\/tags?post=130172"}],"curies":[{"name":"wp","href":"https:\/\/api.w.org\/{rel}","templated":true}]}}