{"id":130133,"date":"2017-04-12T11:37:31","date_gmt":"2017-04-12T14:37:31","guid":{"rendered":"http:\/\/franciscanos.org.br\/?p=130133"},"modified":"2020-09-08T13:35:12","modified_gmt":"2020-09-08T16:35:12","slug":"comeca-no-dia-16-as-celebracoes-preparatorias-para-a-festa-de-nossa-senhora-da-penha","status":"publish","type":"post","link":"https:\/\/franciscanos.org.br\/noticias\/comeca-no-dia-16-as-celebracoes-preparatorias-para-a-festa-de-nossa-senhora-da-penha.html","title":{"rendered":"Festa da Penha come\u00e7a neste domingo de P\u00e1scoa"},"content":{"rendered":"<p><strong><img loading=\"lazy\" class=\"alignleft size-full wp-image-196667\" src=\"https:\/\/franciscanos.org.br\/noticias\/wp-content\/uploads\/2017\/04\/penhag_160417.jpg\" alt=\"\" width=\"830\" height=\"450\" srcset=\"https:\/\/franciscanos.org.br\/noticias\/wp-content\/uploads\/2017\/04\/penhag_160417.jpg 830w, https:\/\/franciscanos.org.br\/noticias\/wp-content\/uploads\/2017\/04\/penhag_160417-450x244.jpg 450w, https:\/\/franciscanos.org.br\/noticias\/wp-content\/uploads\/2017\/04\/penhag_160417-768x416.jpg 768w, https:\/\/franciscanos.org.br\/noticias\/wp-content\/uploads\/2017\/04\/penhag_160417-150x81.jpg 150w\" sizes=\"(max-width: 830px) 100vw, 830px\" \/>Moacir Beggo<\/strong><\/p>\n<p>O segundo santu\u00e1rio mariano mais visitado no Brasil, o Convento da Penha, em Vila Velha (ES), come\u00e7ar\u00e1 neste domingo, \u00a016 de abril, as celebra\u00e7\u00f5es preparat\u00f3rias para a grande festa de Nossa Senhora da Penha, que \u00e9 realizada sempre na segunda-feira da oitava da P\u00e1scoa, ou seja, no dia 24 de abril. Neste ano, a festa acontecer\u00e1 em meio a dois feriados prolongados, a Semana Santa e Tiradentes, e a expectativa \u00e9 de que mais de 1 milh\u00e3o de pessoas participem das celebra\u00e7\u00f5es e romarias durante este per\u00edodo, tendo em vista os anos anteriores.<\/p>\n<p>Segundo o guardi\u00e3o e reitor do Convento e Santu\u00e1rio da Penha, Frei Paulo Pereira, \u201cano a ano \u00e9 not\u00e1vel o crescimento do n\u00famero de pessoas que participam da programa\u00e7\u00e3o, e na edi\u00e7\u00e3o deste ano, com a gra\u00e7a de Deus, n\u00e3o ser\u00e1 diferente\u201d, espera. Para o guardi\u00e3o do Convento, o povo capixaba revela-se em diversas manifesta\u00e7\u00f5es. \u201cA Festa da Penha \u00e9, certamente, a mais destacada\u201d, explica o frade.<\/p>\n<p>O frade destaca que, al\u00e9m de todo o momento de f\u00e9 proporcionado pelo evento, o Convento da Penha \u00e9 uma excelente op\u00e7\u00e3o de visita pela import\u00e2ncia do monumento para a hist\u00f3ria e para a cultura do Esp\u00edrito Santo. \u201cO Convento, ao longo do tempo, foi convertido no \u00edcone da identidade do povo capixaba\u201d, acrescenta.<\/p>\n<p>Este ano, a Festa da Penha ter\u00e1 onze romarias, incluindo a tradicional Romaria dos Homens, que tem a maior participa\u00e7\u00e3o de todo o oitav\u00e1rio. A Romaria dos Homens nasceu em 1958 e n\u00e3o tem similar no mundo, principalmente pelo expressivo n\u00famero de mais de 500 mil participantes que percorrem 14 quil\u00f4metros, entoando c\u00e2nticos e ora\u00e7\u00f5es. \u00c9 realizada no primeiro s\u00e1bado ap\u00f3s a P\u00e1scoa, \u00e0 noite, saindo da pra\u00e7a da Catedral Metropolitana de Vit\u00f3ria at\u00e9 o Parque da Prainha, quando se d\u00e1 a Celebra\u00e7\u00e3o Eucar\u00edstica por volta das 23h30. Por tr\u00e1s de todas as romarias e celebra\u00e7\u00f5es est\u00e1 um \u2018ex\u00e9rcito\u2019 de volunt\u00e1rios. \u201cPode-se afirmar que a alma da Festa da Penha tem a marca da boa vontade e do generoso servi\u00e7o\u201d, explica Frei Paulo.<\/p>\n<p>A Festa da Penha \u00e9 a maior manifesta\u00e7\u00e3o religiosa do Esp\u00edrito Santo e a terceira maior festa religiosa do pa\u00eds, atr\u00e1s apenas da festa da Padroeira do Brasil, Nossa Senhora Aparecida, no estado de S\u00e3o Paulo, e a do C\u00edrio de Nazar\u00e9, em Bel\u00e9m, no Par\u00e1.<\/p>\n<p>Ao contr\u00e1rio da palavra novena, muito comum na liturgia, a palavra oitav\u00e1rio n\u00e3o \u00e9 muito conhecida. O oitav\u00e1rio acontece em vista da grande festa de Nossa Senhora das 7 Alegrias, que \u00e9 celebrada na segunda-feira ap\u00f3s a oitava da P\u00e1scoa.<\/p>\n<table border=\"0\" width=\"450\" cellspacing=\"3\" cellpadding=\"3\" align=\"right\">\n<tbody>\n<tr>\n<td bgcolor=\"#CCCCCC\">\n<h4>PROGRAMA\u00c7\u00c3O RELIGIOSA<\/h4>\n<h4><strong>Oitav\u00e1rio<\/strong><\/h4>\n<p style=\"padding-left: 30px;\">16 a 24 de abril \u00e0s 14h30 no Caminho<\/p>\n<h3><strong>16 de abril<\/strong><\/h3>\n<p style=\"padding-left: 30px;\">B\u00ean\u00e7\u00e3o da Romaria dos Cavaleiros \u00e0s 10h na Prainha<\/p>\n<h3><strong>17 de abril<\/strong><\/h3>\n<p style=\"padding-left: 30px;\">Simp\u00f3sio Mariano no Santu\u00e1rio de Vila Velha \u00e0s 19h30.<\/p>\n<h3><strong>18 de abril<\/strong><\/h3>\n<p style=\"padding-left: 30px;\">Celebra\u00e7\u00e3o e b\u00ean\u00e7\u00e3o para casais no Campinho \u00e0s 20h.<\/p>\n<h3><strong>19 de abril<\/strong><\/h3>\n<p style=\"padding-left: 30px;\">Apresenta\u00e7\u00e3o do Grupo de Teatro Shalom no Campinho do Convento \u00e0s 19h30.<\/p>\n<h3><strong>20 de abril<\/strong><\/h3>\n<p style=\"padding-left: 30px;\">Apresenta\u00e7\u00e3o da Orquestra Sinf\u00f4nica do Esp\u00edrito Santo no Santu\u00e1rio de Vila Velha \u00e0s 19h30.<\/p>\n<h3><strong>21 de abril<\/strong><\/h3>\n<p style=\"padding-left: 30px;\">Cantando com Maria (Frei Florival, Frei Paulo C\u00e9sar e Jovens de Terra Vermelha) no Campinho \u00e0s 19h30.<\/p>\n<h3><strong>22 de abril<\/strong><\/h3>\n<p style=\"padding-left: 30px;\">Romaria da Diocese de S\u00e3o Mateus \u00e0s 8h no Campinho.<br \/>\nRomaria das pessoas com defici\u00eancia \u00e0s 8h &#8211; P\u00e7a. Duque de Caxias.<br \/>\nMissa da Romaria dos Adolescentes no Campinho \u00e0s 11h &#8211; sa\u00edda da imagem de Nossa Senhora da Penha para a Catedral<br \/>\nOitav\u00e1rio com missa (Diocese de Cachoeiro de Itapemirim) no Campinho \u00e0s 14h30.<br \/>\nRomaria dos homens com sa\u00edda da catedral \u00e0s 19h.<br \/>\nMissa de encerramento da Romaria dos Homens na Prainha.<\/p>\n<h3><strong>23 de abril<\/strong><\/h3>\n<p style=\"padding-left: 30px;\">Missa da Diocese de Colatina no Campinho \u00e0s 8h.<br \/>\nB\u00ean\u00e7\u00e3o da Romaria dos motociclistas na Prainha \u00e0s 10h.<br \/>\nRomaria das mulheres &#8211; sa\u00edda do Santu\u00e1rio de Vila Velha \u00e0s 16h.<br \/>\nApresenta\u00e7\u00e3o do Coral da ArcelorMittal na Prainha \u00e0s 19h.<\/p>\n<h3><strong>24 de abril<\/strong><\/h3>\n<p style=\"padding-left: 30px;\">Missa da CRB e Semin\u00e1rio no Campinho \u00e0s 7h.<br \/>\nRomaria dos ciclistas com sa\u00edda \u00e0s 8h de Cobil\u00e2ndia.<br \/>\nApresenta\u00e7\u00e3o das Bandas de Congo no Campinho \u00e0s 9h<br \/>\nMissa das pastorais sociais no Campinho \u00e0s 10h.<br \/>\nMissa de encerramento na Prainha \u00e0s 16h.<\/p>\n<p><strong>PROGRAMA\u00c7\u00c3O FESTIVA<\/strong><br \/>\n<strong>17 de abril &#8211; 19h30<\/strong><br \/>\nSimp\u00f3sio Mariano, no Santu\u00e1rio de Vila Velha<br \/>\n<strong>18 de abril &#8211; 20h00<\/strong><br \/>\nCelebra\u00e7\u00e3o e b\u00ean\u00e7\u00e3o para casais, Campinho do Convento<br \/>\n<strong>19 de abril &#8211; 19h30<\/strong><br \/>\nApresenta\u00e7\u00e3o do Grupo Shalom, Campinho<br \/>\n<strong>20 de abril &#8211; 19h30<\/strong><br \/>\nApresenta\u00e7\u00e3o Orquestra Sinf\u00f4nica do Esp\u00edrito Santo, Santu\u00e1rio<br \/>\n<strong>21 de abril &#8211; 19h30<\/strong><br \/>\nCantando com Maria (Frei Florival, Frei Paulo e Jovens de Terra Vermelha), Campinho<\/td>\n<\/tr>\n<\/tbody>\n<\/table>\n<p><strong>ENTREVISTA<\/strong><\/p>\n<h1>Frei Paulo Pereira<\/h1>\n<p><strong>Site Franciscanos<\/strong>\u00a0<em>&#8211; Durante todo o tempo que esteve como guardi\u00e3o do Santu\u00e1rio do Divino Esp\u00edrito Santo, o sr. participou de pelo menos um dia do Oitav\u00e1rio. Desta vez, ter\u00e1 o desafio de conduzir a sua primeira Festa da Penha. Quais s\u00e3o as suas expectativas?<\/em><\/p>\n<p><strong>Frei Paulo Roberto Pereira<\/strong> &#8211; A Festa da Penha movimenta a cidade de Vila Velha, a Arquidiocese de Vit\u00f3ria, o Estado do Esp\u00edrito Santo inteiro. Assim, nos seis anos que fiz parte da fraternidade franciscana a servi\u00e7o da Par\u00f3quia do Ros\u00e1rio pude experimentar a grandiosidade deste evento. Sempre repito que, olhando \u00e0 dist\u00e2ncia, o movimento do Convento da Penha \u00e9 bem grande; estando diretamente envolvido na miss\u00e3o deste santu\u00e1rio, posso dizer que o movimento \u00e9 um sem-n\u00famero de vezes maior. A miss\u00e3o do Convento se estende para al\u00e9m do aspecto devocional, supera os espa\u00e7os dos exerc\u00edcios de piedade, amplifica a dimens\u00e3o da penit\u00eancia e da romaria. O Convento, ao longo do tempo, foi convertido no \u00edcone da identidade do povo capixaba; n\u00e3o erra quem diz que todo capixaba tem uma parte do Convento no seu cora\u00e7\u00e3o. Tais elementos justificam o gigantismo da Festa da Penha.<\/p>\n<p>A expectativa cresce \u00e0 medida que a Festa se aproxima. Cresce tamb\u00e9m o envolvimento de todos, volunt\u00e1rios, poderes p\u00fablicos, frades, amigos do Convento e do povo fiel. Ano a ano \u00e9 not\u00e1vel o crescimento do n\u00famero de pessoas que participam da programa\u00e7\u00e3o, e na edi\u00e7\u00e3o deste ano, com a gra\u00e7a de Deus, n\u00e3o ser\u00e1 diferente. Num tempo marcado pela palavra crise, tendo vivido recentemente experi\u00eancias traum\u00e1ticas como a lama no Rio Doce, a seca que assola o Estado, a greve dos policiais, o povo capixaba sabe que vai encontrar no sorriso da Virgem das Alegrias o alento e o vigor necess\u00e1rios para seguir crendo, seguir cultivando o sonho de uma Terra Sem Males.<\/p>\n<p><strong>Site Franciscanos<\/strong>\u00a0<em>&#8211;\u00a0Como foi a prepara\u00e7\u00e3o da festa? Como se deu o envolvimento dos volunt\u00e1rios?<\/em><\/p>\n<p><strong>Frei Paulo<\/strong> &#8211; Frei Valdecir, guardi\u00e3o do Convento at\u00e9 a \u00faltima festa, quando perguntado sobre o n\u00famero de volunt\u00e1rios dizia que era imposs\u00edvel afirmar com precis\u00e3o. Afinal, \u00e0queles mais de quatrocentos inscritos e identificados com camisetas especialmente confeccionadas para os dias da Festa, se somava uma enorme quantidade de gente an\u00f4nima que, com dedica\u00e7\u00e3o e empenho, criatividade e devo\u00e7\u00e3o desenvolvia alguma atividade relacionada \u00e0 Festa. Assim, pode-se afirmar que a alma da Festa da Penha tem a marca da boa vontade e do generoso servi\u00e7o.<\/p>\n<p>Desde meados do ano passado uma equipe formada por agentes da Mitra Diocesana, da Associa\u00e7\u00e3o dos Amigos do Convento da Penha e da Fraternidade Franciscana, tem se reunido para organizar a Festa. S\u00e3o muitas as dimens\u00f5es a serem planejadas, afinal \u00e9 uma festa das Igreja Locais do Esp\u00edrito Santo. As Comunidades de Base, os Servi\u00e7os e Pastorais de todas as Dioceses do Estado marcam presen\u00e7a. \u00c9 uma festa religiosa que tem apelos culturais e tur\u00edsticos. A comiss\u00e3o tem que estar atenta a tudo isso.<\/p>\n<p><strong>Site Franciscanos<\/strong>\u00a0<em>&#8211;\u00a0Como o sr. v\u00ea essa forte manifesta\u00e7\u00e3o de f\u00e9 no Esp\u00edrito Santo?<\/em><\/p>\n<p><strong>Frei Paulo<\/strong> &#8211; Marcadamente religioso, o povo capixaba revela-se em diversas manifesta\u00e7\u00f5es. A Festa da Penha \u00e9, certamente, a mais destacada. As romarias, o encontro com Deus no alto da montanha, a devo\u00e7\u00e3o mariana, na Festa est\u00e3o unidas numa s\u00f3 express\u00e3o. Tal express\u00e3o, t\u00e3o ao jeito do povo simples buscar a Deus e cultivar sua f\u00e9, garante a grandiosidade e beleza da Festa da Penha.<\/p>\n<p><strong>Site Franciscanos<\/strong>\u00a0<em>&#8211;\u00a0Quais as diferen\u00e7as de ser um guardi\u00e3o no Santu\u00e1rio do Divino Esp\u00edrito Santo e ser guardi\u00e3o no Convento da Penha?<\/em><\/p>\n<p><strong>Frei Paulo<\/strong> &#8211; Na forma franciscana de organizar a vida e a miss\u00e3o, ao Guardi\u00e3o \u00e9 dada a tarefa de animar os irm\u00e3os; esta tarefa \u00e9 igual em todas as casas da Prov\u00edncia. Entretanto, no imagin\u00e1rio do povo do Esp\u00edrito Santo, o guardi\u00e3o da Penha \u00e9 aquele que guarda a casa de Nossa Senhora. Neste aspecto, \u00e9 preciso ser mais cuidadoso. Sem fugir das responsabilidades pr\u00f3prias, sobretudo no trato com as esferas de governo, o Guardi\u00e3o do Convento da Penha deve procurar revelar a dimens\u00e3o da fraternidade, marca fundamental da evangeliza\u00e7\u00e3o franciscana.<\/p>\n<p><strong><img loading=\"lazy\" class=\"alignleft wp-image-130136 size-full\" src=\"http:\/\/franciscanos.org.br\/wp-content\/uploads\/2017\/04\/penhaentrevista_120417-350.jpg\" alt=\"penhaentrevista_120417-350\" width=\"350\" height=\"392\" \/>Site Franciscanos<\/strong>\u00a0<em>&#8211;\u00a0A Festa deste ano acontece em meio a dois feriados prolongados. O sr. acredita que isso possa aumentar a participa\u00e7\u00e3o nas celebra\u00e7\u00f5es?<\/em><\/p>\n<p><strong>Frei Paulo<\/strong> &#8211; A Semana Santa j\u00e1 \u00e9 olhada por muitos como \u201cFeriad\u00e3o\u201d; com esse nome abordada pela imprensa tradicional, com essa designa\u00e7\u00e3o s\u00e3o elaborados esquemas especiais de atendimento nos bancos e servi\u00e7os em geral e at\u00e9 a a\u00e7\u00e3o das pol\u00edcias, sobretudo a rodovi\u00e1ria. Os crist\u00e3os cat\u00f3licos s\u00e3o chamados a viver este tempo com intensidade e f\u00e9. Neste esp\u00edrito, entre os capixabas a Semana Santa \u00e9 estendida at\u00e9 a Festa da Penha.<\/p>\n<p>O dia 21 de abril, feriado de Tiradentes e da Inconfid\u00eancia Mineira, ser\u00e1 numa sexta-feira e com a Festa da Penha na segunda seguinte, formar\u00e1 um conjunto de quatro dias feriados. \u00c9 dif\u00edcil imaginar o impacto destas folgas na participa\u00e7\u00e3o dos romeiros e devotos. Se, de um lado, pode haver um esvaziamento por conta de viagens, de outro, mais pessoas ter\u00e3o tempo livre para virem participar da Festa. Esta \u00e9 a expectativa.<\/p>\n<p>A proximidade da Festa da Penha, a ser celebrada entre os dias 16 a 24 de abril, sugere que sejam intensificadas as preces para que se converta em momento de revitaliza\u00e7\u00e3o da f\u00e9 e da miss\u00e3o de cada um e de toda a Igreja.<\/p>\n<p>Virgem das Alegrias, rogai por n\u00f3s!<\/p>\n","protected":false},"excerpt":{"rendered":"<p>Festa da Penha 2017<\/p>\n","protected":false},"author":1,"featured_media":196676,"comment_status":"open","ping_status":"open","sticky":false,"template":"","format":"standard","meta":[],"categories":[1],"tags":[245],"acf":[],"yoast_head":"<!-- This site is optimized with the Yoast SEO plugin v19.2 - https:\/\/yoast.com\/wordpress\/plugins\/seo\/ -->\n<title>Festa da Penha come\u00e7a neste domingo de P\u00e1scoa - Not\u00edcias - Franciscanos<\/title>\n<meta name=\"robots\" content=\"index, follow, max-snippet:-1, max-image-preview:large, max-video-preview:-1\" \/>\n<link rel=\"canonical\" href=\"https:\/\/franciscanos.org.br\/noticias\/comeca-no-dia-16-as-celebracoes-preparatorias-para-a-festa-de-nossa-senhora-da-penha.html\" \/>\n<meta property=\"og:locale\" content=\"pt_BR\" \/>\n<meta property=\"og:type\" content=\"article\" \/>\n<meta property=\"og:title\" content=\"Festa da Penha come\u00e7a neste domingo de P\u00e1scoa - Not\u00edcias - Franciscanos\" \/>\n<meta property=\"og:description\" content=\"Festa da Penha 2017\" \/>\n<meta property=\"og:url\" content=\"https:\/\/franciscanos.org.br\/noticias\/comeca-no-dia-16-as-celebracoes-preparatorias-para-a-festa-de-nossa-senhora-da-penha.html\" \/>\n<meta property=\"og:site_name\" content=\"Not\u00edcias - Franciscanos\" \/>\n<meta property=\"article:published_time\" content=\"2017-04-12T14:37:31+00:00\" \/>\n<meta property=\"article:modified_time\" content=\"2020-09-08T16:35:12+00:00\" \/>\n<meta property=\"og:image\" content=\"https:\/\/franciscanos.org.br\/noticias\/wp-content\/uploads\/2017\/04\/penhap_160417.jpg\" \/>\n\t<meta property=\"og:image:width\" content=\"273\" \/>\n\t<meta property=\"og:image:height\" content=\"181\" \/>\n\t<meta property=\"og:image:type\" content=\"image\/jpeg\" \/>\n<meta name=\"author\" content=\"admin\" \/>\n<meta name=\"twitter:card\" content=\"summary_large_image\" \/>\n<meta name=\"twitter:label1\" content=\"Escrito por\" \/>\n\t<meta name=\"twitter:data1\" content=\"admin\" \/>\n\t<meta name=\"twitter:label2\" content=\"Est. tempo de leitura\" \/>\n\t<meta name=\"twitter:data2\" content=\"9 minutos\" \/>\n<script type=\"application\/ld+json\" class=\"yoast-schema-graph\">{\"@context\":\"https:\/\/schema.org\",\"@graph\":[{\"@type\":\"WebSite\",\"@id\":\"https:\/\/franciscanos.org.br\/noticias\/#website\",\"url\":\"https:\/\/franciscanos.org.br\/noticias\/\",\"name\":\"Not\u00edcias - Franciscanos\",\"description\":\"Prov\u00edncia Franciscana da Imaculada Concei\u00e7\u00e3o do Brasil - Ordem dos Frades Menores - OFM\",\"potentialAction\":[{\"@type\":\"SearchAction\",\"target\":{\"@type\":\"EntryPoint\",\"urlTemplate\":\"https:\/\/franciscanos.org.br\/noticias\/?s={search_term_string}\"},\"query-input\":\"required name=search_term_string\"}],\"inLanguage\":\"pt-BR\"},{\"@type\":\"ImageObject\",\"inLanguage\":\"pt-BR\",\"@id\":\"https:\/\/franciscanos.org.br\/noticias\/comeca-no-dia-16-as-celebracoes-preparatorias-para-a-festa-de-nossa-senhora-da-penha.html#primaryimage\",\"url\":\"https:\/\/franciscanos.org.br\/noticias\/wp-content\/uploads\/2017\/04\/penhap_160417.jpg\",\"contentUrl\":\"https:\/\/franciscanos.org.br\/noticias\/wp-content\/uploads\/2017\/04\/penhap_160417.jpg\",\"width\":273,\"height\":181},{\"@type\":\"WebPage\",\"@id\":\"https:\/\/franciscanos.org.br\/noticias\/comeca-no-dia-16-as-celebracoes-preparatorias-para-a-festa-de-nossa-senhora-da-penha.html#webpage\",\"url\":\"https:\/\/franciscanos.org.br\/noticias\/comeca-no-dia-16-as-celebracoes-preparatorias-para-a-festa-de-nossa-senhora-da-penha.html\",\"name\":\"Festa da Penha come\u00e7a neste domingo de P\u00e1scoa - Not\u00edcias - Franciscanos\",\"isPartOf\":{\"@id\":\"https:\/\/franciscanos.org.br\/noticias\/#website\"},\"primaryImageOfPage\":{\"@id\":\"https:\/\/franciscanos.org.br\/noticias\/comeca-no-dia-16-as-celebracoes-preparatorias-para-a-festa-de-nossa-senhora-da-penha.html#primaryimage\"},\"datePublished\":\"2017-04-12T14:37:31+00:00\",\"dateModified\":\"2020-09-08T16:35:12+00:00\",\"author\":{\"@id\":\"https:\/\/franciscanos.org.br\/noticias\/#\/schema\/person\/b38fbf43118f02820bd932f2e4b14ad3\"},\"breadcrumb\":{\"@id\":\"https:\/\/franciscanos.org.br\/noticias\/comeca-no-dia-16-as-celebracoes-preparatorias-para-a-festa-de-nossa-senhora-da-penha.html#breadcrumb\"},\"inLanguage\":\"pt-BR\",\"potentialAction\":[{\"@type\":\"ReadAction\",\"target\":[\"https:\/\/franciscanos.org.br\/noticias\/comeca-no-dia-16-as-celebracoes-preparatorias-para-a-festa-de-nossa-senhora-da-penha.html\"]}]},{\"@type\":\"BreadcrumbList\",\"@id\":\"https:\/\/franciscanos.org.br\/noticias\/comeca-no-dia-16-as-celebracoes-preparatorias-para-a-festa-de-nossa-senhora-da-penha.html#breadcrumb\",\"itemListElement\":[{\"@type\":\"ListItem\",\"position\":1,\"name\":\"Home\",\"item\":\"https:\/\/franciscanos.org.br\/noticias\"},{\"@type\":\"ListItem\",\"position\":2,\"name\":\"Festa da Penha come\u00e7a neste domingo de P\u00e1scoa\"}]},{\"@type\":\"Person\",\"@id\":\"https:\/\/franciscanos.org.br\/noticias\/#\/schema\/person\/b38fbf43118f02820bd932f2e4b14ad3\",\"name\":\"admin\",\"image\":{\"@type\":\"ImageObject\",\"inLanguage\":\"pt-BR\",\"@id\":\"https:\/\/franciscanos.org.br\/noticias\/#\/schema\/person\/image\/\",\"url\":\"https:\/\/secure.gravatar.com\/avatar\/e8495742d34d0ba6448ea1c628263b3e?s=96&d=mm&r=g\",\"contentUrl\":\"https:\/\/secure.gravatar.com\/avatar\/e8495742d34d0ba6448ea1c628263b3e?s=96&d=mm&r=g\",\"caption\":\"admin\"},\"url\":\"https:\/\/franciscanos.org.br\/noticias\/author\/admin\"}]}<\/script>\n<!-- \/ Yoast SEO plugin. -->","yoast_head_json":{"title":"Festa da Penha come\u00e7a neste domingo de P\u00e1scoa - Not\u00edcias - Franciscanos","robots":{"index":"index","follow":"follow","max-snippet":"max-snippet:-1","max-image-preview":"max-image-preview:large","max-video-preview":"max-video-preview:-1"},"canonical":"https:\/\/franciscanos.org.br\/noticias\/comeca-no-dia-16-as-celebracoes-preparatorias-para-a-festa-de-nossa-senhora-da-penha.html","og_locale":"pt_BR","og_type":"article","og_title":"Festa da Penha come\u00e7a neste domingo de P\u00e1scoa - Not\u00edcias - Franciscanos","og_description":"Festa da Penha 2017","og_url":"https:\/\/franciscanos.org.br\/noticias\/comeca-no-dia-16-as-celebracoes-preparatorias-para-a-festa-de-nossa-senhora-da-penha.html","og_site_name":"Not\u00edcias - Franciscanos","article_published_time":"2017-04-12T14:37:31+00:00","article_modified_time":"2020-09-08T16:35:12+00:00","og_image":[{"width":273,"height":181,"url":"https:\/\/franciscanos.org.br\/noticias\/wp-content\/uploads\/2017\/04\/penhap_160417.jpg","type":"image\/jpeg"}],"author":"admin","twitter_card":"summary_large_image","twitter_misc":{"Escrito por":"admin","Est. tempo de leitura":"9 minutos"},"schema":{"@context":"https:\/\/schema.org","@graph":[{"@type":"WebSite","@id":"https:\/\/franciscanos.org.br\/noticias\/#website","url":"https:\/\/franciscanos.org.br\/noticias\/","name":"Not\u00edcias - Franciscanos","description":"Prov\u00edncia Franciscana da Imaculada Concei\u00e7\u00e3o do Brasil - Ordem dos Frades Menores - OFM","potentialAction":[{"@type":"SearchAction","target":{"@type":"EntryPoint","urlTemplate":"https:\/\/franciscanos.org.br\/noticias\/?s={search_term_string}"},"query-input":"required name=search_term_string"}],"inLanguage":"pt-BR"},{"@type":"ImageObject","inLanguage":"pt-BR","@id":"https:\/\/franciscanos.org.br\/noticias\/comeca-no-dia-16-as-celebracoes-preparatorias-para-a-festa-de-nossa-senhora-da-penha.html#primaryimage","url":"https:\/\/franciscanos.org.br\/noticias\/wp-content\/uploads\/2017\/04\/penhap_160417.jpg","contentUrl":"https:\/\/franciscanos.org.br\/noticias\/wp-content\/uploads\/2017\/04\/penhap_160417.jpg","width":273,"height":181},{"@type":"WebPage","@id":"https:\/\/franciscanos.org.br\/noticias\/comeca-no-dia-16-as-celebracoes-preparatorias-para-a-festa-de-nossa-senhora-da-penha.html#webpage","url":"https:\/\/franciscanos.org.br\/noticias\/comeca-no-dia-16-as-celebracoes-preparatorias-para-a-festa-de-nossa-senhora-da-penha.html","name":"Festa da Penha come\u00e7a neste domingo de P\u00e1scoa - Not\u00edcias - Franciscanos","isPartOf":{"@id":"https:\/\/franciscanos.org.br\/noticias\/#website"},"primaryImageOfPage":{"@id":"https:\/\/franciscanos.org.br\/noticias\/comeca-no-dia-16-as-celebracoes-preparatorias-para-a-festa-de-nossa-senhora-da-penha.html#primaryimage"},"datePublished":"2017-04-12T14:37:31+00:00","dateModified":"2020-09-08T16:35:12+00:00","author":{"@id":"https:\/\/franciscanos.org.br\/noticias\/#\/schema\/person\/b38fbf43118f02820bd932f2e4b14ad3"},"breadcrumb":{"@id":"https:\/\/franciscanos.org.br\/noticias\/comeca-no-dia-16-as-celebracoes-preparatorias-para-a-festa-de-nossa-senhora-da-penha.html#breadcrumb"},"inLanguage":"pt-BR","potentialAction":[{"@type":"ReadAction","target":["https:\/\/franciscanos.org.br\/noticias\/comeca-no-dia-16-as-celebracoes-preparatorias-para-a-festa-de-nossa-senhora-da-penha.html"]}]},{"@type":"BreadcrumbList","@id":"https:\/\/franciscanos.org.br\/noticias\/comeca-no-dia-16-as-celebracoes-preparatorias-para-a-festa-de-nossa-senhora-da-penha.html#breadcrumb","itemListElement":[{"@type":"ListItem","position":1,"name":"Home","item":"https:\/\/franciscanos.org.br\/noticias"},{"@type":"ListItem","position":2,"name":"Festa da Penha come\u00e7a neste domingo de P\u00e1scoa"}]},{"@type":"Person","@id":"https:\/\/franciscanos.org.br\/noticias\/#\/schema\/person\/b38fbf43118f02820bd932f2e4b14ad3","name":"admin","image":{"@type":"ImageObject","inLanguage":"pt-BR","@id":"https:\/\/franciscanos.org.br\/noticias\/#\/schema\/person\/image\/","url":"https:\/\/secure.gravatar.com\/avatar\/e8495742d34d0ba6448ea1c628263b3e?s=96&d=mm&r=g","contentUrl":"https:\/\/secure.gravatar.com\/avatar\/e8495742d34d0ba6448ea1c628263b3e?s=96&d=mm&r=g","caption":"admin"},"url":"https:\/\/franciscanos.org.br\/noticias\/author\/admin"}]}},"_links":{"self":[{"href":"https:\/\/franciscanos.org.br\/noticias\/wp-json\/wp\/v2\/posts\/130133"}],"collection":[{"href":"https:\/\/franciscanos.org.br\/noticias\/wp-json\/wp\/v2\/posts"}],"about":[{"href":"https:\/\/franciscanos.org.br\/noticias\/wp-json\/wp\/v2\/types\/post"}],"author":[{"embeddable":true,"href":"https:\/\/franciscanos.org.br\/noticias\/wp-json\/wp\/v2\/users\/1"}],"replies":[{"embeddable":true,"href":"https:\/\/franciscanos.org.br\/noticias\/wp-json\/wp\/v2\/comments?post=130133"}],"version-history":[{"count":1,"href":"https:\/\/franciscanos.org.br\/noticias\/wp-json\/wp\/v2\/posts\/130133\/revisions"}],"predecessor-version":[{"id":228215,"href":"https:\/\/franciscanos.org.br\/noticias\/wp-json\/wp\/v2\/posts\/130133\/revisions\/228215"}],"wp:featuredmedia":[{"embeddable":true,"href":"https:\/\/franciscanos.org.br\/noticias\/wp-json\/wp\/v2\/media\/196676"}],"wp:attachment":[{"href":"https:\/\/franciscanos.org.br\/noticias\/wp-json\/wp\/v2\/media?parent=130133"}],"wp:term":[{"taxonomy":"category","embeddable":true,"href":"https:\/\/franciscanos.org.br\/noticias\/wp-json\/wp\/v2\/categories?post=130133"},{"taxonomy":"post_tag","embeddable":true,"href":"https:\/\/franciscanos.org.br\/noticias\/wp-json\/wp\/v2\/tags?post=130133"}],"curies":[{"name":"wp","href":"https:\/\/api.w.org\/{rel}","templated":true}]}}