{"id":130062,"date":"2017-04-11T14:02:34","date_gmt":"2017-04-11T17:02:34","guid":{"rendered":"http:\/\/franciscanos.org.br\/?p=130062"},"modified":"2020-02-06T11:43:59","modified_gmt":"2020-02-06T14:43:59","slug":"igreja-episcopal-anglicana-do-brasil-se-posiciona-sobre-reforma-da-previdencia-e-trabalhista","status":"publish","type":"post","link":"https:\/\/franciscanos.org.br\/noticias\/igreja-episcopal-anglicana-do-brasil-se-posiciona-sobre-reforma-da-previdencia-e-trabalhista.html","title":{"rendered":"Igreja Anglicana se posiciona sobre reforma da Previd\u00eancia e trabalhista"},"content":{"rendered":"<p><img loading=\"lazy\" class=\"size-full wp-image-130063 alignleft\" src=\"http:\/\/franciscanos.org.br\/wp-content\/uploads\/2017\/04\/nota_110417.png\" alt=\"nota_110417\" width=\"500\" height=\"244\" \/><strong>S\u00e3o Paulo (SP)<\/strong> &#8211; Lideran\u00e7as da Igreja Episcopal Anglicana do Brasil (IEAB) tornaram p\u00fablico o posicionamento da igreja sobre dois temas que t\u00eam pautado as discuss\u00f5es pol\u00edticas no Brasil: reforma da Previd\u00eancia e trabalhista. Em um texto claro e muito bem redigido, bispos anglicanos ampliam o debate e conclamam o povo brasileiro \u201c\u00e0 mobiliza\u00e7\u00e3o em favor dos direitos das pessoas trabalhadoras, das melhores condi\u00e7\u00f5es de trabalho e do amparo justo especialmente para mais pobres e vulner\u00e1veis de nossa sociedade\u201d. A carta finaliza com uma pergunta inquietante: \u201cComo poderemos ter paz, se promovemos a injusti\u00e7a, a morte e a exclus\u00e3o?\u201d<\/p>\n<p>Leia o texto na \u00edntegra:<\/p>\n<p><strong>Carta Aberta sobre a Reforma da Previd\u00eancia e Reforma Trabalhista<\/strong><\/p>\n<p>Como C\u00e2mara Episcopal da Igreja Episcopal Anglicana do Brasil, manifestamos, por meio desta nossa preocupa\u00e7\u00e3o atrav\u00e9s deste posicionamento prof\u00e9tico e pastoral diante do Projeto de Reforma da Previd\u00eancia (PEC 287\/2016), Projeto de Reforma Trabalhista, e a recentemente aprovada Lei da Terceiriza\u00e7\u00e3o, questionada pelo Minist\u00e9rio P\u00fablico no Supremo Tribunal Federal.<\/p>\n<p><strong>A Reforma da Previd\u00eancia<\/strong><\/p>\n<p>O Conselho Nacional de Igrejas Crist\u00e3s (CONIC) enviou para todas as igrejas membro um estudo feito pela ANIFP (Associa\u00e7\u00e3o Nacional de Auditores Fiscais da Receita Federal do Brasil) e pelo DIESE (Departamento Intersindical de Estat\u00edstica e Estudos Socioecon\u00f4micos), sob o t\u00edtulo \u201cPrevid\u00eancia: reformar para excluir?\u201d. Neste estudo fica amplamente demonstrado que:<\/p>\n<p>1) A pol\u00edtica de \u201causteridade econ\u00f4mica\u201d que promove \u201co corte nos gastos p\u00fablicos, sem poupar as pol\u00edticas sociais e os investimentos, acompanhado por aumento das taxas de juros e por restri\u00e7\u00e3o severa do cr\u00e9dito, contribuiu para (\u2026) uma depress\u00e3o econ\u00f4mica\u201d, com diminui\u00e7\u00e3o de contribui\u00e7\u00f5es para a Previd\u00eancia Social.<\/p>\n<p>2) Que a ANFIP demonstra que \u201ca Seguridade Social \u00e9 superavit\u00e1ria mesmo com a crescente subtra\u00e7\u00e3o das suas receitas pela incid\u00eancia da Desvincula\u00e7\u00e3o das Receitas da Uni\u00e3o (DRU)(\u2026) com as desonera\u00e7\u00f5es tribut\u00e1rias concedidas pela \u00e1rea econ\u00f4mica do governo sobre as suas principais fontes de financiamento\u201d.<\/p>\n<p>3) Que aposentadoria por idade, 60 anos para a mulher e 65 anos para o homem, j\u00e1 est\u00e1 estabelecida no artigo 201 da Constitui\u00e7\u00e3o de 1988, \u00e9 que \u201catualmente 53% das aposentadorias s\u00e3o por idade, contra 29% por tempo de contribui\u00e7\u00e3o e 18% por invalidez\u201d.<\/p>\n<p>4) Em caso da invalidez, o projeto exige \u201cincapacidade permanente\u201d, com 51% da remunera\u00e7\u00e3o mais um porcentual por ano contribu\u00eddo, o que, al\u00e9m de deixar estas pessoas necessitadas em situa\u00e7\u00e3o prec\u00e1ria n\u00e3o ampara as v\u00edtimas de acidentes de trabalho ou a chamadas \u201cdoen\u00e7as profissionais\u201d.<\/p>\n<p>5) A n\u00e3o considera\u00e7\u00e3o de uma s\u00e9rie de desigualdades como: entre homens e mulheres (sendo que as mulheres t\u00eam maiores dificuldades para encontrar emprego, com menor remunera\u00e7\u00e3o e, geralmente, dupla jornada); entre o meio rural e urbano (sendo que o benef\u00edcio previdenci\u00e1rio tem permitido \u00e0s pessoas a perman\u00eancia no meio rural e tem apoiado o desenvolvimento a 88% dos munic\u00edpios do pa\u00eds, com menos de 50 mil habitantes) e entre expectativa de vida e sa\u00fade (considerando as diferen\u00e7as regionais, e as atividades laborais), entre outras.<\/p>\n<p>6) O fim da vincula\u00e7\u00e3o do piso da aposentadoria ao sal\u00e1rio m\u00ednimo condenar\u00e1 \u00e0 mis\u00e9ria a 28,3 milh\u00f5es de pessoas que recebem benef\u00edcios diretos e suas fam\u00edlias, al\u00e9m de mais 40 milh\u00f5es de pessoas amparadas pelo seguro desemprego e outros benef\u00edcios.<\/p>\n<p>O impacto de uma reforma desta \u00edndole para a Previd\u00eancia Social do Brasil \u00e9 desumano, cruel e devastador, com consequ\u00eancias que levar\u00e3o para a mis\u00e9ria extrema a milh\u00f5es de pessoas, e for\u00e7ar\u00e3o outros tantos milh\u00f5es a trabalharem at\u00e9 sua morte, desamparando suas fam\u00edlias. O Brasil que j\u00e1 destaca pela injusta distribui\u00e7\u00e3o da riqueza entre pessoas ricas e pobres ver\u00e1 aumentada esta desigualdade.<\/p>\n<p><strong>Reforma Trabalhista e flexibiliza\u00e7\u00e3o da negocia\u00e7\u00e3o coletiva e terceiriza\u00e7\u00e3o<\/strong><\/p>\n<p>O mesmo estudo, antes mencionado, afirma que \u201clibera\u00e7\u00e3o da terceiriza\u00e7\u00e3o, inclusive com a possibilidade de \u2018terceiriza\u00e7\u00e3o em cadeia\u2019 e intensifica\u00e7\u00e3o da rotatividade, e a preval\u00eancia do negociado sobre o legislado apontam no sentido contr\u00e1rio, de enfraquecimento da remunera\u00e7\u00e3o do trabalho e de expans\u00e3o das formas informais e ilegais de contrata\u00e7\u00e3o\u201d.<\/p>\n<p>Quando a terceiriza\u00e7\u00e3o \u00e9 aplicada a educa\u00e7\u00e3o, sa\u00fade e seguran\u00e7a, servir\u00e1 como caminho de evas\u00e3o de responsabilidades p\u00fablicas sobre estes setores, e o progressivo desamparo da popula\u00e7\u00e3o.<\/p>\n<p><strong>Por que nos manifestar<\/strong><\/p>\n<p>O Evangelho de Nosso Senhor Jesus Cristo, declara bem-aventuradas, as pessoas que tem \u201cfome e sede de justi\u00e7a\u201d por que \u00e9 elas ser\u00e3o fartas! (Mateus 5.9), e a Carta de Tiago nos lembra \u201cOra, o fruto da justi\u00e7a semeia-se na paz, para os que exercitam a paz.\u201d (3.18). Portanto, n\u00e3o podemos nos omitir diante desta trag\u00e9dia humanit\u00e1ria que estas reformas promovem. Trata-se, pela sua simples proposi\u00e7\u00e3o em um desrespeito e uma violenta amea\u00e7a para este pa\u00eds. Sinal de governantes ileg\u00edtimos que, n\u00e3o conseguindo defender esta agenda em um processo democr\u00e1tico com participa\u00e7\u00e3o popular ampla, o fazem usurpando os poderes que pertencem ao conjunto de cidad\u00e3s e cidad\u00e3os do Brasil.<\/p>\n<p>Cremos que, pela uni\u00e3o das for\u00e7as de todas as pessoas de boa vontade, este haver\u00e1 revers\u00e3o deste quadro. Conclamando assim \u00e0 mobiliza\u00e7\u00e3o em favor dos direitos das pessoas trabalhadoras, das melhores condi\u00e7\u00f5es de trabalho e do amparo justo especialmente para mais pobres e vulner\u00e1veis de nossa sociedade. Como poderemos ter paz, se promovemos a injusti\u00e7a, a morte e a exclus\u00e3o?<\/p>\n<p><em>Dom Francisco de Assis da Silva, Bispo Primaz e Diocesano da Sul Ocidental<\/em><br \/>\n<em>Dom Naudal Gomes, Bispo da Diocese Anglicana de Curitiba<\/em><br \/>\n<em>Dom Filadelfo Oliveira, Bispo da Diocese Anglicana do Rio de Janeiro<\/em><br \/>\n<em>Dom Mauricio Andrade, Bispo da Diocese Anglicana de Brasilia<\/em><br \/>\n<em>Dom Saulo Barros, Bispo da Diocese Anglicana da Amaz\u00f4nia<\/em><br \/>\n<em>Dom Renato Raatz, Bispo da Diocese Anglicana de Pelotas<\/em><br \/>\n<em>Dom Flavio Irala, Bispo da Diocese Anglicana de S\u00e3o Paulo<\/em><br \/>\n<em>Dom Humberto Maiztegui, Bispo da Diocese Meridional<\/em><br \/>\n<em>Dom Jo\u00e3o Peixoto, Bispo da Diocese Anglicana do Recife<\/em><br \/>\n<em>Dom Eduardo Grillo, Bispo Coadjuntor da Diocese Anglicana do Rio de Janeiro<\/em><br \/>\n<em>Dom Cl\u00f3vis Rodrigues, Em\u00e9rito<\/em><br \/>\n<em>Dom Almir dos Santos, Em\u00e9rito<\/em><br \/>\n<em>Dom Celso Franco, Em\u00e9rito<\/em><\/p>\n<p>Com informa\u00e7\u00f5es do <strong><a href=\"http:\/\/www.conic.org.br\/portal\/\" target=\"_blank\" rel=\"noopener noreferrer\">CONIC<\/a><\/strong><\/p>\n","protected":false},"excerpt":{"rendered":"<p>Nota<\/p>\n","protected":false},"author":1,"featured_media":218646,"comment_status":"open","ping_status":"open","sticky":false,"template":"","format":"standard","meta":[],"categories":[1],"tags":[863],"acf":[],"yoast_head":"<!-- This site is optimized with the Yoast SEO plugin v19.2 - https:\/\/yoast.com\/wordpress\/plugins\/seo\/ -->\n<title>Igreja Anglicana se posiciona sobre reforma da Previd\u00eancia e trabalhista - Not\u00edcias - Franciscanos<\/title>\n<meta name=\"robots\" content=\"index, follow, max-snippet:-1, max-image-preview:large, max-video-preview:-1\" \/>\n<link rel=\"canonical\" href=\"https:\/\/franciscanos.org.br\/noticias\/igreja-episcopal-anglicana-do-brasil-se-posiciona-sobre-reforma-da-previdencia-e-trabalhista.html\" \/>\n<meta property=\"og:locale\" content=\"pt_BR\" \/>\n<meta property=\"og:type\" content=\"article\" \/>\n<meta property=\"og:title\" content=\"Igreja Anglicana se posiciona sobre reforma da Previd\u00eancia e trabalhista - Not\u00edcias - Franciscanos\" \/>\n<meta property=\"og:description\" content=\"Nota\" \/>\n<meta property=\"og:url\" content=\"https:\/\/franciscanos.org.br\/noticias\/igreja-episcopal-anglicana-do-brasil-se-posiciona-sobre-reforma-da-previdencia-e-trabalhista.html\" \/>\n<meta property=\"og:site_name\" content=\"Not\u00edcias - Franciscanos\" \/>\n<meta property=\"article:published_time\" content=\"2017-04-11T17:02:34+00:00\" \/>\n<meta property=\"article:modified_time\" content=\"2020-02-06T14:43:59+00:00\" \/>\n<meta property=\"og:image\" content=\"https:\/\/franciscanos.org.br\/noticias\/wp-content\/uploads\/2017\/04\/nota_110417.jpg\" \/>\n\t<meta property=\"og:image:width\" content=\"273\" \/>\n\t<meta property=\"og:image:height\" content=\"181\" \/>\n\t<meta property=\"og:image:type\" content=\"image\/jpeg\" \/>\n<meta name=\"author\" content=\"admin\" \/>\n<meta name=\"twitter:card\" content=\"summary_large_image\" \/>\n<meta name=\"twitter:label1\" content=\"Escrito por\" \/>\n\t<meta name=\"twitter:data1\" content=\"admin\" \/>\n\t<meta name=\"twitter:label2\" content=\"Est. tempo de leitura\" \/>\n\t<meta name=\"twitter:data2\" content=\"5 minutos\" \/>\n<script type=\"application\/ld+json\" class=\"yoast-schema-graph\">{\"@context\":\"https:\/\/schema.org\",\"@graph\":[{\"@type\":\"WebSite\",\"@id\":\"https:\/\/franciscanos.org.br\/noticias\/#website\",\"url\":\"https:\/\/franciscanos.org.br\/noticias\/\",\"name\":\"Not\u00edcias - Franciscanos\",\"description\":\"Prov\u00edncia Franciscana da Imaculada Concei\u00e7\u00e3o do Brasil - Ordem dos Frades Menores - OFM\",\"potentialAction\":[{\"@type\":\"SearchAction\",\"target\":{\"@type\":\"EntryPoint\",\"urlTemplate\":\"https:\/\/franciscanos.org.br\/noticias\/?s={search_term_string}\"},\"query-input\":\"required name=search_term_string\"}],\"inLanguage\":\"pt-BR\"},{\"@type\":\"ImageObject\",\"inLanguage\":\"pt-BR\",\"@id\":\"https:\/\/franciscanos.org.br\/noticias\/igreja-episcopal-anglicana-do-brasil-se-posiciona-sobre-reforma-da-previdencia-e-trabalhista.html#primaryimage\",\"url\":\"https:\/\/franciscanos.org.br\/noticias\/wp-content\/uploads\/2017\/04\/nota_110417.jpg\",\"contentUrl\":\"https:\/\/franciscanos.org.br\/noticias\/wp-content\/uploads\/2017\/04\/nota_110417.jpg\",\"width\":273,\"height\":181},{\"@type\":\"WebPage\",\"@id\":\"https:\/\/franciscanos.org.br\/noticias\/igreja-episcopal-anglicana-do-brasil-se-posiciona-sobre-reforma-da-previdencia-e-trabalhista.html#webpage\",\"url\":\"https:\/\/franciscanos.org.br\/noticias\/igreja-episcopal-anglicana-do-brasil-se-posiciona-sobre-reforma-da-previdencia-e-trabalhista.html\",\"name\":\"Igreja Anglicana se posiciona sobre reforma da Previd\u00eancia e trabalhista - Not\u00edcias - Franciscanos\",\"isPartOf\":{\"@id\":\"https:\/\/franciscanos.org.br\/noticias\/#website\"},\"primaryImageOfPage\":{\"@id\":\"https:\/\/franciscanos.org.br\/noticias\/igreja-episcopal-anglicana-do-brasil-se-posiciona-sobre-reforma-da-previdencia-e-trabalhista.html#primaryimage\"},\"datePublished\":\"2017-04-11T17:02:34+00:00\",\"dateModified\":\"2020-02-06T14:43:59+00:00\",\"author\":{\"@id\":\"https:\/\/franciscanos.org.br\/noticias\/#\/schema\/person\/b38fbf43118f02820bd932f2e4b14ad3\"},\"breadcrumb\":{\"@id\":\"https:\/\/franciscanos.org.br\/noticias\/igreja-episcopal-anglicana-do-brasil-se-posiciona-sobre-reforma-da-previdencia-e-trabalhista.html#breadcrumb\"},\"inLanguage\":\"pt-BR\",\"potentialAction\":[{\"@type\":\"ReadAction\",\"target\":[\"https:\/\/franciscanos.org.br\/noticias\/igreja-episcopal-anglicana-do-brasil-se-posiciona-sobre-reforma-da-previdencia-e-trabalhista.html\"]}]},{\"@type\":\"BreadcrumbList\",\"@id\":\"https:\/\/franciscanos.org.br\/noticias\/igreja-episcopal-anglicana-do-brasil-se-posiciona-sobre-reforma-da-previdencia-e-trabalhista.html#breadcrumb\",\"itemListElement\":[{\"@type\":\"ListItem\",\"position\":1,\"name\":\"Home\",\"item\":\"https:\/\/franciscanos.org.br\/noticias\"},{\"@type\":\"ListItem\",\"position\":2,\"name\":\"Igreja Anglicana se posiciona sobre reforma da Previd\u00eancia e trabalhista\"}]},{\"@type\":\"Person\",\"@id\":\"https:\/\/franciscanos.org.br\/noticias\/#\/schema\/person\/b38fbf43118f02820bd932f2e4b14ad3\",\"name\":\"admin\",\"image\":{\"@type\":\"ImageObject\",\"inLanguage\":\"pt-BR\",\"@id\":\"https:\/\/franciscanos.org.br\/noticias\/#\/schema\/person\/image\/\",\"url\":\"https:\/\/secure.gravatar.com\/avatar\/e8495742d34d0ba6448ea1c628263b3e?s=96&d=mm&r=g\",\"contentUrl\":\"https:\/\/secure.gravatar.com\/avatar\/e8495742d34d0ba6448ea1c628263b3e?s=96&d=mm&r=g\",\"caption\":\"admin\"},\"url\":\"https:\/\/franciscanos.org.br\/noticias\/author\/admin\"}]}<\/script>\n<!-- \/ Yoast SEO plugin. -->","yoast_head_json":{"title":"Igreja Anglicana se posiciona sobre reforma da Previd\u00eancia e trabalhista - Not\u00edcias - Franciscanos","robots":{"index":"index","follow":"follow","max-snippet":"max-snippet:-1","max-image-preview":"max-image-preview:large","max-video-preview":"max-video-preview:-1"},"canonical":"https:\/\/franciscanos.org.br\/noticias\/igreja-episcopal-anglicana-do-brasil-se-posiciona-sobre-reforma-da-previdencia-e-trabalhista.html","og_locale":"pt_BR","og_type":"article","og_title":"Igreja Anglicana se posiciona sobre reforma da Previd\u00eancia e trabalhista - Not\u00edcias - Franciscanos","og_description":"Nota","og_url":"https:\/\/franciscanos.org.br\/noticias\/igreja-episcopal-anglicana-do-brasil-se-posiciona-sobre-reforma-da-previdencia-e-trabalhista.html","og_site_name":"Not\u00edcias - Franciscanos","article_published_time":"2017-04-11T17:02:34+00:00","article_modified_time":"2020-02-06T14:43:59+00:00","og_image":[{"width":273,"height":181,"url":"https:\/\/franciscanos.org.br\/noticias\/wp-content\/uploads\/2017\/04\/nota_110417.jpg","type":"image\/jpeg"}],"author":"admin","twitter_card":"summary_large_image","twitter_misc":{"Escrito por":"admin","Est. tempo de leitura":"5 minutos"},"schema":{"@context":"https:\/\/schema.org","@graph":[{"@type":"WebSite","@id":"https:\/\/franciscanos.org.br\/noticias\/#website","url":"https:\/\/franciscanos.org.br\/noticias\/","name":"Not\u00edcias - Franciscanos","description":"Prov\u00edncia Franciscana da Imaculada Concei\u00e7\u00e3o do Brasil - Ordem dos Frades Menores - OFM","potentialAction":[{"@type":"SearchAction","target":{"@type":"EntryPoint","urlTemplate":"https:\/\/franciscanos.org.br\/noticias\/?s={search_term_string}"},"query-input":"required name=search_term_string"}],"inLanguage":"pt-BR"},{"@type":"ImageObject","inLanguage":"pt-BR","@id":"https:\/\/franciscanos.org.br\/noticias\/igreja-episcopal-anglicana-do-brasil-se-posiciona-sobre-reforma-da-previdencia-e-trabalhista.html#primaryimage","url":"https:\/\/franciscanos.org.br\/noticias\/wp-content\/uploads\/2017\/04\/nota_110417.jpg","contentUrl":"https:\/\/franciscanos.org.br\/noticias\/wp-content\/uploads\/2017\/04\/nota_110417.jpg","width":273,"height":181},{"@type":"WebPage","@id":"https:\/\/franciscanos.org.br\/noticias\/igreja-episcopal-anglicana-do-brasil-se-posiciona-sobre-reforma-da-previdencia-e-trabalhista.html#webpage","url":"https:\/\/franciscanos.org.br\/noticias\/igreja-episcopal-anglicana-do-brasil-se-posiciona-sobre-reforma-da-previdencia-e-trabalhista.html","name":"Igreja Anglicana se posiciona sobre reforma da Previd\u00eancia e trabalhista - Not\u00edcias - Franciscanos","isPartOf":{"@id":"https:\/\/franciscanos.org.br\/noticias\/#website"},"primaryImageOfPage":{"@id":"https:\/\/franciscanos.org.br\/noticias\/igreja-episcopal-anglicana-do-brasil-se-posiciona-sobre-reforma-da-previdencia-e-trabalhista.html#primaryimage"},"datePublished":"2017-04-11T17:02:34+00:00","dateModified":"2020-02-06T14:43:59+00:00","author":{"@id":"https:\/\/franciscanos.org.br\/noticias\/#\/schema\/person\/b38fbf43118f02820bd932f2e4b14ad3"},"breadcrumb":{"@id":"https:\/\/franciscanos.org.br\/noticias\/igreja-episcopal-anglicana-do-brasil-se-posiciona-sobre-reforma-da-previdencia-e-trabalhista.html#breadcrumb"},"inLanguage":"pt-BR","potentialAction":[{"@type":"ReadAction","target":["https:\/\/franciscanos.org.br\/noticias\/igreja-episcopal-anglicana-do-brasil-se-posiciona-sobre-reforma-da-previdencia-e-trabalhista.html"]}]},{"@type":"BreadcrumbList","@id":"https:\/\/franciscanos.org.br\/noticias\/igreja-episcopal-anglicana-do-brasil-se-posiciona-sobre-reforma-da-previdencia-e-trabalhista.html#breadcrumb","itemListElement":[{"@type":"ListItem","position":1,"name":"Home","item":"https:\/\/franciscanos.org.br\/noticias"},{"@type":"ListItem","position":2,"name":"Igreja Anglicana se posiciona sobre reforma da Previd\u00eancia e trabalhista"}]},{"@type":"Person","@id":"https:\/\/franciscanos.org.br\/noticias\/#\/schema\/person\/b38fbf43118f02820bd932f2e4b14ad3","name":"admin","image":{"@type":"ImageObject","inLanguage":"pt-BR","@id":"https:\/\/franciscanos.org.br\/noticias\/#\/schema\/person\/image\/","url":"https:\/\/secure.gravatar.com\/avatar\/e8495742d34d0ba6448ea1c628263b3e?s=96&d=mm&r=g","contentUrl":"https:\/\/secure.gravatar.com\/avatar\/e8495742d34d0ba6448ea1c628263b3e?s=96&d=mm&r=g","caption":"admin"},"url":"https:\/\/franciscanos.org.br\/noticias\/author\/admin"}]}},"_links":{"self":[{"href":"https:\/\/franciscanos.org.br\/noticias\/wp-json\/wp\/v2\/posts\/130062"}],"collection":[{"href":"https:\/\/franciscanos.org.br\/noticias\/wp-json\/wp\/v2\/posts"}],"about":[{"href":"https:\/\/franciscanos.org.br\/noticias\/wp-json\/wp\/v2\/types\/post"}],"author":[{"embeddable":true,"href":"https:\/\/franciscanos.org.br\/noticias\/wp-json\/wp\/v2\/users\/1"}],"replies":[{"embeddable":true,"href":"https:\/\/franciscanos.org.br\/noticias\/wp-json\/wp\/v2\/comments?post=130062"}],"version-history":[{"count":0,"href":"https:\/\/franciscanos.org.br\/noticias\/wp-json\/wp\/v2\/posts\/130062\/revisions"}],"wp:featuredmedia":[{"embeddable":true,"href":"https:\/\/franciscanos.org.br\/noticias\/wp-json\/wp\/v2\/media\/218646"}],"wp:attachment":[{"href":"https:\/\/franciscanos.org.br\/noticias\/wp-json\/wp\/v2\/media?parent=130062"}],"wp:term":[{"taxonomy":"category","embeddable":true,"href":"https:\/\/franciscanos.org.br\/noticias\/wp-json\/wp\/v2\/categories?post=130062"},{"taxonomy":"post_tag","embeddable":true,"href":"https:\/\/franciscanos.org.br\/noticias\/wp-json\/wp\/v2\/tags?post=130062"}],"curies":[{"name":"wp","href":"https:\/\/api.w.org\/{rel}","templated":true}]}}