{"id":130043,"date":"2017-04-11T13:42:47","date_gmt":"2017-04-11T16:42:47","guid":{"rendered":"http:\/\/franciscanos.org.br\/?p=130043"},"modified":"2019-01-29T13:23:18","modified_gmt":"2019-01-29T15:23:18","slug":"dois-novos-missionarios-em-angola","status":"publish","type":"post","link":"https:\/\/franciscanos.org.br\/noticias\/dois-novos-missionarios-em-angola.html","title":{"rendered":"Dois novos mission\u00e1rios partem para a Miss\u00e3o"},"content":{"rendered":"<p><img loading=\"lazy\" class=\"alignleft\" src=\"http:\/\/franciscanos.org.br\/wp-content\/uploads\/2017\/04\/missao_110417.jpg\" alt=\"missao_110417\" width=\"830\" height=\"450\" \/><\/p>\n<p><strong>\u00c9rika Augusto<\/strong><\/p>\n<p><strong>S\u00e3o Paulo (SP)<\/strong> &#8211; Partir em miss\u00e3o com o esp\u00edrito do lava-p\u00e9s. Esta \u00e9 a principal motiva\u00e7\u00e3o de Frei Fabio Jos\u00e9 Gomes e Frei Roger Strapazzon, que seguem, \u00e0s 18 horas desta ter\u00e7a-feira, 11 de abril, para Angola. A viagem no meio da Semana Santa n\u00e3o foi escolhida intencionalmente, mas parece providencial para o in\u00edcio deste tempo de miss\u00e3o.<\/p>\n<p>Os dois jovens frades vivem momentos distintos na sua forma\u00e7\u00e3o religiosa. Frei Fabio concluiu os estudos de Teologia no final do ano passado e Frei Roger faz o segundo Ano Mission\u00e1rio, um tempo da etapa formativa antes de iniciar os estudos de Teologia. Frei F\u00e1bio, no entanto, viaja pela segunda vez como mission\u00e1rio. \u00a0\u201cColoquei-me \u00e0 disposi\u00e7\u00e3o da Prov\u00edncia e \u00a0escolheram me enviar para a Miss\u00e3o de Angola. Fiquei feliz, pois j\u00e1 estive l\u00e1 por dois anos e gostei muito\u201d, adiantou. Para ele, este esp\u00edrito de miss\u00e3o, de Igreja \u2018em sa\u00edda\u2019, foi \u00a0um pedido ressaltado no Cap\u00edtulo Provincial de 2016. \u00a0Ele destaca tamb\u00e9m o encontro como uma das caracter\u00edsticas mais fortes deste tempo. \u201cAcredito que a pr\u00f3pria experi\u00eancia de Francisco de Assis nos ajuda, ao ser conduzido pelo Senhor a \u2018fazer miseric\u00f3rdia com eles\u2019, como revela no seu Testamento. E, estando com eles, \u00a0dar as m\u00e3os\u201d, observou, apontando \u00a0ainda o aspecto mission\u00e1rio da Exorta\u00e7\u00e3o Apost\u00f3lica <em>Evangelii Gaudium <\/em>(A alegria do Evangelho).<\/p>\n<p>J\u00e1 Frei Roger fez o primeiro Ano Mission\u00e1rio no Servi\u00e7o Franciscano de Solidariedade (Sefras) em 2016. Durante a experi\u00eancia, sentiu um forte apelo para a Miss\u00e3o e amadureceu a ideia. Pediu, ent\u00e3o, ao Governo Provincial mais um ano antes de continuar os estudos de Teologia, mas para que pudesse viver esse tempo em Angola. E foi aceito.<\/p>\n<p>Para ele, este \u00e9 o momento de se abrir para acolher o que Deus oferece. \u201cA maior dificuldade para n\u00f3s, religiosos, \u00e9 trabalhar com expectativas. N\u00f3s estamos sendo sempre enviados, impelidos, desafiados a buscar novas realidades, sair do conforto. E acredito que as expectativas para este ano, no fundo, partiram desta prim\u00edcia de se abandonar nas m\u00e3os de Deus\u201d, afirma o frade, que partilha um ensinamento que ouviu de um dependente qu\u00edmico em tratamento sobre a confian\u00e7a em Deus. Ela \u00e9 como um voo de asa delta, onde o praticante n\u00e3o v\u00ea o vento, mas precisa dele. \u201cMuitas coisas a gente n\u00e3o enxerga, \u00a0acaba apenas percebendo a manifesta\u00e7\u00e3o de Deus nas pessoas, nos fatos, nos tempos. Este ano de miss\u00e3o \u00e9 esta experi\u00eancia de se lan\u00e7ar e deixar Deus nos sustentar e se revelar de maneiras diferentes\u201d, acredita Frei Roger.<\/p>\n<p>Ele tamb\u00e9m prefere n\u00e3o idealizar este novo tempo de miss\u00e3o, mas confessa que fica dif\u00edcil n\u00e3o se encantar com os testemunhos dos mission\u00e1rios que l\u00e1 estiveram.\u00a0 \u201cIsso \u00e9 muito bonito, mas se torna uma grande dificuldade deixar esta idealiza\u00e7\u00e3o de lado. De qualquer forma, \u00a0\u00e9 uma oportunidade de praticar a humildade, deixar Deus se revelar de outra maneira. As realidades s\u00e3o diferentes, a Igreja \u00e9 diferente, a condi\u00e7\u00e3o social, pol\u00edtica e econ\u00f4mica s\u00e3o diferentes, e \u00a0\u00e9 preciso ter esp\u00edrito aberto para perceber outras express\u00f5es da presen\u00e7a de Deus. Uma grande virtude, que ensina S\u00e3o Francisco de Assis, e que acaba sendo talvez fundamental para os mission\u00e1rios, \u00e9 ter a humildade de sentir, de encontrar, de perceber Deus nas condi\u00e7\u00f5es que s\u00e3o pr\u00f3prias daquele tempo e daquela realidade\u201d, completou.<\/p>\n<p>Em 2015, a Funda\u00e7\u00e3o Franciscana Imaculada M\u00e3e de Deus de Angola celebrou 25 anos de cria\u00e7\u00e3o e miss\u00e3o. Neste ano, a Funda\u00e7\u00e3o ter\u00e1, al\u00e9m de Frei Roger e Frei F\u00e1bio, o mission\u00e1rio Frei Hugo C\u00e2mara dos Santos, que viajou antes e tamb\u00e9m vive a experi\u00eancia do Ano Mission\u00e1rio.<\/p>\n","protected":false},"excerpt":{"rendered":"<p>Angola<\/p>\n","protected":false},"author":1,"featured_media":198012,"comment_status":"open","ping_status":"open","sticky":false,"template":"","format":"standard","meta":[],"categories":[1],"tags":[360],"acf":[],"yoast_head":"<!-- This site is optimized with the Yoast SEO plugin v19.2 - https:\/\/yoast.com\/wordpress\/plugins\/seo\/ -->\n<title>Dois novos mission\u00e1rios partem para a Miss\u00e3o - Not\u00edcias - Franciscanos<\/title>\n<meta name=\"robots\" content=\"index, follow, max-snippet:-1, max-image-preview:large, max-video-preview:-1\" \/>\n<link rel=\"canonical\" href=\"https:\/\/franciscanos.org.br\/noticias\/dois-novos-missionarios-em-angola.html\" \/>\n<meta property=\"og:locale\" content=\"pt_BR\" \/>\n<meta property=\"og:type\" content=\"article\" \/>\n<meta property=\"og:title\" content=\"Dois novos mission\u00e1rios partem para a Miss\u00e3o - Not\u00edcias - Franciscanos\" \/>\n<meta property=\"og:description\" content=\"Angola\" \/>\n<meta property=\"og:url\" content=\"https:\/\/franciscanos.org.br\/noticias\/dois-novos-missionarios-em-angola.html\" \/>\n<meta property=\"og:site_name\" content=\"Not\u00edcias - Franciscanos\" \/>\n<meta property=\"article:published_time\" content=\"2017-04-11T16:42:47+00:00\" \/>\n<meta property=\"article:modified_time\" content=\"2019-01-29T15:23:18+00:00\" \/>\n<meta property=\"og:image\" content=\"https:\/\/franciscanos.org.br\/noticias\/wp-content\/uploads\/2017\/04\/missao_110417.jpg\" \/>\n\t<meta property=\"og:image:width\" content=\"273\" \/>\n\t<meta property=\"og:image:height\" content=\"181\" \/>\n\t<meta property=\"og:image:type\" content=\"image\/jpeg\" \/>\n<meta name=\"author\" content=\"admin\" \/>\n<meta name=\"twitter:card\" content=\"summary_large_image\" \/>\n<meta name=\"twitter:label1\" content=\"Escrito por\" \/>\n\t<meta name=\"twitter:data1\" content=\"admin\" \/>\n\t<meta name=\"twitter:label2\" content=\"Est. tempo de leitura\" \/>\n\t<meta name=\"twitter:data2\" content=\"3 minutos\" \/>\n<script type=\"application\/ld+json\" class=\"yoast-schema-graph\">{\"@context\":\"https:\/\/schema.org\",\"@graph\":[{\"@type\":\"WebSite\",\"@id\":\"https:\/\/franciscanos.org.br\/noticias\/#website\",\"url\":\"https:\/\/franciscanos.org.br\/noticias\/\",\"name\":\"Not\u00edcias - Franciscanos\",\"description\":\"Prov\u00edncia Franciscana da Imaculada Concei\u00e7\u00e3o do Brasil - Ordem dos Frades Menores - OFM\",\"potentialAction\":[{\"@type\":\"SearchAction\",\"target\":{\"@type\":\"EntryPoint\",\"urlTemplate\":\"https:\/\/franciscanos.org.br\/noticias\/?s={search_term_string}\"},\"query-input\":\"required name=search_term_string\"}],\"inLanguage\":\"pt-BR\"},{\"@type\":\"ImageObject\",\"inLanguage\":\"pt-BR\",\"@id\":\"https:\/\/franciscanos.org.br\/noticias\/dois-novos-missionarios-em-angola.html#primaryimage\",\"url\":\"https:\/\/franciscanos.org.br\/noticias\/wp-content\/uploads\/2017\/04\/missao_110417.jpg\",\"contentUrl\":\"https:\/\/franciscanos.org.br\/noticias\/wp-content\/uploads\/2017\/04\/missao_110417.jpg\",\"width\":273,\"height\":181},{\"@type\":\"WebPage\",\"@id\":\"https:\/\/franciscanos.org.br\/noticias\/dois-novos-missionarios-em-angola.html#webpage\",\"url\":\"https:\/\/franciscanos.org.br\/noticias\/dois-novos-missionarios-em-angola.html\",\"name\":\"Dois novos mission\u00e1rios partem para a Miss\u00e3o - Not\u00edcias - Franciscanos\",\"isPartOf\":{\"@id\":\"https:\/\/franciscanos.org.br\/noticias\/#website\"},\"primaryImageOfPage\":{\"@id\":\"https:\/\/franciscanos.org.br\/noticias\/dois-novos-missionarios-em-angola.html#primaryimage\"},\"datePublished\":\"2017-04-11T16:42:47+00:00\",\"dateModified\":\"2019-01-29T15:23:18+00:00\",\"author\":{\"@id\":\"https:\/\/franciscanos.org.br\/noticias\/#\/schema\/person\/b38fbf43118f02820bd932f2e4b14ad3\"},\"breadcrumb\":{\"@id\":\"https:\/\/franciscanos.org.br\/noticias\/dois-novos-missionarios-em-angola.html#breadcrumb\"},\"inLanguage\":\"pt-BR\",\"potentialAction\":[{\"@type\":\"ReadAction\",\"target\":[\"https:\/\/franciscanos.org.br\/noticias\/dois-novos-missionarios-em-angola.html\"]}]},{\"@type\":\"BreadcrumbList\",\"@id\":\"https:\/\/franciscanos.org.br\/noticias\/dois-novos-missionarios-em-angola.html#breadcrumb\",\"itemListElement\":[{\"@type\":\"ListItem\",\"position\":1,\"name\":\"Home\",\"item\":\"https:\/\/franciscanos.org.br\/noticias\"},{\"@type\":\"ListItem\",\"position\":2,\"name\":\"Dois novos mission\u00e1rios partem para a Miss\u00e3o\"}]},{\"@type\":\"Person\",\"@id\":\"https:\/\/franciscanos.org.br\/noticias\/#\/schema\/person\/b38fbf43118f02820bd932f2e4b14ad3\",\"name\":\"admin\",\"image\":{\"@type\":\"ImageObject\",\"inLanguage\":\"pt-BR\",\"@id\":\"https:\/\/franciscanos.org.br\/noticias\/#\/schema\/person\/image\/\",\"url\":\"https:\/\/secure.gravatar.com\/avatar\/e8495742d34d0ba6448ea1c628263b3e?s=96&d=mm&r=g\",\"contentUrl\":\"https:\/\/secure.gravatar.com\/avatar\/e8495742d34d0ba6448ea1c628263b3e?s=96&d=mm&r=g\",\"caption\":\"admin\"},\"url\":\"https:\/\/franciscanos.org.br\/noticias\/author\/admin\"}]}<\/script>\n<!-- \/ Yoast SEO plugin. -->","yoast_head_json":{"title":"Dois novos mission\u00e1rios partem para a Miss\u00e3o - Not\u00edcias - Franciscanos","robots":{"index":"index","follow":"follow","max-snippet":"max-snippet:-1","max-image-preview":"max-image-preview:large","max-video-preview":"max-video-preview:-1"},"canonical":"https:\/\/franciscanos.org.br\/noticias\/dois-novos-missionarios-em-angola.html","og_locale":"pt_BR","og_type":"article","og_title":"Dois novos mission\u00e1rios partem para a Miss\u00e3o - Not\u00edcias - Franciscanos","og_description":"Angola","og_url":"https:\/\/franciscanos.org.br\/noticias\/dois-novos-missionarios-em-angola.html","og_site_name":"Not\u00edcias - Franciscanos","article_published_time":"2017-04-11T16:42:47+00:00","article_modified_time":"2019-01-29T15:23:18+00:00","og_image":[{"width":273,"height":181,"url":"https:\/\/franciscanos.org.br\/noticias\/wp-content\/uploads\/2017\/04\/missao_110417.jpg","type":"image\/jpeg"}],"author":"admin","twitter_card":"summary_large_image","twitter_misc":{"Escrito por":"admin","Est. tempo de leitura":"3 minutos"},"schema":{"@context":"https:\/\/schema.org","@graph":[{"@type":"WebSite","@id":"https:\/\/franciscanos.org.br\/noticias\/#website","url":"https:\/\/franciscanos.org.br\/noticias\/","name":"Not\u00edcias - Franciscanos","description":"Prov\u00edncia Franciscana da Imaculada Concei\u00e7\u00e3o do Brasil - Ordem dos Frades Menores - OFM","potentialAction":[{"@type":"SearchAction","target":{"@type":"EntryPoint","urlTemplate":"https:\/\/franciscanos.org.br\/noticias\/?s={search_term_string}"},"query-input":"required name=search_term_string"}],"inLanguage":"pt-BR"},{"@type":"ImageObject","inLanguage":"pt-BR","@id":"https:\/\/franciscanos.org.br\/noticias\/dois-novos-missionarios-em-angola.html#primaryimage","url":"https:\/\/franciscanos.org.br\/noticias\/wp-content\/uploads\/2017\/04\/missao_110417.jpg","contentUrl":"https:\/\/franciscanos.org.br\/noticias\/wp-content\/uploads\/2017\/04\/missao_110417.jpg","width":273,"height":181},{"@type":"WebPage","@id":"https:\/\/franciscanos.org.br\/noticias\/dois-novos-missionarios-em-angola.html#webpage","url":"https:\/\/franciscanos.org.br\/noticias\/dois-novos-missionarios-em-angola.html","name":"Dois novos mission\u00e1rios partem para a Miss\u00e3o - Not\u00edcias - Franciscanos","isPartOf":{"@id":"https:\/\/franciscanos.org.br\/noticias\/#website"},"primaryImageOfPage":{"@id":"https:\/\/franciscanos.org.br\/noticias\/dois-novos-missionarios-em-angola.html#primaryimage"},"datePublished":"2017-04-11T16:42:47+00:00","dateModified":"2019-01-29T15:23:18+00:00","author":{"@id":"https:\/\/franciscanos.org.br\/noticias\/#\/schema\/person\/b38fbf43118f02820bd932f2e4b14ad3"},"breadcrumb":{"@id":"https:\/\/franciscanos.org.br\/noticias\/dois-novos-missionarios-em-angola.html#breadcrumb"},"inLanguage":"pt-BR","potentialAction":[{"@type":"ReadAction","target":["https:\/\/franciscanos.org.br\/noticias\/dois-novos-missionarios-em-angola.html"]}]},{"@type":"BreadcrumbList","@id":"https:\/\/franciscanos.org.br\/noticias\/dois-novos-missionarios-em-angola.html#breadcrumb","itemListElement":[{"@type":"ListItem","position":1,"name":"Home","item":"https:\/\/franciscanos.org.br\/noticias"},{"@type":"ListItem","position":2,"name":"Dois novos mission\u00e1rios partem para a Miss\u00e3o"}]},{"@type":"Person","@id":"https:\/\/franciscanos.org.br\/noticias\/#\/schema\/person\/b38fbf43118f02820bd932f2e4b14ad3","name":"admin","image":{"@type":"ImageObject","inLanguage":"pt-BR","@id":"https:\/\/franciscanos.org.br\/noticias\/#\/schema\/person\/image\/","url":"https:\/\/secure.gravatar.com\/avatar\/e8495742d34d0ba6448ea1c628263b3e?s=96&d=mm&r=g","contentUrl":"https:\/\/secure.gravatar.com\/avatar\/e8495742d34d0ba6448ea1c628263b3e?s=96&d=mm&r=g","caption":"admin"},"url":"https:\/\/franciscanos.org.br\/noticias\/author\/admin"}]}},"_links":{"self":[{"href":"https:\/\/franciscanos.org.br\/noticias\/wp-json\/wp\/v2\/posts\/130043"}],"collection":[{"href":"https:\/\/franciscanos.org.br\/noticias\/wp-json\/wp\/v2\/posts"}],"about":[{"href":"https:\/\/franciscanos.org.br\/noticias\/wp-json\/wp\/v2\/types\/post"}],"author":[{"embeddable":true,"href":"https:\/\/franciscanos.org.br\/noticias\/wp-json\/wp\/v2\/users\/1"}],"replies":[{"embeddable":true,"href":"https:\/\/franciscanos.org.br\/noticias\/wp-json\/wp\/v2\/comments?post=130043"}],"version-history":[{"count":0,"href":"https:\/\/franciscanos.org.br\/noticias\/wp-json\/wp\/v2\/posts\/130043\/revisions"}],"wp:featuredmedia":[{"embeddable":true,"href":"https:\/\/franciscanos.org.br\/noticias\/wp-json\/wp\/v2\/media\/198012"}],"wp:attachment":[{"href":"https:\/\/franciscanos.org.br\/noticias\/wp-json\/wp\/v2\/media?parent=130043"}],"wp:term":[{"taxonomy":"category","embeddable":true,"href":"https:\/\/franciscanos.org.br\/noticias\/wp-json\/wp\/v2\/categories?post=130043"},{"taxonomy":"post_tag","embeddable":true,"href":"https:\/\/franciscanos.org.br\/noticias\/wp-json\/wp\/v2\/tags?post=130043"}],"curies":[{"name":"wp","href":"https:\/\/api.w.org\/{rel}","templated":true}]}}