{"id":129922,"date":"2017-04-10T07:50:40","date_gmt":"2017-04-10T10:50:40","guid":{"rendered":"http:\/\/franciscanos.org.br\/?p=129922"},"modified":"2019-01-29T13:32:23","modified_gmt":"2019-01-29T15:32:23","slug":"existem-sempre-pedras-pesadas-a-serem-removidas-das-sepulturas-e-sinais-de-morte","status":"publish","type":"post","link":"https:\/\/franciscanos.org.br\/noticias\/existem-sempre-pedras-pesadas-a-serem-removidas-das-sepulturas-e-sinais-de-morte.html","title":{"rendered":"Mensagem do Ministro Provincial para esta P\u00e1scoa"},"content":{"rendered":"<blockquote><p>\u201cPor que procurais entre os mortos quem est\u00e1 vivo? Ele n\u00e3o est\u00e1 aqui! Ressuscitou!\u201d Lembrai-vos do que vos falou, estando ainda na Galileia, dizendo que o Filho do homem havia de ser entregue ao poder de pecadores e ser crucificado, mas ressuscitaria ao terceiro dia\u201d (Lc 24, 5-7)<\/p><\/blockquote>\n<p><img loading=\"lazy\" class=\"alignright size-full wp-image-198037\" src=\"https:\/\/franciscanos.org.br\/noticias\/wp-content\/uploads\/2017\/04\/cristo_10-417g.jpg\" alt=\"\" width=\"450\" height=\"871\" srcset=\"https:\/\/franciscanos.org.br\/noticias\/wp-content\/uploads\/2017\/04\/cristo_10-417g.jpg 450w, https:\/\/franciscanos.org.br\/noticias\/wp-content\/uploads\/2017\/04\/cristo_10-417g-232x450.jpg 232w, https:\/\/franciscanos.org.br\/noticias\/wp-content\/uploads\/2017\/04\/cristo_10-417g-150x290.jpg 150w\" sizes=\"(max-width: 450px) 100vw, 450px\" \/><strong>Car\u00edssimos irm\u00e3os e irm\u00e3s,<\/strong><\/p>\n<p><strong>A Paz do Cristo Ressuscitado esteja com voc\u00eas!<\/strong><\/p>\n<p>A mensagem da ressurrei\u00e7\u00e3o do Senhor, segundo o Evangelho de S\u00e3o Lucas, inicia-se com um questionamento feito por \u201cdois homens vestidos de branco\u201d (Lc 24,3) a um grupo de mulheres que, bem de madrugada, foi ao encontro da sepultura de Jesus para a\u00ed chorar a morte e deixar aromas e b\u00e1lsamos: \u201cPor que procurais entre os mortos quem est\u00e1 vivo?\u201d (Lc 24,5).<\/p>\n<p>Aquele que no Mist\u00e9rio da Encarna\u00e7\u00e3o \u201cnasceu por n\u00f3s \u00e0 beira do caminho e deitado numa manjedoura\u201d de uma gruta (cf. OfP 15,7), envolto em panos pobres, adorado e agraciado pelos Reis Magos com ouro, incenso e mirra, agora, no Mist\u00e9rio da Paix\u00e3o e Morte, foi envolto em linho fino, comprado por Jos\u00e9 de Arimat\u00e9ia no apressado sepultamento antes do repouso sab\u00e1tico, embalsamado por Nicodemos com uma mistura cara de mirra e alo\u00e9s, e sepultado na silenciosa gruta da mans\u00e3o dos mortos. Para esta gruta da morte, ainda na madrugada do \u201cprimeiro dia da semana\u201d (Lc 24,1), acorreram algumas mulheres como naturalmente fazemos n\u00f3s, os mortais, quando vamos chorar a morte diante das sepulturas das pessoas queridas que nos precederam nesta vida. Sem flores ou coroas, elas levaram consigo aromas e b\u00e1lsamos e se dirigiram \u00e0 sepultura para chorar e recordar a morte do grande Amigo \u201cque passou pela vida fazendo o bem\u201d (At 10,38).<\/p>\n<p>E se outrora a estrela-guia conduziu os Reis Magos para dentro do mist\u00e9rio da gruta de Bel\u00e9m para que ali ofertarem ouro, incenso e mirra, e fazer com que a Luz do rec\u00e9m-nascido fosse uma verdadeira epifania para todos os que jaziam nas \u201csombras da morte\u201d (cf. Lc 1,79), agora, naquela madrugada, estes \u201chomens vestidos de branco\u201d, quais novas estrelas-guia da P\u00e1scoa interpelam as mulheres a buscarem o mist\u00e9rio da vida fora daquela gruta da morte: \u201cEle n\u00e3o est\u00e1 aqui! Ressuscitou\u201d. N\u00e3o adianta procurar entre os mortos Aquele que est\u00e1 vivo e ressuscitado.<\/p>\n<p>Inicia-se assim o processo da busca do Ressuscitado. Se Ele n\u00e3o se encontra na mans\u00e3o dos mortos, como e onde encontra-lo entre os vivos? Qual seria a \u2018chave\u2019 de acesso a esse Mist\u00e9rio novo e t\u00e3o profundo da Ressurrei\u00e7\u00e3o? A indica\u00e7\u00e3o para encontrar o Ressuscitado procede dos mesmos \u201chomens vestidos de branco\u201d, estrelas-guia da Ressurrei\u00e7\u00e3o: \u201cLembrai-vos do que vos falou, estando ainda na Galileia, dizendo que o Filho do homem havia de ser entregue ao poder de pecadores e ser crucificado, mas ressuscitaria ao terceiro dia\u201d (Lc 24, 6-7).<\/p>\n<p>Mas quem seria capaz de desvendar a mensagem dos \u201chomens vestidos de branco\u201d na afirma\u00e7\u00e3o \u201cEle n\u00e3o est\u00e1 aqui! Ressuscitou\u201d? Quem ajudaria a cada um dos disc\u00edpulos e disc\u00edpulas a remover a pedra-obst\u00e1culo para o reencontro com Mestre ressuscitado e compreende-lo a partir do ocular da F\u00e9? Os temores e as incertezas geraram nesses homens \u201clentos em crer\u201d tantas outras d\u00favidas:<\/p>\n<p>Seria a Ressurei\u00e7\u00e3o uma \u201clorota\u201d das mulheres que de madrugada foram \u00e0 sepultura (Lc 24,11), mas a Ele n\u00e3o viram? Poderia o Ressuscitado ser confundido com jardineiro do cemit\u00e9rio (Jo 20, 11-16)? Poderia o Ressuscitado, que por n\u00f3s se fez peregrino neste mundo, se misturar entre tantos outros peregrinos que naqueles dias estavam em Jerusal\u00e9m e retornavam \u00e0s suas cidades e aldeias, como os disc\u00edpulos de Ema\u00fas (Lc 24,13-24)? Seria o Ressuscitado um \u2018fantasma\u2019 ou um \u201cesp\u00edrito\u201d amedrontador que surpreendeu os Onze Ap\u00f3stolos perturbados e trancados numa sala, com muitas \u201cd\u00favidas no cora\u00e7\u00e3o\u201d (Lc 24,37-38)?<\/p>\n<p>Em meio \u00e0s desconfian\u00e7as, ao medo e \u00e0 dureza de cora\u00e7\u00e3o dos assustados disc\u00edpulos pela crueldade da condena\u00e7\u00e3o e morte Daquele que para eles se apresentou como \u201ccaminho, verdade e vida\u201d, \u201cp\u00e3o vivo descido do c\u00e9u\u201d, \u201cbom pastor que d\u00e1 a vida\u201d, \u201cressurrei\u00e7\u00e3o e vida\u201d, n\u00e3o foi f\u00e1cil fazer a transposi\u00e7\u00e3o do choro da sepultura ao c\u00e2ntico do aleluia pascal. Parecia ser mais f\u00e1cil chorar a morte do que cantar ou proclamar a vida. Existem sempre pedras pesadas a serem removidas das sepulturas e sinais de morte. E no caminhar pessoal de cada disc\u00edpulo ou disc\u00edpula, os \u201chomens vestidos de branco\u201d s\u00e3o fundamentais no reencontro com Aquele que disse: \u201cEu sou a Ressurrei\u00e7\u00e3o e a Vida\u201d.<\/p>\n<p>E n\u00f3s? O que nos leva a chorar a morte ou a lamentar os diferentes sinais de morte? Humanamente choramos a morte dos confrades, familiares e amigos que nos precederam e ao mesmo tempo, mesmo imersos no ofert\u00f3rio da dor, cantamos a certeza de que a vida deles ou delas n\u00e3o foi \u201cpassageira ilus\u00e3o\u201d. Preocupo-me com o choro diante de outros sinais de morte que, muitas vezes, s\u00e3o pedras enormes a serem removidas das nossas sepulturas di\u00e1rias:<\/p>\n<p>A pesada pedra do individualismo moderno, tamb\u00e9m presente na vida consagrada, que nos leva a caminhar solit\u00e1rios, impedindo-nos dos encontros fraternos onde se realiza a partilha do p\u00e3o e da alegria do reencontro di\u00e1rio com o Ressuscitado.<\/p>\n<p>A pesada pedra do \u2018poder e do mando\u2019 que impede o di\u00e1logo com o diferente, evitando que o Forasteiro de Jerusal\u00e9m compartilhe o p\u00e3o e se fa\u00e7a companheiro na voca\u00e7\u00e3o e miss\u00e3o da fraternidade, enquanto anunciadora da alegria pascal. A pesada pedra da descren\u00e7a e da frieza dos valores m\u00edsticos do nosso carisma que nos transforma em \u201chomens de pouca f\u00e9\u201d, em outros \u2018Tom\u00e9s\u2019 descrentes, calculistas e racionalistas. A pesada pedra do sil\u00eancio t\u00e1cito que interrompe todos os canais de comunica\u00e7\u00e3o para a mensagem da \u201calegria do Evangelho\u201d trazida pelo novo homem vestidos de branco, o Papa Francisco, que nos interpela a buscar solu\u00e7\u00f5es comuns e fraternas diante dos nossos medos e d\u00favidas no cora\u00e7\u00e3o. A pesada pedra do poder do dinheiro que chantageia a verdade maior da Ressurrei\u00e7\u00e3o da qual somos profetas pelo testemunho da pobreza e da minoridade.<\/p>\n<p>Hoje, na mesma certeza daqueles \u201chomens vestido de branco\u201d, renovo a boa-nova do mesmo an\u00fancio: \u201cPor que procurais entre os mortos quem est\u00e1 vivo? Ele n\u00e3o est\u00e1 aqui! Ressuscitou!\u201d. Que esta alegria chegue a cada um de voc\u00eas, \u00e0s nossas fraternidades e todas as nossas Frentes de Evangeliza\u00e7\u00e3o e Forma\u00e7\u00e3o. O Ressuscitado \u00e9 mais forte que os nossos medos. Ele mesmo remove as pesadas pedras para soprar sobre n\u00f3s seu h\u00e1lito vital dizendo: \u201cRecebei o Esp\u00edrito Santo\u201d. Ele mesmo, em fraternidade e como fraternidade, a n\u00f3s se apresenta para dizer: \u201cN\u00e3o tenhais medo, sou eu mesmo\u201d. Assim, no di\u00e1logo e na partilha da Palavra, na comunh\u00e3o e na partilha do p\u00e3o, no peregrinar atento e acolhedor, fazemos acontecer em n\u00f3s aquilo que o amor de Deus realizou naquela manh\u00e3 da Ressurrei\u00e7\u00e3o.<\/p>\n<p>E com S\u00e3o Francisco de Assis nos irmanamos com todos os biomas vitais para proclamar: \u201cAlegrem-se os c\u00e9us, rejubile a terra, ressoe o mar com tudo o que cont\u00e9m, rejubilem-se os campos e que neles existe\u201d (OfP 7,4) para cantar o canto novo daquele que \u201cdeitou-se para dormir e levantou-se de novo\u201d (OfP 6,11) na manh\u00e3 da Ressurrei\u00e7\u00e3o.<\/p>\n<p><strong>Feliz e aben\u00e7oada P\u00e1scoa!<\/strong><\/p>\n<p><strong>Frei Fid\u00eancio Vanboemmel, OFM<\/strong><\/p>\n<p><strong>Ministro Provincial<\/strong><\/p>\n","protected":false},"excerpt":{"rendered":"<p>Carta<\/p>\n","protected":false},"author":1,"featured_media":198033,"comment_status":"open","ping_status":"open","sticky":false,"template":"","format":"standard","meta":[],"categories":[1],"tags":[1179],"acf":[],"yoast_head":"<!-- This site is optimized with the Yoast SEO plugin v19.2 - https:\/\/yoast.com\/wordpress\/plugins\/seo\/ -->\n<title>Mensagem do Ministro Provincial para esta P\u00e1scoa - Not\u00edcias - Franciscanos<\/title>\n<meta name=\"robots\" content=\"index, follow, max-snippet:-1, max-image-preview:large, max-video-preview:-1\" \/>\n<link rel=\"canonical\" href=\"https:\/\/franciscanos.org.br\/noticias\/existem-sempre-pedras-pesadas-a-serem-removidas-das-sepulturas-e-sinais-de-morte.html\" \/>\n<meta property=\"og:locale\" content=\"pt_BR\" \/>\n<meta property=\"og:type\" content=\"article\" \/>\n<meta property=\"og:title\" content=\"Mensagem do Ministro Provincial para esta P\u00e1scoa - Not\u00edcias - Franciscanos\" \/>\n<meta property=\"og:description\" content=\"Carta\" \/>\n<meta property=\"og:url\" content=\"https:\/\/franciscanos.org.br\/noticias\/existem-sempre-pedras-pesadas-a-serem-removidas-das-sepulturas-e-sinais-de-morte.html\" \/>\n<meta property=\"og:site_name\" content=\"Not\u00edcias - Franciscanos\" \/>\n<meta property=\"article:published_time\" content=\"2017-04-10T10:50:40+00:00\" \/>\n<meta property=\"article:modified_time\" content=\"2019-01-29T15:32:23+00:00\" \/>\n<meta property=\"og:image\" content=\"https:\/\/franciscanos.org.br\/noticias\/wp-content\/uploads\/2017\/04\/cristo_10-417.jpg\" \/>\n\t<meta property=\"og:image:width\" content=\"273\" \/>\n\t<meta property=\"og:image:height\" content=\"181\" \/>\n\t<meta property=\"og:image:type\" content=\"image\/jpeg\" \/>\n<meta name=\"author\" content=\"admin\" \/>\n<meta name=\"twitter:card\" content=\"summary_large_image\" \/>\n<meta name=\"twitter:label1\" content=\"Escrito por\" \/>\n\t<meta name=\"twitter:data1\" content=\"admin\" \/>\n\t<meta name=\"twitter:label2\" content=\"Est. tempo de leitura\" \/>\n\t<meta name=\"twitter:data2\" content=\"6 minutos\" \/>\n<script type=\"application\/ld+json\" class=\"yoast-schema-graph\">{\"@context\":\"https:\/\/schema.org\",\"@graph\":[{\"@type\":\"WebSite\",\"@id\":\"https:\/\/franciscanos.org.br\/noticias\/#website\",\"url\":\"https:\/\/franciscanos.org.br\/noticias\/\",\"name\":\"Not\u00edcias - Franciscanos\",\"description\":\"Prov\u00edncia Franciscana da Imaculada Concei\u00e7\u00e3o do Brasil - Ordem dos Frades Menores - OFM\",\"potentialAction\":[{\"@type\":\"SearchAction\",\"target\":{\"@type\":\"EntryPoint\",\"urlTemplate\":\"https:\/\/franciscanos.org.br\/noticias\/?s={search_term_string}\"},\"query-input\":\"required name=search_term_string\"}],\"inLanguage\":\"pt-BR\"},{\"@type\":\"ImageObject\",\"inLanguage\":\"pt-BR\",\"@id\":\"https:\/\/franciscanos.org.br\/noticias\/existem-sempre-pedras-pesadas-a-serem-removidas-das-sepulturas-e-sinais-de-morte.html#primaryimage\",\"url\":\"https:\/\/franciscanos.org.br\/noticias\/wp-content\/uploads\/2017\/04\/cristo_10-417.jpg\",\"contentUrl\":\"https:\/\/franciscanos.org.br\/noticias\/wp-content\/uploads\/2017\/04\/cristo_10-417.jpg\",\"width\":273,\"height\":181},{\"@type\":\"WebPage\",\"@id\":\"https:\/\/franciscanos.org.br\/noticias\/existem-sempre-pedras-pesadas-a-serem-removidas-das-sepulturas-e-sinais-de-morte.html#webpage\",\"url\":\"https:\/\/franciscanos.org.br\/noticias\/existem-sempre-pedras-pesadas-a-serem-removidas-das-sepulturas-e-sinais-de-morte.html\",\"name\":\"Mensagem do Ministro Provincial para esta P\u00e1scoa - Not\u00edcias - Franciscanos\",\"isPartOf\":{\"@id\":\"https:\/\/franciscanos.org.br\/noticias\/#website\"},\"primaryImageOfPage\":{\"@id\":\"https:\/\/franciscanos.org.br\/noticias\/existem-sempre-pedras-pesadas-a-serem-removidas-das-sepulturas-e-sinais-de-morte.html#primaryimage\"},\"datePublished\":\"2017-04-10T10:50:40+00:00\",\"dateModified\":\"2019-01-29T15:32:23+00:00\",\"author\":{\"@id\":\"https:\/\/franciscanos.org.br\/noticias\/#\/schema\/person\/b38fbf43118f02820bd932f2e4b14ad3\"},\"breadcrumb\":{\"@id\":\"https:\/\/franciscanos.org.br\/noticias\/existem-sempre-pedras-pesadas-a-serem-removidas-das-sepulturas-e-sinais-de-morte.html#breadcrumb\"},\"inLanguage\":\"pt-BR\",\"potentialAction\":[{\"@type\":\"ReadAction\",\"target\":[\"https:\/\/franciscanos.org.br\/noticias\/existem-sempre-pedras-pesadas-a-serem-removidas-das-sepulturas-e-sinais-de-morte.html\"]}]},{\"@type\":\"BreadcrumbList\",\"@id\":\"https:\/\/franciscanos.org.br\/noticias\/existem-sempre-pedras-pesadas-a-serem-removidas-das-sepulturas-e-sinais-de-morte.html#breadcrumb\",\"itemListElement\":[{\"@type\":\"ListItem\",\"position\":1,\"name\":\"Home\",\"item\":\"https:\/\/franciscanos.org.br\/noticias\"},{\"@type\":\"ListItem\",\"position\":2,\"name\":\"Mensagem do Ministro Provincial para esta P\u00e1scoa\"}]},{\"@type\":\"Person\",\"@id\":\"https:\/\/franciscanos.org.br\/noticias\/#\/schema\/person\/b38fbf43118f02820bd932f2e4b14ad3\",\"name\":\"admin\",\"image\":{\"@type\":\"ImageObject\",\"inLanguage\":\"pt-BR\",\"@id\":\"https:\/\/franciscanos.org.br\/noticias\/#\/schema\/person\/image\/\",\"url\":\"https:\/\/secure.gravatar.com\/avatar\/e8495742d34d0ba6448ea1c628263b3e?s=96&d=mm&r=g\",\"contentUrl\":\"https:\/\/secure.gravatar.com\/avatar\/e8495742d34d0ba6448ea1c628263b3e?s=96&d=mm&r=g\",\"caption\":\"admin\"},\"url\":\"https:\/\/franciscanos.org.br\/noticias\/author\/admin\"}]}<\/script>\n<!-- \/ Yoast SEO plugin. -->","yoast_head_json":{"title":"Mensagem do Ministro Provincial para esta P\u00e1scoa - Not\u00edcias - Franciscanos","robots":{"index":"index","follow":"follow","max-snippet":"max-snippet:-1","max-image-preview":"max-image-preview:large","max-video-preview":"max-video-preview:-1"},"canonical":"https:\/\/franciscanos.org.br\/noticias\/existem-sempre-pedras-pesadas-a-serem-removidas-das-sepulturas-e-sinais-de-morte.html","og_locale":"pt_BR","og_type":"article","og_title":"Mensagem do Ministro Provincial para esta P\u00e1scoa - Not\u00edcias - Franciscanos","og_description":"Carta","og_url":"https:\/\/franciscanos.org.br\/noticias\/existem-sempre-pedras-pesadas-a-serem-removidas-das-sepulturas-e-sinais-de-morte.html","og_site_name":"Not\u00edcias - Franciscanos","article_published_time":"2017-04-10T10:50:40+00:00","article_modified_time":"2019-01-29T15:32:23+00:00","og_image":[{"width":273,"height":181,"url":"https:\/\/franciscanos.org.br\/noticias\/wp-content\/uploads\/2017\/04\/cristo_10-417.jpg","type":"image\/jpeg"}],"author":"admin","twitter_card":"summary_large_image","twitter_misc":{"Escrito por":"admin","Est. tempo de leitura":"6 minutos"},"schema":{"@context":"https:\/\/schema.org","@graph":[{"@type":"WebSite","@id":"https:\/\/franciscanos.org.br\/noticias\/#website","url":"https:\/\/franciscanos.org.br\/noticias\/","name":"Not\u00edcias - Franciscanos","description":"Prov\u00edncia Franciscana da Imaculada Concei\u00e7\u00e3o do Brasil - Ordem dos Frades Menores - OFM","potentialAction":[{"@type":"SearchAction","target":{"@type":"EntryPoint","urlTemplate":"https:\/\/franciscanos.org.br\/noticias\/?s={search_term_string}"},"query-input":"required name=search_term_string"}],"inLanguage":"pt-BR"},{"@type":"ImageObject","inLanguage":"pt-BR","@id":"https:\/\/franciscanos.org.br\/noticias\/existem-sempre-pedras-pesadas-a-serem-removidas-das-sepulturas-e-sinais-de-morte.html#primaryimage","url":"https:\/\/franciscanos.org.br\/noticias\/wp-content\/uploads\/2017\/04\/cristo_10-417.jpg","contentUrl":"https:\/\/franciscanos.org.br\/noticias\/wp-content\/uploads\/2017\/04\/cristo_10-417.jpg","width":273,"height":181},{"@type":"WebPage","@id":"https:\/\/franciscanos.org.br\/noticias\/existem-sempre-pedras-pesadas-a-serem-removidas-das-sepulturas-e-sinais-de-morte.html#webpage","url":"https:\/\/franciscanos.org.br\/noticias\/existem-sempre-pedras-pesadas-a-serem-removidas-das-sepulturas-e-sinais-de-morte.html","name":"Mensagem do Ministro Provincial para esta P\u00e1scoa - Not\u00edcias - Franciscanos","isPartOf":{"@id":"https:\/\/franciscanos.org.br\/noticias\/#website"},"primaryImageOfPage":{"@id":"https:\/\/franciscanos.org.br\/noticias\/existem-sempre-pedras-pesadas-a-serem-removidas-das-sepulturas-e-sinais-de-morte.html#primaryimage"},"datePublished":"2017-04-10T10:50:40+00:00","dateModified":"2019-01-29T15:32:23+00:00","author":{"@id":"https:\/\/franciscanos.org.br\/noticias\/#\/schema\/person\/b38fbf43118f02820bd932f2e4b14ad3"},"breadcrumb":{"@id":"https:\/\/franciscanos.org.br\/noticias\/existem-sempre-pedras-pesadas-a-serem-removidas-das-sepulturas-e-sinais-de-morte.html#breadcrumb"},"inLanguage":"pt-BR","potentialAction":[{"@type":"ReadAction","target":["https:\/\/franciscanos.org.br\/noticias\/existem-sempre-pedras-pesadas-a-serem-removidas-das-sepulturas-e-sinais-de-morte.html"]}]},{"@type":"BreadcrumbList","@id":"https:\/\/franciscanos.org.br\/noticias\/existem-sempre-pedras-pesadas-a-serem-removidas-das-sepulturas-e-sinais-de-morte.html#breadcrumb","itemListElement":[{"@type":"ListItem","position":1,"name":"Home","item":"https:\/\/franciscanos.org.br\/noticias"},{"@type":"ListItem","position":2,"name":"Mensagem do Ministro Provincial para esta P\u00e1scoa"}]},{"@type":"Person","@id":"https:\/\/franciscanos.org.br\/noticias\/#\/schema\/person\/b38fbf43118f02820bd932f2e4b14ad3","name":"admin","image":{"@type":"ImageObject","inLanguage":"pt-BR","@id":"https:\/\/franciscanos.org.br\/noticias\/#\/schema\/person\/image\/","url":"https:\/\/secure.gravatar.com\/avatar\/e8495742d34d0ba6448ea1c628263b3e?s=96&d=mm&r=g","contentUrl":"https:\/\/secure.gravatar.com\/avatar\/e8495742d34d0ba6448ea1c628263b3e?s=96&d=mm&r=g","caption":"admin"},"url":"https:\/\/franciscanos.org.br\/noticias\/author\/admin"}]}},"_links":{"self":[{"href":"https:\/\/franciscanos.org.br\/noticias\/wp-json\/wp\/v2\/posts\/129922"}],"collection":[{"href":"https:\/\/franciscanos.org.br\/noticias\/wp-json\/wp\/v2\/posts"}],"about":[{"href":"https:\/\/franciscanos.org.br\/noticias\/wp-json\/wp\/v2\/types\/post"}],"author":[{"embeddable":true,"href":"https:\/\/franciscanos.org.br\/noticias\/wp-json\/wp\/v2\/users\/1"}],"replies":[{"embeddable":true,"href":"https:\/\/franciscanos.org.br\/noticias\/wp-json\/wp\/v2\/comments?post=129922"}],"version-history":[{"count":0,"href":"https:\/\/franciscanos.org.br\/noticias\/wp-json\/wp\/v2\/posts\/129922\/revisions"}],"wp:featuredmedia":[{"embeddable":true,"href":"https:\/\/franciscanos.org.br\/noticias\/wp-json\/wp\/v2\/media\/198033"}],"wp:attachment":[{"href":"https:\/\/franciscanos.org.br\/noticias\/wp-json\/wp\/v2\/media?parent=129922"}],"wp:term":[{"taxonomy":"category","embeddable":true,"href":"https:\/\/franciscanos.org.br\/noticias\/wp-json\/wp\/v2\/categories?post=129922"},{"taxonomy":"post_tag","embeddable":true,"href":"https:\/\/franciscanos.org.br\/noticias\/wp-json\/wp\/v2\/tags?post=129922"}],"curies":[{"name":"wp","href":"https:\/\/api.w.org\/{rel}","templated":true}]}}