{"id":129888,"date":"2017-04-09T10:40:10","date_gmt":"2017-04-09T13:40:10","guid":{"rendered":"http:\/\/franciscanos.org.br\/?p=129888"},"modified":"2020-06-09T09:50:52","modified_gmt":"2020-06-09T12:50:52","slug":"este-jesus-aclamado-na-cidade-santa-nao-e-um-iludido-que-apregoa-ilusoes","status":"publish","type":"post","link":"https:\/\/franciscanos.org.br\/noticias\/este-jesus-aclamado-na-cidade-santa-nao-e-um-iludido-que-apregoa-ilusoes.html","title":{"rendered":"\u201cEste Jesus, aclamado na Cidade Santa, n\u00e3o \u00e9 um iludido que apregoa ilus\u00f5es&#8221;"},"content":{"rendered":"<p><img loading=\"lazy\" class=\"aligncenter\" src=\"http:\/\/franciscanos.org.br\/wp-content\/uploads\/2017\/04\/ramos_090417_1.jpg\" alt=\"ramos_090417_1\" width=\"820\" height=\"392\" \/><\/p>\n<p><strong>Cidade do Vaticano<\/strong> &#8211; Inicia-se neste Domingo de Ramos (09\/04) a Semana Santa. O Papa Francisco presidiu a Missa deste domingo, na Pra\u00e7a S\u00e3o Pedro, que contou com a participa\u00e7\u00e3o de v\u00e1rios fi\u00e9is e peregrinos, cerca de quarenta mil pessoas.<\/p>\n<p>\u201cEsta celebra\u00e7\u00e3o tem, por assim dizer, duplo sabor: doce e amargo. \u00c9 jubilosa e dolorosa, pois nela celebramos o Senhor que entra em Jerusal\u00e9m, aclamado pelos seus disc\u00edpulos como rei; ao mesmo tempo, por\u00e9m, proclama-se solenemente a narra\u00e7\u00e3o evang\u00e9lica de sua Paix\u00e3o. Por isso, o nosso cora\u00e7\u00e3o experimenta o contraste pungente e prova, embora numa medida m\u00ednima, aquilo que deve ter sentido Jesus em seu cora\u00e7\u00e3o naquele dia, quando rejubilou com os seus amigos e chorou sobre Jerusal\u00e9m\u201d, disse o Pont\u00edfice.<\/p>\n<p>\u201cH\u00e1 trinta e dois anos a dimens\u00e3o jubilosa deste domingo tem sido enriquecida com a festa dos jovens: a Jornada Mundial da Juventude, que, este ano, se celebra no \u00e2mbito diocesano, mas daqui a pouco viver\u00e1, nesta Pra\u00e7a, um momento sempre emocionante, de horizontes abertos, com a passagem da Cruz dos jovens de Crac\u00f3via para os do Panam\u00e1.\u201d<\/p>\n<p>\u201cO Evangelho, proclamado antes da prociss\u00e3o, apresenta Jesus que desce do Monte das Oliveiras montado num jumentinho, sobre o qual ainda ningu\u00e9m se sentara; evidencia o entusiasmo dos disc\u00edpulos, que acompanham o Mestre com aclama\u00e7\u00f5es festivas; e pode-se, provavelmente, imaginar que isso contagiou os adolescentes e os jovens da cidade, que se juntaram ao cortejo com os seus gritos. O pr\u00f3prio Jesus reconhece neste jubiloso acolhimento uma for\u00e7a irreprim\u00edvel querida por Deus, respondendo assim aos fariseus escandalizados: \u00abEu vos digo, se eles se calarem, as pedras gritar\u00e3o\u00bb.\u201d<\/p>\n<p><img loading=\"lazy\" class=\"aligncenter\" src=\"http:\/\/franciscanos.org.br\/wp-content\/uploads\/2017\/04\/ramos_090417_2.jpg\" alt=\"ramos_090417_2\" width=\"820\" height=\"546\" \/><\/p>\n<p>\u201cMas este Jesus, cuja entrada na Cidade Santa estava prevista precisamente assim nas Escrituras, n\u00e3o \u00e9 um iludido que apregoa ilus\u00f5es, um profeta \u00abnew age\u00bb, um vendedor de fuma\u00e7a. Longe disso! \u00c9 um Messias bem definido, com a fisionomia concreta do servo, o servo de Deus e do homem que caminha para a paix\u00e3o; \u00e9 o grande Padecente da dor humana\u201d, frisou o Papa.<\/p>\n<p>\u201cAssim, enquanto festejamos o nosso Rei, pensemos nos sofrimentos que Ele dever\u00e1 padecer nesta Semana. Pensemos nas cal\u00fanias, nos ultrajes, nas ciladas, nas trai\u00e7\u00f5es, no abandono, no julgamento in\u00edquo, nas pancadas, na flagela\u00e7\u00e3o, na coroa de espinhos&#8230; e, por fim, no caminho da cruz at\u00e9 \u00e0 crucifica\u00e7\u00e3o.\u201d<\/p>\n<p>\u201cEle tinha dito claramente aos seus disc\u00edpulos: \u00abSe algu\u00e9m quer vir comigo, renuncie a si mesmo, tome a sua cruz e me siga\u00bb. Nunca prometeu honras nem sucessos. Os Evangelhos s\u00e3o claros. Sempre avisou os seus amigos de que a sua estrada era aquela: a vit\u00f3ria final passaria atrav\u00e9s da paix\u00e3o e da cruz. E, para n\u00f3s, vale o mesmo. Para seguir fielmente a Jesus, pe\u00e7amos a gra\u00e7a de o fazer n\u00e3o por palavras mas com as obras, e ter a paci\u00eancia de suportar a nossa cruz: n\u00e3o a recusar nem jogar fora, mas, com os olhos fixos n\u2019Ele, aceit\u00e1-la e carreg\u00e1-la a cada dia.\u201d<\/p>\n<p>\u201cEste Jesus, que aceita ser aclamado, mesmo sabendo que O espera o \u00abcrucifica-o!\u00bb, n\u00e3o nos pede para O contemplarmos apenas nos quadros, nas fotografias, ou nos v\u00eddeos que circulam na rede. N\u00e3o. Est\u00e1 presente em muitos dos nossos irm\u00e3os e irm\u00e3s que hoje, sim hoje, padecem tribula\u00e7\u00f5es como Ele: sofrem com o trabalho de escravos, sofrem com os dramas familiares, as doen\u00e7as&#8230; Sofrem por causa das guerras e do terrorismo, por causa dos interesses que se movem por tr\u00e1s das armas que n\u00e3o cessam de matar. Homens e mulheres enganados, violados na sua dignidade, descartados&#8230;. Jesus est\u00e1 neles, em cada um deles, e com aquele rosto desfigurado, com aquela voz rouca, pede para ser enxergado, reconhecido, amado.\u201d<\/p>\n<p>\u201cN\u00e3o h\u00e1 outro Jesus: \u00e9 o mesmo que entrou em Jerusal\u00e9m por entre o acenar de ramos de palmeira e oliveira. \u00c9 o mesmo que foi pregado na cruz e morreu entre dois ladr\u00f5es. N\u00e3o temos outro Senhor para al\u00e9m d\u2019Ele: Jesus, humilde Rei de justi\u00e7a, miseric\u00f3rdia e paz.\u201d<\/p>\n<p><img loading=\"lazy\" class=\"aligncenter\" src=\"http:\/\/franciscanos.org.br\/wp-content\/uploads\/2017\/04\/ramos_090417_3.jpg\" alt=\"ramos_090417_3\" width=\"820\" height=\"546\" \/><\/p>\n<h1>ANGELUS<\/h1>\n<p>No final da missa do Domingo de Ramos (09\/04), o Papa Francisco rezou a ora\u00e7\u00e3o mariana do Angelus, na Pra\u00e7a S\u00e3o Pedro. Na alocu\u00e7\u00e3o que precedeu a ora\u00e7\u00e3o, o Pont\u00edfice disse: \u201cNo final desta celebra\u00e7\u00e3o, sa\u00fado cordialmente todos voc\u00eas aqui presentes, especialmente os que participaram da confer\u00eancia internacional em vista da assembleia sinodal sobre os jovens, promovida pelo Dicast\u00e9rio para os Leigos, a Fam\u00edlia e a Vida junto com a Secretaria Geral do S\u00ednodo dos Bispos. Esta sauda\u00e7\u00e3o se estende a todos os jovens que hoje, em torno de seus bispos, celebram a Jornada Mundial da Juventude em todas as dioceses do mundo. \u00c9 mais uma etapa da grande peregrina\u00e7\u00e3o, iniciada por S\u00e3o Jo\u00e3o Paulo II, que no ano passado nos reuniu em Crac\u00f3via e que nos convoca ao Panam\u00e1, em janeiro de 2019.\u201d<\/p>\n<p>\u201cPor isso, daqui a pouco, os jovens poloneses entregar\u00e3o a Cruz das Jornadas Mundiais da Juventude aos jovens panamenhos, acompanhados, uns e outros, por seus Pastores e Autoridades civis\u201d, disse ainda o Papa.<\/p>\n<p>\u201cPe\u00e7amos ao Senhor para que a Cruz, junto ao \u00edcone de Maria Salus Populi Romani, nos lugares em que passar, fa\u00e7a crescer a f\u00e9 e a esperan\u00e7a, revelando o amor invenc\u00edvel de Cristo.\u201d<\/p>\n<p>A seguir, Francisco recordou as v\u00edtimas do atentado cometido na Su\u00e9cia: \u201cA Cristo, que hoje entra na Paix\u00e3o, e \u00e0 Virgem Santa confio as v\u00edtimas do atentado terrorista perpetrado, na \u00faltima sexta-feira (07\/04), em Estocolmo, bem como aqueles que ainda s\u00e3o duramente provados pela guerra, trag\u00e9dia da humanidade\u201d.<\/p>\n<p>O Papa recordou tamb\u00e9m as v\u00edtimas de uma explos\u00e3o na igreja Mar Girgis, na cidade de Tanta, no Egito, este domingo (09\/04), que deixou vinte e cinco mortos e 40 feridos. A cidade est\u00e1 situada a cem quil\u00f4metros ao norte do Cairo: \u201cRezemos pelas v\u00edtimas do atentado perpetrado, infelizmente, hoje, esta manh\u00e3, no Cairo, numa igreja copta. Ao meu querido irm\u00e3o, Sua Santidade Tawadros II, \u00e0 Igreja copta e a toda a querida na\u00e7\u00e3o eg\u00edpcia expresso o meu profundo sentimento de pesar. Rezo pelos defuntos e feridos. Estou pr\u00f3ximo aos familiares e a toda comunidade. Que o Senhor converta o cora\u00e7\u00e3o das pessoas que semeiam terror, viol\u00eancia e morte, e tamb\u00e9m o cora\u00e7\u00e3o daqueles que fazem e traficam armas.\u201d<\/p>\n<h1>VIG\u00cdLIA COM OS JOVENS<\/h1>\n<p><img loading=\"lazy\" class=\"aligncenter\" src=\"http:\/\/franciscanos.org.br\/wp-content\/uploads\/2017\/04\/ramos_090417_4.jpg\" alt=\"ramos_090417_4\" width=\"820\" height=\"466\" \/><\/p>\n<p>O Papa Francisco presidiu na tarde deste s\u00e1bado, 8 de abril, a vig\u00edlia de ora\u00e7\u00e3o com os jovens, na Bas\u00edlica de Santa Maria Maior, em vista da 32\u00aa edi\u00e7\u00e3o da Jornada Mundial da Juventude, em n\u00edvel diocesano, que se celebrar\u00e1 amanh\u00e3, Domingo de Ramos, em todas as dioceses do mundo. O tema da 32\u00aa edi\u00e7\u00e3o da JMJ \u00e9 \u201cO Todo-poderoso realizou grandes coisas em meu favor\u201d, extra\u00eddo do Evangelho de Lucas 1, 49.<\/p>\n<p>\u201cQueridos jovens, n\u00e3o tenham medo de dizer \u2018sim\u2019 a Jesus com todo o \u00edmpeto do cora\u00e7\u00e3o, de lhe responder generosamente e de segui-lo!\u201d, tuitou o Papa neste s\u00e1bado, em sua conta @Pontifex em nove l\u00ednguas.<\/p>\n<p>Esta vig\u00edlia de ora\u00e7\u00e3o na Bas\u00edlica de Santa Maria Maior \u00e9 o primeiro encontro do Papa com os jovens no caminho de prepara\u00e7\u00e3o da XV Assembleia Geral Ordin\u00e1ria do S\u00ednodo dos Bispos, marcada para outubro de 2018 sobre o tema \u201cOs jovens, a f\u00e9 e o discernimento vocacional\u201d, e da 34\u00aa Jornada Mundial da Juventude que se realizar\u00e1 no Panam\u00e1, em 2019.<\/p>\n<p>&#8220;Esta noite, tem um duplo in\u00edcio de caminho rumo ao S\u00ednodo que tem um tema longo, jovens, f\u00e9, discernimento vocacional. O S\u00ednodo dos jovens&#8221;, disse o Papa, &#8220;e o in\u00edcio do caminho rumo ao Panam\u00e1&#8221;, reiterou Francisco.<\/p>\n<p>O Papa Francisco escolheu e dedicou a Maria os temas para o percurso trienal das pr\u00f3ximas Jornadas Mundiais da Juventude. Para a 33\u00aa Jornada Mundial da Juventude diocesana de 2018 o tema escolhido pelo pont\u00edfice \u00e9 \u201cN\u00e3o temas, Maria, porque encontraste gra\u00e7a junto de Deus\u201d.<\/p>\n<p>O tema da 34\u00aa Jornada Mundial da Juventude que se realizar\u00e1 no Panam\u00e1, em 2019, \u00e9 \u201cEis a serva do Senhor. Fa\u00e7a-se em mim segundo a tua palavra\u201d. Os tr\u00eas temas anunciados tem como objetivo dar uma conota\u00e7\u00e3o mariana forte ao itiner\u00e1rio espiritual das pr\u00f3ximas JMJ, recordando ao mesmo tempo a imagem de uma juventude a caminho entre passado (2017), presente (2018) e futuro (2019), animada pelas tr\u00eas virtudes teologais: f\u00e9, caridade e esperan\u00e7a.<\/p>\n<hr \/>\n<p><em>Fonte: R\u00e1dio Vaticano<\/em><\/p>\n","protected":false},"excerpt":{"rendered":"<p>Domingo de Ramos<\/p>\n","protected":false},"author":1,"featured_media":198046,"comment_status":"open","ping_status":"open","sticky":false,"template":"","format":"standard","meta":[],"categories":[1428],"tags":[1432],"acf":[],"yoast_head":"<!-- This site is optimized with the Yoast SEO plugin v19.2 - https:\/\/yoast.com\/wordpress\/plugins\/seo\/ -->\n<title>\u201cEste Jesus, aclamado na Cidade Santa, n\u00e3o \u00e9 um iludido que apregoa ilus\u00f5es&quot; - Not\u00edcias - Franciscanos<\/title>\n<meta name=\"robots\" content=\"index, follow, max-snippet:-1, max-image-preview:large, max-video-preview:-1\" \/>\n<link rel=\"canonical\" href=\"https:\/\/franciscanos.org.br\/noticias\/este-jesus-aclamado-na-cidade-santa-nao-e-um-iludido-que-apregoa-ilusoes.html\" \/>\n<meta property=\"og:locale\" content=\"pt_BR\" \/>\n<meta property=\"og:type\" content=\"article\" \/>\n<meta property=\"og:title\" content=\"\u201cEste Jesus, aclamado na Cidade Santa, n\u00e3o \u00e9 um iludido que apregoa ilus\u00f5es&quot; - Not\u00edcias - Franciscanos\" \/>\n<meta property=\"og:description\" content=\"Domingo de Ramos\" \/>\n<meta property=\"og:url\" content=\"https:\/\/franciscanos.org.br\/noticias\/este-jesus-aclamado-na-cidade-santa-nao-e-um-iludido-que-apregoa-ilusoes.html\" \/>\n<meta property=\"og:site_name\" content=\"Not\u00edcias - Franciscanos\" \/>\n<meta property=\"article:published_time\" content=\"2017-04-09T13:40:10+00:00\" \/>\n<meta property=\"article:modified_time\" content=\"2020-06-09T12:50:52+00:00\" \/>\n<meta property=\"og:image\" content=\"https:\/\/franciscanos.org.br\/noticias\/wp-content\/uploads\/2017\/04\/ramos_090417_1.jpg\" \/>\n\t<meta property=\"og:image:width\" content=\"273\" \/>\n\t<meta property=\"og:image:height\" content=\"181\" \/>\n\t<meta property=\"og:image:type\" content=\"image\/jpeg\" \/>\n<meta name=\"author\" content=\"admin\" \/>\n<meta name=\"twitter:card\" content=\"summary_large_image\" \/>\n<meta name=\"twitter:label1\" content=\"Escrito por\" \/>\n\t<meta name=\"twitter:data1\" content=\"admin\" \/>\n\t<meta name=\"twitter:label2\" content=\"Est. tempo de leitura\" \/>\n\t<meta name=\"twitter:data2\" content=\"7 minutos\" \/>\n<script type=\"application\/ld+json\" class=\"yoast-schema-graph\">{\"@context\":\"https:\/\/schema.org\",\"@graph\":[{\"@type\":\"WebSite\",\"@id\":\"https:\/\/franciscanos.org.br\/noticias\/#website\",\"url\":\"https:\/\/franciscanos.org.br\/noticias\/\",\"name\":\"Not\u00edcias - Franciscanos\",\"description\":\"Prov\u00edncia Franciscana da Imaculada Concei\u00e7\u00e3o do Brasil - Ordem dos Frades Menores - OFM\",\"potentialAction\":[{\"@type\":\"SearchAction\",\"target\":{\"@type\":\"EntryPoint\",\"urlTemplate\":\"https:\/\/franciscanos.org.br\/noticias\/?s={search_term_string}\"},\"query-input\":\"required name=search_term_string\"}],\"inLanguage\":\"pt-BR\"},{\"@type\":\"ImageObject\",\"inLanguage\":\"pt-BR\",\"@id\":\"https:\/\/franciscanos.org.br\/noticias\/este-jesus-aclamado-na-cidade-santa-nao-e-um-iludido-que-apregoa-ilusoes.html#primaryimage\",\"url\":\"https:\/\/franciscanos.org.br\/noticias\/wp-content\/uploads\/2017\/04\/ramos_090417_1.jpg\",\"contentUrl\":\"https:\/\/franciscanos.org.br\/noticias\/wp-content\/uploads\/2017\/04\/ramos_090417_1.jpg\",\"width\":273,\"height\":181},{\"@type\":\"WebPage\",\"@id\":\"https:\/\/franciscanos.org.br\/noticias\/este-jesus-aclamado-na-cidade-santa-nao-e-um-iludido-que-apregoa-ilusoes.html#webpage\",\"url\":\"https:\/\/franciscanos.org.br\/noticias\/este-jesus-aclamado-na-cidade-santa-nao-e-um-iludido-que-apregoa-ilusoes.html\",\"name\":\"\u201cEste Jesus, aclamado na Cidade Santa, n\u00e3o \u00e9 um iludido que apregoa ilus\u00f5es\\\" - Not\u00edcias - Franciscanos\",\"isPartOf\":{\"@id\":\"https:\/\/franciscanos.org.br\/noticias\/#website\"},\"primaryImageOfPage\":{\"@id\":\"https:\/\/franciscanos.org.br\/noticias\/este-jesus-aclamado-na-cidade-santa-nao-e-um-iludido-que-apregoa-ilusoes.html#primaryimage\"},\"datePublished\":\"2017-04-09T13:40:10+00:00\",\"dateModified\":\"2020-06-09T12:50:52+00:00\",\"author\":{\"@id\":\"https:\/\/franciscanos.org.br\/noticias\/#\/schema\/person\/b38fbf43118f02820bd932f2e4b14ad3\"},\"breadcrumb\":{\"@id\":\"https:\/\/franciscanos.org.br\/noticias\/este-jesus-aclamado-na-cidade-santa-nao-e-um-iludido-que-apregoa-ilusoes.html#breadcrumb\"},\"inLanguage\":\"pt-BR\",\"potentialAction\":[{\"@type\":\"ReadAction\",\"target\":[\"https:\/\/franciscanos.org.br\/noticias\/este-jesus-aclamado-na-cidade-santa-nao-e-um-iludido-que-apregoa-ilusoes.html\"]}]},{\"@type\":\"BreadcrumbList\",\"@id\":\"https:\/\/franciscanos.org.br\/noticias\/este-jesus-aclamado-na-cidade-santa-nao-e-um-iludido-que-apregoa-ilusoes.html#breadcrumb\",\"itemListElement\":[{\"@type\":\"ListItem\",\"position\":1,\"name\":\"Home\",\"item\":\"https:\/\/franciscanos.org.br\/noticias\"},{\"@type\":\"ListItem\",\"position\":2,\"name\":\"\u201cEste Jesus, aclamado na Cidade Santa, n\u00e3o \u00e9 um iludido que apregoa ilus\u00f5es&#8221;\"}]},{\"@type\":\"Person\",\"@id\":\"https:\/\/franciscanos.org.br\/noticias\/#\/schema\/person\/b38fbf43118f02820bd932f2e4b14ad3\",\"name\":\"admin\",\"image\":{\"@type\":\"ImageObject\",\"inLanguage\":\"pt-BR\",\"@id\":\"https:\/\/franciscanos.org.br\/noticias\/#\/schema\/person\/image\/\",\"url\":\"https:\/\/secure.gravatar.com\/avatar\/e8495742d34d0ba6448ea1c628263b3e?s=96&d=mm&r=g\",\"contentUrl\":\"https:\/\/secure.gravatar.com\/avatar\/e8495742d34d0ba6448ea1c628263b3e?s=96&d=mm&r=g\",\"caption\":\"admin\"},\"url\":\"https:\/\/franciscanos.org.br\/noticias\/author\/admin\"}]}<\/script>\n<!-- \/ Yoast SEO plugin. -->","yoast_head_json":{"title":"\u201cEste Jesus, aclamado na Cidade Santa, n\u00e3o \u00e9 um iludido que apregoa ilus\u00f5es\" - Not\u00edcias - Franciscanos","robots":{"index":"index","follow":"follow","max-snippet":"max-snippet:-1","max-image-preview":"max-image-preview:large","max-video-preview":"max-video-preview:-1"},"canonical":"https:\/\/franciscanos.org.br\/noticias\/este-jesus-aclamado-na-cidade-santa-nao-e-um-iludido-que-apregoa-ilusoes.html","og_locale":"pt_BR","og_type":"article","og_title":"\u201cEste Jesus, aclamado na Cidade Santa, n\u00e3o \u00e9 um iludido que apregoa ilus\u00f5es\" - Not\u00edcias - Franciscanos","og_description":"Domingo de Ramos","og_url":"https:\/\/franciscanos.org.br\/noticias\/este-jesus-aclamado-na-cidade-santa-nao-e-um-iludido-que-apregoa-ilusoes.html","og_site_name":"Not\u00edcias - Franciscanos","article_published_time":"2017-04-09T13:40:10+00:00","article_modified_time":"2020-06-09T12:50:52+00:00","og_image":[{"width":273,"height":181,"url":"https:\/\/franciscanos.org.br\/noticias\/wp-content\/uploads\/2017\/04\/ramos_090417_1.jpg","type":"image\/jpeg"}],"author":"admin","twitter_card":"summary_large_image","twitter_misc":{"Escrito por":"admin","Est. tempo de leitura":"7 minutos"},"schema":{"@context":"https:\/\/schema.org","@graph":[{"@type":"WebSite","@id":"https:\/\/franciscanos.org.br\/noticias\/#website","url":"https:\/\/franciscanos.org.br\/noticias\/","name":"Not\u00edcias - Franciscanos","description":"Prov\u00edncia Franciscana da Imaculada Concei\u00e7\u00e3o do Brasil - Ordem dos Frades Menores - OFM","potentialAction":[{"@type":"SearchAction","target":{"@type":"EntryPoint","urlTemplate":"https:\/\/franciscanos.org.br\/noticias\/?s={search_term_string}"},"query-input":"required name=search_term_string"}],"inLanguage":"pt-BR"},{"@type":"ImageObject","inLanguage":"pt-BR","@id":"https:\/\/franciscanos.org.br\/noticias\/este-jesus-aclamado-na-cidade-santa-nao-e-um-iludido-que-apregoa-ilusoes.html#primaryimage","url":"https:\/\/franciscanos.org.br\/noticias\/wp-content\/uploads\/2017\/04\/ramos_090417_1.jpg","contentUrl":"https:\/\/franciscanos.org.br\/noticias\/wp-content\/uploads\/2017\/04\/ramos_090417_1.jpg","width":273,"height":181},{"@type":"WebPage","@id":"https:\/\/franciscanos.org.br\/noticias\/este-jesus-aclamado-na-cidade-santa-nao-e-um-iludido-que-apregoa-ilusoes.html#webpage","url":"https:\/\/franciscanos.org.br\/noticias\/este-jesus-aclamado-na-cidade-santa-nao-e-um-iludido-que-apregoa-ilusoes.html","name":"\u201cEste Jesus, aclamado na Cidade Santa, n\u00e3o \u00e9 um iludido que apregoa ilus\u00f5es\" - Not\u00edcias - Franciscanos","isPartOf":{"@id":"https:\/\/franciscanos.org.br\/noticias\/#website"},"primaryImageOfPage":{"@id":"https:\/\/franciscanos.org.br\/noticias\/este-jesus-aclamado-na-cidade-santa-nao-e-um-iludido-que-apregoa-ilusoes.html#primaryimage"},"datePublished":"2017-04-09T13:40:10+00:00","dateModified":"2020-06-09T12:50:52+00:00","author":{"@id":"https:\/\/franciscanos.org.br\/noticias\/#\/schema\/person\/b38fbf43118f02820bd932f2e4b14ad3"},"breadcrumb":{"@id":"https:\/\/franciscanos.org.br\/noticias\/este-jesus-aclamado-na-cidade-santa-nao-e-um-iludido-que-apregoa-ilusoes.html#breadcrumb"},"inLanguage":"pt-BR","potentialAction":[{"@type":"ReadAction","target":["https:\/\/franciscanos.org.br\/noticias\/este-jesus-aclamado-na-cidade-santa-nao-e-um-iludido-que-apregoa-ilusoes.html"]}]},{"@type":"BreadcrumbList","@id":"https:\/\/franciscanos.org.br\/noticias\/este-jesus-aclamado-na-cidade-santa-nao-e-um-iludido-que-apregoa-ilusoes.html#breadcrumb","itemListElement":[{"@type":"ListItem","position":1,"name":"Home","item":"https:\/\/franciscanos.org.br\/noticias"},{"@type":"ListItem","position":2,"name":"\u201cEste Jesus, aclamado na Cidade Santa, n\u00e3o \u00e9 um iludido que apregoa ilus\u00f5es&#8221;"}]},{"@type":"Person","@id":"https:\/\/franciscanos.org.br\/noticias\/#\/schema\/person\/b38fbf43118f02820bd932f2e4b14ad3","name":"admin","image":{"@type":"ImageObject","inLanguage":"pt-BR","@id":"https:\/\/franciscanos.org.br\/noticias\/#\/schema\/person\/image\/","url":"https:\/\/secure.gravatar.com\/avatar\/e8495742d34d0ba6448ea1c628263b3e?s=96&d=mm&r=g","contentUrl":"https:\/\/secure.gravatar.com\/avatar\/e8495742d34d0ba6448ea1c628263b3e?s=96&d=mm&r=g","caption":"admin"},"url":"https:\/\/franciscanos.org.br\/noticias\/author\/admin"}]}},"_links":{"self":[{"href":"https:\/\/franciscanos.org.br\/noticias\/wp-json\/wp\/v2\/posts\/129888"}],"collection":[{"href":"https:\/\/franciscanos.org.br\/noticias\/wp-json\/wp\/v2\/posts"}],"about":[{"href":"https:\/\/franciscanos.org.br\/noticias\/wp-json\/wp\/v2\/types\/post"}],"author":[{"embeddable":true,"href":"https:\/\/franciscanos.org.br\/noticias\/wp-json\/wp\/v2\/users\/1"}],"replies":[{"embeddable":true,"href":"https:\/\/franciscanos.org.br\/noticias\/wp-json\/wp\/v2\/comments?post=129888"}],"version-history":[{"count":1,"href":"https:\/\/franciscanos.org.br\/noticias\/wp-json\/wp\/v2\/posts\/129888\/revisions"}],"predecessor-version":[{"id":225396,"href":"https:\/\/franciscanos.org.br\/noticias\/wp-json\/wp\/v2\/posts\/129888\/revisions\/225396"}],"wp:featuredmedia":[{"embeddable":true,"href":"https:\/\/franciscanos.org.br\/noticias\/wp-json\/wp\/v2\/media\/198046"}],"wp:attachment":[{"href":"https:\/\/franciscanos.org.br\/noticias\/wp-json\/wp\/v2\/media?parent=129888"}],"wp:term":[{"taxonomy":"category","embeddable":true,"href":"https:\/\/franciscanos.org.br\/noticias\/wp-json\/wp\/v2\/categories?post=129888"},{"taxonomy":"post_tag","embeddable":true,"href":"https:\/\/franciscanos.org.br\/noticias\/wp-json\/wp\/v2\/tags?post=129888"}],"curies":[{"name":"wp","href":"https:\/\/api.w.org\/{rel}","templated":true}]}}